{"id":48762,"date":"2019-01-15T22:19:30","date_gmt":"2019-01-15T20:19:30","guid":{"rendered":"https:\/\/tautastribunals.eu\/?p=48762"},"modified":"2019-01-16T00:17:56","modified_gmt":"2019-01-15T22:17:56","slug":"noderigie-idioti-k-karins-un-a-pabriks","status":"publish","type":"post","link":"https:\/\/tautastribunals.eu\/?p=48762","title":{"rendered":"Noder\u012bgie idioti- K. Kari\u0146\u0161 un A. Pabriks !"},"content":{"rendered":"<p><img decoding=\"async\" loading=\"lazy\" class=\"alignleft wp-image-48764\" src=\"https:\/\/tautastribunals.eu\/wp-content\/uploads\/2019\/01\/LRTT-L.-Granti\u0146\u0161-Helsinki-86-R\u012bga-LatvijaBorovkovs-Me\u017eviets-DP..png\" alt=\"\" width=\"633\" height=\"139\" srcset=\"https:\/\/tautastribunals.eu\/wp-content\/uploads\/2019\/01\/LRTT-L.-Granti\u0146\u0161-Helsinki-86-R\u012bga-LatvijaBorovkovs-Me\u017eviets-DP..png 820w, https:\/\/tautastribunals.eu\/wp-content\/uploads\/2019\/01\/LRTT-L.-Granti\u0146\u0161-Helsinki-86-R\u012bga-LatvijaBorovkovs-Me\u017eviets-DP.-300x66.png 300w, https:\/\/tautastribunals.eu\/wp-content\/uploads\/2019\/01\/LRTT-L.-Granti\u0146\u0161-Helsinki-86-R\u012bga-LatvijaBorovkovs-Me\u017eviets-DP.-768x169.png 768w, https:\/\/tautastribunals.eu\/wp-content\/uploads\/2019\/01\/LRTT-L.-Granti\u0146\u0161-Helsinki-86-R\u012bga-LatvijaBorovkovs-Me\u017eviets-DP.-800x176.png 800w\" sizes=\"(max-width: 633px) 100vw, 633px\" \/>Par <strong>Latvijas valsts<\/strong> bend\u0113m,<strong> A. Pabriku. K. Kari\u0146u un E. Levitu<\/strong>. Par cionistiem- vis\u012bst\u0101kajiem s\u0101tanistiem, kuri \u0161odien ar<strong> Izra\u0113las<\/strong> pal\u012bdz\u012bbu tiek b\u012bd\u012bti un aizsarg\u0101ti !<\/p>\n<p><img decoding=\"async\" loading=\"lazy\" class=\"alignleft wp-image-48763\" src=\"https:\/\/tautastribunals.eu\/wp-content\/uploads\/2019\/01\/komunisms.LRTT_.-Granti\u0146\u0161.Latvija.png\" alt=\"\" width=\"640\" height=\"102\" srcset=\"https:\/\/tautastribunals.eu\/wp-content\/uploads\/2019\/01\/komunisms.LRTT_.-Granti\u0146\u0161.Latvija.png 916w, https:\/\/tautastribunals.eu\/wp-content\/uploads\/2019\/01\/komunisms.LRTT_.-Granti\u0146\u0161.Latvija-300x48.png 300w, https:\/\/tautastribunals.eu\/wp-content\/uploads\/2019\/01\/komunisms.LRTT_.-Granti\u0146\u0161.Latvija-768x122.png 768w, https:\/\/tautastribunals.eu\/wp-content\/uploads\/2019\/01\/komunisms.LRTT_.-Granti\u0146\u0161.Latvija-800x128.png 800w\" sizes=\"(max-width: 640px) 100vw, 640px\" \/><\/p>\n<p>Vai atceraties, cik naski <strong>A. Pabriks<\/strong> uzst\u0101j\u0101s pret<strong> J. Bord\u0101na<\/strong> sast\u0101d\u012bto vald\u012bbas modeli !?! Cionistu banda, ar<strong> Pabriku<\/strong> priek\u0161gal\u0101, saprata, ka pie \u0161\u0101da varas sadal\u012bjuma, vi\u0146am draud<strong> TRIBUN\u0100LS:<\/strong> <strong>par apzin\u0101tu genoc\u012bdu pret latvie\u0161u tautu un Latvijas valsts nodev\u012bbu<\/strong>. Par <strong>Latvijas<\/strong> teritori\u0101l\u0101s vienot\u012bbas grau\u0161anu okup\u0101cijas re\u017e\u012bma uzdevum\u0101 !<\/p>\n<h2>Tas nedr\u012bkst\u0113ja notikt !!!<\/h2>\n<p><img decoding=\"async\" loading=\"lazy\" class=\"alignleft wp-image-48768\" src=\"https:\/\/tautastribunals.eu\/wp-content\/uploads\/2019\/01\/Artis-PabriksKri\u0161j\u0101nis-Pabriks.L.-Granti\u0146\u0161.-E.-Levits.-LRTT.png\" alt=\"\" width=\"631\" height=\"672\" srcset=\"https:\/\/tautastribunals.eu\/wp-content\/uploads\/2019\/01\/Artis-PabriksKri\u0161j\u0101nis-Pabriks.L.-Granti\u0146\u0161.-E.-Levits.-LRTT.png 821w, https:\/\/tautastribunals.eu\/wp-content\/uploads\/2019\/01\/Artis-PabriksKri\u0161j\u0101nis-Pabriks.L.-Granti\u0146\u0161.-E.-Levits.-LRTT-282x300.png 282w, https:\/\/tautastribunals.eu\/wp-content\/uploads\/2019\/01\/Artis-PabriksKri\u0161j\u0101nis-Pabriks.L.-Granti\u0146\u0161.-E.-Levits.-LRTT-768x818.png 768w, https:\/\/tautastribunals.eu\/wp-content\/uploads\/2019\/01\/Artis-PabriksKri\u0161j\u0101nis-Pabriks.L.-Granti\u0146\u0161.-E.-Levits.-LRTT-751x800.png 751w\" sizes=\"(max-width: 631px) 100vw, 631px\" \/><\/p>\n<p><strong>Arturs Kri\u0161j\u0101nis Kari\u0146\u0161<\/strong> (dzimis <a href=\"https:\/\/lv.wikipedia.org\/wiki\/1964._gads\">1964<\/a>.\u00a0gada <a href=\"https:\/\/lv.wikipedia.org\/wiki\/13._decembris\">13.\u00a0decembr\u012b<\/a>, <a href=\"https:\/\/lv.wikipedia.org\/wiki\/Delav%C4%93ra\">Delav\u0113ras<\/a> \u0161tat\u0101, <a href=\"https:\/\/lv.wikipedia.org\/wiki\/Amerikas_Savienot%C4%81s_Valstis\">ASV<\/a>) ir <a href=\"https:\/\/lv.wikipedia.org\/wiki\/Latvie%C5%A1i\">latvie\u0161u<\/a> <a href=\"https:\/\/lv.wikipedia.org\/wiki\/Uz%C5%86%C4%93m%C4%93js\">uz\u0146\u0113m\u0113js<\/a> un <a href=\"https:\/\/lv.wikipedia.org\/wiki\/Politi%C4%B7is\">politi\u0137is<\/a>. Partiju apvien\u012bbas &#8220;<a href=\"https:\/\/lv.wikipedia.org\/wiki\/Jaun%C4%81_Vienot%C4%ABba\">Jaun\u0101 Vienot\u012bba<\/a>&#8221; valdes priek\u0161s\u0113d\u0113t\u0101js, <a href=\"https:\/\/lv.wikipedia.org\/wiki\/Eiropas_Parlaments\">Eiropas Parlamenta<\/a> deput\u0101ts (no 2009). Bijis <a href=\"https:\/\/lv.wikipedia.org\/wiki\/Latvijas_Republikas_Ekonomikas_ministrs\">ekonomikas ministrs<\/a> (2004\u20132006), <a href=\"https:\/\/lv.wikipedia.org\/wiki\/Saeima\">Saeimas<\/a> deput\u0101ts (2002\u20132009), partijas &#8220;<a href=\"https:\/\/lv.wikipedia.org\/wiki\/Jaunais_laiks\">Jaunais laiks<\/a>&#8221; valdes priek\u0161s\u0113d\u0113t\u0101js (2007\u20132008).<sup><a href=\"https:\/\/lv.wikipedia.org\/wiki\/Arturs_Kri%C5%A1j%C4%81nis_Kari%C5%86%C5%A1#cite_note-1\">[1]<\/a><\/sup><\/p>\n<p><strong>Artis Pabriks<\/strong> (dzimis <a href=\"https:\/\/lv.wikipedia.org\/wiki\/1966._gads\">1966<\/a>.\u00a0gada <a href=\"https:\/\/lv.wikipedia.org\/wiki\/22._marts\">22.\u00a0mart\u0101<\/a> <a href=\"https:\/\/lv.wikipedia.org\/wiki\/J%C5%ABrmala\">J\u016brmal\u0101<\/a>) ir <a href=\"https:\/\/lv.wikipedia.org\/wiki\/Latvie%C5%A1i\">latvie\u0161u<\/a> <a href=\"https:\/\/lv.wikipedia.org\/wiki\/Politologs\">politologs<\/a>, augstskolas pasniedz\u0113js un <a href=\"https:\/\/lv.wikipedia.org\/wiki\/Politi%C4%B7is\">politi\u0137is<\/a>, \u0161obr\u012bd p\u0101rst\u0101v apvien\u012bbu &#8220;<a href=\"https:\/\/lv.wikipedia.org\/wiki\/Latvijas_att%C4%ABst%C4%ABbai\">Att\u012bst\u012bbai<\/a>\/<a href=\"https:\/\/lv.wikipedia.org\/wiki\/Kust%C4%ABba_Par!\">Par!<\/a>&#8220;, neb\u016bdams to veidojo\u0161o partiju biedrs. Bijis <a href=\"https:\/\/lv.wikipedia.org\/wiki\/Latvijas_%C4%81rlietu_ministrs\">Latvijas \u0101rlietu ministrs<\/a> no 2004. l\u012bdz 2007. gadam un <a href=\"https:\/\/lv.wikipedia.org\/wiki\/Latvijas_aizsardz%C4%ABbas_ministrs\">aizsardz\u012bbas ministrs<\/a> no 2010. l\u012bdz 2014. gadam, k\u0101 ar\u012b <a href=\"https:\/\/lv.wikipedia.org\/wiki\/Latvijas_Republikas_Ministru_prezidenta_biedrs\">Ministru prezidenta biedrs<\/a>. \u0160obr\u012bd \u2014 <a href=\"https:\/\/lv.wikipedia.org\/wiki\/13._Saeima\">13. Saeimas<\/a> deput\u0101ts, iepriek\u0161 bija <a href=\"https:\/\/lv.wikipedia.org\/wiki\/Eiropas_Parlaments\">Eiropas Parlamenta<\/a> deput\u0101ts (iev\u0113l\u0113ts no partijas &#8220;<a href=\"https:\/\/lv.wikipedia.org\/wiki\/Vienot%C4%ABba\">Vienot\u012bba<\/a>&#8220;, kuru pameta 2018. gad\u0101).<\/p>\n<p><strong>Vai tad \u0161is Vikip\u0113dijas teksts nenor\u0101da, ka vi\u0146i ir veiku\u0161i noziegumus ? <\/strong><\/p>\n<hr \/>\n<hr \/>\n<hr \/>\n<hr \/>\n<p><strong>LRTT viedoklis. <\/strong><\/p>\n<blockquote class=\"wp-embedded-content\" data-secret=\"W5JOBC5HvV\"><p><a href=\"https:\/\/tautastribunals.eu\/?p=46666\">LRTT &#038; V. Kairi\u0161s:  V\u0113l\u0113\u0161anu ce\u013cvedis<\/a><\/p><\/blockquote>\n<p><iframe class=\"wp-embedded-content\" sandbox=\"allow-scripts\" security=\"restricted\" style=\"position: absolute; clip: rect(1px, 1px, 1px, 1px);\" src=\"https:\/\/tautastribunals.eu\/?p=46666&#038;embed=true#?secret=W5JOBC5HvV\" data-secret=\"W5JOBC5HvV\" width=\"500\" height=\"282\" title=\"&#8222;LRTT &#038; V. Kairi\u0161s:  V\u0113l\u0113\u0161anu ce\u013cvedis&#8220; &#8212; Latvijas Republikas tautas\" frameborder=\"0\" marginwidth=\"0\" marginheight=\"0\" scrolling=\"no\"><\/iframe><\/p>\n<p>15.01.19\u00a0\u00a0\u00a0\u00a0\u00a0\u00a0\u00a0\u00a0\u00a0\u00a0\u00a0\u00a0\u00a0\u00a0\u00a0\u00a0\u00a0\u00a0\u00a0\u00a0\u00a0 L. Granti\u0146\u0161<\/p>\n<hr \/>\n<hr \/>\n<hr \/>\n<hr \/>\n<h2>Cionisma beigas- MIERS VIRS ZEMES !<\/h2>\n<p>Dr\u012bz visi \u0161ie<strong> pabriki, godma\u0146i, kargini<\/strong>&#8230;. atad\u012bs <strong>&#8220;savas laternas&#8221;<\/strong>, tad ar\u012b latvie\u0161u tauta var\u0113s uzelpot !!!<\/p>\n<p>Paklausies to, ko sl\u0113pj<strong> Latvijas<\/strong> cionistiskie m\u0113diji:<\/p>\n<p><iframe loading=\"lazy\" width=\"500\" height=\"281\" src=\"https:\/\/www.youtube.com\/embed\/wihxOz06TMw?feature=oembed&#038;wmode=opaque\" frameborder=\"0\" allow=\"accelerometer; autoplay; encrypted-media; gyroscope; picture-in-picture\" allowfullscreen><\/iframe><\/p>\n","protected":false},"excerpt":{"rendered":"<p>Par Latvijas valsts bend\u0113m, A. Pabriku. K. Kari\u0146u un E. Levitu. Par cionistiem- vis\u012bst\u0101kajiem s\u0101tanistiem, kuri \u0161odien ar Izra\u0113las pal\u012bdz\u012bbu tiek b\u012bd\u012bti un aizsarg\u0101ti ! Vai atceraties, cik naski A. Pabriks uzst\u0101j\u0101s pret J.&#46;&#46;&#46;<\/p>\n","protected":false},"author":1,"featured_media":0,"comment_status":"open","ping_status":"open","sticky":false,"template":"","format":"standard","meta":[],"categories":[1],"tags":[],"_links":{"self":[{"href":"https:\/\/tautastribunals.eu\/index.php?rest_route=\/wp\/v2\/posts\/48762"}],"collection":[{"href":"https:\/\/tautastribunals.eu\/index.php?rest_route=\/wp\/v2\/posts"}],"about":[{"href":"https:\/\/tautastribunals.eu\/index.php?rest_route=\/wp\/v2\/types\/post"}],"author":[{"embeddable":true,"href":"https:\/\/tautastribunals.eu\/index.php?rest_route=\/wp\/v2\/users\/1"}],"replies":[{"embeddable":true,"href":"https:\/\/tautastribunals.eu\/index.php?rest_route=%2Fwp%2Fv2%2Fcomments&post=48762"}],"version-history":[{"count":9,"href":"https:\/\/tautastribunals.eu\/index.php?rest_route=\/wp\/v2\/posts\/48762\/revisions"}],"predecessor-version":[{"id":48774,"href":"https:\/\/tautastribunals.eu\/index.php?rest_route=\/wp\/v2\/posts\/48762\/revisions\/48774"}],"wp:attachment":[{"href":"https:\/\/tautastribunals.eu\/index.php?rest_route=%2Fwp%2Fv2%2Fmedia&parent=48762"}],"wp:term":[{"taxonomy":"category","embeddable":true,"href":"https:\/\/tautastribunals.eu\/index.php?rest_route=%2Fwp%2Fv2%2Fcategories&post=48762"},{"taxonomy":"post_tag","embeddable":true,"href":"https:\/\/tautastribunals.eu\/index.php?rest_route=%2Fwp%2Fv2%2Ftags&post=48762"}],"curies":[{"name":"wp","href":"https:\/\/api.w.org\/{rel}","templated":true}]}}