{"id":48444,"date":"2019-01-03T22:29:26","date_gmt":"2019-01-03T20:29:26","guid":{"rendered":"https:\/\/tautastribunals.eu\/?p=48444"},"modified":"2019-01-05T09:45:53","modified_gmt":"2019-01-05T07:45:53","slug":"seras-miris-lrtt-h-86-biedrs-janis-ziverts","status":"publish","type":"post","link":"https:\/\/tautastribunals.eu\/?p=48444","title":{"rendered":"S\u0113ras. Miris LRTT &#038; H- 86 biedrs J\u0101nis Z\u012bverts"},"content":{"rendered":"<h2><img decoding=\"async\" loading=\"lazy\" class=\"alignleft wp-image-48252\" src=\"https:\/\/tautastribunals.eu\/wp-content\/uploads\/2018\/12\/Za\u013c\u0161.Latvijas-republikas-tautas-tribun\u0101ls-Aivars-Borovkovs-Ivars-Godmanis-J\u0101nis-Reinisks-Straujuma-Prezidents-Saeima-DP.-ST.-Kopie-2.png\" alt=\"\" width=\"629\" height=\"132\" srcset=\"https:\/\/tautastribunals.eu\/wp-content\/uploads\/2018\/12\/Za\u013c\u0161.Latvijas-republikas-tautas-tribun\u0101ls-Aivars-Borovkovs-Ivars-Godmanis-J\u0101nis-Reinisks-Straujuma-Prezidents-Saeima-DP.-ST.-Kopie-2.png 854w, https:\/\/tautastribunals.eu\/wp-content\/uploads\/2018\/12\/Za\u013c\u0161.Latvijas-republikas-tautas-tribun\u0101ls-Aivars-Borovkovs-Ivars-Godmanis-J\u0101nis-Reinisks-Straujuma-Prezidents-Saeima-DP.-ST.-Kopie-2-300x63.png 300w, https:\/\/tautastribunals.eu\/wp-content\/uploads\/2018\/12\/Za\u013c\u0161.Latvijas-republikas-tautas-tribun\u0101ls-Aivars-Borovkovs-Ivars-Godmanis-J\u0101nis-Reinisks-Straujuma-Prezidents-Saeima-DP.-ST.-Kopie-2-768x161.png 768w, https:\/\/tautastribunals.eu\/wp-content\/uploads\/2018\/12\/Za\u013c\u0161.Latvijas-republikas-tautas-tribun\u0101ls-Aivars-Borovkovs-Ivars-Godmanis-J\u0101nis-Reinisks-Straujuma-Prezidents-Saeima-DP.-ST.-Kopie-2-800x168.png 800w\" sizes=\"(max-width: 629px) 100vw, 629px\" \/><img decoding=\"async\" loading=\"lazy\" class=\"alignleft wp-image-48453\" src=\"https:\/\/tautastribunals.eu\/wp-content\/uploads\/2019\/01\/J\u0101nis-Z\u012bverts.L.-Granti\u0146\u0161.V.Freimant\u0101ls.Aparnieks.LRTT_.jpg\" alt=\"\" width=\"145\" height=\"198\" srcset=\"https:\/\/tautastribunals.eu\/wp-content\/uploads\/2019\/01\/J\u0101nis-Z\u012bverts.L.-Granti\u0146\u0161.V.Freimant\u0101ls.Aparnieks.LRTT_.jpg 383w, https:\/\/tautastribunals.eu\/wp-content\/uploads\/2019\/01\/J\u0101nis-Z\u012bverts.L.-Granti\u0146\u0161.V.Freimant\u0101ls.Aparnieks.LRTT_-220x300.jpg 220w\" sizes=\"(max-width: 145px) 100vw, 145px\" \/>S\u0113ras,<\/h2>\n<p>no mums 30. 12. 2018 uz visiem laikiem aizg\u0101jis <strong>LRTT &amp; H- 86<\/strong> biedrs <strong>J\u0101nis Z\u012bverts<\/strong><em>(dzimis 27. 03. 1940).<\/em><\/p>\n<p><strong>J\u0101nis Z\u012bverts<\/strong> bija no t\u0101 pa\u0161a <strong>\u201cmateri\u0101la m\u012bc\u012bts\u201d<\/strong> k\u0101<span style=\"color: #800080;\"><a style=\"color: #800080;\" href=\"https:\/\/tautastribunals.eu\/?p=794\"><strong> K\u0101rlis Doropo\u013cskis<\/strong>.<\/a><\/span> Abi, kas attiec\u0101s uz <strong>latvie\u0161u tautu, latvie\u0161u Valsti<\/strong> un <strong>Paties\u012bbu<\/strong>, bija bezkompromisa <strong>Cilv\u0113ki \/ V\u012bri<\/strong>. Gan cilv\u0113ks, gan v\u012brs, ja iet runa par \u0161\u012b termina pielieto\u0161anu vi\u0146iem, rakst\u0101mi ar lielo burtu.<\/p>\n<h2>Vi\u0146iem ir piem\u0113rojama <strong>LRTT <\/strong>izveidot\u0101 \u201c<strong>matrica<\/strong>\u201d:<\/h2>\n<p><img decoding=\"async\" loading=\"lazy\" class=\"alignleft wp-image-48445\" src=\"https:\/\/tautastribunals.eu\/wp-content\/uploads\/2019\/01\/7.L.-Granti\u0146\u0161-Bitenieks-Ulmanis-Latvija-m\u0101ksla-Bariss-Eihmanis.jpg\" alt=\"\" width=\"627\" height=\"87\" srcset=\"https:\/\/tautastribunals.eu\/wp-content\/uploads\/2019\/01\/7.L.-Granti\u0146\u0161-Bitenieks-Ulmanis-Latvija-m\u0101ksla-Bariss-Eihmanis.jpg 917w, https:\/\/tautastribunals.eu\/wp-content\/uploads\/2019\/01\/7.L.-Granti\u0146\u0161-Bitenieks-Ulmanis-Latvija-m\u0101ksla-Bariss-Eihmanis-300x42.jpg 300w, https:\/\/tautastribunals.eu\/wp-content\/uploads\/2019\/01\/7.L.-Granti\u0146\u0161-Bitenieks-Ulmanis-Latvija-m\u0101ksla-Bariss-Eihmanis-768x106.jpg 768w, https:\/\/tautastribunals.eu\/wp-content\/uploads\/2019\/01\/7.L.-Granti\u0146\u0161-Bitenieks-Ulmanis-Latvija-m\u0101ksla-Bariss-Eihmanis-800x111.jpg 800w\" sizes=\"(max-width: 627px) 100vw, 627px\" \/><\/p>\n<p>\u0160\u012b matrica ar\u012b tika rad\u012bta, ka bija t\u0101di <strong>V\u012bri<\/strong> k\u0101 vi\u0146i !<\/p>\n<p><strong>J\u0101nis<\/strong> iztur\u0113ja visas \u010dekistu <strong>p\u0101rbaudes \/ draudus,<\/strong> ko nevar sac\u012bt par vair\u0101kiem <strong>LRTT <\/strong>biedriem, kad sask\u0101r\u0101s ar \u010dekas izdzimte\u0146a <strong>Borovkova<\/strong> bandas darbo\u0146iem.<\/p>\n<p>Negribas \u0161odien daudz par darbiem run\u0101t, par tiem liecina vi\u0146a paraksts zem \u201c<strong>Latvijas valsti nomelnojo\u0161iem dokumentiem<\/strong>\u201d, bet mazliet tom\u0113r\u2026. . Biju\u0161ie \u010dekisti un \u0161odienas <strong>DP<\/strong> noziedznieki divas reizes gan ar glaimiem, gan draudiem<em>(ka Granti\u0146am draudot cietums par pretvalstiski apmelojo\u0161\u0101m darb\u012bb\u0101m un, ka ar\u012b vi\u0146\u0161 varot tikt ties\u0101ts),<\/em> cent\u0101s <strong>J\u0101ni Z\u012bvertu \u201cat\u0161\u0137elt\u201d<\/strong> no <strong>L. Granti\u0146a, <\/strong>t\u0101 cerot izn\u012bcin\u0101t<strong> LRTT<\/strong> un <strong>H- 86<\/strong>. Abas reizes pat pied\u0101v\u0101ja k\u013c\u016bt par algotu <strong>DP<\/strong> \u0101r\u0161tata darbinieku. Vi\u0146\u0161 atsac\u012bj\u0101s, jo krimin\u0101lelementi no DP nevar\u0113ja abas reizes atbild\u0113t uz <strong>J\u0101\u0146a<\/strong> jaut\u0101jumu. Labi, vi\u0146\u0161 sac\u012bja:<strong> \u201cMiniet man tikai kaut vienu gad\u012bjumu, kad Granti\u0146\u0161 b\u016btu melojis ?\u201d<\/strong> Un k\u0101ds br\u012bnums, esot sastost\u012bju\u0161ies, kaut ko min\u0113ju\u0161i par <strong>Granti\u0146a izteiksmes formu<\/strong>, bet <strong>J\u0101nis <\/strong>atk\u0101rtojis jaut\u0101jumu: <strong>vai Granti\u0146\u0161 ir melojis<\/strong>\u2026. ?<\/p>\n<p><strong>\u201cLabi, Z\u012bverta kungs, k\u0101 redzams mums saruna nav izdevusies,\u201d <\/strong>sac\u012bja biedr\/kungi un dev\u0101s prom.<\/p>\n<p>Abas reizes saruna beigusies tie\u0161i ar t\u0101du<strong> J\u0101\u0146a <\/strong>jaut\u0101jumu.<\/p>\n<p>Abas sarunas ilgu\u0161as vair\u0101k k\u0101 divas stundas.<\/p>\n<p>-Redzi, latviet, cik vienk\u0101r\u0161i t\u0101s lietas dar\u0101s, ja nenob\u012bstas !<\/p>\n<p>-L\u016bk, tik <strong><u>vienk\u0101r\u0161a ir Paties\u012bba<\/u><\/strong>, bet \u0161\u012b <strong>\u201cvienk\u0101r\u0161\u012bba\u201d<\/strong> piem\u012bt tikai<strong> V\u012briem,<\/strong> bet ne v\u012briem un nemaz nerun\u0101jot par v\u012bre\u013ciem\u2026 .<\/p>\n<p>Nov\u0113l\u0113sim, lai m\u016bsu sen\u010du varo\u0146u gari <strong>GODAM VI\u0145U SAGAID\u012aTU<\/strong> un ievad\u012btu jaunaj\u0101 realit\u0101t\u0113 !<\/p>\n<p>03.01.19\u00a0\u00a0\u00a0\u00a0\u00a0\u00a0\u00a0\u00a0\u00a0\u00a0\u00a0\u00a0\u00a0\u00a0\u00a0\u00a0\u00a0\u00a0\u00a0\u00a0\u00a0\u00a0\u00a0 LRTT &amp; H-86<\/p>\n<hr \/>\n<hr \/>\n<hr \/>\n<hr \/>\n<p><strong>L. Granti\u0146\u0161:<\/strong> Esmu gandar\u012bts, ka ar mani kop\u0101 bija<strong> &#8220;aizg\u0101j\u0113ji&#8221;<\/strong> <strong>J\u0101nis Z\u012bverts, K\u0101rlis Doropo\u013cskis, Laimonis Purs, Andrejs Kavacis, Indulis Ronis<\/strong> un varu ar\u012b sac\u012bt, <strong>Eduards Berklavs<\/strong> !<\/p>\n<p>Skan paradoks\u0101li, bet \u0161ie aizg\u0101j\u0113ji ir m\u016bsu tautas n\u0101kotne, jo c\u012bn\u012bj\u0101s <strong>par tautu<\/strong> un<strong> Paties\u012bbu<\/strong> !<\/p>\n<hr \/>\n<hr \/>\n<hr \/>\n<hr \/>\n<p><strong>J\u0101\u0146a Z\u012bverta LRTT &amp; H-86 p\u0113d\u0113jais \u0161\u012bs pasaules ce\u013c\u0161: <\/strong><\/p>\n<p><strong>2019.gada 5.janv\u0101r\u012b no Ventspils Me\u017ea kapu kapli\u010das.<\/strong><\/p>\n<hr \/>\n<hr \/>\n<hr \/>\n<hr \/>\n<blockquote class=\"wp-embedded-content\" data-secret=\"8S25XOcp4h\"><p><a href=\"https:\/\/tautastribunals.eu\/?p=13044\">J\u0101nis Z\u012bverts. Esmu lepns, ka n\u0101ku no \u0161\u012bs cilts- 16 marts<\/a><\/p><\/blockquote>\n<p><iframe class=\"wp-embedded-content\" sandbox=\"allow-scripts\" security=\"restricted\" style=\"position: absolute; clip: rect(1px, 1px, 1px, 1px);\" src=\"https:\/\/tautastribunals.eu\/?p=13044&#038;embed=true#?secret=8S25XOcp4h\" data-secret=\"8S25XOcp4h\" width=\"500\" height=\"282\" title=\"&#8222;J\u0101nis Z\u012bverts. Esmu lepns, ka n\u0101ku no \u0161\u012bs cilts- 16 marts&#8220; &#8212; Latvijas Republikas tautas\" frameborder=\"0\" marginwidth=\"0\" marginheight=\"0\" scrolling=\"no\"><\/iframe><\/p>\n","protected":false},"excerpt":{"rendered":"<p>S\u0113ras, no mums 30. 12. 2018 uz visiem laikiem aizg\u0101jis LRTT &amp; H- 86 biedrs J\u0101nis Z\u012bverts(dzimis 27. 03. 1940). J\u0101nis Z\u012bverts bija no t\u0101 pa\u0161a \u201cmateri\u0101la m\u012bc\u012bts\u201d k\u0101 K\u0101rlis Doropo\u013cskis. Abi, kas attiec\u0101s&#46;&#46;&#46;<\/p>\n","protected":false},"author":1,"featured_media":0,"comment_status":"open","ping_status":"open","sticky":false,"template":"","format":"standard","meta":[],"categories":[1],"tags":[],"_links":{"self":[{"href":"https:\/\/tautastribunals.eu\/index.php?rest_route=\/wp\/v2\/posts\/48444"}],"collection":[{"href":"https:\/\/tautastribunals.eu\/index.php?rest_route=\/wp\/v2\/posts"}],"about":[{"href":"https:\/\/tautastribunals.eu\/index.php?rest_route=\/wp\/v2\/types\/post"}],"author":[{"embeddable":true,"href":"https:\/\/tautastribunals.eu\/index.php?rest_route=\/wp\/v2\/users\/1"}],"replies":[{"embeddable":true,"href":"https:\/\/tautastribunals.eu\/index.php?rest_route=%2Fwp%2Fv2%2Fcomments&post=48444"}],"version-history":[{"count":13,"href":"https:\/\/tautastribunals.eu\/index.php?rest_route=\/wp\/v2\/posts\/48444\/revisions"}],"predecessor-version":[{"id":48531,"href":"https:\/\/tautastribunals.eu\/index.php?rest_route=\/wp\/v2\/posts\/48444\/revisions\/48531"}],"wp:attachment":[{"href":"https:\/\/tautastribunals.eu\/index.php?rest_route=%2Fwp%2Fv2%2Fmedia&parent=48444"}],"wp:term":[{"taxonomy":"category","embeddable":true,"href":"https:\/\/tautastribunals.eu\/index.php?rest_route=%2Fwp%2Fv2%2Fcategories&post=48444"},{"taxonomy":"post_tag","embeddable":true,"href":"https:\/\/tautastribunals.eu\/index.php?rest_route=%2Fwp%2Fv2%2Ftags&post=48444"}],"curies":[{"name":"wp","href":"https:\/\/api.w.org\/{rel}","templated":true}]}}