{"id":48336,"date":"2019-01-01T13:43:59","date_gmt":"2019-01-01T11:43:59","guid":{"rendered":"https:\/\/tautastribunals.eu\/?p=48336"},"modified":"2025-01-01T20:02:51","modified_gmt":"2025-01-01T18:02:51","slug":"lasitajs-parmainam-but-2","status":"publish","type":"post","link":"https:\/\/tautastribunals.eu\/?p=48336","title":{"rendered":"Las\u012bt\u0101js. P\u0101rmai\u0146\u0101m b\u016bt !"},"content":{"rendered":"<p><span style=\"color: #003300;\"><img decoding=\"async\" loading=\"lazy\" class=\"alignleft  wp-image-47974\" src=\"https:\/\/tautastribunals.eu\/wp-content\/uploads\/2018\/12\/L.Granti\u0146\u0161.J.Z\u012bvertsBord\u0101nsBut\u0101nsLRTT-1.png\" alt=\"\" width=\"1605\" height=\"234\" srcset=\"https:\/\/tautastribunals.eu\/wp-content\/uploads\/2018\/12\/L.Granti\u0146\u0161.J.Z\u012bvertsBord\u0101nsBut\u0101nsLRTT-1.png 1073w, https:\/\/tautastribunals.eu\/wp-content\/uploads\/2018\/12\/L.Granti\u0146\u0161.J.Z\u012bvertsBord\u0101nsBut\u0101nsLRTT-1-300x44.png 300w, https:\/\/tautastribunals.eu\/wp-content\/uploads\/2018\/12\/L.Granti\u0146\u0161.J.Z\u012bvertsBord\u0101nsBut\u0101nsLRTT-1-768x112.png 768w, https:\/\/tautastribunals.eu\/wp-content\/uploads\/2018\/12\/L.Granti\u0146\u0161.J.Z\u012bvertsBord\u0101nsBut\u0101nsLRTT-1-800x116.png 800w\" sizes=\"(max-width: 1605px) 100vw, 1605px\" \/>Demokr\u0101tija ir lab<\/span><span style=\"color: #003300;\">a lieta, bet ja to ieb\u0101\u017e visos dz\u012bves s\u012bkumos apvienojum\u0101 ar liber\u0101lismu, tad <strong><u>t\u0101 ir atsl\u0113ga uz nesod\u012btu valsts izlaup\u012b\u0161anu un paraz\u012btisma vairo\u0161anu<\/u><\/strong>.<\/span><\/p>\n<p><span style=\"color: #003300;\">T\u0101 tas bija pirm\u0101s br\u012bv<\/span><span style=\"color: #003300;\">valsts laik\u0101, l\u012bdz <strong>K. Ulma\u0146a<\/strong> n\u0101k\u0161anai pie varas un t\u0101 tas ir tagad.<\/span><\/p>\n<p><span style=\"color: #003300;\">Toreiz to realiz\u0113ja liber\u0101\u013ci <strong>Meierovics<\/strong> un <strong>\u010cakste<\/strong>, tagad liber\u0101\u013ci darbojas kop\u0101 ar <strong>kriev\u017e\u012bdiem<\/strong> un <strong>okupantiem<\/strong>, k\u0101 rezult\u0101t\u0101 izlaup\u012b\u0161ana ir daudz grandioz\u0101ka.<\/span><br \/>\n<span style=\"color: #003300;\">Man\u0101 uztver\u0113, demokr\u0101tijai j\u0101darbojas v\u0113l\u0113\u0161anu laik\u0101, bet viss p\u0113c v\u0113l\u0113\u0161an\u0101m ir pak\u0101rtots visparast\u0101kajai hierarhijai. Tauta ir izdar\u012bjusi savu izv\u0113li un tad katrs atbild par savu r\u012bc\u012bbu, lai viss varas meh\u0101nisms darbotos kop\u0113j\u0101s valsts interes\u0113s. Turpret\u012b liber\u0101lisms un pla\u0161\u0101 demokr\u0101tija pie\u013cauj da\u017e\u0101du perversiju ien\u0101k\u0161anu<strong> (kas ir cionistu ierocis), <\/strong>sve\u0161u banku <em>(aug\u013cot\u0101ju plos\u012b\u0161anos) <\/em>un sve\u0161u tirgo\u0146u inv\u0101ziju <strong><u>ar t\u0101d\u0101m pa\u0161\u0101m ties\u012bb\u0101m k\u0101 valsts pilso\u0146iem <\/u><\/strong><em>(\u0161obr\u012bd jau stipri p\u0101r\u0101k\u0101m<\/em>) jo politika pak\u0101rtota naudai,<strong><u> bet viet\u0113jiem cilv\u0113kiem t\u0101das milzu naudas nav<\/u><\/strong>, t\u0101p\u0113c ka valst\u012b ir ielaisti pasaules m\u0113roga sp\u0113l\u0113t\u0101ji. Valdo\u0161ajiem <em>(mistiskai koal\u012bcijai)<\/em> kam nav nek\u0101da sakara ar vair\u0101kuma gribu, tas protams ir izdev\u012bgi, <strong><u>pirmk\u0101rt:<\/u><\/strong> nek\u0101das re\u0101las atbild\u012bbas, <strong><u>otrk\u0101rt: <\/u><\/strong>atlec drupatas no glob\u0101lo sp\u0113l\u0113t\u0101ju dar\u012bjumiem, <strong><u>kas neb\u016btu iesp\u0113jams att\u012bstot viet\u0113jo ra\u017eo\u0161anu, valsts pa\u0161pietiekam\u012bbu un tiesiskumu.<\/u><\/strong><\/span><\/p>\n<p><span style=\"color: #003300;\">Tam visam v\u0113l p\u0101ri nenorm\u0101lie meli, faktu sagroz\u012b\u0161ana un v\u0113stures p\u0101rrakst\u012b\u0161ana, kas rada jukas un haosu jaunie\u0161u pr\u0101tos un ne tikai.<\/span><br \/>\n<span style=\"color: #003300;\">Man palicis atmi\u0146\u0101 vect\u0113va teiktais, ka <strong><u>K. Ulmanim bija konsekventa uz tautu un valsts iek\u0161pusi v\u0113rsta politika, bet uz \u0101rpusi g\u0101ja padar\u012btie darbi, r\u016bpniec\u012bbas un lauksaimniec\u012bbas produkcija un zin\u0101tniskie sasniegumi.<\/u><\/strong><\/span><\/p>\n<p><span style=\"color: #003300;\">Tas viss kop\u0101 ar nenogursto\u0161u patriotisma ieaudzin\u0101\u0161ana jaunatn\u0113, at\u0161\u0137ir\u012bb\u0101 no liber\u0101lajiem spalvu puc\u0113t\u0101jiem. \u0160odien tas viss apgriezts ar k\u0101j\u0101m gais\u0101 un <strong>K. Ulmanis<\/strong> tiek pasniegts k\u0101 person\u012bg\u0101 kulta realiz\u0113t\u0101js un pa\u0161slavin\u0101t\u0101js, <strong>kas ir tie\u0161i liber\u0101\u013cu netikums<\/strong>.<\/span><br \/>\n<span style=\"color: #003300;\">J\u0101, vi\u0146\u0161 neklus\u0113ja par latvie\u0161u valsts sasniegumiem, slav\u0113ja to un tas bija peln\u012bti un bija ar\u012b par ko, <strong><u>at\u0161\u0137ir\u012bb\u0101 no liber\u0101\u013cu noplender\u0113t\u0101 vald\u012b\u0161anas perioda un gar\u0101s run\u0101s izpl\u016bdu\u0161\u0101 laika l\u012bdz 1934.gadam.<\/u><\/strong><\/span><br \/>\n<span style=\"color: #003300;\">Cilv\u0113ki p\u0113c b\u016bt\u012bbas dal\u0101s div\u0101s liel\u0101s kategorij\u0101s, dar\u012bt\u0101ji un run\u0101t\u0101ji. Dar\u012bt\u0101ji parasti nav apvelt\u012bti ar lunkan\u0101m m\u0113l\u0113m, tiem k\u0101 saka- <strong><u>rokas aug no pareiz\u0101s vietas un tie audzin\u0101ti lepoties ar padar\u012bt\u0101 darba aug\u013ciem.<\/u><\/strong><\/span><\/p>\n<p><span style=\"color: #003300;\">Toties run\u0101t\u0101jiem ir ne tikai m\u0113les lunkanas, bet izteikta nepatika pret darbu, jo tas tiem nepadodas, vi\u0146i tam nav audzin\u0101ti, tiem ir sp\u0113c\u012bga v\u0113lme parazit\u0113t uz sabiedr\u012bbas r\u0113\u0137ina, melot un kla\u010doties. V\u0101rdu sakot tuk\u0161muld\u0113t\u0101ji un izbrauc\u0113ji uz citu nopelniem, t\u0101diem nekad nav cietas nost\u0101jas, vi\u0146i vienm\u0113r mekl\u0113s aizbildin\u0101jumus savai paraz\u012btiskajai eksistencei un t\u0101diem nekad neb\u016bs vain\u012bgo, jo <strong><u>visu slikto tie identific\u0113 ar m\u0113s,<\/u><\/strong> <strong><u>bet labo ar es.<\/u><\/strong><\/span><\/p>\n<p><span style=\"color: #003300;\">Tie <strong><u>k\u0101 likums izc\u0113l\u0101s komjaunatnes organiz\u0101cij\u0101s<\/u><\/strong> un <strong><u>pirmie pie jebkuras b\u013codas<\/u><\/strong>, jo darbu neprata, <strong><u>bet ar lunkano m\u0113li uzdev\u0101s par viszino\u0161iem vis\u0101s profesij\u0101s<\/u><\/strong>.<\/span><\/p>\n<p><span style=\"color: #003300;\"><strong><u>Tie vienm\u0113r mekl\u0113 kam pazem\u012bgi kalpot<\/u><\/strong>, jo pa\u0161i atbild\u012bbu negrib uz\u0146emties, bet <strong><u>pie pirm\u0101s izdev\u012bbas pl\u016bks pan\u0101kumu laurus, p\u0101r\u0113jos atst\u0101jot \u0113n\u0101<\/u><\/strong>.<\/span><\/p>\n<p><span style=\"color: #003300;\"><strong><u>Toties neveiksmes gad\u012bjum\u0101, tie visu novels uz dumjo un neizdar\u012bgo sabiedr\u012bbu un nekad neatdz\u012bs savu vainu.<\/u><\/strong><\/span><\/p>\n<h2><span style=\"color: #003300;\">K\u0101di \u013caudis tad dr\u012bkst\u0113tu non\u0101kt pie varas ?<\/span><\/h2>\n<p><span style=\"color: #003300;\">T\u0101di kuriem rokas un galva ir viet\u0101, ir kauna saj\u016bta un sirdsapzi\u0146a ar nesasm\u0113r\u0113tu pag\u0101tni.<\/span><\/p>\n<p><span style=\"color: #003300;\">Vai tom\u0113r gribam tuk\u0161muld\u0113t\u0101jus, me\u013cus un uz nodev\u012bbu tend\u0113tos, kuri vienm\u0113r mekl\u0113s k\u0101du kam pakalpot un <strong><u>skaisti t\u2019v\u012bterot<\/u><\/strong> jau paaud\u017eu paaudz\u0113s, bet patiesu labumu nekad nav devu\u0161i.<\/span><br \/>\n<span style=\"color: #003300;\"><strong>\u0160odienas tehnolo\u0123iju laikmet\u0101 mums ir dota iesp\u0113ja tos nek\u013c\u016bd\u012bgi identific\u0113t un apkopot vienot\u0101 sarakst\u0101, t\u0101 atsij\u0101jot graudus no pelav\u0101m<\/strong>.<\/span><br \/>\n<span style=\"color: #003300;\"><strong>Tad dar\u012bsim to visi kop\u0101, lai beidzot valda paties\u012bba un tiesiskums, bet me\u013ci un paraz\u012bti tiktu peln\u012bti izmesti pag\u0101tnes m\u0113slain\u0113 un nekad vairs netiktu pie sabiedr\u012bbas p\u0101rvald\u012b\u0161anas un m\u016bsu kop\u0113j\u0101 naudas maka.<\/strong><\/span><\/p>\n<h2><span style=\"color: #003300;\">Laim\u012bgu Jauno Gadu v\u0113lot visiem, kuriem ir dv\u0113sele, godapr\u0101ts un sirdsapzi\u0146a !<br \/>\n<\/span><\/h2>\n<p><span style=\"color: #003300;\">01.01.19<\/span><\/p>\n<hr \/>\n<hr \/>\n<hr \/>\n<hr \/>\n<h2><span style=\"color: #ff0000;\">LRTT piebide:<\/span><\/h2>\n<p><span style=\"color: #003300;\"><img decoding=\"async\" loading=\"lazy\" class=\"alignleft wp-image-48344\" src=\"https:\/\/tautastribunals.eu\/wp-content\/uploads\/2019\/01\/J\u0101nis-\u010cakste.-Z.A.Meierovics.L.Granti\u0146\u0161.LRTT_.png\" alt=\"\" width=\"251\" height=\"201\" srcset=\"https:\/\/tautastribunals.eu\/wp-content\/uploads\/2019\/01\/J\u0101nis-\u010cakste.-Z.A.Meierovics.L.Granti\u0146\u0161.LRTT_.png 565w, https:\/\/tautastribunals.eu\/wp-content\/uploads\/2019\/01\/J\u0101nis-\u010cakste.-Z.A.Meierovics.L.Granti\u0146\u0161.LRTT_-300x240.png 300w\" sizes=\"(max-width: 251px) 100vw, 251px\" \/>\u0160aj\u0101 rakst\u0101 ir izgaismota paties\u012bba, kuru neuzsp\u0113ja pateikt v\u0113sturnieks- profesors <strong>Indulis Ronis.<\/strong> <\/span><\/p>\n<p><span style=\"color: #003300;\">Vien\u0101 no p\u0113d\u0113j\u0101m telefona sarun\u0101m vi\u0146\u0161 man pasac\u012bja, ka tuv\u0101k\u0101 laik\u0101 vi\u0146\u0161 uzrakst\u012b\u0161ot par<strong> Z. A. Meierovica <\/strong>provokatorisko darb\u012bbu pret <strong>K\u0101rli Ulmanis<\/strong>. <\/span><\/p>\n<p><span style=\"color: #003300;\">Tas vi\u0146am esot k\u013cuvis zin\u0101ms lasot arh\u012bvus. <\/span><\/p>\n<p><span style=\"color: #003300;\"><strong>Meierovica<\/strong> provok\u0101ciju rezult\u0101t\u0101 <strong>K. Ulma\u0146a<\/strong> vietu esot ie\u0146\u0113mis <strong>J. \u010cakste<\/strong>\u2026 .<\/span><span style=\"color: #003300;\">To visu vi\u0146\u0161 man tikai t\u0101, starp citu, piemin\u0113ja, kad apspried\u0101m citu t\u0113mu\u2026 .<\/span><\/p>\n<p><span style=\"color: #003300;\">Atceros tikai, ka es vi\u0146am sac\u012bju: tas priek\u0161 manis ir jaunums un b\u016bt labi, ja vi\u0146\u0161 to uzrakst\u012btu\u2026 , bet neuzsp\u0113ja\u2026<strong>Bunkas &amp; Borovkova<\/strong> banda vi\u0146u apklusin\u0101ja t\u0101pat k\u0101 <strong>Birutu Lozi<\/strong>\u2026 !<\/span><\/p>\n<p>Nekas jau, latviet, nepaliek apsl\u0113pts, kas netaptu zin\u0101ms&#8230; !<\/p>\n<p><span style=\"color: #003300;\">L. Granti\u0146\u0161<\/span><\/p>\n<hr \/>\n<p><span style=\"color: #003300;\"><a style=\"color: #003300;\" href=\"https:\/\/www.delfi.lv\/10atminas\/janis-susters-klausijas-ulmana-runas-un-niekojas-ar-damu-papirosiem.d?id=46665141\"><span style=\"color: #800080;\">https:\/\/www.delfi.lv\/10atminas\/janis-susters-klausijas-ulmana-runas-un-niekojas-ar-damu-papirosiem.d?id=46665141<\/span><\/a><\/span><\/p>\n<p><span style=\"color: #003300;\"><strong><img decoding=\"async\" loading=\"lazy\" class=\"alignleft wp-image-48352\" src=\"https:\/\/tautastribunals.eu\/wp-content\/uploads\/2019\/01\/K\u0101rlis-Ulmanis-477x381.jpg\" alt=\"\" width=\"303\" height=\"286\" srcset=\"https:\/\/tautastribunals.eu\/wp-content\/uploads\/2019\/01\/K\u0101rlis-Ulmanis-477x381.jpg 477w, https:\/\/tautastribunals.eu\/wp-content\/uploads\/2019\/01\/K\u0101rlis-Ulmanis-477x381-300x284.jpg 300w\" sizes=\"(max-width: 303px) 100vw, 303px\" \/>J\u0101nis \u0160\u016bsters<\/strong> ir no tiem cilv\u0113kiem,<strong> kas b\u0113rn\u012bbu Ulma\u0146laikos piemin ar labu v\u0101rdu<\/strong>. <\/span><\/p>\n<hr \/>\n<p><span style=\"color: #003300;\">T\u0101 bija p\u0101rtic\u012bba, miers, darbs un cer\u012bbas uz skaistu dz\u012bvi. <\/span><\/p>\n<p><span style=\"color: #003300;\">Nebija varm\u0101c\u012bbas t\u0101das, k\u0101 \u0161odien. <\/span><\/p>\n<p><span style=\"color: #003300;\">Par Ulmani varu teikt tikai to lab\u0101ko. <\/span><\/p>\n<p><span style=\"color: #003300;\">T\u0101 bija ide\u0101la sabiedr\u012bba, tuvu ide\u0101lai ! <\/span><\/p>\n<h2><span style=\"color: #003300;\">Kaut t\u0101di laiki atgrieztos !<\/span><\/h2>\n","protected":false},"excerpt":{"rendered":"<p>Demokr\u0101tija ir laba lieta, bet ja to ieb\u0101\u017e visos dz\u012bves s\u012bkumos apvienojum\u0101 ar liber\u0101lismu, tad t\u0101 ir atsl\u0113ga uz nesod\u012btu valsts izlaup\u012b\u0161anu un paraz\u012btisma vairo\u0161anu. T\u0101 tas bija pirm\u0101s br\u012bvvalsts laik\u0101, l\u012bdz K. Ulma\u0146a&#46;&#46;&#46;<\/p>\n","protected":false},"author":1,"featured_media":0,"comment_status":"open","ping_status":"open","sticky":false,"template":"","format":"standard","meta":[],"categories":[1],"tags":[],"_links":{"self":[{"href":"https:\/\/tautastribunals.eu\/index.php?rest_route=\/wp\/v2\/posts\/48336"}],"collection":[{"href":"https:\/\/tautastribunals.eu\/index.php?rest_route=\/wp\/v2\/posts"}],"about":[{"href":"https:\/\/tautastribunals.eu\/index.php?rest_route=\/wp\/v2\/types\/post"}],"author":[{"embeddable":true,"href":"https:\/\/tautastribunals.eu\/index.php?rest_route=\/wp\/v2\/users\/1"}],"replies":[{"embeddable":true,"href":"https:\/\/tautastribunals.eu\/index.php?rest_route=%2Fwp%2Fv2%2Fcomments&post=48336"}],"version-history":[{"count":26,"href":"https:\/\/tautastribunals.eu\/index.php?rest_route=\/wp\/v2\/posts\/48336\/revisions"}],"predecessor-version":[{"id":66955,"href":"https:\/\/tautastribunals.eu\/index.php?rest_route=\/wp\/v2\/posts\/48336\/revisions\/66955"}],"wp:attachment":[{"href":"https:\/\/tautastribunals.eu\/index.php?rest_route=%2Fwp%2Fv2%2Fmedia&parent=48336"}],"wp:term":[{"taxonomy":"category","embeddable":true,"href":"https:\/\/tautastribunals.eu\/index.php?rest_route=%2Fwp%2Fv2%2Fcategories&post=48336"},{"taxonomy":"post_tag","embeddable":true,"href":"https:\/\/tautastribunals.eu\/index.php?rest_route=%2Fwp%2Fv2%2Ftags&post=48336"}],"curies":[{"name":"wp","href":"https:\/\/api.w.org\/{rel}","templated":true}]}}