{"id":4819,"date":"2011-03-27T14:19:19","date_gmt":"2011-03-27T11:19:19","guid":{"rendered":"http:\/\/tautastribunals.eu\/?p=4819"},"modified":"2011-03-27T18:34:01","modified_gmt":"2011-03-27T15:34:01","slug":"a-balts-dievs-musu-zeme-turpina-degt","status":"publish","type":"post","link":"https:\/\/tautastribunals.eu\/?p=4819","title":{"rendered":"A. Balts. Dievs- m\u016bsu zeme turpina degt"},"content":{"rendered":"<p><span style=\"color: #008000\"><span style=\"text-decoration: underline\"><img decoding=\"async\" loading=\"lazy\" class=\"alignleft size-full wp-image-4821\" src=\"http:\/\/tautastribunals.eu\/wp-content\/uploads\/2011\/03\/H-86-2.jpg\" alt=\"H-86-2\" width=\"84\" height=\"82\" \/>1949.gada 25.marts<\/span> <strong>Latvijai<\/strong> ir smaga un neaizmirstama diena, tad notika pla\u0161\u0101k\u0101 <strong>Latvijas<\/strong> iedz\u012bvot\u0101ju izs\u016bt\u012b\u0161ana uz <strong>Sib\u012briju<\/strong> un citiem att\u0101liem\u00a0<strong> &#8220;\u013caunuma imp\u0113rijas PSRS&#8221;<\/strong> re\u0123ioniem. P\u0113c da\u017e\u0101diem v\u0113sturnieku apr\u0113\u0137iniem lopu vagonos izs\u016bt\u012bjum\u0101 tika aizvesti aptuveni p\u0101ri par <strong><span style=\"text-decoration: underline\">40 000 Latvijas iedz\u012bvot\u0101ju<\/span><\/strong>, ar\u012b pavisam <em><span style=\"text-decoration: underline\">mazi b\u0113rni<\/span><\/em> un<em><span style=\"text-decoration: underline\"> z\u012bdai\u0146i<\/span><\/em>. <\/span><\/p>\n<p><span style=\"color: #008000\">Tas ir j\u0101atceras un j\u0101piemin, bet ne jau kop\u0101 ar izs\u016bt\u012b\u0161anas <strong>vaininiekiem-okupantiem un to p\u0113cte\u010diem,<\/strong> kas\u00a0 neko neno\u017e\u0113lojot <strong>\u0146irdz\u012bgi !!!<\/strong>\u00a0uz to visu noraug\u0101s un <span style=\"text-decoration: underline\">pat nekaunas izsmiet m\u016bsu tautas s\u0113ru dienas<\/span>, un apgalvot, ka to ar kaut ko ir peln\u012bju\u0161i \u0161ie nevain\u012bgie upuri. <\/span><\/p>\n<p><span style=\"color: #008000\">Valsts vara v\u0113l tagad nav pat uzs\u0101kusi \u0161o okup\u0101cijas seku-okupantu izve\u0161anu no atbr\u012bvot\u0101s m\u016bsu valsts!\u00a0<\/span><\/p>\n<p><span style=\"color: #008000\">\u00a0Oblig\u0101ti vis\u0101 valst\u012b j\u0101pace\u013c karogs s\u0113ru noform\u0113jum\u0101, tas gan strikti j\u0101iev\u0113ro.\u00a0 <\/span><\/p>\n<p><span style=\"color: #008000\">Skumji un smagi redz\u0113t visu \u0161o \u0101ri\u0161\u0137\u012bgo cirku, ko varturi r\u012bko. Paties\u012bb\u0101 atk\u0101rtojot bezcer\u012bbu un smagos apst\u0101k\u013cus, pan\u0101kt atkal m\u016bsu pilso\u0146u\u00a0 dzimtenes pame\u0161anu, tikai nu jau\u00a0ar ekonomisk\u0101m un mor\u0101l\u0101m traumu metod\u0113m.<\/span><\/p>\n<div><span style=\"color: #008000\">Nevar piesieties! Viss jau \u0101ri\u0161\u0137\u012bgi ir skaisti pasniegts, pieminot <strong>Latvijas<\/strong> v\u0113stures <span style=\"text-decoration: underline\">tra\u0123iskos notikumus.<\/span>\u00a0 Ziedus pie Br\u012bv\u012bbas pieminek\u013ca noliks <strong>Saeimas<\/strong> priek\u0161s\u0113d\u0113t\u0101ja <strong>S. \u0100bolti\u0146a (V),<\/strong> <strong>Saeimas<\/strong> priek\u0161s\u0113d\u0113t\u0101jas<span style=\"text-decoration: underline\"> <\/span><strong><span style=\"text-decoration: underline\">biedrs<\/span> G. Daudze (ZZS)<\/strong> un <strong>Saeimas<\/strong> sekret\u0101rs <strong>K. \u0160adurskis (V).<\/strong> Ziedu nolik\u0161anas ceremonij\u0101 \u0161ogad gan nepiedal\u012bsies <strong>V. Zatlers,<\/strong> kur\u0161 piedal\u0101s &#8220;Briseles forum\u0101&#8221; <strong>Be\u013c\u0123ij\u0101<\/strong> un <strong>V.Dombrovskis (V), <\/strong>kur\u0161 devies uz <span style=\"text-decoration: underline\"><strong>ES<\/strong> l\u012bderu samitu,<\/span> kaut ar\u012b nek\u0101ds zaud\u0113jums tas neb\u016bs.<\/span><\/div>\n<div><span style=\"color: #008000\"><img decoding=\"async\" loading=\"lazy\" class=\"alignleft size-full wp-image-4824\" src=\"http:\/\/tautastribunals.eu\/wp-content\/uploads\/2011\/03\/imagesCAUFI4AG.jpg\" alt=\"imagesCAUFI4AG\" width=\"268\" height=\"188\" \/><\/span><\/div>\n<div><span style=\"color: #008000\">\u00a0<\/span><\/div>\n<div><span style=\"color: #008000\">\u00a0<\/span><\/div>\n<div><span style=\"color: #008000\">\u00a0<\/span><span style=\"color: #008000\"><span style=\"color: #000000\"><strong>Foto:<\/strong><\/span> <em><span style=\"color: #3366ff\">Kriev\u017e\u012bdu &#8220;varo\u0146darbi&#8221; <strong>Latvij\u0101<\/strong>. Par \u0161o varo\u0146darbu tika pie\u0161\u0137irts <strong>Sarkan\u0101 Karoga <\/strong>ordenis.<\/span><\/em><\/span><\/div>\n<p><span style=\"color: #008000\">L\u012bdzek\u013cus ne\u017e\u0113lojot, notiks daudz vis\u0101di pas\u0101kumi un koncerti kult\u016bras programmas ietvaros.<br \/>\n<strong>Latvijas Okup\u0101cijas<\/strong> muzeja filmas &#8220;<strong>1949. gada 25. marta deport\u0101cijas M\u0101jupce\u013c\u0161<\/strong>&#8221; pirmizr\u0101de notiks <strong>R\u012bgas Kongresu<\/strong> nam\u0101. \u0160\u012b ir tre\u0161\u0101 filma no tr\u012bs muzeja veidoto filmu cikla, kas velt\u012btas <strong>1949. gada 25. marta deport\u0101cij\u0101m<\/strong>. R\u012bgas Dom\u0101 L\u016bcijas Gar\u016btas un Andreja Egl\u012b\u0161a kant\u0101ti <strong>&#8220;Dievs, Tava zeme deg!&#8221;<\/strong> atska\u0146os <strong>R\u012bgas <\/strong>kamerkoris<strong> &#8220;Ave Sol&#8221;, <\/strong>profesion\u0101lais p\u016bt\u0113ju or\u0137estris <strong>&#8220;R\u012bga&#8221;<\/strong>\u00a0,<strong> R\u012bgas Sv. P\u0113tera<\/strong> bazn\u012bc\u0101 skan\u0113s <strong>\u0112rika E\u0161envalda<\/strong> kant\u0101te<strong> &#8220;Ugunssardze&#8221;<\/strong> utt.<br \/>\nT\u0101pat <strong>25.marta deport\u0101ciju upurus<\/strong> piemin\u0113s ar\u012b\u00a0 <strong>Tukum\u0101, Talsos, C\u0113s\u012bs, Raun\u0101, J\u0113kabpil\u012b, Kuld\u012bg\u0101, In\u010dukaln\u0101, Amatas novad\u0101, Bausk\u0101, Saulkrastos<\/strong> un daudzviet citur<em> Latvij\u0101.<\/em> Tas viss jau\u00a0 ir jauki un atdz\u012bstami, ja tikai pret v\u0113l dz\u012bvajiem izs\u016bt\u012bjumu izcietu\u0161ajiem par\u0101d\u012btu t\u0101du pa\u0161u godu ne tikai \u0161aj\u0101s div\u0101s s\u0113ru dien\u0101s! Ja vi\u0146iem pa\u0161iem pajaut\u0101tu, ko vi\u0146i par to dom\u0101 un ko v\u0113las, bet tie\u0161i no t\u0101 visa valdo\u0161\u0101 kli\u0137e izvair\u0101s un kontakt\u0113jas ar veiksm\u012bgi izmekl\u0113to repres\u0113to p\u0101rst\u0101vi, kur\u0161 sen ir <strong>nodevis savus likte\u0146biedrus<\/strong> un ar\u012b tikai <strong>&#8220;ko vajag un tikai pareizi&#8221;<\/strong> run\u0101.<br \/>\nM\u016bsu <strong>sarkanbaltsarkanais karogs<\/strong> ar s\u0113ru lent\u0113m it visur tikpat skumji pl\u012bvo, cik skumjas ir m\u016bsu pilso\u0146u sejas, redzot gaisos paceltu m\u016bsu dzimtenes simbolu, bet sev blakus visapk\u0101rt redzot <strong>vain\u012bgo un to atva\u0161u \u0146irdz\u012bgos m\u016b\u013cus un sve\u0161o valodu<\/strong>, <\/span><\/p>\n<p><strong><span style=\"color: #008000\">-kuru d\u0113\u013c pl\u012bvo \u0161\u012bs s\u0113ru lentes, <\/span><\/strong><\/p>\n<p><strong><span style=\"color: #008000\">-kuru d\u0113\u013c ir fiziski izn\u012bcin\u0101ts m\u016bsu tautas genofonds. <\/span><\/strong><\/p>\n<p><span style=\"color: #008000\">Bet tas joproj\u0101m turpin\u0101s-<strong> cit\u0101s modern\u0101k\u0101s form\u0101s<\/strong> ! <\/span><\/p>\n<p><strong><span style=\"color: #008000\">Vai tie\u0161\u0101m j\u0101atk\u0101rtojas \u0161\u0101dai izn\u012bc\u012bbas dienai, lai m\u016bsu tauta pamostos, izslietos un ar latvisku pa\u0161cie\u0146u dotos pati sevi gl\u0101bt?<\/span><\/strong><\/p>\n<p><em>A. Balts.\u00a0\u00a0\u00a0\u00a0 27.03.11<\/em><\/p>\n<p><em>======================================================<\/em><\/p>\n<h1><span style=\"color: #ff0000\">MIGLA SARKAN\u0100- NOL\u0100D\u0112T\u0100<\/span><\/h1>\n<p><strong><span style=\"color: #ff0000\">\u00a0A<\/span><\/strong><span style=\"color: #ff0000\">r Sarkan\u0101 <strong>Karoga <\/strong>ordeni par deport\u0101ciju sekm\u012bgu izpildi apbalvoti \u0161\u0101di<strong> LPSR<\/strong> iek\u0161lietu un valsts dro\u0161\u012bbas ministrijas darbinieki:<\/span><\/p>\n<p align=\"justify\"><span style=\"color: #ff0000\"><img decoding=\"async\" loading=\"lazy\" class=\"alignleft size-full wp-image-4825\" src=\"http:\/\/tautastribunals.eu\/wp-content\/uploads\/2011\/03\/TR12.bmp\" alt=\"TR12\" width=\"116\" height=\"109\" \/>1949.gad\u0101 <\/span><\/p>\n<p><span style=\"color: #ff0000\">pulkvedis <strong>Vasi\u013cjevs Vladimirs Vas\u012blija<\/strong> d. (1902.g.), valsts dro\u0161\u012bbas ministrijas darbinieks; <\/span><\/p>\n<p><span style=\"color: #ff0000\">pulkvedis <strong>V\u0113vers J\u0101nis J\u0101\u0146a<\/strong> d.(1899.g.), valsts dro\u0161\u012bbas ministra vietnieks operat\u012bvaj\u0101 darb\u0101; <\/span><\/p>\n<p><span style=\"color: #ff0000\">majors <strong>Zuj\u0101ns Ivans Don\u0101ta<\/strong> d. (1910.g.), VDM 2N da\u013cas (c\u012b\u0146a pret nacion\u0101lajiem partiz\u0101\u0146iem) priek\u0161nieks; <\/span><\/p>\n<p><span style=\"color: #ff0000\">pulkvedis <strong>Kozins Viktors Nikolaja<\/strong> d. (1909.g.), VDM 2.da\u013cas (pretizl\u016bko\u0161ana) priek\u0161nieks; <\/span><\/p>\n<p><span style=\"color: #ff0000\"><img decoding=\"async\" loading=\"lazy\" class=\"alignleft size-full wp-image-4829\" src=\"http:\/\/tautastribunals.eu\/wp-content\/uploads\/2011\/03\/9th-latvia13.jpg\" alt=\"9th-latvia13\" width=\"300\" height=\"225\" \/><\/span><\/p>\n<p><span style=\"color: #ff0000\"><span style=\"color: #000000\"><strong>Foto:<\/strong> <\/span><em><span style=\"color: #993366\">Padom\u0101jiet, padom\u0101jiet <strong><span style=\"color: #ff0000\">SARKAN\u0100S S\u0112RGAS<\/span><\/strong> p\u0113cte\u010di !!! \u0160\u012bs latvie\u0161u l\u012b\u0137u kaudzes ir <span style=\"color: #ff0000\"><span style=\"text-decoration: underline\">j\u016bsu t\u0113vu un vect\u0113vu roku darbs !!!<\/span><\/span>\u00a0Sv\u0113t\u0101 atrieb\u012bba v\u0113l n\u0101ks p\u0101r j\u016bsu galv\u0101m&#8230;nekur j\u016bs neizspruksiet- maskavas \u0161ak\u0101\u013ci\u00a0!!!<\/span><\/em><\/span><\/p>\n<p><span style=\"color: #ff0000\">\u00a0<\/span><\/p>\n<p><span style=\"color: #ff0000\">milicijas 3.ranga komis\u0101rs <strong>Ko\u0161e\u013cevs Aleksejs Alekseja<\/strong> d. (1906.g.), iek\u0161lietu ministra vietnieks; <\/span><\/p>\n<p><span style=\"color: #ff0000\">kapteinis <strong>Larjutins Mihails P\u0101vela<\/strong> d. (dz.gads nav zin\u0101ms), VDM Kuld\u012bgas apri\u0146m\u0137a noda\u013cas priek\u0161nieks; <\/span><\/p>\n<p><span style=\"color: #ff0000\">\u0123ener\u0101lmajors <strong>Noviks Alfons Andreja<\/strong> d. (1908.g.), valsts dro\u0161\u012bbas ministrs; <\/span><\/p>\n<p><span style=\"color: #ff0000\">milicijas pulkvedis <strong>Platais Nikolajs K\u0101r\u013ca<\/strong> d. (dz.gads nav zin\u0101ms), iek\u0161lietu sist\u0113mas atbild\u012bgs darbinieks; <\/span><\/p>\n<p><span style=\"color: #ff0000\">kapteinis <strong>Reinholds P\u0113teris J\u0101zepa<\/strong> d. (1910.g.), VDM Madonas apri\u0146\u0137a noda\u013cas priek\u0161nieks; <\/span><\/p>\n<p><span style=\"color: #ff0000\">kapteinis <strong>Tutins Vincs Antona<\/strong> d. (1914.g.), bijis VDM Valmieras apri\u0146\u0137a da\u013cas priek\u0161nieks, v\u0113l\u0101k VDM 2N da\u013cas priek\u0161nieka vietnieks; <\/span><\/p>\n<p><span style=\"color: #ff0000\">kapteinis<strong> \u0160alms J\u0113kabs Mi\u0137e\u013ca<\/strong> d. (dz.gads nav zin\u0101ms), VDM Aizputes apri\u0146\u0137a da\u013cas priek\u0161nieks; <\/span><\/p>\n<p><span style=\"color: #ff0000\">pulkvedis<strong> \u0160irinskis Fjodors Zaharija<\/strong> d. (dz.gads nav zin\u0101ms), str\u0101d\u0101jis VDM strukt\u016br\u0101 Madonas apri\u0146\u0137\u012b; <\/span><\/p>\n<p><span style=\"color: #ff0000\">\u0123ener\u0101lmajors <strong>Egl\u012btis Augusts P\u0113tera <\/strong>d. (1896.g.), iek\u0161lietu ministrs; <\/span><\/p>\n<p><span style=\"color: #ff0000\">apak\u0161pulkvedis <strong>Jaunpetrovi\u010ds K\u0101rlis Ivana<\/strong> d. (1902.g.), VDM Liep\u0101jas da\u013cas priek\u0161nieks. <\/span><\/p>\n<p align=\"justify\"><span style=\"color: #ff0000\">Kopum\u0101 par oper\u0101ciju vis\u0101 <strong>PSRS <\/strong>pie\u0161\u0137irti <strong>75 Sarkan\u0101 Karoga<\/strong> orde\u0146i !!!\u00a0<\/span><\/p>\n<p align=\"justify\"><span style=\"color: #ff0000\">Dr\u012bz p\u0113c deport\u0101ciju laik\u0101 veiktajiem <em>varo\u0146darbiem <\/em>visi apbalvotie tiku\u0161i paaugstin\u0101ti amat\u0101. <\/span><\/p>\n<p align=\"justify\"><span style=\"color: #ff0000\">Tagad \u0161ie cilv\u0113ki<span style=\"color: #008000\"><em>(&#8220;cilv\u0113ki&#8221;) <\/em><\/span>ir miru\u0161i <em><span style=\"color: #008000\">(nospr\u0101gu\u0161i-nol\u0101d\u0113tie asinssu\u0146i).<\/span><\/em><\/span><\/p>\n<p><img decoding=\"async\" loading=\"lazy\" class=\"alignleft size-full wp-image-4826\" src=\"http:\/\/tautastribunals.eu\/wp-content\/uploads\/2011\/03\/U\u0161akovs-b\u013ce\u0123.jpg\" alt=\"U\u0161akovs-b\u013ce\u0123\" width=\"120\" height=\"172\" \/><img decoding=\"async\" loading=\"lazy\" class=\"alignleft size-full wp-image-4827\" src=\"http:\/\/tautastribunals.eu\/wp-content\/uploads\/2011\/03\/Loskutovs.jpg\" alt=\"Loskutovs\" width=\"111\" height=\"171\" \/>\u00a0<\/p>\n<p><strong>Foto:<\/strong> <em><span style=\"color: #800000\">Mums v\u0113l b\u013ceg(k\u0101 teica Nils) j\u0101padom\u0101, vai t\u0101 bija okup\u0101cija&#8230; . Un t\u0101 \u0161ie Maskavas &#8220;s\u016bt\u0146i&#8221; dom\u0101 v\u0113l \u0161o balt-dien !!! <\/span><\/em><\/p>\n<p>\u00a0<\/p>\n<p>\u00a0<\/p>\n<p>\u00a0<\/p>\n<p>\u00a0<\/p>\n<p><a name=\"Skaitliskais\"><span style=\"color: #ff0000\">Skaitliskais <\/span><\/a><span style=\"color: #ff0000\">sast\u0101vs. <\/span><\/p>\n<p align=\"justify\"><span style=\"color: #ff0000\">Datu b\u0101z\u0113 re\u0123istr\u0113to deport\u0113to personu skaits p\u0113c hronolo\u0123ijas sadal\u0101s \u0161\u0101di:<\/span><\/p>\n<div><strong><span style=\"color: #ff0000\">no 1941.gada l\u012bdz kara beig\u0101m 14.428 personas<\/span><\/strong><\/div>\n<div><strong><span style=\"color: #ff0000\">1949. gad\u0101 42.975 personas.<\/span><\/strong><\/div>\n","protected":false},"excerpt":{"rendered":"<p>1949.gada 25.marts Latvijai ir smaga un neaizmirstama diena, tad notika pla\u0161\u0101k\u0101 Latvijas iedz\u012bvot\u0101ju izs\u016bt\u012b\u0161ana uz Sib\u012briju un citiem att\u0101liem\u00a0 &#8220;\u013caunuma imp\u0113rijas PSRS&#8221; re\u0123ioniem. P\u0113c da\u017e\u0101diem v\u0113sturnieku apr\u0113\u0137iniem lopu vagonos izs\u016bt\u012bjum\u0101 tika aizvesti aptuveni p\u0101ri&#46;&#46;&#46;<\/p>\n","protected":false},"author":6,"featured_media":0,"comment_status":"open","ping_status":"open","sticky":false,"template":"","format":"standard","meta":[],"categories":[1],"tags":[],"_links":{"self":[{"href":"https:\/\/tautastribunals.eu\/index.php?rest_route=\/wp\/v2\/posts\/4819"}],"collection":[{"href":"https:\/\/tautastribunals.eu\/index.php?rest_route=\/wp\/v2\/posts"}],"about":[{"href":"https:\/\/tautastribunals.eu\/index.php?rest_route=\/wp\/v2\/types\/post"}],"author":[{"embeddable":true,"href":"https:\/\/tautastribunals.eu\/index.php?rest_route=\/wp\/v2\/users\/6"}],"replies":[{"embeddable":true,"href":"https:\/\/tautastribunals.eu\/index.php?rest_route=%2Fwp%2Fv2%2Fcomments&post=4819"}],"version-history":[{"count":17,"href":"https:\/\/tautastribunals.eu\/index.php?rest_route=\/wp\/v2\/posts\/4819\/revisions"}],"predecessor-version":[{"id":4869,"href":"https:\/\/tautastribunals.eu\/index.php?rest_route=\/wp\/v2\/posts\/4819\/revisions\/4869"}],"wp:attachment":[{"href":"https:\/\/tautastribunals.eu\/index.php?rest_route=%2Fwp%2Fv2%2Fmedia&parent=4819"}],"wp:term":[{"taxonomy":"category","embeddable":true,"href":"https:\/\/tautastribunals.eu\/index.php?rest_route=%2Fwp%2Fv2%2Fcategories&post=4819"},{"taxonomy":"post_tag","embeddable":true,"href":"https:\/\/tautastribunals.eu\/index.php?rest_route=%2Fwp%2Fv2%2Ftags&post=4819"}],"curies":[{"name":"wp","href":"https:\/\/api.w.org\/{rel}","templated":true}]}}