{"id":48092,"date":"2018-12-26T19:57:00","date_gmt":"2018-12-26T17:57:00","guid":{"rendered":"https:\/\/tautastribunals.eu\/?p=48092"},"modified":"2020-11-17T22:47:24","modified_gmt":"2020-11-17T20:47:24","slug":"arturs-prieditis-cionistu-atstradats-materials","status":"publish","type":"post","link":"https:\/\/tautastribunals.eu\/?p=48092","title":{"rendered":"Arturs Pried\u012btis. Cionistu atstr\u0101d\u0101ts materi\u0101ls&#8230; ."},"content":{"rendered":"<p><img decoding=\"async\" loading=\"lazy\" class=\"alignleft wp-image-47974\" src=\"https:\/\/tautastribunals.eu\/wp-content\/uploads\/2018\/12\/L.Granti\u0146\u0161.J.Z\u012bvertsBord\u0101nsBut\u0101nsLRTT-1.png\" alt=\"\" width=\"1468\" height=\"214\" srcset=\"https:\/\/tautastribunals.eu\/wp-content\/uploads\/2018\/12\/L.Granti\u0146\u0161.J.Z\u012bvertsBord\u0101nsBut\u0101nsLRTT-1.png 1073w, https:\/\/tautastribunals.eu\/wp-content\/uploads\/2018\/12\/L.Granti\u0146\u0161.J.Z\u012bvertsBord\u0101nsBut\u0101nsLRTT-1-300x44.png 300w, https:\/\/tautastribunals.eu\/wp-content\/uploads\/2018\/12\/L.Granti\u0146\u0161.J.Z\u012bvertsBord\u0101nsBut\u0101nsLRTT-1-768x112.png 768w, https:\/\/tautastribunals.eu\/wp-content\/uploads\/2018\/12\/L.Granti\u0146\u0161.J.Z\u012bvertsBord\u0101nsBut\u0101nsLRTT-1-800x116.png 800w\" sizes=\"(max-width: 1468px) 100vw, 1468px\" \/><\/p>\n<p><img decoding=\"async\" loading=\"lazy\" class=\"alignleft wp-image-48150\" src=\"https:\/\/tautastribunals.eu\/wp-content\/uploads\/2018\/12\/Arturs-Pried\u012btis.L.Granti\u0146\u0161.LRTT_.png\" alt=\"\" width=\"479\" height=\"314\" srcset=\"https:\/\/tautastribunals.eu\/wp-content\/uploads\/2018\/12\/Arturs-Pried\u012btis.L.Granti\u0146\u0161.LRTT_.png 799w, https:\/\/tautastribunals.eu\/wp-content\/uploads\/2018\/12\/Arturs-Pried\u012btis.L.Granti\u0146\u0161.LRTT_-300x197.png 300w, https:\/\/tautastribunals.eu\/wp-content\/uploads\/2018\/12\/Arturs-Pried\u012btis.L.Granti\u0146\u0161.LRTT_-768x505.png 768w\" sizes=\"(max-width: 479px) 100vw, 479px\" \/><\/p>\n<h2>Par izdzimteni cilv\u0113kveid\u012bg\u0101 izskat\u0101<\/h2>\n<p>Viss jau reiz n\u0101k gaism\u0101.<\/p>\n<p>Katrai dziesmai ir s\u0101kums un beigas.<\/p>\n<p>T\u0101 tas ir ar\u012b ar noziedzniekiem un vi\u0146u veiktajiem noziegumiem.<\/p>\n<hr \/>\n<hr \/>\n<hr \/>\n<hr \/>\n<h2>Arturs Pried\u012btis !?<\/h2>\n<p>Vis\u012bst\u0101kais 1940. gada <strong>Mavrika Vulfsona<\/strong> klons.<\/p>\n<p>Vi\u0146a publik\u0101cijas <strong>PIETIEK.com<\/strong> ir anti- latviskas\/ anti- cilv\u0113ciskas. Slima \u017e\u012bd-s\u0101tanista murgi.<\/p>\n<h2>Vi\u0146a <strong>\u201cviedoklis\u201d <\/strong>ir <strong>4. maija bandas viedoklis<\/strong> !<\/h2>\n<p>Tas tad ar\u012b ir iemesls, kap\u0113c vi\u0146\u0161 v\u0113l l\u012bdz \u0161im nav arest\u0113ts un ties\u0101ts !<\/p>\n<p>Ja t\u0101di izteikumi, k\u0101dus vi\u0146\u0161 lieto pret\/par latvie\u0161u tautu, tiktu attiecin\u0101ti uz \u201c<strong>izredz\u0113tajiem<\/strong>\u201d, tad diez vai izdotos 24. st. notur\u0113ties \u201c<strong>uz br\u012bv\u0101m k\u0101j\u0101m<\/strong>\u201d ! Bet \u0161is tik dri\u0137\u0113 un dri\u0137\u0113 un<strong> L. Lapsa <\/strong>to visu palai\u017e taut\u0101s.<\/p>\n<p>Tas nor\u0101da uz to, ka tas ir cionistu <strong>PROJEKTS<\/strong> un vi\u0146iem \u0161odien ir dota liela vara.<\/p>\n<p>Bet ir uzradusies viena \u201c<strong>nelaime<\/strong>\u201d, sakar\u0101 a<strong>r ASV<\/strong> milit\u0101ro aprindu \u201c<strong>kursa mai\u0146u<\/strong>\u201d.Vi\u0146i ir atsac\u012bju\u0161ies aizst\u0101v\u0113t lielo korpor\u0101ciju intereses, kuras p\u0101rvalda cionisti. T\u0101 rezult\u0101t\u0101 ir radu\u0161\u0101s nepat\u012bkamas jukas \u0161o s\u0101tanistu rind\u0101s. Haz\u0101r\u017e\u012bdu<em>(haz\u0101ru mafija)<\/em> cionistiskie noziedznieki tiek arest\u0113ti un vi\u0146u ietekme sa\u0161aurin\u0101ta, l\u012bdz to likvid\u0113s piln\u012bgi.<\/p>\n<p>Vi\u0146i, protams, cen\u0161as p\u0101rgrup\u0113ties un t\u0101 rezult\u0101t\u0101 \u201c<strong>atstr\u0101d\u0101tie<\/strong>\u201d elementi tiek izgaismoti<em>(Pried\u012btis ir atstr\u0101d\u0101ts materi\u0101ls, kur\u0161 iemests gru\u017eos)<\/em>\u2026 .<\/p>\n<p><strong>Latvijas MAISUS \u201ct\u012br\u012bja\u201d<\/strong> turpat vai 30 gadus.<\/p>\n<p>Akt\u012bv\u0101kie, tie, kuri \u0161odien visuzticam\u0101k str\u0101d\u0101 cionistiem, nav \u0161aj\u0101 bar\u0101, bet nekur ar\u012b vi\u0146i nepaliks. Caur \u0161iem tiksim ari pie atliku\u0161ajiem\u2026 , lai ar\u012b k\u0101 vecais \u017e\u012bds <strong>K. Kangeris<\/strong> kop\u0101 ar \u017e\u012bdu <strong>A. Borovkovu <\/strong>censtos !<\/p>\n<p><strong><u>Latvij\u0101 pret latvie\u0161u tautu \u0161\u012b \u017e\u012bd-cionistu banda<\/u><\/strong> ir veikusi visliel\u0101kos noziegumus un t\u0101p\u0113c \u0161ie <strong>MAISI <\/strong>tik ilgi ir tur\u0113ti slepen\u012bb\u0101.<\/p>\n<h2>K\u0101p\u0113c <strong>Lato Lapsa <\/strong>vi\u0146u public\u0113 ?<\/h2>\n<p>T\u0101p\u0113c, ka <strong>Lato Lapsa<\/strong> ir viens no ietekm\u012bg\u0101kajiem cionistu a\u0123entiem<strong> Latvij\u0101<\/strong>.<\/p>\n<blockquote class=\"wp-embedded-content\" data-secret=\"BBckD71DpV\"><p><a href=\"https:\/\/tautastribunals.eu\/?p=47697\">Tiesas dienas kapa klusums !<\/a><\/p><\/blockquote>\n<p><iframe class=\"wp-embedded-content\" sandbox=\"allow-scripts\" security=\"restricted\" style=\"position: absolute; clip: rect(1px, 1px, 1px, 1px);\" title=\"&#8220;Tiesas dienas kapa klusums !&#8221; &#8212; \" src=\"https:\/\/tautastribunals.eu\/?p=47697&#038;embed=true#?secret=BBckD71DpV\" data-secret=\"BBckD71DpV\" width=\"500\" height=\"282\" frameborder=\"0\" marginwidth=\"0\" marginheight=\"0\" scrolling=\"no\"><\/iframe><\/p>\n<p>Vi\u0146a uzdevums ir izzin\u0101t patriotiski noska\u0146otos. Tas tiek dar\u012bts <strong>ar IP adre\u0161u pal\u012bdz\u012bbu<\/strong>. Visi koment\u0101ru rakst\u012bt\u0101ji pa tie\u0161o non\u0101k <strong>DP \u201cuz galda\u201d,<\/strong> kaut gan vi\u0146\u0161 cen\u0161as st\u0101st\u012bt pret\u0113jo ! Par to jau esmu br\u012bdin\u0101jis un br\u012bdinu atk\u0101rtoti: <strong><u>tie\u0161i L. Lapsa ir tas, kur\u0161 koment\u0101ristus \u201cs\u016bta uz kar\u0101tav\u0101m\u201d.<\/u><\/strong><\/p>\n<p>Daudzi to ir sapratu\u0161i. Izteikti j\u016btams, ka vi\u0146u koment\u0113 tikai vi\u0146a <strong>\u201ckantora\u201d<\/strong> \u0161mu\u013ci, jo neviens norm\u0101ls koment\u0101rs vairs nav las\u0101ms\u2026 .<\/p>\n<p>Bet seciniet pa\u0161i, public\u0113\u0161u izvilkumus no<strong> PIETIEK<\/strong> un manu saraksti.<\/p>\n<hr \/>\n<hr \/>\n<hr \/>\n<hr \/>\n<p>Par izteicieniem, kurus lietojis<strong> A. Pried\u012btis <\/strong>pret latvie\u0161iem, vi\u0146am b\u016btu piem\u0113rojams pamat\u012bgs cietumsods-<strong>ASM<\/strong>:<\/p>\n<p><span style=\"color: #000080;\"><em><img decoding=\"async\" loading=\"lazy\" class=\"alignleft wp-image-48164\" src=\"https:\/\/tautastribunals.eu\/wp-content\/uploads\/2018\/12\/A.Pried\u012btis.L.Granti\u0146\u0161.LRTT_.Ziemelis.png\" alt=\"\" width=\"540\" height=\"316\" srcset=\"https:\/\/tautastribunals.eu\/wp-content\/uploads\/2018\/12\/A.Pried\u012btis.L.Granti\u0146\u0161.LRTT_.Ziemelis.png 907w, https:\/\/tautastribunals.eu\/wp-content\/uploads\/2018\/12\/A.Pried\u012btis.L.Granti\u0146\u0161.LRTT_.Ziemelis-300x176.png 300w, https:\/\/tautastribunals.eu\/wp-content\/uploads\/2018\/12\/A.Pried\u012btis.L.Granti\u0146\u0161.LRTT_.Ziemelis-768x450.png 768w, https:\/\/tautastribunals.eu\/wp-content\/uploads\/2018\/12\/A.Pried\u012btis.L.Granti\u0146\u0161.LRTT_.Ziemelis-800x469.png 800w\" sizes=\"(max-width: 540px) 100vw, 540px\" \/><span style=\"color: #0000ff;\">\u201cMans t\u0113vs ar\u012b tika mobiliz\u0113ts v\u0101cu armij\u0101. Ta\u010du vi\u0146\u0161 dezert\u0113ja, tika no\u0137\u0113rts un ieslodz\u012bts<\/span><\/em><span style=\"color: #0000ff;\"><strong><em> Liep\u0101jas cietum\u0101, <\/em><\/strong><em>no kura izn\u0101ca p\u0113c <\/em><strong><em>9.maija<\/em><\/strong><em>. Vi\u0146\u0161 nekad nelepoj\u0101s, ka karoja pie fa\u0161istiem. Var pat teikt, ka <\/em><strong><em>latvie\u0161i ir ne tikai nev\u0113rt\u012bga tauta, bet ar\u012b nol\u0101d\u0113ta tauta<\/em><\/strong><em>, ja var t\u0101du lopisku naidu izjust pret saviem gl\u0101b\u0113jiem. J\u016bs dz\u012bvojat V\u0101cij\u0101. Tur viss ir rad\u012bts v\u0101cie\u0161u rok\u0101m, ar v\u0101cie\u0161u galvu. Es dz\u012bvoju R\u012bg\u0101, kur viss ir rad\u012bts ar\u012b ar <\/em><strong><em>v\u0101cie\u0161u, krievu, ebreju<\/em><\/strong><em> rok\u0101m un galvu.<\/em><\/span><\/span><\/p>\n<p><span style=\"color: #0000ff;\"><strong><em> Latvie\u0161i tikai \u201cstr\u0101d\u0101ja\u201d mazm\u0101ji\u0146\u0101s<\/em><\/strong><em>, dodot tautsaimniec\u012bb\u0101 neizmantojamu produkciju.(\u0161o tekstu A.P. man uzdro\u0161in\u0101j\u0101s pat person\u012bgi ats\u016bt\u012bt)\u201c T\u0101l\u0101kie izvilkumi no PIETIEK.com<\/em><\/span><\/p>\n<p><span style=\"color: #0000ff;\"><em>\u201eLatvisk\u0101 dz\u012bveszi\u0146a\u201c uzskat\u0101ma par nacisma modifik\u0101ciju un t\u0101 ir m\u016bsu \u201enacion\u0101lo sp\u0113ku\u201c sp\u0113kbar\u012bba.\u201d<\/em><\/span><\/p>\n<p><span style=\"color: #0000ff;\"><em>\u201cPa\u0161laik var jaut\u0101t: vai latvie\u0161u amor\u0101l\u0101 st\u0101ja bija vai nebija viens no ieganstiem (galvenais iegansts) v\u0101cie\u0161u idejai izn\u012bcin\u0101t latvie\u0161us k\u0101 nev\u0113rt\u012bgu tautu?\u201d<\/em><\/span><\/p>\n<p><span style=\"color: #0000ff;\"><em>\u201cLatvie\u0161u noziedznieki vad\u0101s no sava latvisko mor\u0101lo v\u0113rt\u012bbu kodeksa. Bet tas jau ir \u013coti b\u012bstami. Tas apdraud pasauli. Tas apdraud citas tautas, citas valstis, kur\u0101m ir tagad visas ties\u012bbas ener\u0123iski v\u0113rsties pret nacisma jauno modifik\u0101ciju.\u201d<\/em><\/span><\/p>\n<p><span style=\"color: #0000ff;\"><em>\u201cTas ir tas, ko pa\u0161laik form\u0113 m\u016bsu debilie nacion\u0101lie sp\u0113ki \u2013 m\u016bsu stulbie naci\u0137i. K\u0101 zin\u0101ms, vi\u0146i form\u0113 jaunu zin\u0101tni \u2013 \u201clatvisko dz\u012bveszi\u0146u\u201d. Jaun\u0101 zin\u0101tne tiks m\u0101c\u012bta skol\u0101s. Tas b\u016bs jauns m\u0101c\u012bbu priek\u0161mets. T\u0101 veido\u0161anas iniciat\u012bva pieder m\u016bsu debilajiem naci\u0137iem. St\u0101sta, ka Vineta Pori\u0146a ir galven\u0101 debil\u0101s idejas autore un virz\u012bt\u0101ja.\u201d<\/em><\/span><\/p>\n<p><span style=\"color: #0000ff;\"><em><strong>\u201c \u017d\u0113l, ka v\u0101cie\u0161i neuzvar\u0113ja kar\u0101. Tad cilv\u0113cei neb\u016btu t\u0101ds kauna traips pie Baltijas j\u016bras.\u201d<\/strong><\/em><\/span><\/p>\n<hr \/>\n<hr \/>\n<hr \/>\n<hr \/>\n<p><img decoding=\"async\" loading=\"lazy\" class=\"alignleft wp-image-48168\" src=\"https:\/\/tautastribunals.eu\/wp-content\/uploads\/2018\/12\/Juris-Ziemelis.J.Ro\u017ekalns.L.Granti\u0146\u0161.LRTT_.png\" alt=\"\" width=\"509\" height=\"341\" srcset=\"https:\/\/tautastribunals.eu\/wp-content\/uploads\/2018\/12\/Juris-Ziemelis.J.Ro\u017ekalns.L.Granti\u0146\u0161.LRTT_.png 662w, https:\/\/tautastribunals.eu\/wp-content\/uploads\/2018\/12\/Juris-Ziemelis.J.Ro\u017ekalns.L.Granti\u0146\u0161.LRTT_-300x201.png 300w\" sizes=\"(max-width: 509px) 100vw, 509px\" \/>Un \u0161eit viena no p\u0113d\u0113j\u0101m diskusij\u0101m ar <strong>ARTURU<\/strong>. Vi\u0146\u0161 raksta, it k\u0101 vi\u0146\u0161 b\u016btu bijis kl\u0101t pie notikumiem, kad<strong> H- 86<\/strong> vad\u012bbu nodevu <strong>Jurim Vidi\u0146am<\/strong>, nevis <strong>Ziemelim<\/strong>.<\/p>\n<p>Vis\u012bst\u0101kais \u017e\u012bdkomunistu triks !<\/p>\n<p>Nezin\u0101t\u0101js var iedom\u0101ties, ka \u0161im \u010dekas tarak\u0101nam ir bijis kas kop\u012bgs ar <strong>Atmodu. <\/strong><\/p>\n<p><strong>Juris Vidi\u0146\u0161 Grupu<\/strong> nesa\u0161\u0137\u0113la, to izdar\u012bja<strong> Juris Ziemelis<\/strong>.<\/p>\n<p>Visi tie, kuri bija kop\u0101 ar <strong>Juri Ziemeli<\/strong>, ir<strong> VDK &#8220;patrioti&#8221;<\/strong> un k\u0101 t\u0101di vi\u0146i ar\u012b tiks ties\u0101ti, jo ir sadarboju\u0161ies ar slepkavu re\u017e\u012bmu.<\/p>\n<p><strong>J. Vidi\u0146u<\/strong> brut\u0101li, ar narkotisko vielu pal\u012bdz\u012bbu salauza \u010dekas <strong>&#8220;disidents&#8221; Juris Vi\u0146\u0137elis<\/strong> ar savu <strong>VDK<\/strong> kmandu:<\/p>\n<p><span style=\"color: #0000ff;\"><strong>L.Granti\u0146\u0161 H-86<\/strong><\/span><\/p>\n<p><span style=\"color: #0000ff;\">24.12.2018. 22:22<\/span><\/p>\n<p><span style=\"color: #0000ff;\">Nu redzi, Artur: Reiz apkl\u016bst katra dziesma&#8230; ! Tu esi zemisks lops, kur\u0161, praktiski viens \u0161eit par mani \u0137eng\u0101jies&#8230;. .Cik latvie\u0161us n\u0101v\u0113 esi iegr\u016bdis ? Un, ne jau tikai no 88.g. Nodev\u012bba, rept\u012blisms ir tava es\u012bbas &#8220;sakne&#8221;&#8230; . Un t\u0101 reiz visi n\u0101ks gaism\u0101 un beidzot ar\u012b aiz rest\u0113m&#8230; .Gan jau n\u0101ks gaism\u0101 ar\u012b t\u0101 da\u013ca, kas sl\u0113pjas aiz \u0161\u012bs skop\u0101s kart\u012btes !!!<\/span><\/p>\n<p><span style=\"color: #0000ff;\"><strong>Arturs P.<\/strong><\/span><\/p>\n<p><span style=\"color: #0000ff;\">Lai nu kas tagad run\u0101tu un rakst\u012btu pat nodev\u012bbu.<\/span><br \/>\n<span style=\"color: #0000ff;\">Ja atceries- k\u0101dreiz tev teicu- Vidi\u0146am nedr\u012bkst tic\u0113t, nedr\u012bkt vi\u0146u uz\u0146emt H-86 ! Bet tu Vidi\u0146u aizst\u0101v\u0113ji, ka labs cilv\u0113ks un mald\u012bjies ! Kam bija taisn\u012bba? Vidi\u0146\u0161 \u010dekas uzdevum\u0101 sa\u0161\u0137\u0113la grupu un kas izn\u0101ca- cilv\u0113ku ac\u012bs p\u0113c uzst\u0101\u0161an\u0101s telev\u012bzij\u0101 tu k\u013cuvi par nodev\u0113ju un mier\u012bgi aizmuki uz Rietumv\u0101ciju, kur turpini b\u016bt\u012bb\u0101 sl\u0113pties ar\u012b tagad. Sa\u0146em zol\u012bdu pensiju un raksti mu\u013c\u0137ibas internet\u0101. Es tev esmu piedevis, jo uz gar\u012bgi slimajiem neapvainojas, par vi\u0146iem nedr\u012bkst smieties.<\/span><\/p>\n<p><span style=\"color: #0000ff;\"><strong>Arturs P<\/strong><\/span><\/p>\n<p><span style=\"color: #0000ff;\">Pateik\u0161u v\u0113l vair\u0101k- tagad jau nav vairs ko sl\u0113pt. sapulces laik\u0101- Kos\u0137ika dz\u012bvokl\u012b, tur pie k\/n Draudz\u012bba. Kam\u0113r tu p\u0113t\u012bji krievu krustus un patv\u0101ris, Raimis bija izg\u0101jis uzp\u012bp\u0113t. Vi\u0146\u0161 mekl\u0113ja \u0161pi\u010dkas un net\u012b\u0161am tav\u0101 za\u0137etes iek\u0161kabat\u0101 atrada pap\u012bra str\u0113meli, uz kuras ar \u0137\u012bmisko z\u012bmuli bija uzrakst\u012bts k\u0101ds telefona numurs.<\/span><br \/>\n<span style=\"color: #0000ff;\">Raimis numuru norakst\u012bja, bet v\u0113l\u0101k no taksofona pazvan\u012bja -un atbild\u0113ja pats Liepajas \u010dekas priek\u0161nieks !<\/span><\/p>\n<p><span style=\"color: #0000ff;\"><strong>L.Granti\u0146\u0161 H-86<\/strong><\/span><\/p>\n<p><span style=\"color: #0000ff;\">God. <strong>Pried\u012bt, Ziemelis<\/strong> ir t\u0101das pa\u0161as <strong>&#8220;kart\u012btes&#8221;<\/strong> \u012bpa\u0161nieks k\u0101 Tu.<\/span><\/p>\n<p><span style=\"color: #0000ff;\">T\u0101 k\u0101 \u0161\u0137\u0113l\u0113js bija vi\u0146\u0161 !<\/span><\/p>\n<p>https:\/\/www.facebook.com\/photo.php?fbid=10211213210044900&#038;set=a.10201841187270188&#038;type=3&#038;theater<\/p>\n<p><span style=\"color: #0000ff;\">Un, <strong>Kos\u0137as<\/strong> dz\u012bvokl\u012b es nekad neesmu bijis&#8230; .Cik gan viens j\u016bdas var b\u016bt pret\u012bgs&#8230; .Tu ta\u010du sac\u012bji: \u017d\u0113l, ka v\u0101cie\u0161i neuzvar\u0113ja, tad \u0161odien pie Baltijas j\u016bras neb\u016btu t\u0101ds kauna traips(latvie\u0161i)&#8230;&#8221; Kaut ko t\u0101du var pasac\u012bt tkai \u017e\u012bdu\u017e\u012bds !<\/span><\/p>\n<hr \/>\n<hr \/>\n<hr \/>\n<hr \/>\n<h2>T\u0101 redzi, latviet, agr\u0101k vai v\u0113l\u0101k, bet viss atkl\u0101sies&#8230; .<\/h2>\n<p><img decoding=\"async\" loading=\"lazy\" class=\"alignleft wp-image-47812\" src=\"https:\/\/tautastribunals.eu\/wp-content\/uploads\/2018\/12\/4.-Linards-Granti\u0146\u0161.-Helsinki-86.LRTT_.png\" alt=\"\" width=\"192\" height=\"268\" srcset=\"https:\/\/tautastribunals.eu\/wp-content\/uploads\/2018\/12\/4.-Linards-Granti\u0146\u0161.-Helsinki-86.LRTT_.png 239w, https:\/\/tautastribunals.eu\/wp-content\/uploads\/2018\/12\/4.-Linards-Granti\u0146\u0161.-Helsinki-86.LRTT_-215x300.png 215w\" sizes=\"(max-width: 192px) 100vw, 192px\" \/>Paties\u012bba vienm\u0113r p\u0101rst\u0101v<strong> Gaismu<\/strong> un neviena tumsa nav sp\u0113j\u012bga to apsl\u0101p\u0113t !<\/p>\n<p>Visi tie, kuri mani apl\u0113ju\u0161i ar sav\u0101m nodev\u012bbas g\u013cot\u0101m, taps zin\u0101mi tautai un ties\u0101ti.<\/p>\n<p>Mani, <strong>j\u016bs nol\u0101d\u0113tie tums\u012bbas izdzimumi<\/strong>, variet nicin\u0101t, apmelot, pat ar\u012b izn\u012bcin\u0101t, bet tas nenoz\u012bm\u0113s, ka j\u016bs netisiet atkl\u0101ti un ties\u0101ti.<\/p>\n<p><a href=\"https:\/\/tautastribunals.eu\/?p=46078\">J\u016bs, pret\u012bgie \u017e\u012bds\u0101tanistu<em>(bo\u013c\u0161eviku ideolo\u0123ijas)<\/em> izdzimumi<strong>, manu tautu esiet n\u012bd\u0113ju\u0161i un no atrieb\u012bbas jums neizsprukt<\/strong>&#8230;<em>(visi \u0161ie borovkovi, indriksoni, godma\u0146i, lapsas, ro\u017ekalni, pried\u012b\u0161i&#8230;un visi citi p\u0101r\u0113jie)<\/em> .<\/a><\/p>\n<p>Ar\u012b di\u017e\u0101<strong> &#8220;disidenta&#8221; Inta C\u0101l\u012b\u0161a<\/strong> karte ir atrasta maisos !<\/p>\n<p>Un, k\u0101 b\u016bs ar p\u0101r\u0113jiem manis apr\u0113j\u0113jiem&#8230; ?<\/p>\n<p><em>(B\u016b\u0161u netaisns pats pret sevi, ja nepiebild\u012b\u0161u: Es nenosodu nevienu, kur\u0161 neiztur\u0113ja, jo t\u0101s \u0161ausmas, k\u0101das \u017e\u012bd\u010dekisti- komunisti piekopa, ir pr\u0101tam neaptveramas un tikpat k\u0101 neizturamas. Bet nosodu ikvienu sal\u016bzu\u0161o, kur\u0161 cent\u0101s mani patais\u012bt par nodev\u0113ju, t\u0101 pats sevi atmazg\u0101t no \u0161\u012bm nodev\u012bbas g\u013cot\u0101m. To nu neviens jums vairs p\u0113c Atmodas nespieda ! J\u016bs neesiet cien\u012bgi saukties par cilv\u0113kiem, kur nu v\u0113l par latvie\u0161iem un disidentiem !)<\/em><\/p>\n<p>26.12.18\u00a0\u00a0\u00a0\u00a0\u00a0\u00a0\u00a0\u00a0\u00a0\u00a0\u00a0\u00a0\u00a0\u00a0\u00a0\u00a0\u00a0\u00a0\u00a0\u00a0 L. Granti\u0146\u0161<\/p>\n<hr \/>\n<hr \/>\n<hr \/>\n<hr \/>\n<hr \/>\n<h2>\u0160aj\u0101 sakar\u0101 der noklaus\u012bties Suvorovu:<\/h2>\n<div class=\"video-container\"><iframe loading=\"lazy\" title=\"\u0421\u0443\u0432\u043e\u0440\u043e\u0432: \u0410\u0440\u043c\u0438\u044f \u0441\u0442\u0443\u043a\u0430\u0447\u0435\u0439 \u0435\u0434\u0438\u043d\u043e\u0439 \u043c\u0435\u0447\u0442\u043e\u0439 \u0436\u0438\u0432\u0435\u0442 \u2014 \u0447\u0442\u043e\u0431\u044b \u0433\u044d\u0431\u0443\u0445\u0430 \u0432\u0435\u0440\u043d\u0443\u043b\u0430\u0441\u044c \u0438 \u043d\u0435 \u0440\u0430\u0441\u043a\u0440\u044b\u043b\u0438 \u0438\u0445 \u043d\u0438\u043a\u043e\u0433\u0434\u0430\" width=\"500\" height=\"375\" src=\"https:\/\/www.youtube.com\/embed\/SSKjGi67Ckk?feature=oembed&#038;wmode=opaque\" frameborder=\"0\" allow=\"accelerometer; autoplay; clipboard-write; encrypted-media; gyroscope; picture-in-picture\" allowfullscreen><\/iframe><\/div>\n","protected":false},"excerpt":{"rendered":"<p>Par izdzimteni cilv\u0113kveid\u012bg\u0101 izskat\u0101 Viss jau reiz n\u0101k gaism\u0101. Katrai dziesmai ir s\u0101kums un beigas. T\u0101 tas ir ar\u012b ar noziedzniekiem un vi\u0146u veiktajiem noziegumiem. Arturs Pried\u012btis !? Vis\u012bst\u0101kais 1940. gada Mavrika Vulfsona klons.&#46;&#46;&#46;<\/p>\n","protected":false},"author":1,"featured_media":0,"comment_status":"open","ping_status":"open","sticky":false,"template":"","format":"standard","meta":[],"categories":[1],"tags":[],"_links":{"self":[{"href":"https:\/\/tautastribunals.eu\/index.php?rest_route=\/wp\/v2\/posts\/48092"}],"collection":[{"href":"https:\/\/tautastribunals.eu\/index.php?rest_route=\/wp\/v2\/posts"}],"about":[{"href":"https:\/\/tautastribunals.eu\/index.php?rest_route=\/wp\/v2\/types\/post"}],"author":[{"embeddable":true,"href":"https:\/\/tautastribunals.eu\/index.php?rest_route=\/wp\/v2\/users\/1"}],"replies":[{"embeddable":true,"href":"https:\/\/tautastribunals.eu\/index.php?rest_route=%2Fwp%2Fv2%2Fcomments&post=48092"}],"version-history":[{"count":31,"href":"https:\/\/tautastribunals.eu\/index.php?rest_route=\/wp\/v2\/posts\/48092\/revisions"}],"predecessor-version":[{"id":58506,"href":"https:\/\/tautastribunals.eu\/index.php?rest_route=\/wp\/v2\/posts\/48092\/revisions\/58506"}],"wp:attachment":[{"href":"https:\/\/tautastribunals.eu\/index.php?rest_route=%2Fwp%2Fv2%2Fmedia&parent=48092"}],"wp:term":[{"taxonomy":"category","embeddable":true,"href":"https:\/\/tautastribunals.eu\/index.php?rest_route=%2Fwp%2Fv2%2Fcategories&post=48092"},{"taxonomy":"post_tag","embeddable":true,"href":"https:\/\/tautastribunals.eu\/index.php?rest_route=%2Fwp%2Fv2%2Ftags&post=48092"}],"curies":[{"name":"wp","href":"https:\/\/api.w.org\/{rel}","templated":true}]}}