{"id":4803,"date":"2011-03-26T22:49:52","date_gmt":"2011-03-26T20:49:52","guid":{"rendered":"http:\/\/tautastribunals.eu\/?p=4803"},"modified":"2011-03-26T23:06:55","modified_gmt":"2011-03-26T21:06:55","slug":"judi-zidi-meliguma-un-naida-etaloni","status":"publish","type":"post","link":"https:\/\/tautastribunals.eu\/?p=4803","title":{"rendered":"J\u016bdi (\u017e\u012bdi)- mel\u012bguma un naida &#8220;etaloni&#8221;"},"content":{"rendered":"<p><span style=\"color: #008080\"><span style=\"color: #ff0000\"><strong>&#8220;<img decoding=\"async\" loading=\"lazy\" class=\"alignleft size-full wp-image-4804\" src=\"http:\/\/tautastribunals.eu\/wp-content\/uploads\/2011\/03\/LRTT-2.bmp\" alt=\"LRTT-!\" width=\"62\" height=\"57\" \/><\/strong><\/span>&#8220;<em><strong>Uldis Freimanis<\/strong> telev\u012bzijas tie\u0161raid\u0113 teica, ka ebrejus vajag no\u0161aut un pak\u0101rt<\/em>,&#8221; pav\u0113st\u012bjis <strong>ADL<\/strong><strong> <\/strong>nacion\u0101lais direktors <strong><span style=\"text-decoration: underline\">Abrahams H.Foksmans<\/span><\/strong>. &#8220;<em>Vi\u0146a aicin\u0101jums uz asinspirti ir publiski j\u0101nosoda, un <strong>Latvijas vad\u012bbai<\/strong> j\u0101izmanto visi pieejamie tiesiskie l\u012bdzek\u013ci, lai sauktu vi\u0146u pie atbild\u012bbas. Tai j\u0101pau\u017e skaidra v\u0113sts, ka <strong>Latvija <\/strong>neizr\u0101da toleranci pret etnisk\u0101 naida kurin\u0101\u0161anu,&#8221;<\/em> <strong>Foksmana<\/strong> kl\u0101st\u012bto cit\u0113<strong> ADL<span style=\"color: #ff0000\">&#8220;<\/span><\/strong><\/span><\/p>\n<p><span style=\"color: #008080\"><span style=\"color: #ff0000\">\u00a0<\/span><strong><span style=\"color: #ff0000\">&#8221; <\/span><\/strong><\/span><span style=\"color: #008080\">&#8220;M\u0113<em>s \u0161eit dz\u012bvojam, un tie <strong><span style=\"text-decoration: underline\">ebreji rada k\u0146adu<\/span><\/strong> un m\u0113rka\u0137ojas apk\u0101rt,&#8221; <\/em><strong>Freima\u0146a <\/strong>telev\u012bzij\u0101 min\u0113to cit\u0113 organiz\u0101cija. &#8220;Un tie\u0161i tad vi\u0146us visus tie\u0161\u0101 tr\u0101p\u012bjum\u0101 vajadz\u0113tu no\u0161aut,&#8221; teicis <strong>Freimanis.<\/strong> &#8220;<em>Vi\u0146i visi ir klauni, tie ebreji<\/em>,&#8221; vi\u0146\u0161 v\u0113l sac\u012bjis.&#8221;<\/span> <strong><span style=\"color: #ff0000\">&#8221; <a href=\"http:\/\/www.delfi.lv\/news\/national\/politics\/latvijas-galeji-labejais-aktivists-freimanis-izpelnas-igaunijas-antifasistu-un-asv-ebreju-tiesibu-aizstavju-kritiku.d?id=37607409\"><span style=\"color: #00ccff\">\u00a0\u00a0\u00a0\u00a0\u00a0\u00a0\u00a0\u00a0\u00a0\u00a0\u00a0\u00a0 http:\/\/www.delfi.lv\/news\/national\/politics\/latvijas-galeji-labejais-aktivists-freimanis-izpelnas-igaunijas-antifasistu-un-asv-ebreju-tiesibu-aizstavju-kritiku.d?id=37607409<\/span><\/a><\/span><\/strong><\/p>\n<p><strong><span style=\"color: #ff0000\"><span style=\"color: #008080\">===================================<\/span><\/span><\/strong><\/p>\n<p><span style=\"color: #ff0000\"><span style=\"color: #008000\"><strong><img decoding=\"async\" loading=\"lazy\" class=\"alignleft size-full wp-image-4806\" src=\"http:\/\/tautastribunals.eu\/wp-content\/uploads\/2011\/03\/Latvie\u0161u-tautas-patriots-Uldis-Freimanis-.jpg\" alt=\"Latvie\u0161u tautas patriots Uldis Freimanis !\" width=\"120\" height=\"144\" \/>ADL<\/strong><em> (Anti-Defamation League) <\/em>direktors <span style=\"text-decoration: underline\"><strong><em>Abrahams H.Foksmans<\/em><\/strong><\/span> var\u0113tu paklus\u0113t par <strong>Freima\u0146a<\/strong> teikto, bet \u017e\u012bdiem jau muti &#8220;<em>\u0161odien<\/em>&#8221; neviens nedr\u012bkst aizb\u0101zt, jo ir ta\u010du &#8220;<em>dieva<\/em>&#8221; izredz\u0113t\u0101s tautas p\u0101rst\u0101vis. To, ka <strong>Freima\u0146a<\/strong> izteicieni bija velt\u012bti tiem \u017e\u012bdu nelie\u0161iem, kuri kliedza uz vecajiem le\u0123ion\u0101riem savas rupj\u012bbas, <strong><span style=\"text-decoration: underline\">Abrahams H.Foksmans<\/span><\/strong> nez k\u0101p\u0113c aizmirsa piemin\u0113t ?\u00a0<\/span><\/span><\/p>\n<p><span style=\"color: #ff0000\"><span style=\"color: #008000\"><span style=\"color: #000000\"><strong>Foto:<\/strong><\/span> <span style=\"color: #808000\"><strong>ULDIS FREIMANIS<\/strong><\/span><\/span><\/span><\/p>\n<p><span style=\"color: #ff0000\"><span style=\"color: #008000\">Nu j\u0101, tas jau piederas pie &#8220;<em>dieva<\/em>&#8221; izredz\u0113to nacion\u0101laj\u0101m \u012bpatn\u012bb\u0101m, t\u0101pat k\u0101 slepkavot, zagt un dz\u012bvot uz citu tautu &#8220;<em>kakla<\/em>&#8221; ! Vai neb\u016btu <strong><span style=\"text-decoration: underline\">Dievam t\u012bkam\u0101k<\/span><\/strong>, ja beidzot <span style=\"text-decoration: underline\"><strong>Abrahams H.Foksmans <\/strong><\/span>s\u0101ktu izskat\u012bt <strong><span style=\"text-decoration: underline\">\u017e\u012bdu asins darbus<\/span><\/strong> pret <strong>latvie\u0161u<\/strong> un<strong> palest\u012bnie\u0161u<\/strong> taut\u0101m ?\u00a0Pietiktu darbs k\u0101diem simts gadiem ! Bet nelaime tikai t\u0101, ka \u0161im <strong><span style=\"text-decoration: underline\">Klaunam Abrahamam H.Foksmanim<\/span><\/strong> par to neviens nemaks\u0101tu. Bez naudas ta\u010du\u00a0\u017e\u012bds vairs nav \u017e\u012bds !!!<\/span><\/span><\/p>\n<p><span style=\"color: #ff0000\"><span style=\"color: #008000\"><strong>Cik ilgi v\u0113l \u0161ie \u017e\u012bdu klaido\u0146i teroriz\u0113s latvie\u0161us ?<\/strong> <\/span><\/span><\/p>\n<p><span style=\"color: #ff0000\"><span style=\"color: #008000\">Atbilde t\u0101lu nav j\u0101mekl\u0113. <\/span><\/span><\/p>\n<p><span style=\"color: #ff0000\"><span style=\"color: #008000\">Uzbrukumi latvie\u0161iem tiek veikti, lai s\u0113ptu \u017e\u012bdu pastr\u0101d\u0101tos noziegumus pret cit\u0101m taut\u0101m !!!<\/span><\/span><\/p>\n<p><span style=\"color: #ff0000\"><span style=\"color: #008000\">Cik gan daudzi mekl\u0113 izdaudzin\u0101to<strong>\u00a0ANTIKRISTU<\/strong>, bet vi\u0146\u0161 ta\u010du nekur nav j\u0101mekl\u0113 !?\u00a0<\/span><\/span><\/p>\n<h2><span style=\"color: #ff0000\"><span style=\"color: #008000\">L\u016bk, \u0161eit vi\u0146\u0161 ir: <span style=\"color: #ff0000\">j\u016bdaisms, komunisms, cionisms= ANTIKRISTS !<\/span><\/span><\/span><\/h2>\n<p><span style=\"color: #ff0000\"><span style=\"color: #008000\">Jaut\u0101jums it k\u0101 neviet\u0101. Bet vai j\u016bs ziniet, <strong><span style=\"text-decoration: underline\">kad Sarm\u012bte \u0112lerte<\/span><\/strong> iest\u0101j\u0101s komunistiskaj\u0101 partij\u0101 ? Tad, kad citi <strong>80-to<\/strong> gadu beig\u0101s svieda savas<span style=\"text-decoration: underline\"> <strong>partijas biedru kartes<\/strong> ugunskur\u0101<strong>,<\/strong><\/span><strong> S. \u0112lerte<\/strong> sl\u0113dza &#8220;<em>l\u012bgumu<\/em>&#8221; ar augst\u0101ko\u00a0<strong>\u013baunumu, <\/strong>iest\u0101joties \u0161aj\u0101 asinssu\u0146u partij\u0101 !!!\u00a0\u00a0<\/span><\/span><\/p>\n<p><span style=\"color: #ff0000\"><span style=\"color: #008000\"><strong>Sarm\u012bte \u0112lerte<\/strong> ir \u0161odienas <strong>Latvijas<\/strong> nelaime un latvie\u0161u tautas bende. <strong>Antikrista<\/strong> p\u0101rst\u0101ve <strong>LR Saeim\u0101<\/strong> !!! <strong>VIENOT\u012aBA<\/strong> ir <strong>Antikrista<\/strong> &#8220;<em>darbar\u012bks<\/em>&#8220;. <\/span><\/span><\/p>\n<p><span style=\"color: #ff0000\"><span style=\"color: #008000\">Jaun\u0101<strong> S. \u0112lertes<\/strong> izstr\u0101d\u0101t\u0101 integr\u0101cijas programma to pier\u0101da. \u0160\u012b &#8220;<em>programma<\/em>&#8221; ir latvie\u0161u tautas <strong>KAPS <\/strong>!!! \u0160\u012bs nav nek\u0101das &#8220;<em>ezot\u0113riskas p\u0101rdomas<\/em>&#8220;, bet gan dz\u012bves realit\u0101te. T\u0101p\u0113c jau ar\u012b notiek \u0161ie uzbrukumi <strong>nacion\u0101li<\/strong> un<strong> Taisn\u012bgi<\/strong> dom\u0101jo\u0161iem, lai nov\u0113rstu uzman\u012bbu no <span style=\"text-decoration: underline\">t\u0101d\u0101m \u0113lert\u0113m<\/span> !!!<\/span><\/span><\/p>\n<h3><span style=\"color: #ff0000\"><span style=\"color: #ff0000\">Paldies Freima\u0146a kungam par drosmi \u0161o noziedznieku p\u0101rsvara priek\u0161\u0101 !!!<\/span><\/span><\/h3>\n<p><span style=\"color: #ff0000\"><span style=\"color: #000000\"><em>LRTT\u00a0 26.03. 11\u00a0<\/em><\/span><\/span><\/p>\n<p><strong>\u00a0<\/strong><\/p>\n","protected":false},"excerpt":{"rendered":"<p>&#8220;&#8220;Uldis Freimanis telev\u012bzijas tie\u0161raid\u0113 teica, ka ebrejus vajag no\u0161aut un pak\u0101rt,&#8221; pav\u0113st\u012bjis ADL nacion\u0101lais direktors Abrahams H.Foksmans. &#8220;Vi\u0146a aicin\u0101jums uz asinspirti ir publiski j\u0101nosoda, un Latvijas vad\u012bbai j\u0101izmanto visi pieejamie tiesiskie l\u012bdzek\u013ci, lai sauktu&#46;&#46;&#46;<\/p>\n","protected":false},"author":6,"featured_media":0,"comment_status":"open","ping_status":"open","sticky":false,"template":"","format":"standard","meta":[],"categories":[1],"tags":[],"_links":{"self":[{"href":"https:\/\/tautastribunals.eu\/index.php?rest_route=\/wp\/v2\/posts\/4803"}],"collection":[{"href":"https:\/\/tautastribunals.eu\/index.php?rest_route=\/wp\/v2\/posts"}],"about":[{"href":"https:\/\/tautastribunals.eu\/index.php?rest_route=\/wp\/v2\/types\/post"}],"author":[{"embeddable":true,"href":"https:\/\/tautastribunals.eu\/index.php?rest_route=\/wp\/v2\/users\/6"}],"replies":[{"embeddable":true,"href":"https:\/\/tautastribunals.eu\/index.php?rest_route=%2Fwp%2Fv2%2Fcomments&post=4803"}],"version-history":[{"count":13,"href":"https:\/\/tautastribunals.eu\/index.php?rest_route=\/wp\/v2\/posts\/4803\/revisions"}],"predecessor-version":[{"id":4818,"href":"https:\/\/tautastribunals.eu\/index.php?rest_route=\/wp\/v2\/posts\/4803\/revisions\/4818"}],"wp:attachment":[{"href":"https:\/\/tautastribunals.eu\/index.php?rest_route=%2Fwp%2Fv2%2Fmedia&parent=4803"}],"wp:term":[{"taxonomy":"category","embeddable":true,"href":"https:\/\/tautastribunals.eu\/index.php?rest_route=%2Fwp%2Fv2%2Fcategories&post=4803"},{"taxonomy":"post_tag","embeddable":true,"href":"https:\/\/tautastribunals.eu\/index.php?rest_route=%2Fwp%2Fv2%2Ftags&post=4803"}],"curies":[{"name":"wp","href":"https:\/\/api.w.org\/{rel}","templated":true}]}}