{"id":48029,"date":"2018-12-23T11:30:32","date_gmt":"2018-12-23T09:30:32","guid":{"rendered":"https:\/\/tautastribunals.eu\/?p=48029"},"modified":"2018-12-23T11:30:32","modified_gmt":"2018-12-23T09:30:32","slug":"ko-sagaidit-no-es-idiotiem-visistakiem-satanistiem","status":"publish","type":"post","link":"https:\/\/tautastribunals.eu\/?p=48029","title":{"rendered":"Ko sagaid\u012bt no ES idiotiem- vis\u012bst\u0101kiem s\u0101tanistiem !"},"content":{"rendered":"<h1><img decoding=\"async\" loading=\"lazy\" class=\"alignleft wp-image-48033\" src=\"https:\/\/tautastribunals.eu\/wp-content\/uploads\/2018\/12\/7.L.-Granti\u0146\u0161-Bitenieks-Ulmanis-Latvija-m\u0101ksla-Bariss-Eihmanis.jpg\" alt=\"\" width=\"635\" height=\"88\" srcset=\"https:\/\/tautastribunals.eu\/wp-content\/uploads\/2018\/12\/7.L.-Granti\u0146\u0161-Bitenieks-Ulmanis-Latvija-m\u0101ksla-Bariss-Eihmanis.jpg 917w, https:\/\/tautastribunals.eu\/wp-content\/uploads\/2018\/12\/7.L.-Granti\u0146\u0161-Bitenieks-Ulmanis-Latvija-m\u0101ksla-Bariss-Eihmanis-300x42.jpg 300w, https:\/\/tautastribunals.eu\/wp-content\/uploads\/2018\/12\/7.L.-Granti\u0146\u0161-Bitenieks-Ulmanis-Latvija-m\u0101ksla-Bariss-Eihmanis-768x106.jpg 768w, https:\/\/tautastribunals.eu\/wp-content\/uploads\/2018\/12\/7.L.-Granti\u0146\u0161-Bitenieks-Ulmanis-Latvija-m\u0101ksla-Bariss-Eihmanis-800x111.jpg 800w\" sizes=\"(max-width: 635px) 100vw, 635px\" \/><img decoding=\"async\" loading=\"lazy\" class=\"alignleft wp-image-47994\" src=\"https:\/\/tautastribunals.eu\/wp-content\/uploads\/2018\/12\/MIGLA-SARKAN\u0100-NOL\u0100D\u0112T\u0100REINIKS\u0100BOLTI\u0145A-5.png\" alt=\"\" width=\"634\" height=\"54\" srcset=\"https:\/\/tautastribunals.eu\/wp-content\/uploads\/2018\/12\/MIGLA-SARKAN\u0100-NOL\u0100D\u0112T\u0100REINIKS\u0100BOLTI\u0145A-5.png 986w, https:\/\/tautastribunals.eu\/wp-content\/uploads\/2018\/12\/MIGLA-SARKAN\u0100-NOL\u0100D\u0112T\u0100REINIKS\u0100BOLTI\u0145A-5-300x26.png 300w, https:\/\/tautastribunals.eu\/wp-content\/uploads\/2018\/12\/MIGLA-SARKAN\u0100-NOL\u0100D\u0112T\u0100REINIKS\u0100BOLTI\u0145A-5-768x65.png 768w, https:\/\/tautastribunals.eu\/wp-content\/uploads\/2018\/12\/MIGLA-SARKAN\u0100-NOL\u0100D\u0112T\u0100REINIKS\u0100BOLTI\u0145A-5-800x68.png 800w\" sizes=\"(max-width: 634px) 100vw, 634px\" \/><\/h1>\n<h1>Sv\u0113tvakara priek\u0161v\u0113t\u012bjums !<\/h1>\n<hr \/>\n<hr \/>\n<hr \/>\n<hr \/>\n<p>Klusi atz\u012bm\u0113sim <strong>Pravie\u0161a dzim\u0161anas dienu<\/strong> un <strong>Saulgrie\u017eus<\/strong>, kurus godin\u0101ja m\u016bsu sen\u010di. \u0160\u012bs divas<strong> &#8220;lietas&#8221;<\/strong> nav pretrun\u0101 ar latvie\u0161a<strong> DZ\u012aVESDZI\u0145AS<\/strong> izpausmi ! <strong>Kristus<\/strong> bija <strong>PRAVIETIS<\/strong> un t\u0101p\u0113c vi\u0146\u0161 godin\u0101ms, bet krist\u012bg\u0101 bazn\u012bca ir <strong>S\u0101tana midzenis,<\/strong><span style=\"color: #800080;\"> <a style=\"color: #800080;\" href=\"https:\/\/tautastribunals.eu\/?p=16800\">ne maz\u0101ks par<strong> sinagog\u0101m<\/strong><em>(atver, lasi un br\u012bnies) <\/em><\/a><\/span>!<\/p>\n<hr \/>\n<hr \/>\n<hr \/>\n<hr \/>\n<h1><span style=\"color: #008000;\">Vai Latvij\u0101 m\u0113s varam justies k\u0101 Sv\u0113tzem\u0113 ?<\/span><\/h1>\n<p><img decoding=\"async\" loading=\"lazy\" class=\"alignleft wp-image-48042\" src=\"https:\/\/tautastribunals.eu\/wp-content\/uploads\/2018\/12\/La-Garda.-A.-Borovkovs.L.-Granti\u0146\u0161.-LRTT-1.png\" alt=\"\" width=\"324\" height=\"247\" srcset=\"https:\/\/tautastribunals.eu\/wp-content\/uploads\/2018\/12\/La-Garda.-A.-Borovkovs.L.-Granti\u0146\u0161.-LRTT-1.png 444w, https:\/\/tautastribunals.eu\/wp-content\/uploads\/2018\/12\/La-Garda.-A.-Borovkovs.L.-Granti\u0146\u0161.-LRTT-1-300x229.png 300w\" sizes=\"(max-width: 324px) 100vw, 324px\" \/>FOTO: <span style=\"color: #ff0000;\"><em>M\u016bsu tautas bendes !<\/em><\/span><\/p>\n<p>N\u0113, t\u0101 ir pret\u012bgi smirdo\u0161u \u017e\u012bds\u0101tanisko- cionistu apg\u0101n\u012bta, kur notiek latvie\u0161u brut\u0101la izn\u012bcin\u0101\u0161ana- <span style=\"color: #800080;\"><a style=\"color: #800080;\" href=\"https:\/\/www.youtube.com\/watch?v=zaK45OUkKbg&amp;index=10&amp;list=PLsiVG_bhUcYytuAoZyCtLCz2-cBPDWehh\"><strong>cilv\u0113ku miesas r\u012b\u0161ana<\/strong> un<strong> asins dzer\u0161ana<\/strong><em>(lasi).<\/em><\/a><\/span> Or\u0123ijas, kur\u0101s jaunas sevietes tiek perversi izmantotas, lai <strong>Ci\u0101nas S\u0101tana<\/strong>(<em>B\u0101la- Molaha: B\u0101ls un Molohs ir s\u0101tana apz\u012bm\u0113jums<\/em>) piel\u016bdz\u0113ji var\u0113tu apmierin\u0101t savus sapuvu\u0161os spermas dziedzerus !<\/p>\n<p>B\u016btu analfab\u0113tiski dom\u0101t, ka pie s\u0101tanistiem, kuri \u0161odien piln\u012bb\u0101 sagr\u0101bu\u0161i varu, b\u016btu sav\u0101d\u0101k, jo:<strong> &#8220;<a title=\"Feni\u0137ija\" href=\"https:\/\/lv.wikipedia.org\/wiki\/Feni%C4%B7ija\">Feni\u0137ie\u0161u<\/a> dievs B\u0101ls, kuru ar\u012b senie <a title=\"Samarie\u0161i\" href=\"https:\/\/lv.wikipedia.org\/wiki\/Samarie%C5%A1i\">ebreji<\/a> piel\u016bdza Samarij\u0101, saist\u012bts ar s\u0101tana t\u0113lu ebreju un kristie\u0161u sv\u0113tajos rakstos !&#8221;<\/strong><\/p>\n<p>T\u0101tad, visi kristie\u0161i apzin\u0101ti vai nepazin\u0101ti kalpo <strong>S\u0101tanam<\/strong> ! Tas ir viegli pier\u0101d\u0101ms un saprotams jeb kuram, kur\u0161 apmekl\u0113jis <strong>MELNSV\u0100R\u010cU<\/strong> spredi\u0137us.<\/p>\n<p>-Nekad j\u016bs no kanceles nedzird\u0113siet<strong> J\u0113zus Kristus<\/strong> sac\u012bto:<\/p>\n<p><img decoding=\"async\" loading=\"lazy\" class=\"alignleft wp-image-48044\" src=\"https:\/\/tautastribunals.eu\/wp-content\/uploads\/2018\/12\/Bitenieks.Juris-RubenisModris-Pl\u0101te-M\u0101ris-LudviksAndrejs-KavacisLinards-Granti\u0146\u0161-Aivars-Garda.-Kopie.png\" alt=\"\" width=\"633\" height=\"84\" srcset=\"https:\/\/tautastribunals.eu\/wp-content\/uploads\/2018\/12\/Bitenieks.Juris-RubenisModris-Pl\u0101te-M\u0101ris-LudviksAndrejs-KavacisLinards-Granti\u0146\u0161-Aivars-Garda.-Kopie.png 753w, https:\/\/tautastribunals.eu\/wp-content\/uploads\/2018\/12\/Bitenieks.Juris-RubenisModris-Pl\u0101te-M\u0101ris-LudviksAndrejs-KavacisLinards-Granti\u0146\u0161-Aivars-Garda.-Kopie-300x40.png 300w\" sizes=\"(max-width: 633px) 100vw, 633px\" \/><\/p>\n<p>&#8211; Un v\u0113l, <strong>B\u012bbel\u0113 sac\u012bts<\/strong><em>(protams, ka viltus m\u0101cek\u013ca P\u0101vila viltojums)<\/em>, ka<strong> Izra\u0113la<\/strong> ir <strong>Sv\u0113ta zeme<\/strong> !<\/p>\n<p>Zeme, kur\u0101 zv\u0113r\u012bgi ir noslepkavots<strong> Pravietis<\/strong>, kur\u0161 grib\u0113ja \u0161os<strong> S\u0101tana piel\u016bdz\u0113jus piev\u0113rst Dievam, nav Sv\u0113ta, bet gan nol\u0101d\u0113ta<\/strong> !<\/p>\n<p>Vai ir <strong>cien\u012bgi krist \u0161aj\u0101s bazn\u012bc\u0101s uz ce\u013ciem<\/strong> un pak\u013cauties \u0161iem <strong>S\u0101tana kalpiem<\/strong> ?<\/p>\n<p>Vai tad visas neliet\u012bbas nav n\u0101ku\u0161as no \u017e\u012bdiem, kuri jau kop\u0161 <strong>&#8220;B\u0101beles laikiem&#8221;<\/strong> piel\u016bgu\u0161i <strong>S\u0101tanu ?<br \/>\n<\/strong><\/p>\n<p>Izanaliz\u0113jiet \u0161o tekstu:<strong> &#8220;<a title=\"Feni\u0137ija\" href=\"https:\/\/lv.wikipedia.org\/wiki\/Feni%C4%B7ija\">Feni\u0137ie\u0161u<\/a> dievs B\u0101ls, kuru ar\u012b senie <a title=\"Samarie\u0161i\" href=\"https:\/\/lv.wikipedia.org\/wiki\/Samarie%C5%A1i\">ebreji<\/a> piel\u016bdza Samarij\u0101, saist\u012bts ar s\u0101tana t\u0113lu ebreju un kristie\u0161u sv\u0113tajos rakstos<\/strong>&#8221; un n\u0101ciet beidzot pie pr\u0101ta, atgrie\u017eieties pie savas<strong> TAUTAS<\/strong> un <strong>SIRDSAPZI\u0145AS,<\/strong> kam\u0113r v\u0113l tas ir iesp\u0113jams.<\/p>\n<p>Jo tad, kad vi\u0146\u0161 n\u0101ks otreiz sl\u0113gt r\u0113\u0137inus ar \u0161o viltus bazn\u012bcu, <strong><span style=\"color: #ff0000;\">atgrie\u0161an\u0101s vairs netiks pie\u0146emta<\/span><\/strong>: \u201e<strong>ES n\u0101k\u0161u k\u0101 zaglis nakt\u012b, neviena nepaz\u012bts. Es atn\u0101k\u0161u k\u0101 viens no maniem vismaz\u0101kajiem un ties\u0101\u0161u visus p\u0113c t\u0101, k\u0101 mani sa\u0146ems,\u201d<\/strong> sac\u012bja <strong>J\u0113zus. <\/strong><\/p>\n<p>Ja viss b\u016btu noticis p\u0113c vi\u0146a pr\u0101ta, tad<strong> Vi\u0146am<\/strong> neb\u016btu \u0161eit otreiz ko dar\u012bt.<\/p>\n<p>Un, kas ir tie, kuri novedu\u0161i pasauli <strong>izvirt\u012bb\u0101, noziedz\u012bb\u0101<\/strong> un <strong>sl\u012bcina asins j\u016br\u0101<\/strong> ? Tie ir tie, kuri nepie\u0146\u0113ma <strong>J\u0113zus M\u0101c\u012bbu<\/strong>, bet ar vi\u0146a v\u0101rdu spekul\u0113jot, nodibin\u0101ja ko l\u012bdz\u012bgu <strong>narko- kartelim<\/strong>.<\/p>\n<p>\u0160\u012bs<strong> \u201ekartelis\u201d <\/strong>\u0161odien tiek d\u0113v\u0113ts par<strong> KRIST\u012aGO BAZN\u012aCU. <\/strong>T\u0101 ir vieta, kur\u0101 visbrut\u0101l\u0101k tiek deform\u0113ta cilv\u0113ka <strong>Dv\u0113sele<\/strong> un <strong>Sirdsapzi\u0146a<\/strong><em>(Bau\u0161\u013ci).<\/em> Paradoks, vi\u0146i tikt\u0101l iegrimu\u0161i sav\u0101 <strong>Dieva<\/strong> zaimo\u0161an\u0101, ka pa\u0161i sludina: <strong>\u201dNeskatieties uz maniem darbiem, bet klausieties manos v\u0101rdos\u201d.<\/strong><\/p>\n<p><span style=\"color: #800080;\"><strong><a style=\"color: #800080;\" href=\"https:\/\/tautastribunals.eu\/?p=46078\">Par ko run\u0101\u00a0 &#8220;izredz\u0113to&#8221; profesors, kabalists Laitmans<\/a><\/strong><a style=\"color: #800080;\" href=\"https:\/\/tautastribunals.eu\/?p=46078\"><em>(atvert)<\/em><\/a>.<\/span><\/p>\n<p>Vi\u0146\u0161 run\u0101 par to, k\u0101das \u0161ausmas sagaida ebrejus ! Un ne tikai vi\u0146us, bet ar\u012b tevi, latviet, kur\u0161 r\u0101po uz ce\u013ciem vi\u0146u rad\u012btaj\u0101s bazn\u012bc\u0101s !<\/p>\n<p><span style=\"color: #800080;\"><a style=\"color: #800080;\" href=\"https:\/\/tautastribunals.eu\/?p=16800\">Un,- kap\u0113c netici<strong> M. Luteram<\/strong>, ka <strong>Sinagogas ir S\u0101tana per\u0113k\u013ci<\/strong><em>(atver, lasi un br\u012bnies)<\/em> ?<\/a><\/span><\/p>\n<p>Vai esi dzird\u0113jis, kad k\u0101ds <strong>Pravietis ir rad\u012bjis k\u0101du reli\u0123iju<\/strong> ?<\/p>\n<h2>Viennoz\u012bm\u012bgi N\u0112 !<\/h2>\n<h2>Tie nav nek\u0101di fantastiski meli.<\/h2>\n<p>Par to st\u0101sta<strong> ASV<\/strong> milit\u0101risti,<strong> kuri ir uzs\u0101ku\u0161i asi\u0146ainu c\u012b\u0146u pret haz\u0101r\u017e\u012bdu cionistu mafiju,<\/strong> kura pasauli ir iegr\u016bdusi viduslaiku <strong>Vatik\u0101nas b\u016bv\u0113tajos tums\u012bbas kambaros<\/strong> !<\/p>\n<hr \/>\n<hr \/>\n<hr \/>\n<hr \/>\n<h2>ES s\u0101tanisti !<\/h2>\n<p>Un t\u0101di de\u0123ener\u0101ti, k\u0101di redzami \u0161aj\u0101 video, kur alkoholi\u0137is un<strong> Luksemburgas<\/strong> nodok\u013cu sl\u0113p\u0113js ar savu bandu ir <strong>uzmetu\u0161ies latvie\u0161iem par m\u0101c\u012bt\u0101jiem<\/strong> ar \u017e\u012bd- latvieti, vis\u012bst\u0101ko cionistu- s\u0101tanistu<strong> Egilu Levitu,<\/strong> priek\u0161\u0123al\u0101 !<\/p>\n<p><strong>\u0160is \u017e\u012bdu degradants tiek virz\u012bts par m\u016bs Latvijas prezidentu !!!<\/strong><\/p>\n<div id=\"fb-root\"><\/div>\n<p><script>(function(d, s, id) {  var js, fjs = d.getElementsByTagName(s)[0];  if (d.getElementById(id)) return;  js = d.createElement(s); js.id = id;  js.src = 'https:\/\/connect.facebook.net\/de_DE\/sdk.js#xfbml=1&version=v3.2';  fjs.parentNode.insertBefore(js, fjs);}(document, 'script', 'facebook-jssdk'));<\/script><\/p>\n<div class=\"fb-video\" data-href=\"https:\/\/www.facebook.com\/100007929750619\/videos\/2193378917603079\/\" data-width=\"500\">\n<blockquote cite=\"https:\/\/www.facebook.com\/100007929750619\/videos\/2193378917603079\/\" class=\"fb-xfbml-parse-ignore\"><p><a href=\"https:\/\/www.facebook.com\/100007929750619\/videos\/2193378917603079\/\"><\/a><\/p>\n<p>Questo \u00e8 il vostro presidente europeo? !  \ud83c\uddea\ud83c\uddfa #Europe2019# \ud83c\uddea\ud83c\uddfa<\/p>\n<p>Gepostet von <a href=\"https:\/\/www.facebook.com\/people\/Claudio-Cangiano\/100007929750619\">Claudio Cangiano<\/a> am Freitag, 5. Oktober 2018<\/p><\/blockquote>\n<\/div>\n<p>Tikai slims idiots bez apvem\u0161an\u0101s var noskat\u012bties \u0161\u012b smirdo\u0161\u0101 <strong>Junkera<\/strong> izdar\u012bb\u0101s.<\/p>\n<p>Gar\u012bgi vesela sabiedr\u012bba t\u0101du kropli b\u016btu aizvedusi aiz st\u016bra un pakabin\u0101jusi k\u0101d\u0101 no zem\u0101kajiem zariem !!!<\/p>\n<p>Bet, \u0161odien ir <strong>S\u0101tana<\/strong> vald\u012b\u0161anas p\u0113d\u0113j\u0101s stundas un t\u0101p\u0113c vi\u0146am<strong> Visu Varenais ir iedevis milzu varu<\/strong> !<\/p>\n<p><img decoding=\"async\" loading=\"lazy\" class=\"alignleft wp-image-48066\" src=\"https:\/\/tautastribunals.eu\/wp-content\/uploads\/2018\/12\/1.German-Chancellor-Angela-MerkelWladimir-Wladimirowitsch-PutinHerman-Van-RompuyJos\u00e9-Manuel-Barroso.-Joachim-GauckShimon-Peres.png\" alt=\"\" width=\"646\" height=\"240\" srcset=\"https:\/\/tautastribunals.eu\/wp-content\/uploads\/2018\/12\/1.German-Chancellor-Angela-MerkelWladimir-Wladimirowitsch-PutinHerman-Van-RompuyJos\u00e9-Manuel-Barroso.-Joachim-GauckShimon-Peres.png 573w, https:\/\/tautastribunals.eu\/wp-content\/uploads\/2018\/12\/1.German-Chancellor-Angela-MerkelWladimir-Wladimirowitsch-PutinHerman-Van-RompuyJos\u00e9-Manuel-Barroso.-Joachim-GauckShimon-Peres-300x112.png 300w\" sizes=\"(max-width: 646px) 100vw, 646px\" \/><\/p>\n<p>Kap\u0113c, to tikai saprot<strong> Vi\u0146\u0161<\/strong> viens&#8230; .<\/p>\n<p>T\u0101 tas ir\u00a0 rakst\u012bts <strong>Sv\u0113tajos Rakstos<\/strong> !<\/p>\n<p>L\u016bk, ko raksta k\u0101ds <strong>Izra\u0113las \u017eurn\u0101lists<\/strong> par \u0161o bandu:<a href=\"https:\/\/eadaily.com\/ru\/news\/2016\/02\/19\/pochemu-angela-merkel-nikogda-ne-rasskazhet-o-svoey-zhizni-v-donecke-izrail-v-fokuse\"> https:\/\/eadaily.com\/ru\/news\/2016\/02\/19\/pochemu-angela-merkel-nikogda-ne-rasskazhet-o-svoey-zhizni-v-donecke-izrail-v-fokuse<\/a><\/p>\n<p>Mazs izvilkums no \u0161\u012b raksta:<em> \u201ePa\u0161reiz\u0113jais <strong>Eiroparlamenta<\/strong> galva <strong>Martins \u0160ulcs<\/strong> nav var\u0113jis pabeigt- p\u0101rvar\u0113t pat <strong>\u201e\u013coti\u201d<\/strong> vid\u0113jo vidusskolu <strong>Ahen\u0101<\/strong>(Achen), bet vi\u0146a draugs un kol\u0113\u0123is <strong>\u017dans Klods Junker<\/strong> faktiski ir noziedznieks\u201d,<\/em> <em>saka \u017eurn\u0101lists. <\/em><\/p>\n<p>23,12,16\u00a0\u00a0\u00a0\u00a0\u00a0\u00a0\u00a0\u00a0\u00a0\u00a0\u00a0\u00a0\u00a0\u00a0\u00a0\u00a0\u00a0\u00a0\u00a0\u00a0\u00a0\u00a0\u00a0 L. Granti\u0146\u0161<\/p>\n","protected":false},"excerpt":{"rendered":"<p>Sv\u0113tvakara priek\u0161v\u0113t\u012bjums ! Klusi atz\u012bm\u0113sim Pravie\u0161a dzim\u0161anas dienu un Saulgrie\u017eus, kurus godin\u0101ja m\u016bsu sen\u010di. \u0160\u012bs divas &#8220;lietas&#8221; nav pretrun\u0101 ar latvie\u0161a DZ\u012aVESDZI\u0145AS izpausmi ! Kristus bija PRAVIETIS un t\u0101p\u0113c vi\u0146\u0161 godin\u0101ms, bet krist\u012bg\u0101 bazn\u012bca&#46;&#46;&#46;<\/p>\n","protected":false},"author":1,"featured_media":0,"comment_status":"open","ping_status":"open","sticky":false,"template":"","format":"standard","meta":[],"categories":[1],"tags":[],"_links":{"self":[{"href":"https:\/\/tautastribunals.eu\/index.php?rest_route=\/wp\/v2\/posts\/48029"}],"collection":[{"href":"https:\/\/tautastribunals.eu\/index.php?rest_route=\/wp\/v2\/posts"}],"about":[{"href":"https:\/\/tautastribunals.eu\/index.php?rest_route=\/wp\/v2\/types\/post"}],"author":[{"embeddable":true,"href":"https:\/\/tautastribunals.eu\/index.php?rest_route=\/wp\/v2\/users\/1"}],"replies":[{"embeddable":true,"href":"https:\/\/tautastribunals.eu\/index.php?rest_route=%2Fwp%2Fv2%2Fcomments&post=48029"}],"version-history":[{"count":35,"href":"https:\/\/tautastribunals.eu\/index.php?rest_route=\/wp\/v2\/posts\/48029\/revisions"}],"predecessor-version":[{"id":48073,"href":"https:\/\/tautastribunals.eu\/index.php?rest_route=\/wp\/v2\/posts\/48029\/revisions\/48073"}],"wp:attachment":[{"href":"https:\/\/tautastribunals.eu\/index.php?rest_route=%2Fwp%2Fv2%2Fmedia&parent=48029"}],"wp:term":[{"taxonomy":"category","embeddable":true,"href":"https:\/\/tautastribunals.eu\/index.php?rest_route=%2Fwp%2Fv2%2Fcategories&post=48029"},{"taxonomy":"post_tag","embeddable":true,"href":"https:\/\/tautastribunals.eu\/index.php?rest_route=%2Fwp%2Fv2%2Ftags&post=48029"}],"curies":[{"name":"wp","href":"https:\/\/api.w.org\/{rel}","templated":true}]}}