{"id":47331,"date":"2018-11-18T01:29:31","date_gmt":"2018-11-17T23:29:31","guid":{"rendered":"https:\/\/tautastribunals.eu\/?p=47331"},"modified":"2023-03-05T10:48:18","modified_gmt":"2023-03-05T08:48:18","slug":"vai-sodien-ir-simtgade","status":"publish","type":"post","link":"https:\/\/tautastribunals.eu\/?p=47331","title":{"rendered":"Vai \u0161odien ir simtgade ?"},"content":{"rendered":"<p><a href=\"https:\/\/tautastribunals.eu\/?p=47093#comment-57296\">Divpadsmitt\u016bksto\u0161gade<\/a><\/p>\n<p><a href=\"https:\/\/tautastribunals.eu\/?p=47093#comment-57296\">2018. gada 14. November um 15.48 Uhr<\/a><\/p>\n<p>Un ! Nav nek\u0101das <strong>Latvijas simtgades<\/strong> !!!!!!!!!! Tie, kas t\u0101 svin ir vai nu \u013caunpr\u0101\u0161i, vai v\u0113stures nezin\u0101t\u0101ji. M\u016bsu latvju-Baltu v\u0113sture m\u0113r\u0101ma vismaz ar 12000 gadu skalu. Latvijas simtgades svin\u0113t\u0101ji, vai negrib\u0113ti, vai grib\u0113ti <strong>zaimo Latvijas p\u0113d\u0113jo laiku v\u0113sturi<\/strong>. T\u0101 svin\u0113dami vi\u0146i neatz\u012bst padomju okup\u0101cijas esam\u012bbu un to, <strong>ka Latvijas valstiskums bija likvid\u0113ts<\/strong> ! Neskait\u0101mo Latvijas iedz\u012bvot\u0101ju nobend\u0113\u0161ana Gulag\u0101 ar\u012b vi\u0146iem neko nenoz\u012bm\u0113. Un tie svin, tur kaut k\u0101du savu mistisko simtgadi par kuru runa pat nevar\u0113tu b\u016bt, ja zin\u0101\u0161anas balsta uz patiesiem apst\u0101k\u013ciem, kuriem cauri latvju tauta g\u0101jusi un valstiskuma paz\u012bm\u0113m kas ilga pavisam maz.<\/p>\n<hr \/>\n<hr \/>\n<hr \/>\n<hr \/>\n<p><img decoding=\"async\" loading=\"lazy\" class=\"alignleft wp-image-47305\" src=\"https:\/\/tautastribunals.eu\/wp-content\/uploads\/2018\/11\/Latvija-.LRTT_.Granti\u0146\u0161.jpg\" sizes=\"(max-width: 496px) 100vw, 496px\" srcset=\"https:\/\/tautastribunals.eu\/wp-content\/uploads\/2018\/11\/Latvija-.LRTT_.Granti\u0146\u0161.jpg 796w, https:\/\/tautastribunals.eu\/wp-content\/uploads\/2018\/11\/Latvija-.LRTT_.Granti\u0146\u0161-300x58.jpg 300w, https:\/\/tautastribunals.eu\/wp-content\/uploads\/2018\/11\/Latvija-.LRTT_.Granti\u0146\u0161-768x148.jpg 768w\" alt=\"\" width=\"2208\" height=\"426\" \/><strong>LRTT<\/strong><\/p>\n<p>Ir j\u0101piekr\u012bt \u0161\u012b koment\u0101ra autoram, ka <strong><u>ar simtu Latvijai un latvie\u0161u tautai nav nek\u0101da sakara. <\/u><\/strong><\/p>\n<p>M\u0113s varam atz\u012bm\u0113t<strong><u> 18. novembri k\u0101 Latvijas valstiskuma atjauno\u0161anu<\/u><\/strong>, bet ne sac\u012bt, ka <strong>Latvijai ir simtgade<\/strong>. <strong>Latvijas <\/strong>valstiskums tika izn\u012bcin\u0101ts, kad \u017e\u012bds\u0101tanisk\u0101 <strong>PSRS <\/strong>m\u016bs okup\u0113ja.<\/p>\n<p>\u0160odien <strong>Latvija <\/strong>skait\u0101s tikai <strong>DE JURE,<\/strong> bet ne<strong> DE FAKTO.<\/strong><\/p>\n<p>Pie varas ir tie pa\u0161i, kuri m\u016bs slepkavoja un izvaroja s\u0101kot no 1940. gada.<\/p>\n<p><strong>Komunisti- \u017e\u012bds\u0101tanisti<\/strong><span style=\"color: #0000ff;\"><em>(j\u0101, latviet, k\u0101 saka Istarkovs; vi\u0146iem ir iedzimta asinsk\u0101re un varas k\u0101re)<\/em> <\/span>ir <strong>Br\u012bvvalsts mantojumu piln\u012bgi izzagu\u0161i<\/strong>, patriotus noslepkavoju\u0161i un tautu izdzinu\u0161i sve\u0161um\u0101 !<\/p>\n<p><strong>DE FAKTO <\/strong>ir t\u0101ds, ka<strong> Latvija <\/strong>ir p\u0101rv\u0113rsta par <strong>\u017d\u012bdostanu<\/strong> !<\/p>\n<p>Atcer\u0113simies \u0161odien 18. novembri un m\u016bsu <strong>Br\u012bvvalsts \u012bsteno dibin\u0101t\u0101ju K\u0101rli Ulmani,<\/strong> kuru kriev\u017e\u012bdi 1941. gad\u0101 noslepkavoja tur pat pie<strong>Maskav\u0101<\/strong> kop\u0101 ar latvie\u0161u \u0123ener\u0101\u013ciem, un aizdegsim par vi\u0146iem svec\u012bti !<\/p>\n<h2>2018. 18. novembri m\u0113s varam PIEMIN\u0112T, bet ne svin\u0113t !<\/h2>\n<h2>Svin\u0113\u0161ana vair\u0101k izskat\u012btos p\u0113c DZ\u012aR\u0112M M\u0112RA LAIK\u0100 !<\/h2>\n<p>-Lai nol\u0101d\u0113ti visi tie, kuri <strong><u>izzog Latviju un slepkavo latvie\u0161us <\/u><\/strong>!<\/p>\n<p>-Nebaidies nol\u0101d\u0113t s\u0101tanistus !<\/p>\n<p>-Nol\u0101d\u0113t \u013cauno ir gar\u012bga c\u012b\u0146a ar vi\u0146iem un vi\u0146i to saprot !<\/p>\n<hr \/>\n<hr \/>\n<hr \/>\n<hr \/>\n<p>\u0160o izdzimte\u0146u zv\u0113r\u012bbas, kuru p\u0113cte\u010di un ideolo\u0123iskie sekot\u0101ji valda \u0161odienas <strong>Latvij\u0101<\/strong>, nav pr\u0101tam aptveramas un t\u0101d\u0101 sakar\u0101 ir viet\u0101 piemin\u0113t ar\u012b \u00a0da\u017ei secin\u0101jumi par \u0161iem cionistiskajiem \u017e\u012bdzv\u0113riem:<\/p>\n<p><strong>Paklaus\u012bsimies, ko saka k\u0101ds krievu rakstnieks V. Istarkovs par \u017e\u012bdiem:<\/strong><span style=\"color: #0000ff;\"> <em>\u201cRaugoties no \u0101rie\u0161u (kurus ebreji sauc par gojiem) viedok\u013ca, ebreji nav t\u0101da tauta k\u0101 visas citas. \u0100rie\u0161us izbr\u012bna vair\u0101kas ebreju specifisk\u0101s \u012bpatn\u012bbas. Ebrejiem nav sirdsapzi\u0146as (t\u0101di v\u0101rdi, k\u0101 \u201esirdsapzi\u0146as p\u0101rmetumi\u201d, ebrejam liekas vienk\u0101r\u0161i bezj\u0113dz\u012bgi).<\/em> <em>Ebrejiem nav kauna, taisn\u012bguma, cilv\u0113c\u012bbas, labest\u012bbas un l\u012bdzciet\u012bbas izj\u016btu. Vi\u0146iem ir nep\u0101rvarama tieksme melot, nedabiska alkat\u012bba un liekul\u012bba, izteikta tieksme uz bl\u0113d\u012b\u0161anos, noziegumiem un paraz\u012btisku dz\u012bves veidu. Vi\u0146iem ir iedzimta asinsk\u0101re un varask\u0101re. \u0100rie\u0161us p\u0101rsteidz ebreju maniak\u0101l\u0101, nepies\u0101tin\u0101m\u0101 mantas un naudas k\u0101re t\u0101dos apjomos, k\u0101dus vi\u0146i visp\u0101r nav sp\u0113j\u012bgi re\u0101li izmantot. Visp\u0101r zin\u0101ms ir ebreju nicin\u0101jums un naids pret cit\u0101m taut\u0101m un nev\u0113l\u0113\u0161anas atgriezties sav\u0101 Dzimten\u0113, lai ar\u012b kur\u0101 pasaules valst\u012b vi\u0146i nedz\u012bvotu. Nepatiku izraisa ar\u012b ebreju tieksme p\u0113c pretdabiska seksa un perversiem m\u0101kslas veidiem.\u201d<\/em><\/span><\/p>\n<p><strong>L\u016bk ko A. Sol\u017ei\u0146icins saka par krieviem:<span style=\"color: #0000ff;\">\u201d<\/span><\/strong><span style=\"color: #0000ff;\"><em>Bar\u0101 krievi k\u013c\u016bst par nevald\u0101miem asinsk\u0101riem zv\u0113riem, kuriem nekas nav sv\u0113ts\u201d. K\u0101ds cits cit\u0101ts: \u201cStarp pamu\u013c\u0137iem, piem\u0113ram, gandr\u012bz nemaz neatrad\u012bsi baltie\u0161us, lai cik vi\u0146u b\u016btu nometn\u0113s (bet vi\u0146u bija daudz). Krievi, protams, starp pamu\u013c\u0137iem bija vienm\u0113r\u2026 .Toties starp pamu\u013c\u0137iem iev\u0113rojams p\u0101rsvars bija ebreju\u2026\u201d .<\/em><\/span><\/p>\n<p>\u201c[\u0420\u0443\u0441\u0441\u043a\u0438\u0435] \u2013 \u043d\u0435 \u043d\u0430\u0440\u043e\u0434, \u0430 \u0441\u043a\u043e\u0442\u0438\u043d\u0430, \u0445\u0430\u043c, \u0434\u0438\u043a\u0430\u044f \u043e\u0440\u0434\u0430, \u0434\u0443\u0448\u0435\u0433\u0443\u0431\u043e\u0432 \u0438 \u0437\u043b\u043e\u0434\u0435\u0435\u0432<em>.<span style=\"color: #0000ff;\">(krievi nav tauta, bet lopi, rupek\u013ci, savva\u013cas orda, slepkavas un \u013caundari<\/span><\/em><span style=\"color: #0000ff;\">)\u201d<\/span> <strong>(Mihails Bulgakovs)<\/strong><\/p>\n<p>\u201c\u041d\u0430\u0438\u0432\u0430\u0436\u043d\u0435\u0439\u0448\u0435\u044e \u043f\u0440\u0438\u043c\u0435\u0442\u043e\u044e \u0443\u0434\u0430\u0447\u0438 \u0440\u0443\u0441\u0441\u043a\u043e\u0433\u043e \u043d\u0430\u0440\u043e\u0434\u0430 \u0435\u0441\u0442\u044c \u0435\u0433\u043e \u0441\u0430\u0434\u0438\u0441\u0442\u0441\u043a\u0430\u044f \u0436\u0435\u0441\u0442\u043e\u043a\u043e\u0441\u0442\u044c\u201d<span style=\"color: #0000ff;\"><em>(galven\u0101 krievu paz\u012bme ir- sadistiska ne\u017e\u0113l\u012bba)<\/em><\/span><strong>(Maksims Gorkijs)<\/strong><\/p>\n<h2>Dievs, sv\u0113ti Latviju un atbr\u012bvo m\u016bs no \u0161iem s\u0101taniskajiem Ci\u0101nas izdzimte\u0146iem !<\/h2>\n<h3><img decoding=\"async\" loading=\"lazy\" class=\"alignleft wp-image-47310\" src=\"https:\/\/tautastribunals.eu\/wp-content\/uploads\/2018\/11\/10.-Borovkovs-Maiz\u012btisKozlovskis-Bunka-Blumbergs.-Granti\u0146\u0161.LRTT_.png\" sizes=\"(max-width: 491px) 100vw, 491px\" srcset=\"https:\/\/tautastribunals.eu\/wp-content\/uploads\/2018\/11\/10.-Borovkovs-Maiz\u012btisKozlovskis-Bunka-Blumbergs.-Granti\u0146\u0161.LRTT_.png 935w, https:\/\/tautastribunals.eu\/wp-content\/uploads\/2018\/11\/10.-Borovkovs-Maiz\u012btisKozlovskis-Bunka-Blumbergs.-Granti\u0146\u0161.LRTT_-300x118.png 300w, https:\/\/tautastribunals.eu\/wp-content\/uploads\/2018\/11\/10.-Borovkovs-Maiz\u012btisKozlovskis-Bunka-Blumbergs.-Granti\u0146\u0161.LRTT_-768x301.png 768w, https:\/\/tautastribunals.eu\/wp-content\/uploads\/2018\/11\/10.-Borovkovs-Maiz\u012btisKozlovskis-Bunka-Blumbergs.-Granti\u0146\u0161.LRTT_-800x314.png 800w\" alt=\"\" width=\"2178\" height=\"852\" \/>Latviet, m\u0113s vi\u0146us izn\u012bcin\u0101sim un visu nozagto atg\u016bsim !<\/h3>\n<p><em>18.11.18\u00a0\u00a0\u00a0\u00a0\u00a0\u00a0\u00a0\u00a0\u00a0\u00a0 L. Granti\u0146\u0161<\/em><\/p>\n","protected":false},"excerpt":{"rendered":"<p>Divpadsmitt\u016bksto\u0161gade 2018. gada 14. November um 15.48 Uhr Un ! Nav nek\u0101das Latvijas simtgades !!!!!!!!!! Tie, kas t\u0101 svin ir vai nu \u013caunpr\u0101\u0161i, vai v\u0113stures nezin\u0101t\u0101ji. M\u016bsu latvju-Baltu v\u0113sture m\u0113r\u0101ma vismaz ar 12000 gadu&#46;&#46;&#46;<\/p>\n","protected":false},"author":1,"featured_media":0,"comment_status":"open","ping_status":"open","sticky":false,"template":"","format":"standard","meta":[],"categories":[1],"tags":[],"_links":{"self":[{"href":"https:\/\/tautastribunals.eu\/index.php?rest_route=\/wp\/v2\/posts\/47331"}],"collection":[{"href":"https:\/\/tautastribunals.eu\/index.php?rest_route=\/wp\/v2\/posts"}],"about":[{"href":"https:\/\/tautastribunals.eu\/index.php?rest_route=\/wp\/v2\/types\/post"}],"author":[{"embeddable":true,"href":"https:\/\/tautastribunals.eu\/index.php?rest_route=\/wp\/v2\/users\/1"}],"replies":[{"embeddable":true,"href":"https:\/\/tautastribunals.eu\/index.php?rest_route=%2Fwp%2Fv2%2Fcomments&post=47331"}],"version-history":[{"count":8,"href":"https:\/\/tautastribunals.eu\/index.php?rest_route=\/wp\/v2\/posts\/47331\/revisions"}],"predecessor-version":[{"id":63832,"href":"https:\/\/tautastribunals.eu\/index.php?rest_route=\/wp\/v2\/posts\/47331\/revisions\/63832"}],"wp:attachment":[{"href":"https:\/\/tautastribunals.eu\/index.php?rest_route=%2Fwp%2Fv2%2Fmedia&parent=47331"}],"wp:term":[{"taxonomy":"category","embeddable":true,"href":"https:\/\/tautastribunals.eu\/index.php?rest_route=%2Fwp%2Fv2%2Fcategories&post=47331"},{"taxonomy":"post_tag","embeddable":true,"href":"https:\/\/tautastribunals.eu\/index.php?rest_route=%2Fwp%2Fv2%2Ftags&post=47331"}],"curies":[{"name":"wp","href":"https:\/\/api.w.org\/{rel}","templated":true}]}}