{"id":47108,"date":"2018-11-05T08:22:04","date_gmt":"2018-11-05T06:22:04","guid":{"rendered":"https:\/\/tautastribunals.eu\/?p=47108"},"modified":"2018-11-05T08:22:04","modified_gmt":"2018-11-05T06:22:04","slug":"v-freimantals-m-kostaneckas-klusesana","status":"publish","type":"post","link":"https:\/\/tautastribunals.eu\/?p=47108","title":{"rendered":"V. Freimant\u0101ls. M. Kosta\u0146eckas klus\u0113\u0161ana"},"content":{"rendered":"<p><img decoding=\"async\" loading=\"lazy\" class=\"alignleft wp-image-47111\" src=\"https:\/\/tautastribunals.eu\/wp-content\/uploads\/2018\/11\/Valdis-Freimant\u0101lsL.Granti\u0146\u0161.LRTT3_.png\" alt=\"\" width=\"405\" height=\"115\" srcset=\"https:\/\/tautastribunals.eu\/wp-content\/uploads\/2018\/11\/Valdis-Freimant\u0101lsL.Granti\u0146\u0161.LRTT3_.png 744w, https:\/\/tautastribunals.eu\/wp-content\/uploads\/2018\/11\/Valdis-Freimant\u0101lsL.Granti\u0146\u0161.LRTT3_-300x85.png 300w\" sizes=\"(max-width: 405px) 100vw, 405px\" \/>Koment\u0101rs rakstam:<\/p>\n<blockquote class=\"wp-embedded-content\" data-secret=\"PqnIKNmDBC\"><p><a href=\"https:\/\/tautastribunals.eu\/?p=46904\">LRTT. Par \u010dekas maisiem un haz\u0101rieti M. Koste\u0146ecku<\/a><\/p><\/blockquote>\n<p><iframe class=\"wp-embedded-content\" sandbox=\"allow-scripts\" security=\"restricted\" style=\"position: absolute; clip: rect(1px, 1px, 1px, 1px);\" src=\"https:\/\/tautastribunals.eu\/?p=46904&#038;embed=true#?secret=PqnIKNmDBC\" data-secret=\"PqnIKNmDBC\" width=\"500\" height=\"282\" title=\"&#8222;LRTT. Par \u010dekas maisiem un haz\u0101rieti M. Koste\u0146ecku&#8220; &#8212; Latvijas Republikas tautas\" frameborder=\"0\" marginwidth=\"0\" marginheight=\"0\" scrolling=\"no\"><\/iframe><\/p>\n<p><span style=\"color: #003300;\">Biju pie <strong>Kosta\u0146eckas <\/strong>m\u0101j\u0101s <strong>Purvciema<\/strong> aiz M\u0113be\u013cu nama, lai vi\u0146a man k\u0101 \u017eurn\u0101liste \u2013 rakstniece pal\u012bdz\u0113tu pacelt <strong>Latvijas Daudzb\u0113rnu \u0122ime\u0146u Biedr\u012bbas <\/strong>apkaro\u0161anas jaut\u0101jumus un tos risin\u0101t<em>(Es nodibin\u0101ju \u0161o biedr\u012bbu 1987. gad\u0101 kop\u0101 ar Edgaru Eisaku un komunistiem tas bija \u0161oks \u2013 nepie\u013caujama latvie\u0161u uzdro\u0161in\u0101\u0161an\u0101s apvienoties un tikties savu \u0123ime\u0146u probl\u0113mu risin\u0101\u0161anai)<\/em> ! Vien\u0101 v\u0101rd\u0101 sakot \u2013 biedroties !<\/span><\/p>\n<p><span style=\"color: #003300;\">Iedevu vi\u0146ai manu rakstu par <strong>Latvijas Daudzb\u0113rnu \u0122ime\u0146u BIEDR\u012aBAS<\/strong> dibin\u0101\u0161anu av\u012bz\u0113 <strong>\u201eR\u012bgas Balss\u201c<\/strong><em>(Kuru Ilze Kor\u0146eva nopublic\u0113ja bez saska\u0146o\u0161anas ar \u010dekas cenzoriem). <\/em><\/span><\/p>\n<p><span style=\"color: #003300;\">Par to vi\u0146a dab\u016bja raud\u0101t un ciest no av\u012bzes priek\u0161niec\u012bbas, pat l\u012bdz draudiem atlaist no darba\u00a0 !<\/span><\/p>\n<p><span style=\"color: #003300;\">Varb\u016bt <strong>Ilze Kor\u0146eva <\/strong>sad\u016b\u0161osies tagad <strong>TAUTAS TRIBUN\u0100LAM<\/strong> aprakst\u012bt paties\u012bbu par \u0161o faktu \u2013 manas publik\u0101cijas <strong>\u201eR\u012bgas Bals\u012b\u201c, <\/strong>rezonanses sakar\u0101 ?<strong> Ilze Kor\u0146eva <\/strong>bija t\u0101 laika sabiedrisko un kult\u016bras jaut\u0101jumu laikraksta atbild\u012bg\u0101 redaktore.<\/span><\/p>\n<p><span style=\"color: #003300;\">Bet dom\u0101ju, vi\u0146ai drosmes pietr\u016bks teikt paties\u012bbu<em>(k\u0101 visiem, no \u010dekas iebied\u0113tajiem Latvijas iedz\u012bvotajiem<\/em>).<\/span><\/p>\n<p><span style=\"color: #003300;\">Visi, kuriem \u013cauts masu m\u0113dijos public\u0113t <strong>\u201esavus\u201c<\/strong> viedok\u013cus ir algoti \u010dekas kalpi ar zemu <strong>\u201eP\u0112RKAMU\u201c<\/strong> intelektu<em>(To skait\u0101 Marina Kosta\u0146ecka) <\/em>!<\/span><\/p>\n<p><span style=\"color: #003300;\">Labi b\u016btu, ja es b\u016btu k\u013c\u016bd\u012bjies ! <\/span><\/p>\n<p><span style=\"color: #003300;\"><strong>4.<\/strong><\/span><span style=\"color: #003300;\"><strong>maija valsts<\/strong> ir: <\/span><\/p>\n<h2><span style=\"color: #003300;\"><span style=\"color: #ff0000;\"><strong><u>tie\u0161\u0101 komunistu un \u010dekistu pretlatvisko noziegumu turpin\u0101t\u0101ja<\/u><\/strong> <\/span>!<\/span><\/h2>\n<p><span style=\"color: #003300;\">Skumji un pret\u012bgi to atz\u012bt !<\/span><\/p>\n<p><span style=\"color: #003300;\">Gaid\u012bju, ka vi\u0146a m\u016bs aizst\u0101v\u0113s un pateiks publiski kaut ko m\u016bsu lab\u0101.<\/span><\/p>\n<p><span style=\"color: #003300;\">Biju nepat\u012bkami p\u0101rsteigts, ka <strong>Marina Kosta\u0146ecka<\/strong> nevien\u0101 sav\u0101 publik\u0101cij\u0101 pat nepiemin\u0113ja manu viz\u012bti pie vi\u0146as m\u0101j\u0101s un neaizst\u0101v\u0113ja<strong> LD\u0122B <\/strong>pret <strong><u>komunistu un \u010dekistu varas v\u012briem<\/u><\/strong> vald\u012bb\u0101<em>(Kuri atkl\u0101ti nost\u0101j\u0101s pret biedro\u0161anos LD\u0122 biedr\u012bb\u0101) <\/em>!<\/span><\/p>\n<p><span style=\"color: #003300;\"><strong>LD\u0122 <\/strong>biedr\u012bbu apkaroja nemit\u012bgi visas valsts strukt\u016bras visos l\u012bme\u0146os, jo <strong><u>to neiedibin\u0101ja komunisti un \u010dekisti p\u0113c pav\u0113les no Maskavas<\/u><\/strong>.<em>(Bet m\u0113s pa\u0161i \u2013 diskrimin\u0113to daudzb\u0113rnu \u0123ime\u0146u t\u0113vi \u2013 antikomunisti).<\/em><\/span><\/p>\n<p><span style=\"color: #003300;\">M\u016bsu sarunas laik\u0101 vi\u0146a saproto\u0161i m\u0101ja ar galvu gan, bet no vi\u0146as attieksmes sapratu, ka aizst\u0101v\u012bba pret valsts strukt\u016bru pretlatvisko patva\u013cu 1987. gad\u0101 neb\u016bs<em>(Un nav bijusi kop\u0161 t\u0101 laika visp\u0101r nek\u0101da)<\/em> !<\/span><\/p>\n<p><span style=\"color: #003300;\"><strong>LD\u0122<\/strong> biedr\u012bbai valsts visur ir likusi \u0161\u0137\u0113r\u0161\u013cus cik vien var\u0113jusi !<\/span><\/p>\n<p><span style=\"color: #003300;\">Un <strong>\u201ehum\u0101nie\u201c<\/strong> publicisti un <strong>\u201erakstnieki\u201c <\/strong>klus\u0113ju\u0161i par to vienm\u0113r !<\/span><\/p>\n<p><span style=\"color: #003300;\">Vi\u0146iem latvie\u0161u \u0123ime\u0146u ties\u012bbu aizst\u0101v\u012bba absol\u016bti neinteres\u0113ja<em>(Kaut gan t\u0101s vienm\u0113r ir tiku\u0161as diskrimin\u0113tas un A P K A R O T A S, apsmietas un post\u012btas, cik vien var)<\/em> !<\/span><\/p>\n<p><span style=\"color: #003300;\">Skumjas un nepat\u012bkamas atmi\u0146as ! Ari par <strong>R\u012bgas Latvie\u0161u Biedr\u012bbas<\/strong> \u0161ausm\u012bgo izn\u012bcin\u0101\u0161anu 1993. gada 18. febru\u0101ra nakt\u012b <strong>Marina Kosta\u0146ecka<\/strong> nav uzrakst\u012bjusi ne v\u0101rda.<\/span><\/p>\n<p><span style=\"color: #003300;\">\u0160\u0137iet, vi\u0146aspr\u0101t tas ir mazsvar\u012bgs, nenoz\u012bm\u012bgs krimin\u0101lnoziegums.<\/span><\/p>\n<p>05.11.18<\/p>\n<p><img decoding=\"async\" loading=\"lazy\" class=\"alignleft wp-image-47110\" src=\"https:\/\/tautastribunals.eu\/wp-content\/uploads\/2018\/11\/MIGLA-SARKAN\u0100-NOL\u0100D\u0112T\u0100REINIKS\u0100BOLTI\u0145A.png\" alt=\"\" width=\"622\" height=\"53\" srcset=\"https:\/\/tautastribunals.eu\/wp-content\/uploads\/2018\/11\/MIGLA-SARKAN\u0100-NOL\u0100D\u0112T\u0100REINIKS\u0100BOLTI\u0145A.png 986w, https:\/\/tautastribunals.eu\/wp-content\/uploads\/2018\/11\/MIGLA-SARKAN\u0100-NOL\u0100D\u0112T\u0100REINIKS\u0100BOLTI\u0145A-300x26.png 300w, https:\/\/tautastribunals.eu\/wp-content\/uploads\/2018\/11\/MIGLA-SARKAN\u0100-NOL\u0100D\u0112T\u0100REINIKS\u0100BOLTI\u0145A-768x65.png 768w, https:\/\/tautastribunals.eu\/wp-content\/uploads\/2018\/11\/MIGLA-SARKAN\u0100-NOL\u0100D\u0112T\u0100REINIKS\u0100BOLTI\u0145A-800x68.png 800w\" sizes=\"(max-width: 622px) 100vw, 622px\" \/>LRTT piebilde:<\/p>\n<p>Tas ir pr\u0101tam neaptverami, kad t\u0101 <strong><u>saucam\u0101 tautas elite<\/u><\/strong>&#8211; rakstnieki, \u017eurn\u0101listi un valsts varas strukt\u016br\u0101s str\u0101d\u0101jo\u0161ie c\u012bn\u0101s pret pa\u0161a tautu !!!<\/p>\n<p>Protams, \u0161eit ir j\u0101lieto maza piebilde: tie, kuri \u0161odien veic genoc\u012bdu, pret latvie\u0161u tautu, nav latvie\u0161i, tie ir cionistu <strong><u>iefiltr\u0113ti haz\u0101r\u017e\u012bdi,-<\/u><\/strong> da\u017eneda\u017e\u0101di jaukte\u0146i ar latvie\u0161iem nerakstur\u012bgiem uzv\u0101rdiem un <strong>komunistiskie izdzimumi<\/strong> , kuri piesl\u0113ju\u0161ies <strong><u>j\u016bdaisma- komunisma ideolo\u0123ijai<\/u><\/strong>. Vi\u0146os nem\u012bt cilv\u0113ka dv\u0113sele, bet s\u0101taniski viep\u013ci un t\u0101p\u0113c vi\u0146i nav izskat\u0101mi par cilv\u0113kiem. B\u016btu noziegums t\u0101du <strong>Godmanis, \u0160leseru, Borovkovu, Veidemani, Kalnieti<\/strong> un d. c. no \u0161\u012bs \u0161lakas, <strong><u>pieskait\u012bt cilv\u0113ku sugai<\/u><\/strong> !!!<\/p>\n<p><img decoding=\"async\" loading=\"lazy\" class=\"alignleft wp-image-47114\" src=\"https:\/\/tautastribunals.eu\/wp-content\/uploads\/2018\/11\/BorovkovsGodmanisUlmanisGranti\u0146\u0161.LRTT_.png\" alt=\"\" width=\"636\" height=\"269\" srcset=\"https:\/\/tautastribunals.eu\/wp-content\/uploads\/2018\/11\/BorovkovsGodmanisUlmanisGranti\u0146\u0161.LRTT_.png 1476w, https:\/\/tautastribunals.eu\/wp-content\/uploads\/2018\/11\/BorovkovsGodmanisUlmanisGranti\u0146\u0161.LRTT_-300x127.png 300w, https:\/\/tautastribunals.eu\/wp-content\/uploads\/2018\/11\/BorovkovsGodmanisUlmanisGranti\u0146\u0161.LRTT_-768x325.png 768w, https:\/\/tautastribunals.eu\/wp-content\/uploads\/2018\/11\/BorovkovsGodmanisUlmanisGranti\u0146\u0161.LRTT_-800x338.png 800w\" sizes=\"(max-width: 636px) 100vw, 636px\" \/><\/p>\n<p><strong>FOTO:<\/strong> <em><span style=\"color: #ff0000;\">B\u016btu mu\u013c\u0137\u012bgi dom\u0101t, ka \u0161ajos izdzimte\u0146os m\u0101jotu cilv\u0113ka apzi\u0146a(<strong>cilv\u0113ka dv\u0113sele<\/strong>) !<\/span><\/em><\/p>\n<p>Ar\u012b <strong>Marina Kosta\u0146ecka<\/strong> ir no vi\u0146u bara un sapratni par <strong>Tiesiskumu- cilv\u0113c\u012bgumu<\/strong>, no vi\u0146as ir velt\u012bgi gaid\u012bt. To pier\u0101da tas, ka \u0161\u012b <strong>\u201cd\u0101ma\u201d <\/strong>ar put\u0101m uz l\u016bp\u0101m <strong><u>aizst\u0101v \u010dekas noziedzniekus<\/u><\/strong> un vi\u0146u <strong>spermas izstr\u0101d\u0101jumus !<\/strong><\/p>\n<p><strong>Marina Kosta\u0146ecka<\/strong> ir neveikt\u0101s deokup\u0101cijas seku produkts un citu ar\u012b no t\u0101da nav ko gaid\u012bt !<\/p>\n<p>L. Granti\u0146\u0161<\/p>\n<hr \/>\n<hr \/>\n<hr \/>\n<h2>Latvijas Republikas tautas TRIBUN\u0100LA &#8220;\u0113nas puse&#8221;<\/h2>\n<p>Run\u0101 M\u0101ris B\u0113rzi\u0146\u0161 !<\/p>\n<h2 class=\"font_8\"><img decoding=\"async\" loading=\"lazy\" class=\"alignleft wp-image-47116\" src=\"https:\/\/tautastribunals.eu\/wp-content\/uploads\/2018\/11\/LRTT.B\u0113rzi\u0146\u0161.Granti\u0146\u0161.LRTT_.png\" alt=\"\" width=\"637\" height=\"155\" srcset=\"https:\/\/tautastribunals.eu\/wp-content\/uploads\/2018\/11\/LRTT.B\u0113rzi\u0146\u0161.Granti\u0146\u0161.LRTT_.png 633w, https:\/\/tautastribunals.eu\/wp-content\/uploads\/2018\/11\/LRTT.B\u0113rzi\u0146\u0161.Granti\u0146\u0161.LRTT_-300x73.png 300w\" sizes=\"(max-width: 637px) 100vw, 637px\" \/><strong>Pirms rakstu t\u0101l\u0101k:<\/strong><\/h2>\n<p class=\"font_8\">Tehnisku iemeslu d\u0113\u013c video pie \u0161\u012bs s\u0113rijas b\u016bs da\u017eas dienas v\u0113l\u0101k.<\/p>\n<p class=\"font_8\">\u0160aj\u0101, sav\u0101 zi\u0146\u0101 Jubilejas s\u0113rij\u0101, parun\u0101\u0161u par\u00a0pirmo taust\u0101mo uzvaru, kas, manupr\u0101t, ir tie\u0161i saist\u012bta ar\u012b ar Gintas lietu.<\/p>\n<p class=\"font_8\">L\u0113n\u0101m, negrib\u012bgi, sol\u012bti pa sol\u012btim, bet Tem\u012bdas svaru kausi s\u0101k nosv\u0113rties pret\u0113j\u0101 &#8211; t\u0101tad paties\u012bbas, jeb\u00a0m\u016bsu virzien\u0101. V\u0113r\u012bg\u0101kie skat\u012bt\u0101ji jau noteikti b\u016bs iev\u0113roju\u0161i, ka zin\u0101mas represijas c\u012bnoties \u0161aj\u0101 liet\u0101 esmu piedz\u012bvojis ar\u012b es. No materi\u0101l\u0101 un finansi\u0101l\u0101 viedok\u013ca man s\u0101p\u012bg\u0101k\u0101s, protams, bija divu uz\u0146\u0113mumu zaud\u0113\u0161ana, ta\u010du no fizisk\u0101 viedok\u013ca &#8211; dubultuzbrukums man. Kuru \u013coti aizdom\u012bgas &#8220;sagad\u012b\u0161an\u0101s&#8221; d\u0113\u013c\u00a0piedz\u012bvoju\u00a0p\u0101ris\u00a0dienas pirms apel\u0101cijas instances tiesas s\u0113des, ko\u00a0gras\u012bjos apmekl\u0113t par sp\u012bti advok\u0101ta (kuram tobr\u012bd jau vairs \u012bsti neuztic\u0113j\u0101s ar\u012b pati Ginta) ieteikumam to nedar\u012bt. Ofici\u0101lais rezult\u0101ts\u00a0&#8211; vid\u0113ji\u00a0smagi\u00a0miesas boj\u0101jumi. Lai nu b\u016btu. Lietu, kur\u0101 viss bija absol\u016bti skaidrs jau no pa\u0161a s\u0101kuma, sazin k\u0101d\u0113\u013c bija &#8220;j\u0101izmekl\u0113&#8221; divus gadus un &#8220;tikai&#8221; trijiem izzi\u0146as inspektoriem. K\u0101d\u0113\u013c? Gr\u016bti pateikt, bet dom\u0101ju zin\u0101ma saist\u012bba ar Gintas lietas marin\u0113\u0161anu tam tom\u0113r bija. Bet nu gan, pirm\u0101 instance ir nosl\u0113gusies un viss it k\u0101 ir k\u0101rt\u012bb\u0101 &#8211; pan\u0101kts taisn\u012bgs tiesiskais noregul\u0113jums. Bet vai tie\u0161\u0101m? Un tagad cit\u0101ts no sprieduma apraksto\u0161\u0101s da\u013cas:<\/p>\n<p class=\"font_8\">&#8220;2016. gada 19. j\u016bnij\u0101 neilgi p\u0113c pusnakts starp ________\u00a0ielas nama Nr__, R\u012bg\u0101, kaimi\u0146iem V\u0101rds Uzv\u0101rds un M\u0101ri B\u0113rzi\u0146u izveidoj\u0101s konfliktsitu\u0101cija, kuras risin\u0101\u0161anai M. B\u0113rzi\u0146\u0161 izsauca pa\u0161vald\u012bbas policiju. Kad pa\u0161vald\u012bbas policija ierad\u0101s ________ iela Nr.__, R\u012bg\u0101, pagalm\u0101 V\u0101rds Uzv\u0101rds un M. B\u0113rzi\u0146\u0161 sa\u0137\u0113ru\u0161ies v\u0101rt\u012bj\u0101s pa zemi. Pa\u0161vald\u012bbas policisti vi\u0146us iz\u0161\u0137\u012bra (tikai p\u0113c mana ATK\u0100RTOTA\u00a0l\u016bguma to izdar\u012bt, jo piebraucot st\u0101v\u0113ja v\u0113l k\u0101du br\u012bdi, priec\u012bgi v\u0113rojot notieko\u0161o,\u00a0un tikai p\u0113c mana aicin\u0101juma to beidzot laiski izdar\u012bja) un ap plkst 01:00 nakt\u012b tika nolemts abus ar pa\u0161vald\u012bbas policijas automa\u0161\u012bnu vest uz VP iecirkni (preciz\u0113jums\u00a0&#8211; ES TO\u00a0piepras\u012bju, RPP v\u012bri nek\u0101di &#8220;nesp\u0113ja saprast&#8221;, kam man tas vajadz\u012bgs&#8230;). Vispirms pa\u0161vald\u012bbas policijas automa\u0161\u012bnas salona aizmugur\u0113 aiz vad\u012bt\u0101ja vietas ies\u0113d\u0101s V\u0101rds Uzv\u0101rds. Tad blakus V\u0101rds Uzv\u0101rds automa\u0161\u012bnas salon\u0101 aizmugur\u0113 ies\u0113d\u0101s M. B\u0113rzi\u0146\u0161 (piebilde, neskatoties uz maniem atk\u0101rtotiem iebildumiem, ka nev\u0113los s\u0113sties blakus iedz\u0113ru\u0161am, neprognoz\u0113jamam v\u012brietim, kur\u0161 v\u0113l tikko k\u0101 man tika uzbrucis. Ies\u0113dos tikai p\u0113c atkl\u0101tiem DRAUDIEM\u00a0no RPP darbo\u0146u puses &#8211; ar pantu par\u00a0nepak\u013cau\u0161an\u0101s policijas darbinieku likumiskaj\u0101m pras\u012bb\u0101m). P\u0113c br\u012b\u017ea V\u0101rds Uzv\u0101rds, dusmu vad\u012bts, apzinoties, ka var nodar\u012bt miesas boj\u0101jumus, sp\u0113c\u012bgi iesita ar labo elkoni pa M. B\u0113rzi\u0146a sejas kreiso pusi.<\/p>\n<p class=\"font_8\">Iepriek\u0161min\u0113t\u0101 sitiena rezult\u0101t\u0101 M. B\u0113rzi\u0146am tika nodar\u012bti \u0161\u0101di miesas boj\u0101jumi &#8211; zem\u0101das asinsizpl\u016bdums kreis\u0101s acs plaksti\u0146os (p\u0113c k\u0101da br\u012b\u017ea lo\u0123iski zilas bija abas acis), kreis\u0101s orb\u012btas apak\u0161\u0113j\u0101s sienas l\u016bzums un saasi\u0146ojums kreisaj\u0101 aug\u0161\u017eok\u013ca dobum\u0101, kas p\u0113c sava rakstura kopum\u0101 pieskait\u0101mi pie vid\u0113ja smaguma miesas boj\u0101jumiem, kas izraisa ilgsto\u0161us vesel\u012bbas trauc\u0113jumus uz laiku virs 21 dienas&#8221;<\/p>\n<p class=\"font_8\">Pirm\u0101s instances tiesa l\u0113ma par vain\u012bgu atz\u012bt TIKAI\u00a0\u0161o &#8220;varoni&#8221;, kur\u0161 izdar\u012bja sitienu.\u00a0Pa\u0161vald\u012bbas policija nav r\u012bkojusies pareizi, bet abi &#8220;brie\u017ei&#8221; un vi\u0146u priek\u0161nieks esot disciplin\u0101ri sod\u012bti un viss. Vair\u0101k nek\u0101. Jo l\u012bdz pat p\u0113d\u0113jam br\u012bdim policij\u0101 tika intens\u012bvi dom\u0101ts, k\u0101 lai NEPIER\u0100DA\u00a0to, ka sitiens (kur\u0161 rad\u012bjis \u0161os miesas boj\u0101jumus) noticis tie\u0161i RPP busi\u0146\u0101. Video ieraksti no busi\u0146a iek\u0161ienes bija jau ATKAL &#8220;pazudu\u0161i&#8221;!\u00a0RPP z\u0113ni neko nebija &#8220;nedz redz\u0113ju\u0161i&#8221;, &#8220;nedz dzird\u0113ju\u0161i&#8221;. Ak\u00a0vai cik paz\u012bstami no Gintas lietas&#8230; Mani, ar draudiem, ka tad ja izg\u0101z\u012b\u0161os poligr\u0101fa p\u0101rbaud\u0113, un ja b\u016b\u0161u m\u0113\u0123in\u0101jis apmelot &#8220;godpr\u0101t\u012bgos&#8221; RPP v\u012brus, man n\u0101ksies\u00a0apmaks\u0101t poligr\u0101fa ekspert\u012bzi pa\u0161am, tom\u0113r aizs\u016bt\u012bja to veikt. Laikam jau naivi cer\u0113ja, ka izdosies mani sap\u012bt \u0161aj\u0101 ekspert\u012bz\u0113. Lai ar\u012b m\u0113\u0123in\u0101ja &#8211; neizdev\u0101s! Nu policijai vairs izejas nebija. N\u0101c\u0101s vien atz\u012bt, ka viss ir bijis tie\u0161i t\u0101, k\u0101 to liecin\u0101ju es (at\u0161\u0137ir\u012bb\u0101 no RPP v\u012briem un no uzbruc\u0113ja, es ne reizi netiku\u00a0main\u012bjis savas liec\u012bbas). Nu\u00a0jau lietas prokurore VIENOJ\u0100S\u00a0ar min\u0113to vain\u012bgo par sodu!\u00a0Pras\u012bja simtdivdesmit\u00a0stundas darbu un 1,200 EUR mor\u0101lo kompens\u0101ciju, bet tiesa iedeva simtu un 1,000 EUR. Lai nu t\u0101 b\u016btu. Neliela uzvara \u0161\u0101 vai t\u0101. Un\u00a0pats galvenais &#8211; reti kuram p\u0113c spriedum\u0101 izlas\u012bt\u0101 var\u0113tu rasties \u0161aubas, ka RPP darbo\u0146u\u00a0neapzin\u0101tas (vai pat apzin\u0101tas), bet jebkur\u0101 gad\u012bjum\u0101 neprofesion\u0101las (vai pat neliet\u012bgas) r\u012bc\u012bbas rezult\u0101t\u0101 \u0161ie miesas boj\u0101jumi man radu\u0161ies tie\u0161i vi\u0146u transporta l\u012bdzekl\u012b, kad m\u0113s abi jau atrad\u0101mies vi\u0146u atbild\u012bb\u0101. Kas ar\u012b bija j\u0101pier\u0101da. Tagad k\u0101ds var s\u0101kt aus\u012bties &#8211; ar k\u0101du pras\u012bbu, un pret kuru es v\u0113rs\u012b\u0161os t\u0101l\u0101k civiltiesisk\u0101 k\u0101rt\u0101. Jo nu to es dar\u012b\u0161u. Tikai viena fr\u0101ze, kuru man toreiz, jau n\u0101kamaj\u0101 dien\u0101, rosinot KP, izteica inspektors, pirms tam ne p\u0101r\u0101k glaimojo\u0161iem epitetiem apvelt\u012bjis RPP kol\u0113\u0123us: &#8221;Un kas gan b\u016btu noticis, ja tam uzbruc\u0113jam b\u016btu bijis nazis?&#8221; Es par t\u0101du versiju pat nebiju iedom\u0101jies\u00a0un j\u0101atz\u012bst, ka patie\u0161\u0101m &#8211; m\u016bs ta\u010du neviens pirms ies\u0113din\u0101\u0161anas busi\u0146\u0101 pat nep\u0101rmekl\u0113ja!<\/p>\n<p class=\"font_8\">Un tad b\u016bs naudi\u0146a gan Gintas izpest\u012b\u0161anai, gan gr\u0101matas public\u0113\u0161anai. Run\u0101jot par iesp\u0113ju p\u0101rs\u016bdz\u0113t &#8211; aps\u016bdz\u0113tajam jau ir par v\u0113lu. Ofici\u0101li spriedums v\u0113l nav st\u0101jies sp\u0113k\u0101, ta\u010du p\u0101rs\u016bdz\u0113t to vi\u0146\u0161\u00a0vairs nevar. Man gan t\u0101da iesp\u0113ja ir. Bet\u00a0es to noteikti nedar\u012b\u0161u, tad tas vilksies v\u0113l divus gadus, un ne jau tas t\u016bkstotis \u0161aj\u0101 gad\u012bjum\u0101 ir galvenais. Man galvenais ir pal\u012bdz\u0113t izpest\u012bt Gintu, ko jums m\u012bl\u012b\u0161i n\u0101ksies izdar\u012bt. Tikko man b\u016bs re\u0101las finanses, t\u0101 nekur j\u016bs man neliksieties.<\/p>\n<p class=\"font_8\">Visbeidzot &#8211; man s\u0101k uzkr\u0101ties tiesas spriedumu datu b\u0101ze un pieredze tajos. Un t\u0101d\u0113\u013c v\u0113l k\u0101ds \u012bss cit\u0101ts no \u0161\u012b sprieduma: &#8221;CD disku ar audioierakstu, DVD disku ar poligr\u0101fa ekspert\u012bzi, kas glab\u0101jas pie krimin\u0101llietas materi\u0101liem, k\u0101 rakstveida pier\u0101d\u012bjumu atst\u0101t pie krimin\u0101llietas materi\u0101liem.&#8221;<\/p>\n<p class=\"font_8\">K\u0101d\u0113\u013c gan \u0161o izce\u013cu? L\u016bk kas par r\u012bc\u012bbu ar pier\u0101d\u012bjumiem rakst\u012bts Gintas lietas spriedum\u0101. Atg\u0101dinu &#8211; vi\u0146a ir noties\u0101ta &#8220;tikai&#8221; uz divdesmit gadiem cietum\u0101 itk\u0101 par savu divu mazu\u013cu slepkav\u012bbu: &#8220;izn\u012bcin\u0101mi, jo tiem nav v\u0113rt\u012bbas&#8221;. \u0160ie lietiskie pier\u0101d\u012bjumi bija b\u016btiski lietas izmekl\u0113\u0161an\u0101, un to saraksts ir gar\u0161, ar to var iepaz\u012bties iepriek\u0161 <a href=\"https:\/\/www.acgarni.com\/single-post\/2018\/04\/22\/Anonimiz%C4%93tais-nol%C4%93mums-Balo%C5%BEu-liet%C4%81-un-da%C5%BEi-jaunumi-par-acgarnicom\" target=\"_blank\" rel=\"noopener undefined\" data-content=\"https:\/\/www.acgarni.com\/single-post\/2018\/04\/22\/Anonimiz%C4%93tais-nol%C4%93mums-Balo%C5%BEu-liet%C4%81-un-da%C5%BEi-jaunumi-par-acgarnicom\" data-type=\"external\">publiskotaj\u0101 lietas anonimiz\u0113taj\u0101 spriedum\u0101<\/a>. Jaut\u0101jums ir &#8211; k\u0101d\u0113\u013c t\u0101da nekonsekvence? Liet\u0101, kur\u0101 visi ir atzinu\u0161i savu vainu, to no\u017e\u0113lo un taml\u012bdz\u012bgi, pie tam nodar\u012bti tikai vid\u0113ji smagi miesas boj\u0101jumi &#8211; pier\u0101d\u012bjumus neizn\u012bcina.\u00a0Bet liet\u0101, kur noties\u0101tais kategoriski neatz\u012bst savu vainu, motiv\u0101cijas nav, re\u0101lu pier\u0101d\u012bjumi nav (tie ir viltoti), bet nogalin\u0101ti ir divi mazi b\u0113rni, lieti\u0161\u0137os pier\u0101d\u012bjumus steidzami izn\u012bcina!!! K\u0101p\u0113c t\u0101?\u00a0Vai tas papildus neliecina par izmekl\u0113\u0161anas un visa juridisk\u0101 procesa apzin\u0101tu vilto\u0161anu un t\u0101 seku sl\u0113p\u0161anu? Par to lai katrs padom\u0101\u00a0\u00a0pats.<\/p>\n<p class=\"font_8\">P.S. Skaidrs, ka KNAB no manis naivi gaid\u012bja v\u0113trainu s\u0113riju par to vienu provokat\u012bvo\u00a0pap\u012br\u012bti, kuru piektdien vi\u0146i IT K\u0100\u00a0ats\u016bt\u012bja man, bet it k\u0101 n\u0113. Nu nesan\u0101ks m\u012bl\u012b\u0161i. Ar\u012b es iev\u0113roju to slepen\u012bbas GRIFU\u00a0uz dokumenta pirm\u0101s lapas (ierobe\u017eotas pieejam\u012bbas inform\u0101cija!), ar\u012b es sapratu \u0161\u012bs provok\u0101cijas neliet\u012bgo b\u016bt\u012bbu. Tagad pakonsult\u0113\u0161os ar speci\u0101listiem un tad izlem\u0161u k\u0101 r\u012bkoties t\u0101l\u0101k. Jebkur\u0101 gad\u012bjum\u0101 &#8211; paldies jums par &#8220;uztic\u012bbu&#8221;. Jo ar savu atbildi esat rad\u012bju\u0161i precedentu, lai b\u016btu pamats v\u0113rsties nu jau konstitucion\u0101laj\u0101 ties\u0101. Nu jau tiesne\u0161u un prokuroru p\u0101rk\u0101pumi ir VALSTS NOSL\u0112PUMS&#8230;!\u00a0Runa ir par &#8220;\u012bpa\u0161i slepeno&#8221; Gintas krimin\u0101llietu, kuru savulaik VP jau otraj\u0101 dien\u0101 &#8220;\u012bpa\u0161i slepeni&#8221; izbaz\u016bn\u0113ja pa visiem masu dezinform\u0101cijas l\u012bdzek\u013ciem!&#8230; Tagad izn\u0101k ka es\u00a0neko vair\u0101k neesmu ties\u012bgs \u0161obr\u012bd izpaust, lai gan neesmu parakst\u012bjies par neizpau\u0161anu. Man\u00a0NAV\u00a0valsts nosl\u0113puma pielaides statusa &#8211; bet esmu k\u013cuvis par VALSTS NOSL\u0112PUMA p\u0101rzin\u0101t\u0101ju!!!\u00a0Gandr\u012bz vai par &#8220;spiegu&#8221; liet\u0101 ko t\u0101pat \u013coti labi p\u0101rzinu&#8230; Liel\u0101ku absurdu un neliet\u012bbu gr\u016bti izdom\u0101t. V\u0113l viena sist\u0113mas metode k\u0101 neko nedar\u012bt, pest\u012bt sav\u0113jos, novilkt laiku,\u00a0un draud\u0113t oponentam ar likuma pantu. Cita nianse\u00a0ka \u0161o &#8220;valsts nosl\u0113pumu&#8221; parakst\u012bjis\u00a0parasts inspektors (nevis KNAB priek\u0161nieks ar pielaidi, ko citos gad\u012bjumos dara tikai vi\u0146\u0161) un ats\u016bta pa pastu bez sa\u0146em\u0161anas paraksta. K\u0101rt\u0113jais viltojums? Te jau ats\u0101kas Latvijas tieslietu sist\u0113mas absurda te\u0101tris &#8211; kur\u0101 Orvelam atkal nervozi j\u0101p\u012bp\u0113 kaut kur mali\u0146\u0101&#8230; Turpin\u0101jums sekos.<\/p>\n","protected":false},"excerpt":{"rendered":"<p>Koment\u0101rs rakstam: LRTT. Par \u010dekas maisiem un haz\u0101rieti M. Koste\u0146ecku Biju pie Kosta\u0146eckas m\u0101j\u0101s Purvciema aiz M\u0113be\u013cu nama, lai vi\u0146a man k\u0101 \u017eurn\u0101liste \u2013 rakstniece pal\u012bdz\u0113tu pacelt Latvijas Daudzb\u0113rnu \u0122ime\u0146u Biedr\u012bbas apkaro\u0161anas jaut\u0101jumus un&#46;&#46;&#46;<\/p>\n","protected":false},"author":1,"featured_media":0,"comment_status":"open","ping_status":"open","sticky":false,"template":"","format":"standard","meta":[],"categories":[1],"tags":[],"_links":{"self":[{"href":"https:\/\/tautastribunals.eu\/index.php?rest_route=\/wp\/v2\/posts\/47108"}],"collection":[{"href":"https:\/\/tautastribunals.eu\/index.php?rest_route=\/wp\/v2\/posts"}],"about":[{"href":"https:\/\/tautastribunals.eu\/index.php?rest_route=\/wp\/v2\/types\/post"}],"author":[{"embeddable":true,"href":"https:\/\/tautastribunals.eu\/index.php?rest_route=\/wp\/v2\/users\/1"}],"replies":[{"embeddable":true,"href":"https:\/\/tautastribunals.eu\/index.php?rest_route=%2Fwp%2Fv2%2Fcomments&post=47108"}],"version-history":[{"count":13,"href":"https:\/\/tautastribunals.eu\/index.php?rest_route=\/wp\/v2\/posts\/47108\/revisions"}],"predecessor-version":[{"id":47125,"href":"https:\/\/tautastribunals.eu\/index.php?rest_route=\/wp\/v2\/posts\/47108\/revisions\/47125"}],"wp:attachment":[{"href":"https:\/\/tautastribunals.eu\/index.php?rest_route=%2Fwp%2Fv2%2Fmedia&parent=47108"}],"wp:term":[{"taxonomy":"category","embeddable":true,"href":"https:\/\/tautastribunals.eu\/index.php?rest_route=%2Fwp%2Fv2%2Fcategories&post=47108"},{"taxonomy":"post_tag","embeddable":true,"href":"https:\/\/tautastribunals.eu\/index.php?rest_route=%2Fwp%2Fv2%2Ftags&post=47108"}],"curies":[{"name":"wp","href":"https:\/\/api.w.org\/{rel}","templated":true}]}}