{"id":47093,"date":"2018-11-03T13:10:46","date_gmt":"2018-11-03T11:10:46","guid":{"rendered":"https:\/\/tautastribunals.eu\/?p=47093"},"modified":"2018-11-03T13:11:59","modified_gmt":"2018-11-03T11:11:59","slug":"vai-r-vejonis-sekos-logikai","status":"publish","type":"post","link":"https:\/\/tautastribunals.eu\/?p=47093","title":{"rendered":"Vai R. V\u0113jonis sekos LO\u0122IKAI ?"},"content":{"rendered":"<h2><a href=\"https:\/\/ltv.lsm.lv\/lv\/zinas\/tiesa-runa\/visi\/?d=2018-10-24\"><img decoding=\"async\" loading=\"lazy\" class=\"alignleft wp-image-47095\" src=\"https:\/\/tautastribunals.eu\/wp-content\/uploads\/2018\/11\/Za\u013c\u0161.Latvijas-republikas-tautas-tribun\u0101ls-Aivars-Borovkovs-Ivars-Godmanis-J\u0101nis-Reinisks-Straujuma-Prezidents-Saeima-DP.-ST.-Kopie-1.png\" alt=\"\" width=\"606\" height=\"127\" srcset=\"https:\/\/tautastribunals.eu\/wp-content\/uploads\/2018\/11\/Za\u013c\u0161.Latvijas-republikas-tautas-tribun\u0101ls-Aivars-Borovkovs-Ivars-Godmanis-J\u0101nis-Reinisks-Straujuma-Prezidents-Saeima-DP.-ST.-Kopie-1.png 854w, https:\/\/tautastribunals.eu\/wp-content\/uploads\/2018\/11\/Za\u013c\u0161.Latvijas-republikas-tautas-tribun\u0101ls-Aivars-Borovkovs-Ivars-Godmanis-J\u0101nis-Reinisks-Straujuma-Prezidents-Saeima-DP.-ST.-Kopie-1-300x63.png 300w, https:\/\/tautastribunals.eu\/wp-content\/uploads\/2018\/11\/Za\u013c\u0161.Latvijas-republikas-tautas-tribun\u0101ls-Aivars-Borovkovs-Ivars-Godmanis-J\u0101nis-Reinisks-Straujuma-Prezidents-Saeima-DP.-ST.-Kopie-1-768x161.png 768w, https:\/\/tautastribunals.eu\/wp-content\/uploads\/2018\/11\/Za\u013c\u0161.Latvijas-republikas-tautas-tribun\u0101ls-Aivars-Borovkovs-Ivars-Godmanis-J\u0101nis-Reinisks-Straujuma-Prezidents-Saeima-DP.-ST.-Kopie-1-800x168.png 800w\" sizes=\"(max-width: 606px) 100vw, 606px\" \/>https:\/\/ltv.lsm.lv\/lv\/zinas\/tiesa-runa\/visi\/?d=2018-10-24<\/a><\/h2>\n<p><strong><img decoding=\"async\" loading=\"lazy\" class=\"alignleft wp-image-47096\" src=\"https:\/\/tautastribunals.eu\/wp-content\/uploads\/2018\/11\/J\u0101nis-Bord\u0101ns.L.-Granti\u0146\u0161.-A.-Gobzems.A.-Kaimi\u0146\u0161.LRTT_.png\" alt=\"\" width=\"606\" height=\"915\" srcset=\"https:\/\/tautastribunals.eu\/wp-content\/uploads\/2018\/11\/J\u0101nis-Bord\u0101ns.L.-Granti\u0146\u0161.-A.-Gobzems.A.-Kaimi\u0146\u0161.LRTT_.png 763w, https:\/\/tautastribunals.eu\/wp-content\/uploads\/2018\/11\/J\u0101nis-Bord\u0101ns.L.-Granti\u0146\u0161.-A.-Gobzems.A.-Kaimi\u0146\u0161.LRTT_-199x300.png 199w, https:\/\/tautastribunals.eu\/wp-content\/uploads\/2018\/11\/J\u0101nis-Bord\u0101ns.L.-Granti\u0146\u0161.-A.-Gobzems.A.-Kaimi\u0146\u0161.LRTT_-530x800.png 530w\" sizes=\"(max-width: 606px) 100vw, 606px\" \/><\/strong><\/p>\n<p>Pirms v\u0113l\u0113\u0161an\u0101m, kad izveidoju <a href=\"https:\/\/tautastribunals.eu\/?p=46666\"><strong>\u201cV\u0113l\u0113\u0161anu ce\u013cvedi\u201d<\/strong><em>(atv\u0113rt)<\/em> <\/a>mani tr\u012bs dienas pirms v\u0113l\u0113\u0161an\u0101m atsl\u0113dza no <strong>Facebook<\/strong><em>(Feisbuka). <\/em>Atsl\u0113dza pat tik pamat\u012bgi, ka pat <strong>\u201cs\u016bdz\u012bbu\u201d<\/strong> nevar\u0113ja uzrakst\u012bt ! Kad vajadz\u012bgaj\u0101 ail\u0113 ierakst\u012bju tekstu un v\u0113l\u0113jos to nos\u016bt\u012bt, uzmet\u0101s piens, palika viss balts\u2026 . Protams, ka \u0161is <strong>\u201cV\u0113l\u0113\u0161anu ce\u013cvedis\u201d<\/strong> bija kaut kas briesm\u012bgs !<\/p>\n<p>S\u0101tan\u017e\u012bdiem tas bija n\u0101ves zvans\u2026 !<\/p>\n<p>T\u016bl\u012bt p\u0113c <strong>\u201cce\u013cve\u017ea\u201d<\/strong> par\u0101d\u012b\u0161an\u0101s internet\u0101, cik noprotu,<strong> Kairi\u0161s <\/strong>bija pa\u0146emts <strong>\u201cpie dziesmas\u201d,<\/strong> jo par\u0101d\u012bj\u0101s video, kur \u0161is no <strong>\u201czila gaisa\u201d<\/strong> piepras\u012bja par <strong><u>Latvijas prezidentu<\/u><\/strong><u> \u017e\u012bdu <strong>E. Levitu<\/strong><\/u><strong>, <\/strong>kur\u0161 ir viens no galvenajiem <a href=\"https:\/\/www.youtube.com\/watch?v=0lRnvFVJCC4\"><strong>Latvijas bend\u0113m, bet prieks Kairi\u0161a LIELISKS KANDID\u0100TS<\/strong><em>(Atver, skaties, klausies un br\u012bnies)<\/em><strong> !!!<\/strong><\/a> Un tad, p\u0113k\u0161\u0146i pie <strong>Bord\u0101na<\/strong> uzrodas <strong>D. Beitnere la Galla, <\/strong>kura ir \u010dekas ietekmes a\u0123ente !!! <strong>Beitnere <\/strong>ir par sadarb\u012bbu ar <strong>SASKA\u0145U<\/strong>, ar tiem, kuri p\u0101rst\u0101v m\u016bsu valsts okupantus !!!<\/p>\n<p>Un, k\u0101ds br\u012bnums <strong>Eva M\u0101rtu\u017ea<\/strong> s\u0101k <strong>Feisbuk\u0101 <\/strong>slav\u0113t glob\u0101lismu\u2026 .<\/p>\n<hr \/>\n<hr \/>\n<hr \/>\n<hr \/>\n<p>Lai k\u0101ds neiedom\u0101jas, ka nesaprotu kas notiek, public\u0113\u0161u tikko<em>(pirms stundas)<\/em> notiku\u0161u saraksti:<\/p>\n<p>K\u0101da<em>(v\u0101rdu nemin\u0113\u0161u)<\/em> feisbuka lietot\u0101ja jaut\u0101:<\/p>\n<p><span style=\"color: #0000ff;\"><strong>Labdien, Linard.<\/strong><\/span> <span style=\"color: #800080;\"><em>K\u0101p\u0113c tik \u013coti iest\u0101jaties par Bord\u0101nu, zinot vi\u0146a politisk\u0101s epopejas v\u0113sturi, ar\u012b to, ka vi\u0146\u0161 tik \u013coti iest\u0101jas par Levitu k\u0101 n\u0101ko\u0161o prezidentu? K\u0101p\u0113c, J\u016bspr\u0101t, p\u0113k\u0161\u0146i tik \u013coti masveid\u012bgi svar\u012bgi b\u012bd\u012bt Levitu par prazidentu, zinot ar\u012b vi\u0146a v\u0113sturi? K\u0101p\u0113c, J\u016bsupr\u0101t, netiek izvirz\u012btas citas kandidat\u016bras? Par \u0161o personu taut\u012bbu nepras\u012b\u0161u. Paldies.<\/em><\/span><\/p>\n<p><span style=\"color: #0000ff;\"><strong>L.Granti\u0146a atbilde:<\/strong><\/span> <span style=\"color: #800080;\"><em>Tas nav tik vienk\u0101r\u0161i izskaidrojams&#8230; Mums ir kaut k\u0101di j\u0101izst\u0101v l\u012bdz br\u012bdim, kad viss tas gr\u016bs&#8230; .Ja pirms tam m\u0113s zaud\u0113sim savu valstisko statusu, m\u0113s pazud\u012bsim !!! \u017d\u012bdi pa\u0161laik j\u016bt beigas un vi\u0146i cent\u012bsies ar\u012b ko labu izdar\u012bt, lai netiktu pa\u0161i izn\u012bcin\u0101ti&#8230;izmantosim to. Bord\u0101ns ir haz\u0101rs, bet vi\u0146\u0161 sevi identific\u0113 k\u0101 latvietis&#8230;, tas ir lietuvie\u0161u variants. <strong><a href=\"https:\/\/tautastribunals.eu\/?p=40866\">V\u0113sturiski lietuvie\u0161i praktiski ir 50% kriev\u017e\u012bdi<\/a><\/strong><span style=\"color: #0000ff;\">(atv\u0113rt)<\/span><strong>.<\/strong>.. un tas priek\u0161 \u017e\u012bd- cionistiem ir katastrofa !<\/em><\/span><\/p>\n<p><span style=\"color: #800080;\"><em>Lieta ir t\u0101da, ka p\u0101r\u0113jie ir daudz \u013caun\u0101ki, tie ir imp\u0113risk\u0101s Krievijas b\u012bd\u012bti. Ja krievu imp\u0113risti tiks pie teik\u0161anas, tad asinis pl\u016bd\u012bs desmit reizes vair\u0101k k\u0101 1940.g. okup\u0101cijas laik\u0101&#8230; Es daru visu, lai m\u0113s izst\u0101v\u0113tu \u0161os \u0161ausmu laikus.. . Ar\u012b vi\u0146i grib izdz\u012bvot&#8230; .To, ka daru pareizi, nor\u0101da tas, ka vi\u0146i mani blo\u0137\u0113. Beig\u0101s jau gan \u201clabie\u201d \u017e\u012bdi, gan ar\u012b Ci\u0101nas r\u012bk\u013cur\u0101v\u0113ji tiks izn\u012bcin\u0101ti \u2026un m\u0113s var\u0113sim visu s\u0101kt no jauna,<strong> kopt savas tautas v\u0113sturi un kult\u016bru.<\/strong> Cita varianta pagaid\u0101m nav, k\u0101 izv\u0113l\u0113ties maz\u0101ko \u013caunumu ! <strong>Un tie, kuri nedara neko, neko ar\u012b nesa\u0146ems !<\/strong> Bord\u0101na r\u012bc\u012bba ir ierobe\u017eota pa visiem 90% ! Uzskatu, ka mums j\u0101izmanto \u0161ie desmit procenti, jo citu iesp\u0113ju nav !!! <\/em><\/span><\/p>\n<p><span style=\"color: #800080;\"><em>Esmu p\u0101rliecin\u0101ts, ka dr\u012bz m\u0113s pie \u0161\u012b<strong> DESMITNIEKA<\/strong> pierakst\u012bsim v\u0113l vienu nulli, jo <strong>KARMAS LIKUMU<\/strong> v\u0113l neviens nav atc\u0113lis !<\/em><\/span><\/p>\n<hr \/>\n<hr \/>\n<hr \/>\n<hr \/>\n<p>K\u0101du galu \u0146ems <strong>Bord\u0101ns,<\/strong> tas atkar\u012bgs no vi\u0146a pa\u0161a, vai vi\u0146\u0161 pats ar\u012b izmatos \u0161os 10% <strong>Paties\u012bbas uzvarai<\/strong> !<\/p>\n<p>Es reiz izmantoju 0,1% un uzvar\u0113ju,<strong> Atmoda s\u0101k\u0101s.<\/strong>.., bet d\u0113\u013c <a href=\"https:\/\/tautastribunals.eu\/?p=20624\">uztic\u0113\u0161an\u0101s komunistiem, m\u0113s to uz laiku zaud\u0113j\u0101m<em>(las\u012bt)<\/em><\/a> !<\/p>\n<p><span style=\"color: #000000;\">03.11.18\u00a0\u00a0\u00a0\u00a0\u00a0\u00a0\u00a0\u00a0\u00a0\u00a0\u00a0\u00a0\u00a0\u00a0\u00a0\u00a0 L. Granti\u0146\u0161<\/span><\/p>\n","protected":false},"excerpt":{"rendered":"<p>https:\/\/ltv.lsm.lv\/lv\/zinas\/tiesa-runa\/visi\/?d=2018-10-24 Pirms v\u0113l\u0113\u0161an\u0101m, kad izveidoju \u201cV\u0113l\u0113\u0161anu ce\u013cvedi\u201d(atv\u0113rt) mani tr\u012bs dienas pirms v\u0113l\u0113\u0161an\u0101m atsl\u0113dza no Facebook(Feisbuka). Atsl\u0113dza pat tik pamat\u012bgi, ka pat \u201cs\u016bdz\u012bbu\u201d nevar\u0113ja uzrakst\u012bt ! Kad vajadz\u012bgaj\u0101 ail\u0113 ierakst\u012bju tekstu un v\u0113l\u0113jos to nos\u016bt\u012bt,&#46;&#46;&#46;<\/p>\n","protected":false},"author":1,"featured_media":0,"comment_status":"open","ping_status":"open","sticky":false,"template":"","format":"standard","meta":[],"categories":[1],"tags":[],"_links":{"self":[{"href":"https:\/\/tautastribunals.eu\/index.php?rest_route=\/wp\/v2\/posts\/47093"}],"collection":[{"href":"https:\/\/tautastribunals.eu\/index.php?rest_route=\/wp\/v2\/posts"}],"about":[{"href":"https:\/\/tautastribunals.eu\/index.php?rest_route=\/wp\/v2\/types\/post"}],"author":[{"embeddable":true,"href":"https:\/\/tautastribunals.eu\/index.php?rest_route=\/wp\/v2\/users\/1"}],"replies":[{"embeddable":true,"href":"https:\/\/tautastribunals.eu\/index.php?rest_route=%2Fwp%2Fv2%2Fcomments&post=47093"}],"version-history":[{"count":11,"href":"https:\/\/tautastribunals.eu\/index.php?rest_route=\/wp\/v2\/posts\/47093\/revisions"}],"predecessor-version":[{"id":47107,"href":"https:\/\/tautastribunals.eu\/index.php?rest_route=\/wp\/v2\/posts\/47093\/revisions\/47107"}],"wp:attachment":[{"href":"https:\/\/tautastribunals.eu\/index.php?rest_route=%2Fwp%2Fv2%2Fmedia&parent=47093"}],"wp:term":[{"taxonomy":"category","embeddable":true,"href":"https:\/\/tautastribunals.eu\/index.php?rest_route=%2Fwp%2Fv2%2Fcategories&post=47093"},{"taxonomy":"post_tag","embeddable":true,"href":"https:\/\/tautastribunals.eu\/index.php?rest_route=%2Fwp%2Fv2%2Ftags&post=47093"}],"curies":[{"name":"wp","href":"https:\/\/api.w.org\/{rel}","templated":true}]}}