{"id":46904,"date":"2018-11-02T12:12:03","date_gmt":"2018-11-02T10:12:03","guid":{"rendered":"https:\/\/tautastribunals.eu\/?p=46904"},"modified":"2022-05-27T10:24:14","modified_gmt":"2022-05-27T07:24:14","slug":"lrtt-par-cekas-maisiem-un-hazarieti-m-kostenecku","status":"publish","type":"post","link":"https:\/\/tautastribunals.eu\/?p=46904","title":{"rendered":"LRTT. Par \u010dekas maisiem un haz\u0101rieti M. Koste\u0146ecku"},"content":{"rendered":"<div id=\"js_4\" class=\"_5pbx userContent _3ds9 _3576\" data-ad-preview=\"message\" data-ft=\"{&quot;tn&quot;:&quot;K&quot;}\"><\/div>\n<div>\n<h2><span style=\"color: #003300;\"><strong><img decoding=\"async\" loading=\"lazy\" class=\"alignleft wp-image-46999\" src=\"https:\/\/tautastribunals.eu\/wp-content\/uploads\/2018\/10\/Za\u013c\u0161-tautastribunals.eu_-4.png\" alt=\"\" width=\"1365\" height=\"191\" srcset=\"https:\/\/tautastribunals.eu\/wp-content\/uploads\/2018\/10\/Za\u013c\u0161-tautastribunals.eu_-4.png 950w, https:\/\/tautastribunals.eu\/wp-content\/uploads\/2018\/10\/Za\u013c\u0161-tautastribunals.eu_-4-300x42.png 300w, https:\/\/tautastribunals.eu\/wp-content\/uploads\/2018\/10\/Za\u013c\u0161-tautastribunals.eu_-4-768x108.png 768w, https:\/\/tautastribunals.eu\/wp-content\/uploads\/2018\/10\/Za\u013c\u0161-tautastribunals.eu_-4-800x112.png 800w\" sizes=\"(max-width: 1365px) 100vw, 1365px\" \/><\/strong><\/span><\/h2>\n<h2><span style=\"color: #0000ff;\"><em>Vilors Eihmanis LVB<\/em><\/span><\/h2>\n<hr \/>\n<h2><span style=\"color: #003300;\"><strong>Marina Koste\u0146ecka uz k\u0101du jaut\u0101jumu atbild:<\/strong><\/span><\/h2>\n<p><span style=\"color: #003300;\"><strong><img decoding=\"async\" loading=\"lazy\" class=\"alignleft wp-image-47003\" src=\"https:\/\/tautastribunals.eu\/wp-content\/uploads\/2018\/10\/Marina-Kosta\u0146ecka.L.-Granti\u0146\u0161LRTT.jpg\" alt=\"\" width=\"287\" height=\"258\" \/>Pirmie<\/strong>, kas ciet\u012bs, b\u016bs \u010dekas dokumentos uzr\u0101d\u012bto cilv\u0113ku b\u0113rni un mazb\u0113rni.<\/span><\/p>\n<p><span style=\"color: #003300;\">K\u0101 gan vi\u0146iem justies \u2013 atteikties no sava t\u0113va un neiet uz kapiem nolikt ziedus ?<\/span><\/p>\n<p><span style=\"color: #003300;\"><strong>Otrk\u0101rt<\/strong>, atrieb\u012bba vienm\u0113r ir salda \u2013 s\u0101ksies lin\u010da tiesas. Turkl\u0101t atrieb\u012bba skars jau n\u0101kam\u0101s paaudzes \u2013 tos, kuru t\u0113vu v\u0101rdus atrad\u012bs \u010dekas maisos, z\u0101k\u0101s par \u010dekistu, nodev\u0113ju atvas\u0113m. <\/span><\/p>\n<p><span style=\"color: #003300;\">Tas v\u0113l vair\u0101k sa\u0161\u0137els jau t\u0101pat tagad etniski sa\u0161\u0137elto Latvijas sabiedr\u012bbu. <\/span><\/p>\n<p><span style=\"color: #003300;\">Tik daudz latvie\u0161u jau pametu\u0161i <strong>Latviju,<\/strong> un, ja \u0161eit v\u0113l atliku\u0161ie s\u0101ks viens otru dal\u012bt pareizajos un nepareizajos p\u0113c sen\u010du nodar\u012bjumiem, kait\u0113jums b\u016bs milz\u012bgs.<\/span><\/p>\n<p><span style=\"color: #003300;\"><strong>Marina Koste\u0146ecka<\/strong> pareizi saka, ka tauta atsp\u0113l\u0113sies kolaborantiem <em>(\u010dekistiem, komunistiem).<\/em> <\/span><\/p>\n<p><span style=\"color: #003300;\">Ta\u010du tas nav kait\u0113jums tautai. <\/span><\/p>\n<p><span style=\"color: #003300;\">Nozagtais ir j\u0101atg\u016bst !<br \/>\n<\/span><\/p>\n<h2><span style=\"color: #ff0000;\">LRTT<\/span><\/h2>\n<p><span style=\"color: #003300;\">-T\u0101p\u0113c jau tik daudz latvie\u0161u ir pametu\u0161i <strong>Latviju,<\/strong> ka nav atjaunots<strong> Tiesiskums Rietumeiropas demokr\u0101tijas izpratn\u0113<\/strong>, bet tas laikam par gr\u016bti sagremojams \u0161ai<strong> \u201ctiesiskuma skaidrot\u0101jai\u201d<\/strong> !<\/span><\/p>\n<p><span style=\"color: #003300;\">K\u0101p\u0113c <strong>Latvija ir etniski sa\u0161\u0137elta<\/strong>, \u0161\u012b haz\u0101riete nev\u0113las izskaidrot, jo tad m\u0113s non\u0101kam pie okup\u0101cijas un koloniz\u0101cijas sek\u0101m ! Bet tas jau \u0161odienas kriev\u017e\u012bdiskaj\u0101 <strong>Latvij\u0101<\/strong> ir sl\u0113gts temats !<\/span><\/p>\n<p><span style=\"color: #003300;\">-Noziedznieki un vi\u0146u p\u0113cn\u0101c\u0113ji ir saglab\u0101ju\u0161i<strong> Latvij\u0101<\/strong> vald\u012b\u0161anas gro\u017eus un turpina t\u0101l\u0101k izn\u012bcin\u0101t to, kas v\u0113l palicis p\u0101ri !<\/span><\/p>\n<p><span style=\"color: #003300;\">-Protams, tas jau \u0161o <strong>&#8220;koste\u0146ecku&#8221;<\/strong> neinteres\u0113, jo vi\u0146a pieder pie to \u0161\u0137iras, kuri veica \u0161o \u0101rpr\u0101ta noziegumu pret <strong>Latvijas valsti<\/strong> un <strong>latvie\u0161u tautu<\/strong>.<\/span><\/p>\n<p><span style=\"color: #003300;\">Nav pirm\u0101 reize, kad \u0161\u012b <strong>&#8220;patri(j)ote&#8221;<\/strong> sagvel\u017e pret\u012b veselajam sapr\u0101tam un <strong>Tiesiskumam.<\/strong><\/span><\/p>\n<p><span style=\"color: #003300;\">\u0160\u012b p\u0101rgudriniece ir parakst\u012bjusi ar\u012b s\u0101tanista<a href=\"https:\/\/tautastribunals.eu\/?p=8517\"> <strong>Jura Rube\u0146a &#8220;Labas gribas manifestu&#8221;<\/strong><em>(las\u012bt)<\/em><\/a><em>,<\/em> kas satur \u0161\u0101du idiotismu:<span style=\"color: #0000ff;\"> <strong><em>\u201eM\u0113s apzin\u0101mies, ka vien\u012bgais ce\u013c\u0161, k\u0101 p\u0101rsp\u0113t pretrun\u012bg\u0101s pag\u0101tnes p\u0113das, ir savstarp\u0113ja piedo\u0161ana un atsac\u012b\u0161an\u0101s no r\u0113\u0137in\u0101\u0161anas \u2013 kur\u0161 vair\u0101k vain\u012bgs?\u201c<\/em><\/strong><\/span><\/span><\/p>\n<p><span style=\"color: #003300;\">Vai saprat\u0101t: \u0161\u012b rindkopa nost\u0101da latvie\u0161us un okupantus uz viena <strong>\u201cvain\u012bguma\u201d<\/strong> l\u012bme\u0146a !<\/span><\/p>\n<p><span style=\"color: #003300;\">Vi\u0146i, l\u016bk, r\u0113\u0137in\u0101\u0161ot, <strong><u>kur\u0161 vair\u0101k vain\u012bgs,- slepkava vai upuris<\/u><\/strong> !!!<\/span><\/p>\n<h2><span style=\"color: #003300;\">Tas ir kriev\u017e\u012bdisms vis\u0101 sav\u0101 spo\u017eum\u0101 !<\/span><\/h2>\n<p><span style=\"color: #003300;\"><strong><u>Dzintars \u0161aj\u0101 sakar\u0101 atg\u0101din\u0101ja<\/u><\/strong>:<span style=\"color: #0000ff;\"><em> Manupr\u0101t, lai k\u0101ds k\u0101dam piedotu, k\u0101dam kaut kas ir j\u0101no\u017e\u0113lo un j\u0101atz\u012bst k\u013c\u016bdas. Tekst\u0101 nav skaidrs, par kur\u0101m k\u013c\u016bd\u0101m ir runa. Ja par \u201ek\u013c\u016bdu\u201c nosauktu p\u0101rkrievo\u0161anu, kas kop\u0161 okup\u0101cijas laikiem nekad nav beigusies, tad j\u0101jaut\u0101, kur\u0161 ir ties\u012bgs to piedot vai nepiedot? Ko ietvertu piedo\u0161anas fakts? Un par ko piedo\u0161ana b\u016btu j\u0101l\u016bdz tiem iedz\u012bvot\u0101jiem, kas turas pie latviskas Latvijas m\u0113r\u0137a? Kur ir vi\u0146u \u201enesal\u012bdzin\u0101m\u0101\u201d vaina?\u201c<\/em><\/span><\/span><\/p>\n<p><span style=\"color: #003300;\">Dr\u012bz, notiks r\u0113\u0137inu sl\u0113g\u0161ana un t\u0101di <strong>\u201ckoste\u0146ecki &amp; co\u201d <\/strong>izlidos no<strong> Latvijas<\/strong> k\u0101 kor\u0137is no \u0161ampanie\u0161a pudeles !<\/span><\/p>\n<h2><span style=\"color: #003300;\">Okupantiem okupantu tiesa !<\/span><\/h2>\n<div>\n<p>Grib\u0113j\u0101s ko \u0161aj\u0101 sakar\u0101 sac\u012bt, bet k\u0101da <strong>Feisbuka<\/strong> lietot\u0101ja to bija <strong>vienreiz\u0113ji noformul\u0113jusi<\/strong>:<\/p>\n<\/div>\n<div class=\"UFICommentActorAndBodySpacing\"><a class=\" UFICommentActorName\" dir=\"ltr\" href=\"https:\/\/www.facebook.com\/larisa.kaire?fref=gc&amp;dti=112872298822010\" target=\"_self\" rel=\"dialog noopener\" data-ft=\"{&quot;tn&quot;:&quot;;&quot;}\" data-hovercard=\"\/ajax\/hovercard\/hovercard.php?id=100005181095974&amp;extragetparams=%7B%22is_public%22%3Afalse%2C%22hc_location%22%3A%22group%22%2C%22directed_target_id%22%3A%22112872298822010%22%7D\">Larisa Kaire<\/a> <span style=\"color: #0000ff;\"><em><span class=\"UFICommentBody\">Ak, beidziet t\u0101s glup\u012bbas par lin\u010da ties\u0101m. Nolin\u010doti esam m\u0113s &#8211; tie, kurus stu\u010d\u012bja un vaj\u0101 v\u0113l \u0161odien pa\u017eobel\u0113s pasl\u0113pu\u0161ies tarak\u0101ni un vi\u0146u b\u0113rne\u013ci. K\u0101da lin\u010da tiesa var b\u016bt, ja visa varas vertik\u0101le un ar\u012b pa horizont\u0101li pilna komunistiem, komjaunie\u0161iem un vi\u0146u jaunizgl\u012btotajiem, nu jau rietumiem klauv\u0113jo\u0161iem, sekot\u0101jiem?<\/span><\/em><\/span><\/div>\n<div><\/div>\n<div>02.11.18\u00a0\u00a0\u00a0\u00a0\u00a0 L. Granti\u0146\u0161<\/div>\n<h2><span style=\"color: #ff0000;\">\u0100rpus zonas zi\u0146as, kuras 4. maija kli\u0137e nepublic\u0113:<\/span><\/h2>\n<p>https:\/\/www.youtube.com\/watch?v=9g9xl975ZdA<\/p>\n<\/div>\n","protected":false},"excerpt":{"rendered":"<p>Vilors Eihmanis LVB Marina Koste\u0146ecka uz k\u0101du jaut\u0101jumu atbild: Pirmie, kas ciet\u012bs, b\u016bs \u010dekas dokumentos uzr\u0101d\u012bto cilv\u0113ku b\u0113rni un mazb\u0113rni. K\u0101 gan vi\u0146iem justies \u2013 atteikties no sava t\u0113va un neiet uz kapiem nolikt&#46;&#46;&#46;<\/p>\n","protected":false},"author":1,"featured_media":0,"comment_status":"open","ping_status":"open","sticky":false,"template":"","format":"standard","meta":[],"categories":[1],"tags":[],"_links":{"self":[{"href":"https:\/\/tautastribunals.eu\/index.php?rest_route=\/wp\/v2\/posts\/46904"}],"collection":[{"href":"https:\/\/tautastribunals.eu\/index.php?rest_route=\/wp\/v2\/posts"}],"about":[{"href":"https:\/\/tautastribunals.eu\/index.php?rest_route=\/wp\/v2\/types\/post"}],"author":[{"embeddable":true,"href":"https:\/\/tautastribunals.eu\/index.php?rest_route=\/wp\/v2\/users\/1"}],"replies":[{"embeddable":true,"href":"https:\/\/tautastribunals.eu\/index.php?rest_route=%2Fwp%2Fv2%2Fcomments&post=46904"}],"version-history":[{"count":21,"href":"https:\/\/tautastribunals.eu\/index.php?rest_route=\/wp\/v2\/posts\/46904\/revisions"}],"predecessor-version":[{"id":62191,"href":"https:\/\/tautastribunals.eu\/index.php?rest_route=\/wp\/v2\/posts\/46904\/revisions\/62191"}],"wp:attachment":[{"href":"https:\/\/tautastribunals.eu\/index.php?rest_route=%2Fwp%2Fv2%2Fmedia&parent=46904"}],"wp:term":[{"taxonomy":"category","embeddable":true,"href":"https:\/\/tautastribunals.eu\/index.php?rest_route=%2Fwp%2Fv2%2Fcategories&post=46904"},{"taxonomy":"post_tag","embeddable":true,"href":"https:\/\/tautastribunals.eu\/index.php?rest_route=%2Fwp%2Fv2%2Ftags&post=46904"}],"curies":[{"name":"wp","href":"https:\/\/api.w.org\/{rel}","templated":true}]}}