{"id":46469,"date":"2018-09-20T18:16:21","date_gmt":"2018-09-20T15:16:21","guid":{"rendered":"https:\/\/tautastribunals.eu\/?p=46469"},"modified":"2018-09-20T18:16:21","modified_gmt":"2018-09-20T15:16:21","slug":"runa-lasitaji-endijs-un-v-freimantals","status":"publish","type":"post","link":"https:\/\/tautastribunals.eu\/?p=46469","title":{"rendered":"Run\u0101 las\u012bt\u0101ji: &#8220;Endijs&#8221; un V. Freimant\u0101ls"},"content":{"rendered":"<table>\n<tbody>\n<tr>\n<td><img decoding=\"async\" loading=\"lazy\" class=\"alignleft wp-image-46476\" src=\"https:\/\/tautastribunals.eu\/wp-content\/uploads\/2018\/09\/J\u016bdiLRTT.Granti\u0146\u016116.marts_..png\" alt=\"\" width=\"612\" height=\"49\" srcset=\"https:\/\/tautastribunals.eu\/wp-content\/uploads\/2018\/09\/J\u016bdiLRTT.Granti\u0146\u016116.marts_..png 874w, https:\/\/tautastribunals.eu\/wp-content\/uploads\/2018\/09\/J\u016bdiLRTT.Granti\u0146\u016116.marts_.-300x24.png 300w, https:\/\/tautastribunals.eu\/wp-content\/uploads\/2018\/09\/J\u016bdiLRTT.Granti\u0146\u016116.marts_.-768x62.png 768w, https:\/\/tautastribunals.eu\/wp-content\/uploads\/2018\/09\/J\u016bdiLRTT.Granti\u0146\u016116.marts_.-800x64.png 800w\" sizes=\"(max-width: 612px) 100vw, 612px\" \/>Turpin\u0101jums iepriek\u0161 teiktajam:<\/p>\n<blockquote class=\"wp-embedded-content\" data-secret=\"9X1Vc4HXeI\"><p><a href=\"https:\/\/tautastribunals.eu\/?p=46441\">Las\u012bt\u0101js &#8222;Endijs&#8220;. Mums ir &#8222;piesviestas&#8220; pelavas&#8230;<\/a><\/p><\/blockquote>\n<p><iframe class=\"wp-embedded-content\" sandbox=\"allow-scripts\" security=\"restricted\" style=\"position: absolute; clip: rect(1px, 1px, 1px, 1px);\" src=\"https:\/\/tautastribunals.eu\/?p=46441&#038;embed=true#?secret=9X1Vc4HXeI\" data-secret=\"9X1Vc4HXeI\" width=\"500\" height=\"282\" title=\"&#8222;Las\u012bt\u0101js &#8222;Endijs&#8220;. Mums ir &#8222;piesviestas&#8220; pelavas&#8230;&#8220; &#8212; Latvijas Republikas tautas\" frameborder=\"0\" marginwidth=\"0\" marginheight=\"0\" scrolling=\"no\"><\/iframe><\/p>\n<p>Te s\u0101k ien\u0101kties pier\u0101d\u012bjumi:<\/p>\n<p><iframe loading=\"lazy\" width=\"500\" height=\"375\" src=\"https:\/\/www.youtube.com\/embed\/HvOdbz9AbsE?feature=oembed&#038;wmode=opaque\" frameborder=\"0\" allow=\"autoplay; encrypted-media\" allowfullscreen><\/iframe><\/p>\n<p>Specdienestu oper\u0101cij\u0101s sl\u0113gtas se\u0161as observatorijas, kas fiks\u0113 notikumus ap sauli, darbinieki un person\u0101ls izol\u0113ti, web kameras izsl\u0113gtas.<\/p>\n<p>\u0160\u0137\u012bv\u012b\u0161iem \u012bpa\u0161i neticu, bet ener\u0123ijas vilnis jau ir ce\u013c\u0101 un b\u016bs v\u0113l citi.<\/p>\n<p>Gaidiet nelie\u0161i, kr\u0101pnieki un nodev\u0113ji kam dv\u0113sele net\u012bra, j\u016bsu gals ir ce\u013c\u0101 !<\/p>\n<p><strong>Ar visu god\u012bgo cilv\u0113ku un dievu pal\u012bdz\u012bbu, tam j\u0101b\u016bt l\u012bdzv\u0113rt\u012bgi briesm\u012bgam j\u016bsu nodar\u012btajam latvie\u0161u tautai un visai cilv\u0113cei uz zemes<\/strong> !<\/p>\n<p><iframe loading=\"lazy\" width=\"500\" height=\"281\" src=\"https:\/\/www.youtube.com\/embed\/rqGg0BCtb4c?feature=oembed&#038;wmode=opaque\" frameborder=\"0\" allow=\"autoplay; encrypted-media\" allowfullscreen><\/iframe><\/p>\n<p>\u017d\u012bdi kabalisti vis\u0101 pasaul\u0113 aicina<strong> boikot\u0113t Izra\u0113lu k\u0101 \u013caunuma imp\u0113riju<\/strong> un <strong>Krievijas projektu<\/strong>. Vai tas k\u0101rt\u0113jo reizi nenor\u0101da uz to, ka<strong> Izra\u0113lu<\/strong> k\u0101 valsti patie\u0161\u0101m nolemts upur\u0113t, lai n\u0101kamos t\u016bksto\u0161s gadus var\u0113tu vaid\u0113t, bet pa\u0161i k\u016bd\u012bt\u0101ji pat<strong> Izra\u0113l\u0101<\/strong> biju\u0161i nav un ar t\u0101s iedz\u012bvot\u0101jiem tiem nek\u0101da sakara.<br \/>\nCik tipiski paz\u012bstams scen\u0101rijs.<br \/>\n<a href=\"https:\/\/www.youtube.com\/watch?v=uLhVfZ0OsgI\">https:\/\/www.youtube.com\/watch?v=uLhVfZ0OsgI<\/a><br \/>\n<a href=\"https:\/\/www.youtube.com\/watch?v=QcDFQb2k-2E\">https:\/\/www.youtube.com\/watch?v=QcDFQb2k-2E<\/a><br \/>\n<a href=\"https:\/\/www.youtube.com\/watch?v=CT8DKPfwss8\">https:\/\/www.youtube.com\/watch?v=CT8DKPfwss8<\/a><\/p>\n<hr \/>\n<hr \/>\n<hr \/>\n<hr \/>\n<h2><img decoding=\"async\" loading=\"lazy\" class=\"alignleft wp-image-46472\" src=\"https:\/\/tautastribunals.eu\/wp-content\/uploads\/2018\/09\/Valdis-Freimant\u0101lsL.Granti\u0146\u0161.LRTT3_-1.png\" alt=\"\" width=\"381\" height=\"108\" srcset=\"https:\/\/tautastribunals.eu\/wp-content\/uploads\/2018\/09\/Valdis-Freimant\u0101lsL.Granti\u0146\u0161.LRTT3_-1.png 744w, https:\/\/tautastribunals.eu\/wp-content\/uploads\/2018\/09\/Valdis-Freimant\u0101lsL.Granti\u0146\u0161.LRTT3_-1-300x85.png 300w\" sizes=\"(max-width: 381px) 100vw, 381px\" \/>V. Freimant\u0101ls:<\/h2>\n<p>Vis\u0101tr\u0101k m\u0113s<strong> Latviju<\/strong> atgrieztu pareizaj\u0101, latviskaj\u0101 gultn\u0113, ja iev\u0113l\u0113tu vismaz vienu c\u012bn\u012bt\u0101ju pret komunistu un \u010dekistu politi\u0137iem !<\/p>\n<p>C\u012bn\u012bt\u0101js var b\u016bt tikai t\u0101ds cilv\u0113ks, kur\u0161 ir cietis un cie\u0161 p\u0101rest\u012bbas no<strong> 4. maija valsts<\/strong>.<\/p>\n<p>Tikai t\u0101ds cilv\u0113ks, kam sv\u0113ta ir <strong>Latvijas br\u012bv\u012bbas c\u012bn\u012bt\u0101ju piemi\u0146a<\/strong> !<\/p>\n<p>Vilt\u012bgie komunisti ir liel\u0101kais \u0161\u0137\u0113rslis uz tiesisku un latvisku Latviju !<\/p>\n<p>Mums ir vajadz\u012bgs politi\u0137is \u201e<strong>BULDOGS<\/strong>\u201c, kas neizlaid\u012bs no zobiem pretinieku nekad !<\/p>\n<p>Tikai tuk\u0161ie r\u0113j\u0113ji nav politi\u0137a v\u0101rda cien\u012bgi.<\/p>\n<p>Ide\u0101ls variants b\u016btu, ja <strong>Helsinki 86<\/strong> piedal\u012btos v\u0113l\u0113\u0161an\u0101s ar <strong>Linardu Granti\u0146u <\/strong>priek\u0161gal\u0101!<\/p>\n<p>Tad b\u016btu skaidra runa un komunisti nob\u012btos pa \u012bstam ! <em>(\u010cekisti laikus aizb\u0113gtu uz \u0101rzem\u0113m!)<\/em><\/p>\n<p>Tauta ar 95% bals\u012bm noslauc\u012btu n\u012bstos kaklakungus no politisk\u0101s skatuves uz visiem laikiem !<\/p>\n<p>T\u0101 tas bija v\u0113l\u0113\u0161an\u0101s par <strong>Saeimas<\/strong> atlai\u0161anu.<\/p>\n<p>Pras\u0101s skaidra valoda !<\/p>\n<p>Un tikai <strong>Helsinki 86<\/strong> to run\u0101 !<\/p>\n<p>Laipo\u0161ana un lavier\u0113\u0161ana vairs neder !<\/p>\n<p>4. maija pretlatvisk\u0101 politika ir novedusi <strong>Latviju par\u0101du miljardos<\/strong> un demogr\u0101fisk\u0101 purv\u0101 <em>(katastrof\u0101)<\/em> !<\/p>\n<p>Pietiek pak\u013cauties \u010dekistu un komunistu bl\u0113\u017eu vienotajai, salied\u0113tajai pretlatviskajai bandai!<\/p>\n<p>Pietiek klaus\u012bties <strong>KGB<\/strong>istu <strong>\u201etvaika nolaid\u0113jos\u201c<\/strong> ! <em>(Tadi ir redzami ik uz so\u013ca).<\/em><\/p>\n<p>Apvienosim visas latvie\u0161u emigr\u0101cijas organiz\u0101cijas vien\u0101 varena d\u016br\u0113!<\/p>\n<p>Atgriez\u012bsim nacion\u0101lo pac\u0113lumu katram !<\/p>\n<p>Atgriez\u012bsim lepnumu tam, ka esam latvie\u0161i !<\/p>\n<p>Sav\u0101s viz\u012btkart\u0113s un pie m\u0101jas durv\u012bm nebaid\u012bsimies nor\u0101d\u012bt savu nacionalit\u0101ti !<\/p>\n<p>Igau\u0146i \u0161aj\u0101 zi\u0146\u0101 ir mums priek\u0161\u0101 <em>(lietuvie\u0161i ari).<\/em><\/p>\n<p>Patiesi labs raksts:<\/p>\n<blockquote class=\"wp-embedded-content\" data-secret=\"M6WQKjvz7m\"><p><a href=\"https:\/\/tautastribunals.eu\/?p=46422\">Pirms balso, &#8222;desmit reizes nom\u0113ri&#8220; !<\/a><\/p><\/blockquote>\n<p><iframe class=\"wp-embedded-content\" sandbox=\"allow-scripts\" security=\"restricted\" style=\"position: absolute; clip: rect(1px, 1px, 1px, 1px);\" src=\"https:\/\/tautastribunals.eu\/?p=46422&#038;embed=true#?secret=M6WQKjvz7m\" data-secret=\"M6WQKjvz7m\" width=\"500\" height=\"282\" title=\"&#8222;Pirms balso, &#8222;desmit reizes nom\u0113ri&#8220; !&#8220; &#8212; Latvijas Republikas tautas\" frameborder=\"0\" marginwidth=\"0\" marginheight=\"0\" scrolling=\"no\"><\/iframe><\/p>\n<p>Piln\u012bgi pareizi, ir 10 reizes j\u0101nomera pirms <strong>BALSO\u0160ANAS<\/strong> !<\/p>\n<hr \/>\n<hr \/>\n<hr \/>\n<h2><span style=\"color: #ff0000;\"><span style=\"color: #000000;\">L. Granti\u0146a piebilde:<\/span><\/span><\/h2>\n<p>Pareizi, <strong>Freimant\u0101la kungs,<\/strong> pietiktu tikai ar vienu <strong>LATVIETI\u00a0 Saeima<\/strong>, lai iz\u0161\u0137aid\u012btu \u0161o s\u0101tan\u017e\u012bdu sarkano nodev\u012bbas hidru.<\/p>\n<p>Vi\u0146i ar\u012b to saprot un t\u0101p\u0113c pieliek visas p\u016bles, lai mani nekur nepielaistu <em>(Bord\u0101na un Rubina atteikums) \u00a0<\/em>un pat cen\u0161as patais\u012bt par juku\u0161u<em>(K\u0101 to Izra\u0113las uzdevum\u0101 veic <strong>Lato Lapsa<\/strong> un <strong>Jur\u0123is Liepnieks<\/strong> sav\u0101 antilatviskaj\u0101 \u017e\u013curg\u0101: <strong>VARA- BAILES 2<\/strong> !) <\/em><\/p>\n<p>Jau tikai tad, kad es pieietu vienam no \u0161iem <strong>Saeimas de\u0123ener\u0101tiem<\/strong> kl\u0101t, no vi\u0146a biks\u0113m spiestos \u0101r\u0101 viss v\u0113dera saturs, ieskaitot smerdeli <strong>Kaimi\u0146u<\/strong> !<\/p>\n<h2>Bet tas viss v\u0113l ir priek\u0161\u0101 !<\/h2>\n<p>Neviens no \u0161iem izdzimte\u0146iem nepaliks bez <strong>ALGAS<\/strong> !<\/p>\n<p>20.09.18<\/p>\n<p><img decoding=\"async\" loading=\"lazy\" class=\"alignleft wp-image-46485\" src=\"https:\/\/tautastribunals.eu\/wp-content\/uploads\/2018\/09\/Izra\u0113laRasna\u010ds-Dintars-U\u0161akovsPutinsLRTTLatvija-Saeima.jpg\" alt=\"\" width=\"606\" height=\"169\" srcset=\"https:\/\/tautastribunals.eu\/wp-content\/uploads\/2018\/09\/Izra\u0113laRasna\u010ds-Dintars-U\u0161akovsPutinsLRTTLatvija-Saeima.jpg 977w, https:\/\/tautastribunals.eu\/wp-content\/uploads\/2018\/09\/Izra\u0113laRasna\u010ds-Dintars-U\u0161akovsPutinsLRTTLatvija-Saeima-300x84.jpg 300w, https:\/\/tautastribunals.eu\/wp-content\/uploads\/2018\/09\/Izra\u0113laRasna\u010ds-Dintars-U\u0161akovsPutinsLRTTLatvija-Saeima-768x214.jpg 768w, https:\/\/tautastribunals.eu\/wp-content\/uploads\/2018\/09\/Izra\u0113laRasna\u010ds-Dintars-U\u0161akovsPutinsLRTTLatvija-Saeima-800x223.jpg 800w\" sizes=\"(max-width: 606px) 100vw, 606px\" \/><\/td>\n<td><\/td>\n<\/tr>\n<\/tbody>\n<\/table>\n<p>&nbsp;<\/p>\n<p>&nbsp;<\/p>\n","protected":false},"excerpt":{"rendered":"<p>Turpin\u0101jums iepriek\u0161 teiktajam: Las\u012bt\u0101js &#8222;Endijs&#8220;. Mums ir &#8222;piesviestas&#8220; pelavas&#8230; Te s\u0101k ien\u0101kties pier\u0101d\u012bjumi: Specdienestu oper\u0101cij\u0101s sl\u0113gtas se\u0161as observatorijas, kas fiks\u0113 notikumus ap sauli, darbinieki un person\u0101ls izol\u0113ti, web kameras izsl\u0113gtas. \u0160\u0137\u012bv\u012b\u0161iem \u012bpa\u0161i neticu, bet&#46;&#46;&#46;<\/p>\n","protected":false},"author":1,"featured_media":0,"comment_status":"open","ping_status":"open","sticky":false,"template":"","format":"standard","meta":[],"categories":[1],"tags":[],"_links":{"self":[{"href":"https:\/\/tautastribunals.eu\/index.php?rest_route=\/wp\/v2\/posts\/46469"}],"collection":[{"href":"https:\/\/tautastribunals.eu\/index.php?rest_route=\/wp\/v2\/posts"}],"about":[{"href":"https:\/\/tautastribunals.eu\/index.php?rest_route=\/wp\/v2\/types\/post"}],"author":[{"embeddable":true,"href":"https:\/\/tautastribunals.eu\/index.php?rest_route=\/wp\/v2\/users\/1"}],"replies":[{"embeddable":true,"href":"https:\/\/tautastribunals.eu\/index.php?rest_route=%2Fwp%2Fv2%2Fcomments&post=46469"}],"version-history":[{"count":14,"href":"https:\/\/tautastribunals.eu\/index.php?rest_route=\/wp\/v2\/posts\/46469\/revisions"}],"predecessor-version":[{"id":46487,"href":"https:\/\/tautastribunals.eu\/index.php?rest_route=\/wp\/v2\/posts\/46469\/revisions\/46487"}],"wp:attachment":[{"href":"https:\/\/tautastribunals.eu\/index.php?rest_route=%2Fwp%2Fv2%2Fmedia&parent=46469"}],"wp:term":[{"taxonomy":"category","embeddable":true,"href":"https:\/\/tautastribunals.eu\/index.php?rest_route=%2Fwp%2Fv2%2Fcategories&post=46469"},{"taxonomy":"post_tag","embeddable":true,"href":"https:\/\/tautastribunals.eu\/index.php?rest_route=%2Fwp%2Fv2%2Ftags&post=46469"}],"curies":[{"name":"wp","href":"https:\/\/api.w.org\/{rel}","templated":true}]}}