{"id":4590,"date":"2011-03-13T12:02:18","date_gmt":"2011-03-13T10:02:18","guid":{"rendered":"http:\/\/tautastribunals.eu\/?p=4590"},"modified":"2011-03-13T12:13:18","modified_gmt":"2011-03-13T10:13:18","slug":"ie-n-dabolina-par-kadu-neertu-datumu","status":"publish","type":"post","link":"https:\/\/tautastribunals.eu\/?p=4590","title":{"rendered":"Ie.N. D\u0101boli\u0146a. Par k\u0101du ne\u0113rtu datumu"},"content":{"rendered":"<p><strong><span style=\"text-decoration: underline\"><span style=\"color: #003300\">No Ievas Nikoletas D\u0101boli\u0146as Dienasgr\u0101matas<\/span><\/span><\/strong><\/p>\n<p>\u00a0<img decoding=\"async\" loading=\"lazy\" class=\"alignleft size-full wp-image-4593\" src=\"http:\/\/tautastribunals.eu\/wp-content\/uploads\/2011\/03\/Ieva-Nikoleta-D\u0101boli\u0146a.jpg\" alt=\"Ieva Nikoleta D\u0101boli\u0146a\" width=\"154\" height=\"143\" \/><span style=\"color: #008000\"><strong>Latvie\u0161u le\u0123iona<\/strong> piemi\u0146as diena nu jau kuro gadu ir karsts kartupelis, ko vald\u012bba (ar\u012b pa\u0161vald\u012bba) p\u0101rsteidz\u012bgi ielikusi mut\u0113, s\u0113\u017eot pie smalka vies\u012bbu galda. <strong><span style=\"text-decoration: underline\">Ne mut\u0113 tur\u0113t, ne sp\u013caut \u0101r\u0101.<\/span><\/strong> Varb\u016bt vienk\u0101r\u0161i aizliegt kartupe\u013cus k\u0101 t\u0101dus? Vai ar\u012b &#8211; karstus kartupe\u013cus? Vai aizliegt likt tos mut\u0113, vai vismaz sp\u013caut \u0101r\u0101? Kaut ko aizliegt vajag, jo, lai gan nav \u012bsti skaidrs, k\u0101d\u0113\u013c vies\u012bb\u0101m tiek pied\u0113v\u0113ta starptautiska noz\u012bme, bet nesmuka t\u0101da vaikst\u012b\u0161an\u0101s pie galda izskat\u0101s. <\/span><\/p>\n<p><strong><span style=\"text-decoration: underline\"><span style=\"color: #008000\">Un kalps jau vienm\u0113r cen\u0161as iznesties v\u0113l svin\u012bg\u0101k par kungu.<\/span><\/span><\/strong><\/p>\n<p><span style=\"color: #008000\">\u00a0Kop\u0161 \u0161\u012b datuma<strong><span style=\"text-decoration: underline\"> izme\u0161anas<\/span><\/strong> no atz\u012bm\u0113jamo un sv\u0113tku diena kalend\u0101ra, tas ieguvis ikgad\u0113ja klusa protesta skan\u0113jumu. Ska\u013cumu tam vien piedod tie pa\u0161i, par kuru bezatbild\u012bgo neiejauk\u0161anos jeb apzin\u0101tu nodev\u012bbu vecie le\u0123ion\u0101ri, vi\u0146u pieder\u012bgie un citi ar norm\u0101lu nacion\u0101lo pa\u0161apzi\u0146u un v\u0113stures zin\u0101\u0161an\u0101m apvelt\u012bti cilv\u0113ki netie\u0161i run\u0101, \u0161aj\u0101 dien\u0101 ejot pie <strong>Br\u012bv\u012bbas pieminek\u013ca.<\/strong><\/span><\/p>\n<p><span style=\"color: #008000\">\u00a0Piekr\u012btu, ka \u0161is datums, kad<strong> Krievij\u0101<\/strong> pie <strong>Ve\u013cikajas <\/strong>satik\u0101s un pirmo reizi kop\u0101 c\u012bn\u012bj\u0101s abas <strong>latvie\u0161u le\u0123iona div\u012bzijas<\/strong>, nav lo\u0123isks un argument\u0113ts, ja gribam piemin\u0113t mazas tautas p\u0101rst\u0101vju pa\u0161izn\u012bcino\u0161o c\u012b\u0146u sve\u0161u un naid\u012bgu sp\u0113ku lab\u0101. Vai lab\u0101k b\u016btu bijis izv\u0113l\u0113ties dienu, kad Hitlers parakst\u012bja pav\u0113li par<strong> \u201eLatvie\u0161u SS br\u012bvpr\u0101t\u012bgo le\u0123iona\u201d<\/strong> dibin\u0101\u0161anu (1943.gada 10.febru\u0101r\u012b), vai k\u0101du citu dienu? \u0160\u0101 vai t\u0101 \u2013 Latvie\u0161u le\u0123ions aptv\u0113ra tikai aptuveni <strong>30\u00a0000<\/strong> no vismaz <strong>150\u00a0000<\/strong> latvie\u0161u v\u012bru, kas piespiedu k\u0101rt\u0101 un br\u012bvpr\u0101t\u012bgi jau karoja v\u0101cu pus\u0113.<\/span><\/p>\n<p><span style=\"color: #008000\">\u00a0Es dom\u0101ju, ka par pamatu \u0161\u012b datuma izv\u0113l\u0113 bija puiciska brav\u016bra un v\u0113l\u0113\u0161an\u0101s atcer\u0113ties priekpiln\u0101s tik\u0161an\u0101s br\u012bdi, nevis neizm\u0113rojamos zaud\u0113jumus un cie\u0161anas, ko kopum\u0101 sag\u0101d\u0101ja k\u0101rt\u0113j\u0101 c\u012b\u0146a zem sve\u0161a karoga, bet t\u0101ds nu tas ir. Un ja tas t\u0101, tad cienot visus iemeslus,<strong><span style=\"text-decoration: underline\"> k\u0101d\u0113\u013c tie\u0161i tik daudzi latvie\u0161u v\u012bri aizg\u0101ja le\u0123ion\u0101<\/span><\/strong> un ar\u012b vi\u0146u naivo tic\u012bbu Br\u012bv\u012bbas c\u012b\u0146u scen\u0101rijam, j\u0101pie\u0146em \u0161is vi\u0146u izv\u0113l\u0113tais datums.<\/span><\/p>\n<p><span style=\"color: #008000\">Un kalpa gara aps\u0113sto sauk\u0161ana p\u0113c pragmatisma un apel\u0113\u0161ana pie veco v\u012bru sirdsapzi\u0146as, \u201estarptautisk\u0101 kauna un negoda\u201d ar katru gadu k\u013c\u016bst arvien pazemojo\u0161\u0101ka ar\u012b pa\u0161iem sauc\u0113jiem. Pajaut\u0101 kuram latvietim gribi \u2013<span style=\"color: #003300\"><span style=\"text-decoration: underline\"><strong> p\u0101rsvar\u0101 visiem vect\u0113vi vai citi vec\u0101ka gadag\u0101juma radinieki c\u012bn\u012bju\u0161ies tie\u0161i v\u0101cu pus\u0113. <\/strong><\/span><\/span><\/span><\/p>\n<p><span style=\"color: #008000\"><span style=\"color: #003300\"><span style=\"text-decoration: underline\"><span style=\"color: #008000\"><strong>K\u0101d\u0113\u013c ?<\/strong> <\/span><\/span><\/span><\/span><\/p>\n<p><span style=\"color: #008000\"><strong><span style=\"text-decoration: underline\">Vai tie\u0161\u0101m tas v\u0113l j\u0101jaut\u0101?<\/span><\/strong><\/span><\/p>\n<p><span style=\"color: #008000\"><strong><span style=\"text-decoration: underline\">\u00a0Vai tie\u0161\u0101m v\u0113l k\u0101dam j\u0101skaidro?<\/span><\/strong><\/span><\/p>\n<p><span style=\"color: #008000\"><strong>\u00a0Laikam gan. <\/strong><\/span><\/p>\n<p><span style=\"color: #008000\">Ja t\u0101, tad nep\u0101rtraukta \u0161\u012b skaidr\u0101s un nep\u0101rprotam\u0101s nost\u0101jas pau\u0161ana <strong>\u201egan uz iek\u0161u, gan uz \u0101ru\u201d<\/strong> noteikti ir <strong>LR \u0100M,<\/strong> valsts augst\u0101ko amatpersonu un latvie\u0161u inteli\u0123ences <strong><span style=\"text-decoration: underline\">sv\u0113ts pien\u0101kums<\/span><\/strong> pret savu tautu.<\/span><\/p>\n<p><span style=\"color: #008000\">\u00a0<strong>Bez l\u012bkmugur\u012bg\u0101s klan\u012b\u0161an\u0101s Rietumu un Austrumu virzien\u0101,<\/strong> atvaino\u0161an\u0101s par sve\u0161iem gr\u0113kiem <strong>(Vairas V\u012b\u0137es-Freibergas atvaino\u0161an\u0101s pasaules ebreju kopienai par holokaustu, kuru realiz\u0113ja Hitlera V\u0101cija) <\/strong>utt. nek\u0101das nost\u0101jas pau\u0161anas un skaidro\u0161anas no tautas p\u0101rst\u0101vju puses praktiski nav.<\/span><\/p>\n<p><strong><span style=\"color: #008000\">\u00a0Un (ak tu pi\u0137is un z\u0113vele!) atkal tas 16.marts &#8211; ne saukts, ne gaid\u012bts \u2013 ir kl\u0101t!<\/span><\/strong><\/p>\n<p><strong><span style=\"color: #008000\">================================================<\/span><\/strong><\/p>\n<p><strong><span style=\"color: #008000\"><img decoding=\"async\" loading=\"lazy\" class=\"alignleft size-full wp-image-4592\" src=\"http:\/\/tautastribunals.eu\/wp-content\/uploads\/2011\/03\/Latvie\u0161i.jpg\" alt=\"Latvie\u0161i\" width=\"215\" height=\"168\" \/>R\u012bgas Latvie\u0161u biedr\u012bba iel\u016bdz uz Latvie\u0161u le\u0123iona piemi\u0146as dienas pas\u0101kumu<\/span><\/strong><\/p>\n<p><strong><span style=\"color: #003300\">\u00a0\u201cZEM SVE\u0160IEM KAROGIEM, AR LATVIJU SIRD\u012a\u201d<\/span><\/strong><\/p>\n<p><span style=\"color: #008000\">\u00a0R\u012bgas Latvie\u0161u biedr\u012bbas nama BALTAJ\u0100 z\u0101l\u0113 2011.gada 16.mart\u0101 no plkst. 19:00 l\u012bdz 21:00<\/span><\/p>\n<p><span style=\"color: #008000\">\u00a0Sav\u0101s atmi\u0146\u0101s dal\u012bsies Saeimas deput\u0101ts, biju\u0161ais le\u0123ion\u0101rs Visvaldis L\u0101cis un Latvijas Nacion\u0101lo karav\u012bru biedr\u012bbas priek\u0161s\u0113d\u0113t\u0101js Edgars Skreija.<\/span><\/p>\n<p><span style=\"color: #008000\">Par 1944.g. marta kauju par virsotni 93,4 st\u0101st\u012bs v\u0113sturnieks Guntis Kalme.<\/span><\/p>\n<p><span style=\"color: #008000\">Sp\u0113ku un sparu pie\u0161\u0137irs v\u012bru kopas VILKI dzied\u0101t\u0101s karav\u012bru dziesmas.<\/span><\/p>\n<p><span style=\"color: #008000\">Pas\u0101kums ir bezmaksas, ikviens m\u012b\u013ci gaid\u012bts!<\/span><\/p>\n<p><span style=\"color: #008000\">\u00a0<\/span><strong><span style=\"color: #008000\">CITI PAS\u0100KUMI 16.mart\u0101: <\/span><\/strong><\/p>\n<p><strong><span style=\"color: #008000\">Latvie\u0161u le\u0123ion\u0101riem velt\u012btais Piemi\u0146as dievkalpojums Doma bazn\u012bc\u0101 plkst. 10:30, <\/span><\/strong><\/p>\n<p><strong><span style=\"color: #008000\">vada m\u0101c\u012bt\u0101js Guntis Kalme.<\/span><\/strong><\/p>\n<p><strong><span style=\"color: #008000\">P\u0113c dievkalpojuma ap plkst. 11:30 ziedu nolik\u0161ana pie Br\u012bv\u012bbas pieminek\u013ca. <\/span><\/strong><\/p>\n<p><strong><span style=\"color: #008000\">Plkst. 13:00 atceres br\u012bdis Lestenes br\u0101\u013cu kapos.<\/span><\/strong><\/p>\n<p><span style=\"color: #008000\"><em><span style=\"color: #000000\">13.03.11<\/span><\/em><\/span><\/p>\n","protected":false},"excerpt":{"rendered":"<p>No Ievas Nikoletas D\u0101boli\u0146as Dienasgr\u0101matas \u00a0Latvie\u0161u le\u0123iona piemi\u0146as diena nu jau kuro gadu ir karsts kartupelis, ko vald\u012bba (ar\u012b pa\u0161vald\u012bba) p\u0101rsteidz\u012bgi ielikusi mut\u0113, s\u0113\u017eot pie smalka vies\u012bbu galda. Ne mut\u0113 tur\u0113t, ne sp\u013caut \u0101r\u0101.&#46;&#46;&#46;<\/p>\n","protected":false},"author":6,"featured_media":0,"comment_status":"open","ping_status":"open","sticky":false,"template":"","format":"standard","meta":[],"categories":[1],"tags":[],"_links":{"self":[{"href":"https:\/\/tautastribunals.eu\/index.php?rest_route=\/wp\/v2\/posts\/4590"}],"collection":[{"href":"https:\/\/tautastribunals.eu\/index.php?rest_route=\/wp\/v2\/posts"}],"about":[{"href":"https:\/\/tautastribunals.eu\/index.php?rest_route=\/wp\/v2\/types\/post"}],"author":[{"embeddable":true,"href":"https:\/\/tautastribunals.eu\/index.php?rest_route=\/wp\/v2\/users\/6"}],"replies":[{"embeddable":true,"href":"https:\/\/tautastribunals.eu\/index.php?rest_route=%2Fwp%2Fv2%2Fcomments&post=4590"}],"version-history":[{"count":8,"href":"https:\/\/tautastribunals.eu\/index.php?rest_route=\/wp\/v2\/posts\/4590\/revisions"}],"predecessor-version":[{"id":4600,"href":"https:\/\/tautastribunals.eu\/index.php?rest_route=\/wp\/v2\/posts\/4590\/revisions\/4600"}],"wp:attachment":[{"href":"https:\/\/tautastribunals.eu\/index.php?rest_route=%2Fwp%2Fv2%2Fmedia&parent=4590"}],"wp:term":[{"taxonomy":"category","embeddable":true,"href":"https:\/\/tautastribunals.eu\/index.php?rest_route=%2Fwp%2Fv2%2Fcategories&post=4590"},{"taxonomy":"post_tag","embeddable":true,"href":"https:\/\/tautastribunals.eu\/index.php?rest_route=%2Fwp%2Fv2%2Ftags&post=4590"}],"curies":[{"name":"wp","href":"https:\/\/api.w.org\/{rel}","templated":true}]}}