{"id":45809,"date":"2018-08-16T23:34:12","date_gmt":"2018-08-16T20:34:12","guid":{"rendered":"https:\/\/tautastribunals.eu\/?p=45809"},"modified":"2018-08-18T01:52:39","modified_gmt":"2018-08-17T22:52:39","slug":"sandra-brike-okupanti-ir-dala-no-musu-tautas","status":"publish","type":"post","link":"https:\/\/tautastribunals.eu\/?p=45809","title":{"rendered":"Sandra Bri\u0137e. Okupanti ir da\u013ca no m\u016bsu tautas ! (papildin\u0101ts)"},"content":{"rendered":"<p><img decoding=\"async\" loading=\"lazy\" class=\"alignleft wp-image-45920\" src=\"https:\/\/tautastribunals.eu\/wp-content\/uploads\/2018\/08\/www.tautastribunals.eu-1411-1.png\" alt=\"\" width=\"629\" height=\"88\" srcset=\"https:\/\/tautastribunals.eu\/wp-content\/uploads\/2018\/08\/www.tautastribunals.eu-1411-1.png 950w, https:\/\/tautastribunals.eu\/wp-content\/uploads\/2018\/08\/www.tautastribunals.eu-1411-1-300x42.png 300w, https:\/\/tautastribunals.eu\/wp-content\/uploads\/2018\/08\/www.tautastribunals.eu-1411-1-768x108.png 768w, https:\/\/tautastribunals.eu\/wp-content\/uploads\/2018\/08\/www.tautastribunals.eu-1411-1-800x112.png 800w\" sizes=\"(max-width: 629px) 100vw, 629px\" \/>Labpr\u0101t grib\u0113tu zin\u0101t, <b>Bri\u0137es kundze<\/b>, vai \u0161is ir J\u016bsu koment\u0101rs:<\/p>\n<div class=\"inf\">\n<h3>Sandra Bri\u0137e<\/h3>\n<p><small>03.08.2018. 09:47<\/small><\/p>\n<p><strong>Pilnu koment\u0101ru saraksti variet las\u012bt \u0161eit:<\/strong> <a href=\"http:\/\/pietiek.com\/raksti\/atklata_vestule_lato_lapsam\/komentari\/1\">http:\/\/pietiek.com\/raksti\/atklata_vestule_lato_lapsam\/komentari\/1<\/a><\/p>\n<\/div>\n<hr \/>\n<hr \/>\n<hr \/>\n<hr \/>\n<p class=\"quotedname\"><span style=\"color: #ff0000;\"><strong>Vai tie\u0161\u0101m, Sandra<\/strong><\/span><em>(k\u0101da las\u012bt\u0101ja koment\u0101rs uz kuru Bri\u0137e atbild)<\/em><strong>?<\/strong><\/p>\n<p class=\"quotedtext\">Valsts gl\u0101b\u0161anas programa? No k\u0101 valsts j\u0101gl\u0101bj? Vai to var izdar\u012bt ar programu? Ar TV programu av\u012bzes izskat\u0101 tikai mu\u0161u var nosist! Lai gl\u0101btu valsti k\u0101 t\u0101du.. un k\u0101p\u0113c? Un k\u0101 v\u0101rd\u0101? Gl\u0101bt gl\u0101b\u0161anas p\u0113c? Jums j\u0101saprot, ka ar migr\u0101ciju cionisti nomaina n\u0101cijvalstis uz valstsn\u0101cij\u0101m. Kuru esat gatava gl\u0101bt? K\u0101 gan to var izdar\u012bt bez naudas l\u012bdzek\u013ciem? Ar krievvalod\u012bgajiem un migrantiem?<\/p>\n<hr class=\"clearer\" \/>\n<p><img decoding=\"async\" loading=\"lazy\" class=\"alignleft wp-image-44352\" src=\"https:\/\/tautastribunals.eu\/wp-content\/uploads\/2018\/04\/Sandra-Bri\u0137e-L.-Granti\u0146\u0161.-LRTT.Rasna\u010ds1-226x300.png\" alt=\"\" width=\"202\" height=\"268\" \/><span style=\"color: #ff0000;\"><strong>Sandra Bri\u0137e<\/strong><\/span><em><span style=\"color: #ff0000;\">:<\/span>Lai gan cer\u012bbu maz, tom\u0113r j\u0101izmanto katra iesp\u0113ja, jo \u0161\u012b galu gal\u0101 ir m\u016bsu kopt\u0101 zeme un M\u0101jas.<\/em><\/p>\n<p><em> <span style=\"color: #000000;\"><b><u>Krievvalod\u012bgie ir da\u013ca no m\u016bsu tautas <\/u><\/b><\/span>un iest\u0101des ar saviem pa\u0146\u0113mieniem iz\u0161\u0137\u012bra ne tikai jaukt\u0101s \u0123imenes un liedza pilson\u012bbu \u0161eit ilgsto\u0161i dz\u012bvojo\u0161iem, bet t\u0101d\u0101 pa\u0161\u0101 veid\u0101 to liedza lietuvie\u0161iem, kas dz\u012bvo ilgsto\u0161i Latvij\u0101 un run\u0101 latvie\u0161u valod\u0101, bet da\u017es labs latvietis nav iem\u0101c\u012bjies latvie\u0161u valodu. <\/em><\/p>\n<p><em>Es redz\u0113ju k\u0101 imigr\u0101cijas dienesti, pasu galdi, Naturaliz\u0101cijas p\u0101rvalde cilv\u0113kus pazemoja. T\u0101tad. ne jau taut\u012bb\u0101 ir probl\u0113ma, bet probl\u0113m\u0101 ir galv\u0101, taisn\u012bgum\u0101 un sirdsapzi\u0146\u0101, un to, ko ir<u><b><span style=\"color: #000000;\"> izdar\u012bju\u0161i gan v\u0113stur\u0113 pa\u0161i latvie\u0161i saviem tautie\u0161iem un mani biju\u0161ie kol\u0113\u0123i latvie\u0161i aiz skaud\u012bbas un zemiskiem instiktiem pier\u0101da, ka lielai da\u013cai latvie\u0161u nav v\u0113lmes saglab\u0101t \u0161o Zemi<\/span>,<\/b><\/u> valsti un b\u0113rniem \u0161eit n\u0101kotni, bet varas un &#8221; kr\u0113sla&#8221;d\u0113\u013c ir gatavi &#8221;p\u0101rgrauzt viens otram r\u012bkli. <\/em><\/p>\n<p><em>\u0160aj\u0101 valst\u012b cilv\u0113kties\u012bbas tiek p\u0101rk\u0101ptas katr\u0101 jom\u0101 un gandr\u012bz pret katru cilv\u0113ku, bet man \u0161eit j\u0101paliek dz\u012bvot, varb\u016bt pied\u0101v\u0101siet citu valsti, uz kuru p\u0101rcelties!<\/em><\/p>\n<hr \/>\n<hr \/>\n<hr \/>\n<hr \/>\n<p>Ceru sagaid\u012bt atbildi !<\/p>\n<p>Veiksmi un vesel\u012bbu !<\/p>\n<p>L. Granti\u0146\u0161<\/p>\n<hr \/>\n<hr \/>\n<hr \/>\n<hr \/>\n<h2>L\u016bk, Bri\u0137es kundzes atbilde:<\/h2>\n<div class=\"_rp_m1 rpHighlightAllClass rpHighlightFromClass _rp_D2 ms-font-l ms-fwt-r _rp_X1 allowTextSelection ms-fcl-np\">\n<div>\n<div>\n<div>\n<div class=\"_rp_38 _rp_48\">\n<div class=\"_pe_d _pe_C1 _pe_92 _pe_i\" tabindex=\"0\" role=\"button\" aria-expanded=\"false\" aria-label=\"Persona-Karte\" aria-haspopup=\"true\"><a href=\"mailto:saulescels@apollo.lv\"><span class=\"_pe_l\"> <span class=\"bidi allowTextSelection\" aria-label=\"Von saulescels@apollo.lv. Dr\u00fccken Sie die EINGABETASTE, um die Visitenkarte zu \u00f6ffnen.\">saulescels@apollo.lv<\/span> <\/span><\/a><\/div>\n<\/div>\n<\/div>\n<\/div>\n<\/div>\n<\/div>\n<p><span class=\"allowTextSelection\" title=\"Mi 08.08.2018 19:20\">Mi 08.08, 19:20<\/span><span class=\"_rw_b\" tabindex=\"-1\"><span class=\"_rw_8 PersonaPaneLauncher\" tabindex=\"-1\"><span class=\"_pe_l _pe_G _pe_Y1 bidi _pe_m1 ms-font-s _pe_S allowTextSelection\">Sie<\/span><\/span><\/span><\/p>\n<div class=\"_rp_C5 rpHighlightAllClass rpHighlightBodyClass allowTextSelection\">\n<div>\n<div id=\"Item.MessageNormalizedBody\" class=\"_rp_D5 ms-font-weight-regular ms-font-color-neutralDark\" tabindex=\"-1\" role=\"presentation\">\n<div class=\"rps_2f4e\">\n<div>\n<div dir=\"\">\n<p>Labvakar! Paldies par vesel\u012bbas v\u0113l\u0113jumiem, nu jau lab\u0101k.<\/p>\n<p>Es nezinu, ko J\u016bs ar to gribat teikt, bet man par notieko\u0161o Latvij\u0101 ir daudz inform\u0101cijas un tas, kas tagad notiek, nav viennoz\u012bm\u012bgi. Es dom\u0101ju, ka pa vidu ir daudz provok\u0101cijas, un J\u016bs k\u0101 civiliedz\u012bvot\u0101js daudz ko nezin\u0101t, kas kur\u0101 br\u012bd\u012b notika, ko dar\u012bja un dom\u0101ja tie, kas bija pie valsts varas, p\u0101rvaldes\u00a0un pa\u0161vald\u012bbas iest\u0101d\u0113s!!!\u00a0\u00a0<strong>J\u0101, tas ir mans koment\u0101rs<\/strong>, un mani kol\u0113\u0123i Liep\u0101jas Izmekl\u0113\u0161anas da\u013c\u0101 bija gan ukrai\u0146i, gan krievi, gan baltkrievi u.c. ar augstu profesionalit\u0101ti un atbild\u012bbas saj\u016btu un respekt\u0113ja likumu, z\u0101dz\u012bbas, laup\u012b\u0161anas slepkav\u012bbas tika atkl\u0101tas \u0101tri un efekt\u012bvi, lietas bija izmekl\u0113tas kvalitat\u012bvi nevis k\u0101 tagad safabric\u0113tas vai netiek izmekl\u0113tas nemaz. Man tagad draudzenei Aizput\u0113 2 reizes \u013caunpr\u0101t\u012bgi dedzin\u0101ja m\u0101ju, zaud\u0113jums vair\u0101k k\u0101 200000, pirm\u0101 reiz\u0113 par krimin\u0101lprocesu neuzs\u0101ka un apskati neizdar\u012bja, otr\u0101\u00a0 reiz\u0113 m\u0113s 2 ned\u0113\u013cas zvan\u012bj\u0101m da\u017e\u0101d\u0101m amatperson\u0101m, lai kaut ko dara, un tad es ar pirkstu g\u0101ju r\u0101d\u012bt, kas noticis un atspogu\u013co dokumentos, rakst\u012bju visus dokumentus priek\u0161\u0101 utt.\u00a0 Tiek nogalin\u0101ti cilv\u0113ki, bet lietas nav izmekl\u0113tas. Nejauciet ar VDK dienestiem, tiem bija cita kompetence un savi panti, un vi\u0146us vad\u012bja komunisti, kas tagad ir pie varas. Es biju zin\u0101m\u0101 m\u0113r\u0101 disidente padomju laik\u0101 un ar\u012b tagad, bet kam tad manas zin\u0101\u0161anas, god\u012bgums un atbild\u012bba ir vajadz\u012bga, kam ir vajadz\u012bgs, ka esmu sakopusi \u0161\u012bs zemes st\u016br\u012bti un par to<strong> c\u012bn\u012bjusies, tic\u0113jusi, ka ir iesp\u0113jams taisn\u012bgums un demokr\u0101tija!<\/strong> Tolaik, lai personu aiztur\u0113tu (ne par VDK liet\u0101m), bija j\u0101b\u016bt pietiekamam likum\u012bgam pamatam, lai apcietin\u0101tu v\u0113l liel\u0101kam pamatam,\u00a0lai apcietin\u0101jumu pagarin\u0101tu, m\u0113s visu laiku braucam uz R\u012bgu uz \u0123ener\u0101lprokurat\u016bru, kur lietas tika \u0137id\u0101tas un mums &#8221;mazg\u0101tas galvas, k\u0101p\u0113c t\u0101s tiek tik ilgi izmekl\u0113tas. Lietas, kur\u0101s bija apcietin\u0101tie bija j\u0101pabeidz 2 m\u0113ne\u0161u laik\u0101, iz\u0146\u0113muma k\u0101rt\u0101 var\u0113ja apcietin\u0101jumu pagarin\u0101t. T\u0101da visat\u013caut\u012bba un likuma ignorance k\u0101 notiek tagad, pr\u0101tam nav aptverams. \u0160iem profesion\u0101\u013ciem, kas bija mani kol\u0113\u0123i un mana v\u012bra kol\u0113\u0123iem, nedeva re\u0123istr\u0101ciju k\u0101 Latvijas iedz\u012bvot\u0101jiem, kur nu v\u0113l pilso\u0146iem, lai gan liela da\u013ca bija \u013coti loj\u0101la Latvijai un <strong>da\u017ek\u0101rt liel\u0101ki patrioti k\u0101 pa\u0161i latvie\u0161i<\/strong>. Vi\u0146iem te bija \u0123imenes , vec\u0101ki, bet vi\u0146i bija spiesti aizbraukt, kur ie\u0146\u0113ma labus amatus k\u0101 profesion\u0101\u013ci sav\u0101 jom\u0101, bet atva\u013cin\u0101jumos brauca pie saviem vec\u0101kiem uz Liep\u0101ju. Mans v\u012brs str\u0101d\u0101ja rajona policij\u0101(tolaik milicij\u0101) un vi\u0146\u0161 man zvana un saka, ko lai dara, ka profesion\u0101liem darbiniekiem izj\u016bk \u0123imenes, jo apprec\u0113ju\u0161i cittaut\u012bbnieku, lai es eju un run\u0101ju uz pasu da\u013cu, kas te notiek? Es aizg\u0101ju pie pasu da\u013cas priek\u0161nieces A.Reinholdes un vi\u0146a man atbild, ka nevajadz\u0113ja ar krievu prec\u0113ties. Kad 1991.gad\u0101q 20.janv\u0101r\u012b mans v\u012brs organiz\u0113ja un vad\u012bja milicijas darbinieku br\u012bvpr\u0101t\u012bgo grupu uz R\u012bgu, kur uzbruka Iek\u0161lietu ministrijai un no\u0161\u0101va Bauskas mili\u010dus, vi\u0146a grup\u0101 pieteic\u0101s ar\u012b krievvalod\u012bgie no pils\u0113tas milicijas (kop\u0101 tikai 2 mikroautobusi)<strong>, bet latvie\u0161i nosl\u0113p\u0101s<\/strong>. Es tad dom\u0101ju, ja tas slikti beigsies, mani izs\u016bt\u012bs lab\u0101k\u0101 gad\u012bjum\u0101 uz Sib\u012briju vai ieliks cietum\u0101, un es visu laiku nos\u0113d\u0113ju pils\u0113tas milicijas de\u017e\u016brda\u013c\u0101 (biju tai laik\u0101 izmekl\u0113t\u0101ja), kur vien\u012bg\u0101 vieta, kur bija telev\u012bzors, un bija kaujas situ\u0101cija, un v\u0113roju, kas notiek, un teik\u0161u- bija diezgan baisi. <strong>M\u016bsu latvie\u0161u b\u0101l\u0113li\u0146\u0161<\/strong> nepilngad\u012bgo lietu inspektors \u0112riks \u0160t\u0101lbergs, tagad slavens advok\u0101ts, n\u0101ca uz de\u017e\u016brda\u013cu un \u0146irg\u0101j\u0101s par to, k\u0101 \u0161auj uz Bauskas kol\u0113\u0123iem, par ko es vi\u0146am aizr\u0101d\u012bju. Pateicos Dievam, ka l\u012bdz mana v\u012bra vad\u012bt\u0101 grupa aizbrauca uz R\u012bgu lielais uzbrukums beidz\u0101s. Kad mans v\u012brs ar grupu grib\u0113ja apmesties k\u0101d\u0101 no R\u012bgas milicijas da\u013c\u0101m, vi\u0146us tur neielaida, bija iesl\u0113gu\u0161ies, pateica, ka vi\u0146i neiejauksies un ieteica neiejaukties ar\u012b Jura Bri\u0137a vad\u012btai grupai, bet vi\u0146i tom\u0113r palika R\u012bg\u0101. Tad notika cilv\u0113k pazemo\u0161anas da\u017e\u0101d\u0101s pilson\u012bbas un migr\u0101cijas liet\u0101s, <strong>lai gan cilv\u0113ks bija ilgsto\u0161i dz\u012bvojis Latvij\u0101<\/strong>, pat dzimis,<strong>\u00a0 to nere\u0123istr\u0113ja, provokatoriski par vi\u0146iem\u00a0\u0146irg\u0101j\u0101s<\/strong> utt.- ar\u012b par tiem , kas bija patrioti un izr\u0101d\u012bja lojalit\u0101ti. Visiem labi zin\u0101ms,<strong> k\u0101 cilv\u0113kus izs\u016bt\u012bja uz Sib\u012briju &#8211; kaimi\u0146\u0161 kaimi\u0146u nodeva, un &#8221;d&#8230;\u0101&#8221; l\u012bd\u0113ji,<\/strong> <strong>t\u0101pat k\u0101 tagad nodod savus l\u012bdzcilv\u0113kus<\/strong>. Es vienu br\u012bdi grib\u0113ju atteikties no Latvijas pilson\u012bbas, <strong>cik man daudz \u013cauna ir nodar\u012bjusi \u0161\u012b valsts<\/strong> un <strong>latvie\u0161i d\u0113\u013c skaud\u012bbas un c\u012b\u0146as par varu un &#8221;kr\u0113slu&#8221;<\/strong>. T\u0101 k\u0101 tagad iejauc\u0101s man\u0101 darb\u0101, t\u0101 man k\u0101 izmekl\u0113t\u0101ja darb\u0101 neiejauc\u0101s. Kad man ar krimin\u0101lo autorit\u0101\u0161u lietu 1998.gada k\u0101 tiesnesi sauca uz Tieslietu ministrijas\u00a0Valsts sekret\u0101res Sau\u013c\u016bnas kabinetu atskait\u012bties ar visu lietu, es biju \u0161ok\u0101. Viena darbiniece Stivri\u0146a, kas tagad ir tiesnese, leca k\u0101j\u0101s un kliedza, ka es nedr\u012bkstu k\u0101 tiesnese \u0161\u0101du lietu skat\u012bt, jo, l\u016bks, v\u012brs man esot policijas priek\u0161nieks, bet es teicu, ka vi\u0146\u0161 ta\u010du nav band\u012bts, man bija \u0161oks par \u0161\u0101du iejauk\u0161anos. Tad lietu man at\u0146emt\u00a0 grib\u0113ja tagad\u0113j\u0101 Kurzemes apgabaltiesas pr-ja Silva Reinholde, jo vi\u0146a lob\u0113ja advok\u0101tu \u0112riku \u0160t\u0101lbergu, un pat abi kop\u0101 ar v\u0113l vienu tiesnesi un advok\u0101tu uzrakst\u012bja kop\u012bgu k\u013cauzu par mani, mani psiholo\u0123iski tiraniz\u0113ja un ne\u013c\u0101va godpr\u0101t\u012bgi str\u0101d\u0101t. Prokurors A.Dz\u0113rv\u0113ns, kur\u0161 izmekl\u0113ja lietu nebija veicis rindu procesu\u0101lu darb\u012bbu, ar aps\u016bdz\u0113to sazin\u0101jies pa telefonu, jo adres\u0113, kur bija paraksts par dz\u012bvesvietu, dz\u012bvoja sve\u0161i cilv\u0113ki, arests mantai nebija uzlikts utt., bet par mani, kad es noarest\u0113ju \u0161o personu, bira k\u013cauzu sl\u0101nis, pat no virsprokurora A.Miku\u013cska utt, lai tikai mani nodab\u016btu nost no \u0161\u012bs lietas. Kad es beidzot no t\u0101s atteicos, jo dom\u0101ju, ka rajon\u0101 Ilgvars Jaun\u0123el\u017ee ir god\u012bgs cilv\u0113ks, vi\u0146\u0161 par z\u0101dz\u012bbu liel\u0101 apm\u0113r\u0101 85 t\u016bkst. latu, kur bija j\u0101b\u016bt inkrimin\u0113tai laup\u012b\u0161anai plus v\u0113l 2 person\u0101m, p\u0101rkvalific\u0113ja par patvar\u012bbu un uzlika katram band\u012btam 150 latu naudas sodu, bet prokurors A.Dz\u0113rv\u0113ns un A.Miku\u013cskis protestus neuzrakst\u012bja, es sapratu, ka varu ir p\u0101r\u0146\u0113mu\u0161i band\u012bti, sist\u0113ma slima utt., t\u0101d\u0113\u013c pirmoreiz kandid\u0113ju uz v\u0113l\u0113\u0161an\u0101m, kur man Tieslietu ministrs Dz.Rasna\u010ds &#8221;aizlika k\u0101ju priek\u0161\u0101&#8221;.\u00a0\u00a0V.Opinc\u0101ne p\u0113c tam A.Dz\u0113rv\u0113nu paaugstin\u0101ja par Liep\u0101jas pils\u0113tas virsprokuroru, bet A.Miku\u013cski par Kurzemes apgabaltiesas virsprokuroru.\u00a0\u00a0Kas attiecas uz cittautie\u0161iem, tad m\u0113s esam tos loj\u0101los uzmetu\u0161i un rad\u012bju\u0161i sev ienaidniekus. Ja man b\u016btu j\u0101iet karot, tad es nezinu, kam uztic\u0113ties, bet mani kol\u0113\u0123i latvie\u0161i man \u0161autu mugur\u0101, jo dunc\u012b\u0161us jau sad\u016bra. <strong>Es vienm\u0113r esmu aizst\u0101v\u0113jusi v\u0101j\u0101ko, bijusi par taisn\u012bgumu,<\/strong> un es v\u0113lreiz saku, ir j\u0101izmanto iesp\u0113ja atjaunot u sak\u0101rtot \u0161o valsti, vai ar\u012b j\u0101brauc prom! <span style=\"color: #000000;\"><strong>J\u016bs esat prom, bet k\u0101p\u0113c J\u016bs neesat \u0161eit un c\u012b\u0146\u0101 par Latvijas cilv\u0113ku n\u0101kotni? <\/strong><\/span>Tie, kas bija aizbrauku\u0161i 40.gados un tagad atbrauca m\u016bs m\u0101c\u012bt k\u0101 dz\u012bvot, \u0101tri vien tika apstr\u0101d\u0101ti, un vi\u0146i jau ar\u012b nesaprata, kas \u0161eit notiek.\u00a0 Es dom\u0101ju, ka ar\u012b J\u016bs daudz ko nezin\u0101t, jo ir daudz briesm\u012bg\u0101k\u2026! Jebkuru cilv\u0113ku, uz\u0146\u0113mumu, kas cen\u0161as god\u012bgi dz\u012bvot un str\u0101d\u0101t, vai kas v\u0113r\u0161as pret &#8221;noteic\u0113jiem&#8221;, vienk\u0101r\u0161i izn\u012bcina, un tam ir \u013coti daudz pa\u0146\u0113mienu!!!<\/p>\n<p><em>(ar trekn\u0101ko druku izc\u0113lumi ir man)<\/em><\/p>\n<hr \/>\n<hr \/>\n<hr \/>\n<hr \/>\n<p>Jau \u0161eit bija j\u016btams, ka ar S. Bri\u0137i notiku\u0161as sav\u0101das p\u0101rmai\u0146as:<\/p>\n<blockquote class=\"wp-embedded-content\" data-secret=\"sI6juxREMr\"><p><a href=\"https:\/\/tautastribunals.eu\/?p=45727\">Vilcin\u0101\u0161an\u0101s, S. Bri\u0137es kundze, noved\u012bs pie nelaimes !<\/a><\/p><\/blockquote>\n<p><iframe class=\"wp-embedded-content\" sandbox=\"allow-scripts\" security=\"restricted\" style=\"position: absolute; clip: rect(1px, 1px, 1px, 1px);\" src=\"https:\/\/tautastribunals.eu\/?p=45727&#038;embed=true#?secret=sI6juxREMr\" data-secret=\"sI6juxREMr\" width=\"500\" height=\"282\" title=\"&#8222;Vilcin\u0101\u0161an\u0101s, S. Bri\u0137es kundze, noved\u012bs pie nelaimes !&#8220; &#8212; Latvijas Republikas tautas\" frameborder=\"0\" marginwidth=\"0\" marginheight=\"0\" scrolling=\"no\"><\/iframe><\/p>\n<p>Vi\u0146a nekad iepriek\u0161 nepild\u012bja sol\u012bjumus !<\/p>\n<hr \/>\n<hr \/>\n<hr \/>\n<p>Kad <strong>PIETIEK.com<\/strong> izlas\u012bju tiesneses <strong>Sandras Bri\u0137es<\/strong> koment\u0101ru, nodom\u0101ju, ka to rakst\u012bjis k\u0101ds cits vi\u0146as v\u0101rd\u0101, vienk\u0101r\u0161i, lai vi\u0146u diskredit\u0113tu. Lai p\u0101rliecin\u0101tos, es vi\u0146ai uzrakst\u012bju e- past\u0101: vai tas ir J\u016bsus rakst\u012bts teksts. P\u0113c da\u017e\u0101m dien\u0101m sa\u0146emu apstiprino\u0161u atbildi. Un, to ko vi\u0146a man uzrakst\u012bja k\u0101 atbildi manam jaut\u0101jumam, var uzskat\u012bt k\u0101 <strong>vienas no\u017e\u0113lojamas kreat\u016bras gr\u0113ks\u016bdzi 4. maija bandai<\/strong>. Kaut ko tik iztap\u012bgi zemisku l\u012bdz \u0161im man nav n\u0101cies las\u012bt. Tik zemiski atkl\u0101ti pat okup\u0101cijas kriev\u017e\u012bdu varza nav uzdro\u0161in\u0101jusies uzsp\u013caut latvie\u0161iem.<\/p>\n<p><strong><u>\u201cKrievva<\/u><\/strong><strong><u>lod\u012bgie ir da\u013ca no m\u016bsu tautas\u201d, <\/u><\/strong>saka juriste <strong>Sandra Bri\u0137e<\/strong> ! Vai saprat\u0101t, ko tas noz\u012bm\u0113 ?<\/p>\n<p>&#8211;<strong><span style=\"color: #ff0000;\">Tie,<\/span><\/strong> kuri m\u016bs okup\u0113ja, \u0161\u0101va, izvaroja un izn\u012bcin\u0101ja m\u016bsu valsti, kuri \u0161eit atrodas pret\u0113ji visiem starptautiskajiem <strong>Likumiem- Konvencij\u0101m<\/strong>, esot da\u013ca no m\u016bsu tautas !!!<\/p>\n<p>&#8211;<span style=\"color: #ff0000;\"><strong>Tie<\/strong><\/span>, kuri m\u016bs deport\u0113ja, iel\u012bda m\u016bs dz\u012bvok\u013cos, gul\u0113ja m\u016bsu t\u0113vu un vect\u0113vu gult\u0101s un atra\u017eoja savus \u017e\u012bds\u0101tanistu spermas produktus, \u0161odienas m\u016bsu n\u012bd\u0113jus, esot da\u013ca no m\u016bsu tautas, cen\u0161as iest\u0101st\u012bt mums <strong>S. Bri\u0137e.<\/strong><\/p>\n<p>&#8211;<strong><span style=\"color: #ff0000;\">Tie<\/span><\/strong>, kuri Padomju laik\u0101 sa\u0146\u0113ma jaunos dz\u012bvok\u013cus, bet latvie\u0161iem atv\u0113l\u0113ja graustus un pagrabus, esot m\u016bsu tautas da\u013ca ?<\/p>\n<h2>N\u0113, Bri\u0137e, ta nav m\u016bsu tautas da\u013ca, bet gan m\u016bsu tautas slepkavas !<\/h2>\n<p>Un, skat tikai, ko vi\u0146a saka uz mani:\u201d<strong> J\u016bs esat prom, bet k\u0101p\u0113c J\u016bs neesat \u0161eit un c\u012b\u0146\u0101 par Latvijas cilv\u0113ku n\u0101kotni?\u201d<\/strong><\/p>\n<p>Kuriem bija velt\u012bts \u0161is teikums ? Kurai sabiedr\u012bbas da\u013cai ? <em>(Vai tev, neliete Bri\u0137e, un tavam v\u012bram pie \u0161is sist\u0113mas ir kaut vai mats no galvas izrauts ? Nav ! Toties es esmu g\u0101jis caur tavas sist\u0113mas \u201cga\u013cas ma\u0161\u012bnu\u201d, lai atbr\u012bvotu savu tautu no tiem,\u00a0 kuriem tu<\/em><em>, no\u017e\u0113lojam\u0101 j\u016bdasa dv\u0113sele, \u0161odien esi p\u0101rdevusies. Es esmu eksek\u016bciju laik\u0101 ar sav\u0101m asin\u012bm aizrijies un dzird\u0113jis k\u0101 pa\u0161a kauli l\u016bzt ! &#8212;&#8212;&#8211;Pr\u016bsim bija taisn\u012bba, ko vi\u0146\u0161 par jums sac\u012bja)<\/em><\/p>\n<p>Un cik nic\u012bgi tiek lietots v\u0101rds <strong>\u201cb\u0101leli\u0146\u0161\u201d<\/strong> ! Kad esot bijis j\u0101c\u012bn\u0101s, tad latvie\u0161i esot pasl\u0113pu\u0161ies, vi\u0146a apgalvo<em>(vai biji kl\u0101t, kad latvie\u0161i sl\u0113p\u0101s?)<\/em> !!!<\/p>\n<p>Tikai rodas jaut\u0101jums: kuri bija uz barik\u0101d\u0113m ?<\/p>\n<p>Krievi vai ?<\/p>\n<p>Simtiem t\u016bksto\u0161u latvie\u0161u izg\u0101ja iel\u0101s, bet neviens krievs !<\/p>\n<p>Vi\u0146a run\u0101 par <strong>Padomju laika Tiesu taisn\u012bgumu,<\/strong> bet vai tad vi\u0146as piesauktie <strong>miku\u013cski, opinc\u0101nes<\/strong> un p\u0101r\u0113jie nav <strong>Padomju produkti<\/strong> ? Vai tad vi\u0146i nebija komunisti, t\u0101tad, cionistu-kriev\u017e\u012bdu varas nes\u0113ji ?!<\/p>\n<p>No kura laika cionists- komunists ir<strong> &#8220;b\u0101leli\u0146\u0161&#8221;<\/strong> ?<\/p>\n<h2>Katrs vi\u0146as rakst\u012btais teikums ir pret\u012bgas nodev\u012bbas pilns.<\/h2>\n<p>K\u0101d\u0101 cit\u0101 koment\u0101r\u0101 tiek slavin\u0101ts <strong>Gobzems<\/strong> un vi\u0146a <strong>\u201cizstr\u0101d\u0101t\u0101\u201d Latvijas atdzim\u0161anas programma <\/strong>!<\/p>\n<p><strong>Gobzems<\/strong> ir slepkavas <strong>Borovkova<\/strong> vad\u012bts cilv\u0113ks. <strong>Gobzems <\/strong>ar <strong>Borovkovu <\/strong>v\u0113rs\u0101s pie <strong>V\u0101cijas <\/strong>iest\u0101d\u0113m ar l\u016bgumu izdot <strong>Granti\u0146u Latvijai ties\u0101\u0161anai<\/strong>. <strong>Borovkovs <\/strong>bija <strong>H-86<\/strong> grupas likvidators- <strong><u>person\u012bgs Granti\u0146a arest\u0113t\u0101js<\/u><\/strong> un <strong><u>vair\u0101kk\u0101rt\u0113js Granti\u0146a slepkav\u012bbas organiz\u0113t\u0101js.<\/u><\/strong><\/p>\n<p>Tagad j\u016bs saprat\u0101t no kurienes un p\u0113c k\u0101 iniciat\u012bvas uzrad\u0101s \u0161is teikums: \u201d<strong> J\u016bs esat prom, bet k\u0101p\u0113c J\u016bs neesat \u0161eit un c\u012b\u0146\u0101 par Latvijas cilv\u0113ku n\u0101kotni?\u201d <\/strong><\/p>\n<p><strong>S. <\/strong><strong>Bri\u0137es<\/strong> sac\u012bto nev\u0101r\u0113ja atst\u0101t bez iev\u0113r\u012bbas, jo vi\u0146a, k\u0101 tiesnese, var daudz \u013caunuma ar t\u0101du pret latvie\u0161iem v\u0113stu naidu izdar\u012bt, kur nu v\u0113l, ja vi\u0146a tiek <strong>\u201cst\u016br\u0113ta\u201d<\/strong> no <strong>Borovkova &amp; Godma\u0146a<\/strong> kantora.<\/p>\n<p>Vi\u0146ai ir j\u0101izrauj kriev\u017e\u012bdu s\u0101tanistu ied\u0113st\u012btais indes zobs !<\/p>\n<p>Bri\u0137e, lai velns tevi rauj !<\/p>\n<p>16.08.18\u00a0\u00a0\u00a0\u00a0\u00a0\u00a0 L. Granti\u0146\u0161<\/p>\n<hr \/>\n<hr \/>\n<hr \/>\n<hr \/>\n<p><img decoding=\"async\" loading=\"lazy\" class=\"alignleft size-full wp-image-45937\" src=\"https:\/\/tautastribunals.eu\/wp-content\/uploads\/2018\/08\/LRTT.B\u0113rzi\u0146\u0161.Granti\u0146\u0161.LRTT_-1.png\" alt=\"\" width=\"633\" height=\"154\" srcset=\"https:\/\/tautastribunals.eu\/wp-content\/uploads\/2018\/08\/LRTT.B\u0113rzi\u0146\u0161.Granti\u0146\u0161.LRTT_-1.png 633w, https:\/\/tautastribunals.eu\/wp-content\/uploads\/2018\/08\/LRTT.B\u0113rzi\u0146\u0161.Granti\u0146\u0161.LRTT_-1-300x73.png 300w\" sizes=\"(max-width: 633px) 100vw, 633px\" \/>Bet tagad noklausieties <strong>M\u0101ra Berzi\u0146a(A\u010cG\u0100RNI.com)<\/strong> sac\u012bto par valst <strong>&#8220;m\u0113dijiem&#8221;<\/strong> !<\/p>\n<p>Pareiz\u0101k b\u016btu sac\u012bts: <strong>Par valdo\u0161\u0101s slepkavu bandas bail\u0113m&#8230;<\/strong> .<\/p>\n<p><strong><img decoding=\"async\" loading=\"lazy\" class=\"alignleft wp-image-45935\" src=\"https:\/\/tautastribunals.eu\/wp-content\/uploads\/2018\/08\/BorovkovsGodmanisUlmanisGranti\u0146\u0161.LRTT_-1.png\" alt=\"\" width=\"624\" height=\"264\" srcset=\"https:\/\/tautastribunals.eu\/wp-content\/uploads\/2018\/08\/BorovkovsGodmanisUlmanisGranti\u0146\u0161.LRTT_-1.png 1476w, https:\/\/tautastribunals.eu\/wp-content\/uploads\/2018\/08\/BorovkovsGodmanisUlmanisGranti\u0146\u0161.LRTT_-1-300x127.png 300w, https:\/\/tautastribunals.eu\/wp-content\/uploads\/2018\/08\/BorovkovsGodmanisUlmanisGranti\u0146\u0161.LRTT_-1-768x325.png 768w, https:\/\/tautastribunals.eu\/wp-content\/uploads\/2018\/08\/BorovkovsGodmanisUlmanisGranti\u0146\u0161.LRTT_-1-800x338.png 800w\" sizes=\"(max-width: 624px) 100vw, 624px\" \/>FOTO:<\/strong><span style=\"color: #ff0000;\"><em> \u0160ie s\u0101taniskie izdzimumi b\u016bs pirmie, kuri &#8220;kar\u0101sies&#8221; !<\/em><\/span><\/p>\n<p>Pagaid\u0101m v\u0113l nav <strong>Latvijas Valsts,<\/strong> bet m\u0113s pan\u0101ksim, ka sarkanie <strong>\u010dekas slepkavas- komunisti\/KGBisti<\/strong> tiks sod\u012bti ar <strong>KAR\u0100TAV\u0100M<\/strong> visas pasaules m\u0113diju priek\u0161\u0101 un atjaunosim savu <strong>K. Ulma\u0146a Republiku<\/strong> !<\/p>\n<div class=\"video-container\"><iframe loading=\"lazy\" width=\"500\" height=\"281\" src=\"https:\/\/www.youtube.com\/embed\/37EnWR1ERvw?feature=oembed&#038;wmode=opaque\" frameborder=\"0\" allow=\"autoplay; encrypted-media\" allowfullscreen><\/iframe><\/div>\n<\/div>\n<\/div>\n<\/div>\n<\/div>\n<\/div>\n<\/div>\n<div id=\"lpc__immersive__container\" class=\"lpc_ip_root_class\"><\/div>\n","protected":false},"excerpt":{"rendered":"<p>Labpr\u0101t grib\u0113tu zin\u0101t, Bri\u0137es kundze, vai \u0161is ir J\u016bsu koment\u0101rs: Sandra Bri\u0137e 03.08.2018. 09:47 Pilnu koment\u0101ru saraksti variet las\u012bt \u0161eit: http:\/\/pietiek.com\/raksti\/atklata_vestule_lato_lapsam\/komentari\/1 Vai tie\u0161\u0101m, Sandra(k\u0101da las\u012bt\u0101ja koment\u0101rs uz kuru Bri\u0137e atbild)? Valsts gl\u0101b\u0161anas programa? No&#46;&#46;&#46;<\/p>\n","protected":false},"author":1,"featured_media":0,"comment_status":"open","ping_status":"open","sticky":false,"template":"","format":"standard","meta":[],"categories":[1],"tags":[],"_links":{"self":[{"href":"https:\/\/tautastribunals.eu\/index.php?rest_route=\/wp\/v2\/posts\/45809"}],"collection":[{"href":"https:\/\/tautastribunals.eu\/index.php?rest_route=\/wp\/v2\/posts"}],"about":[{"href":"https:\/\/tautastribunals.eu\/index.php?rest_route=\/wp\/v2\/types\/post"}],"author":[{"embeddable":true,"href":"https:\/\/tautastribunals.eu\/index.php?rest_route=\/wp\/v2\/users\/1"}],"replies":[{"embeddable":true,"href":"https:\/\/tautastribunals.eu\/index.php?rest_route=%2Fwp%2Fv2%2Fcomments&post=45809"}],"version-history":[{"count":24,"href":"https:\/\/tautastribunals.eu\/index.php?rest_route=\/wp\/v2\/posts\/45809\/revisions"}],"predecessor-version":[{"id":45940,"href":"https:\/\/tautastribunals.eu\/index.php?rest_route=\/wp\/v2\/posts\/45809\/revisions\/45940"}],"wp:attachment":[{"href":"https:\/\/tautastribunals.eu\/index.php?rest_route=%2Fwp%2Fv2%2Fmedia&parent=45809"}],"wp:term":[{"taxonomy":"category","embeddable":true,"href":"https:\/\/tautastribunals.eu\/index.php?rest_route=%2Fwp%2Fv2%2Fcategories&post=45809"},{"taxonomy":"post_tag","embeddable":true,"href":"https:\/\/tautastribunals.eu\/index.php?rest_route=%2Fwp%2Fv2%2Ftags&post=45809"}],"curies":[{"name":"wp","href":"https:\/\/api.w.org\/{rel}","templated":true}]}}