{"id":45785,"date":"2018-08-04T11:37:45","date_gmt":"2018-08-04T08:37:45","guid":{"rendered":"https:\/\/tautastribunals.eu\/?p=45785"},"modified":"2018-08-04T13:26:42","modified_gmt":"2018-08-04T10:26:42","slug":"divi-lasitaji-divas-morales","status":"publish","type":"post","link":"https:\/\/tautastribunals.eu\/?p=45785","title":{"rendered":"Divi las\u012bt\u0101ji- divas mor\u0101les"},"content":{"rendered":"<h2><span style=\"color: #003300;\"><img decoding=\"async\" loading=\"lazy\" class=\"alignleft wp-image-45787\" src=\"https:\/\/tautastribunals.eu\/wp-content\/uploads\/2018\/08\/L.Granti\u0146\u0161.J.Z\u012bvertsBord\u0101nsBut\u0101nsLRTT.png\" alt=\"\" width=\"640\" height=\"93\" srcset=\"https:\/\/tautastribunals.eu\/wp-content\/uploads\/2018\/08\/L.Granti\u0146\u0161.J.Z\u012bvertsBord\u0101nsBut\u0101nsLRTT.png 1073w, https:\/\/tautastribunals.eu\/wp-content\/uploads\/2018\/08\/L.Granti\u0146\u0161.J.Z\u012bvertsBord\u0101nsBut\u0101nsLRTT-300x44.png 300w, https:\/\/tautastribunals.eu\/wp-content\/uploads\/2018\/08\/L.Granti\u0146\u0161.J.Z\u012bvertsBord\u0101nsBut\u0101nsLRTT-768x112.png 768w, https:\/\/tautastribunals.eu\/wp-content\/uploads\/2018\/08\/L.Granti\u0146\u0161.J.Z\u012bvertsBord\u0101nsBut\u0101nsLRTT-800x116.png 800w\" sizes=\"(max-width: 640px) 100vw, 640px\" \/><span style=\"color: #ff0000;\">Par diviem las\u012bt\u0101jiem un vi\u0146u mor\u0101li<\/span> <\/span><\/h2>\n<h2><span style=\"color: #003300;\">Spriediet pa\u0161i, k\u0101das PAK\u0100PES\u00a0 cilv\u0113ki vi\u0146i\u00a0 ir ? <\/span><\/h2>\n<p>Kur\u0161 no vi\u0146iem ir <strong>TEV<\/strong> tuv\u0101ks ?<\/p>\n<p><span style=\"color: #003300;\">Protams, es ar\u012b izteik\u0161u savu viedokli.<\/span><\/p>\n<hr \/>\n<hr \/>\n<hr \/>\n<hr \/>\n<h2><span style=\"color: #ff0000;\"><strong>Las\u012bt\u0101js nr. 1.<\/strong><\/span><\/h2>\n<p><span style=\"color: #003300;\">K\u0101ds murgains izdom\u0101jums \u2013 \u201e<strong>Latvijas simtgade<\/strong>\u201e\u2026 K\u0101da simtgade? Ja senaj\u0101s <em>(viduslaiki un v\u0113l sen\u0101k)<\/em> kart\u0113s jau redzami nosaukumi <strong>Letlandia, Latgallia, Semigallia, Livonia,<\/strong> ja st\u0101st\u0101m cits citam par <strong><u>dainu t\u016bksto\u0161iem gad\u012bgu senatni<\/u><\/strong> ?<\/span><\/p>\n<p><span style=\"color: #003300;\">Kam simtgade, ja st\u0101st\u0101m, ka valsts ir tad, ja ir sava nauda, sava teritorija, sava valoda, savi pamat iedz\u012bvot\u0101ji.<\/span><\/p>\n<p><span style=\"color: #003300;\">Ne \u0161eit ir sava nauda, savas bankas, sava teritorija. T\u0101s liel\u0101k\u0101 da\u013ca jau ir iztirgota un to turpina iztirgot, pamat iedz\u012bvot\u0101ji no \u0161\u012bs teritorijas izspiesti ekonomisk\u0101 trimd\u0101 un vi\u0146us izspie\u017e joproj\u0101m, valoda ir skata p\u0113c, te ikdien\u0101 dzird pavisam citu valodu, to pamana ikviens, kas \u0161eit ierodas no k\u0101das citas pasaules malas. <strong>Tas nospie\u017e retos palic\u0113jus.<\/strong> Citvalodu uzm\u0101c\u012bba to pa\u0161u paliku\u0161o valodu jau padar\u012bjusi nesaprotamu.<\/span><\/p>\n<p><span style=\"color: #003300;\">Palasiet instan\u010du l\u0113mumus, likumus, regulas, noteikumus \u2013 vai tur k\u0101ds ko var saprast, vai t\u0101 ir latvie\u0161u valoda? Kam simtgade? Nebeidzam\u0101m okup\u0101cij\u0101m <em>(nodev\u012bb\u0101m)<\/em> ?<\/span><\/p>\n<p><span style=\"color: #003300;\"><strong>Liekul\u012bbas simtgade. <\/strong><\/span><\/p>\n<p><span style=\"color: #003300;\">Dz\u012bvojam \u0161eit t\u016bksto\u0161iem t\u016bksto\u0161us gadu, <strong><u>bet \u201esvinam\u201e simtgadi<\/u><\/strong> !<\/span><\/p>\n<p><span style=\"color: #003300;\">Kam ?<\/span><\/p>\n<p><span style=\"color: #003300;\">Kam !<\/span><\/p>\n<p><span style=\"color: #003300;\">Ja valsts ar vis\u0101m valsts defin\u012bcij\u0101m, zie\u0123e\u013ciem un valstv\u012briem ir past\u0101v\u0113jusi nieka nepilnus p\u0101ris desmit gadu, bet latvie\u0161i uz \u0161\u012bs zemes dz\u012bvo t\u016bksto\u0161iem gadu. Varam beidzot s\u0101kt run\u0101t skaidru <em>(vismaz skaidr\u0101ku)<\/em> valodu?<\/span><\/p>\n<hr \/>\n<hr \/>\n<hr \/>\n<hr \/>\n<h2><span style=\"color: #ff0000;\">Las\u012bt\u0101js nr. 2.<\/span><\/h2>\n<ul>\n<li id=\"comment-54922\" class=\"comment odd alt thread-odd thread-alt depth-1\">\n<div id=\"div-comment-54922\" class=\"comment-body\">\n<div class=\"comment-author vcard\"><img decoding=\"async\" loading=\"lazy\" class=\"avatar avatar-32 photo avatar-default\" src=\"https:\/\/secure.gravatar.com\/avatar\/?s=32&amp;d=mm&amp;r=g\" srcset=\"https:\/\/secure.gravatar.com\/avatar\/?s=64&amp;d=mm&amp;r=g 2x\" alt=\"\" width=\"32\" height=\"32\" \/> <cite class=\"fn\">cits admins<\/cite> <span class=\"says\">sagt:<\/span><\/div>\n<div class=\"comment-meta commentmetadata\"><a href=\"https:\/\/tautastribunals.eu\/?p=45749#comment-54922\"> 2018. gada 1. August um 14.21 Uhr<\/a>\u00a0\u00a0<a class=\"comment-edit-link\" href=\"https:\/\/tautastribunals.eu\/wp-admin\/comment.php?action=editcomment&amp;c=54922\">(Bearbeiten)<\/a><\/div>\n<p><span style=\"color: #0000ff;\"><em>\u201eVisi-kas apgalvo,ka ir atjaunota LR Valsts neatkar\u012bba (publiski\/starptautiski) tagad=\u0161obr\u012bd,tiks no\u0161auti ar kara tribun\u0101la tiesu,saska\u0146\u0101 ar starptautisko likumdo\u0161anu un ties\u012bb\u0101m!\u201c<\/em><\/span><br \/>\n<span style=\"color: #0000ff;\"><em>Tie\u0161i t\u0101 ar\u012b tas notiks ! Ar\u012b \u0123imenes locek\u013ci \u201edal\u012bsies\u201c t\u0101d\u0101 pa\u0161\u0101 likten\u012b. Radiniekiem l\u012bdz desmitajai pak\u0101pei tiks viss at\u0146emts, akt\u012bv\u0101kie ar\u012b sod\u012btis ar ASM, bet p\u0101r\u0113jie darba nometn\u0113s atstr\u0101d\u0101s nozagto\u2026 . \u0160is process b\u016bs tiesisks ! Tas sauksies:TIESISKUMA ATJAUNO\u0160ANA !<\/em><\/span><\/p>\n<p>Nabadzi\u0146\u0161! T\u0101 vien liekas , ka tevi Linard uzraus pirmo aug\u0161\u0101 uz pa\u0161u pagatavot\u0101m kar\u0101tav\u0101m! Un zini kas to izdar\u012bs? H-86 !<br \/>\nInteresanti, kur\u0161 tav\u0101 tiesiskum\u0101 grib\u0113s dz\u012bvot? Ja visp\u0101r k\u0101ds aiz p\u0101rpratuma b\u016bs palicis dz\u012bvs p\u0113c tav\u0101m teroristiskaj\u0101m izdar\u012bb\u0101m. P\u0113c \u0161\u0101diem tevis pasac\u012btiem v\u0101rdiem tu esi Latvijas Republikas ienaidnieks N1! Faktiski tu esi terorists! Ceru, ka tavs liktenis iz\u0161\u0137irsies visdr\u012bz\u0101kaj\u0101 laik\u0101!<br \/>\n.<br \/>\n<strong>Admins<\/strong><br \/>\nPar ko tad tu t\u0101 uztraucies, par sevi vai par to noziedznieku bandu, kura peldas miljonos un slepkavo manu tautu ? Tev, protams, ka ir par ko uztrauties, jo esi \u010dekai nodevis neskait\u0101mus cilv\u0113kus- kol\u0113\u0123us. Un cik no vi\u0146iem ir aizraid\u012bti\u2026. . Un, kap\u0113c tev t\u0101das r\u016bpes par manu likteni ? Latvijas Republikas ienaidnieks Nr. 1 esi tu. Es esmu noziedznieku bandas ienaidnieks N.1. Gan jau es un mana tauta ar\u012b ar \u0161o bandu tiks gala\u2026 !<\/p>\n<\/div>\n<\/li>\n<\/ul>\n<p><span style=\"color: #003300;\"><span style=\"color: #ff0000;\"><strong><u>Pirmais las\u012bt\u0101js<\/u><\/strong><\/span> run\u0101 par valsti un tautu, par to netaisn\u012bbu, kas valda visapk\u0101rt. <\/span><\/p>\n<p><span style=\"color: #003300;\">Par meliem, kas attiec\u0101s uz m\u016bsu tautu un t\u0101s <strong>SENV\u0112STURI. <\/strong>Protams, ir idiotisks priek\u0161stats, k<\/span><span style=\"color: #003300;\">a <strong>Latvijai<\/strong> ir <strong>SIMTGADE<\/strong>&#8211; pasaules vec\u0101k\u0101 dz\u012bv\u0101 valoda un<strong> SIMTGADE<\/strong> ! Atg\u0101din\u0101\u0161u tikai, ka lietuvie\u0161i \u0161o jaut\u0101jumu ir nost\u0101d\u012bju\u0161i pavisam cit\u0101 <strong>GAISM\u0100.<\/strong> Vi\u0146u run\u0101 par valstiskuma atjauno\u0161anu ! Kuriem\/ kam ir izdev\u012bgi latvie\u0161us patais\u012bt par<strong> SIMTGADNIEKIEM, <\/strong>kaut gan \u012bsten\u012bb\u0101 m\u0113s esam \u0161\u012bs <strong><u>civiliz\u0101cijas pamatu pamats,<\/u><\/strong> kas m\u0113r\u0101ms gadu t\u016bksto\u0161u <strong>PADSMITOS<\/strong>, ja ne v\u0113l ilg\u0101k\u2026 . K\u0101p\u0113c \u017e\u012bdisk\u0101s izcelsmes padibene- <strong>\u010dekistu PRIEKA MEITA- Vaira V\u012b\u0137e Freiberga<\/strong>, uzlika <strong>VETO O. Zi\u013cicka<\/strong> gr\u0101matai<strong> \u201e\u013baujiet jel atvases dz\u012bt!\u201d<\/strong> ? \u00a0T\u0101p\u0113c uzlika, ka uz visu tautu <strong>\u201cpirmdzimt\u012bbu\u201d<\/strong> pretend\u0113 tie, kuriem m\u0113s esam tikai lopi,- kurus pat nosist nav gr\u0113ks !<\/span><\/p>\n<p><span style=\"color: #0000ff;\"><em>Ar O.Zi\u013cicka gr\u0101matu \u201e\u013baujiet jel atvases dz\u012bt!\u201d las\u012bt\u0101ji jau vair\u0101kus gadus var\u0113ju\u0161i iepaz\u012bties internet\u0101. Diem\u017e\u0113l piln\u0101 apjom\u0101 darbs nav izdots. Tas ir komunistisk\u0101 re\u017e\u012bma repres\u0113t\u0101 v\u0113sturnieka (politisku mot\u012bvu d\u0113\u013c izsl\u0113gts no \u013be\u0146ingradas universit\u0101tes V\u0113stures fakult\u0101tes) m\u016b\u017ea darbs, kas ietver autora dzimtas, piecu paaud\u017eu, seno zin\u0161u (m\u016bsdienu valod\u0101 \u2013 zin\u0101\u0161anu) apkopojumu. Neatkar\u012bgs, fundament\u0101ls, \u0100ziju, Eiropu u.c. vietas aptvero\u0161s p\u0113t\u012bjums par k\u0101dreiz di\u017eo Baltu civiliz\u0101ciju, s\u0101kot no Pirmsledus laikmeta l\u012bdz t.s. him\u0113risko etnosu, m\u016bsdienu tautu izveidei un agres\u012bvai izplat\u012bbai. Profesion\u0101lie v\u0113sturnieki \u0161\u0101du p\u0113t\u012bjumu baltiem paliku\u0161i par\u0101d\u0101. Gr\u0101mata br\u012bdina m\u016bs nepie\u013caut piln\u012bgu Baltu civiliz\u0101cijas boj\u0101eju. Nedaudz\u0101s v\u0113l dz\u012bv\u0101s relikt\u0101s baltu tautas, t.sk. latvie\u0161i, ierakst\u0101mas cilv\u0113ces kult\u016bras Sarkanaj\u0101 gr\u0101mat\u0101. Mums, latvie\u0161iem, vispirms pa\u0161iem j\u0101apzin\u0101s sava vieta pasaules v\u0113stur\u0113 un augst\u0101 misija nosarg\u0101t sevi, l\u012bdz ar to Baltu civiliz\u0101ciju.<\/em><\/span><\/p>\n<p><span style=\"color: #003300;\">Bet viss reiz nost\u0101sies sav\u0101s viet\u0101s, un s\u016bdi, kuri \u0161\u012b <strong><u>trauksmain\u0101 Laikmetu mai\u0146\u0101 <\/u><\/strong>ir tiku\u0161u uzrauti straumes virspus\u0113, nogrims tur, kur vi\u0146u vieta- <strong>ES\u012aBAS KLO\u0100K\u0100<\/strong> ! Smirdo\u0146a beigsies un uzsp\u012bd\u0113s ilgi gaid\u012bt\u0101 <strong>PATIES\u012aBAS<\/strong> saule. M\u0113s atjaunosim savu <strong>V\u0112STURI <\/strong>un ie\u0146emsim <strong>pasaules ciltskok\u0101<\/strong> to vietu, kura mums pien\u0101kas.<\/span><\/p>\n<p>Nav ne maz\u0101ko \u0161aubu, ka \u0161is <strong>LAS\u012aT\u0100JS\u00a0<\/strong> turpin\u0101s savu evolucion\u0101ro att\u012bst\u012bbu&#8230;..<\/p>\n<hr \/>\n<hr \/>\n<p><span style=\"color: #003300;\"><span style=\"color: #ff0000;\"><strong><u>Otrs las\u012bt\u0101js<\/u><\/strong> <\/span>pieder pie \u0161\u012bs <strong>Laika Straumes<\/strong> uzvirmojo\u0161o s\u016bdu plej\u0101des. Vi\u0146\u0161 ir nor\u016bp\u0113jies par savu <strong>\u201ctautasbr\u0101\u013cu\u201d<\/strong> likteni, kuri apzogot latvie\u0161u tautu k\u013cuvu\u0161i pasakaini bag\u0101ti. Vi\u0146am ir neizsak\u0101mas bailes, ka<strong> L. Granti\u0146a<\/strong> teiktais var\u0113tu ar\u012b fiziski \u012bstenoties. To, ka<strong><u> j\u0101soda valsts izlaup\u012bt\u0101ji<\/u><\/strong>, vi\u0146\u0161 uzskata par<strong> TERORISMU. <\/strong>Un neviens cits, bet tie\u0161i <strong>L. Granti\u0146\u0161,<\/strong> ir<strong> Latvijas Republikas ienaidnieks Nr. 1<\/strong> !<\/span><\/p>\n<h2>Vi\u0146\u0161 ar\u012b cer, ka mans LIKTENIS iz\u0161\u0137ir\u0161oties tuv\u0101kaj\u0101 laik\u0101 !!!<\/h2>\n<p><span style=\"color: #003300;\">Past\u0101v varb\u016bt\u012bba, ka vi\u0146\u0161 patie\u0161\u0101m ar\u012b t\u0101 dom\u0101. <\/span><\/p>\n<p><span style=\"color: #003300;\">Tas nor\u0101da uz<strong> pr\u0101ta aptumsumu- piln\u012bgu degrad\u0101ciju<\/strong>. <\/span><\/p>\n<h2><span style=\"color: #003300;\">T\u0101 ir: <span style=\"color: #ff0000;\"><strong>person\u012bbas sair\u0161ana<\/strong><\/span> ! <\/span><\/h2>\n<p><span style=\"color: #003300;\">\u0160\u012b <strong>\u201cperson\u012bba\u201d <\/strong>pati sevi ir izn\u012bcin\u0101jusi, jo nav sekojusi <strong>Dievi\u0161\u0137ajai Evol\u016bcijai<\/strong>&#8211; r\u016bpei par sabiedr\u012bbas pilnveido\u0161anu.<\/span><\/p>\n<p>04.03.18\u00a0\u00a0\u00a0\u00a0\u00a0\u00a0\u00a0\u00a0\u00a0\u00a0\u00a0\u00a0 L. Granti\u0146\u0161<\/p>\n<hr \/>\n<hr \/>\n<hr \/>\n<hr \/>\n<h2><span style=\"color: #ff0000;\">Bet tagad iegriez\u012bsimies pie A\u010cG\u0100RNI.com<\/span><\/h2>\n<div class=\"video-container\"><iframe loading=\"lazy\" width=\"500\" height=\"375\" src=\"https:\/\/www.youtube.com\/embed\/6oEcO0Xrap4?feature=oembed&#038;wmode=opaque\" frameborder=\"0\" allow=\"autoplay; encrypted-media\" allowfullscreen><\/iframe><\/div>\n","protected":false},"excerpt":{"rendered":"<p>Par diviem las\u012bt\u0101jiem un vi\u0146u mor\u0101li Spriediet pa\u0161i, k\u0101das PAK\u0100PES\u00a0 cilv\u0113ki vi\u0146i\u00a0 ir ? Kur\u0161 no vi\u0146iem ir TEV tuv\u0101ks ? Protams, es ar\u012b izteik\u0161u savu viedokli. Las\u012bt\u0101js nr. 1. K\u0101ds murgains izdom\u0101jums \u2013&#46;&#46;&#46;<\/p>\n","protected":false},"author":1,"featured_media":0,"comment_status":"open","ping_status":"open","sticky":false,"template":"","format":"standard","meta":[],"categories":[1],"tags":[],"_links":{"self":[{"href":"https:\/\/tautastribunals.eu\/index.php?rest_route=\/wp\/v2\/posts\/45785"}],"collection":[{"href":"https:\/\/tautastribunals.eu\/index.php?rest_route=\/wp\/v2\/posts"}],"about":[{"href":"https:\/\/tautastribunals.eu\/index.php?rest_route=\/wp\/v2\/types\/post"}],"author":[{"embeddable":true,"href":"https:\/\/tautastribunals.eu\/index.php?rest_route=\/wp\/v2\/users\/1"}],"replies":[{"embeddable":true,"href":"https:\/\/tautastribunals.eu\/index.php?rest_route=%2Fwp%2Fv2%2Fcomments&post=45785"}],"version-history":[{"count":17,"href":"https:\/\/tautastribunals.eu\/index.php?rest_route=\/wp\/v2\/posts\/45785\/revisions"}],"predecessor-version":[{"id":45803,"href":"https:\/\/tautastribunals.eu\/index.php?rest_route=\/wp\/v2\/posts\/45785\/revisions\/45803"}],"wp:attachment":[{"href":"https:\/\/tautastribunals.eu\/index.php?rest_route=%2Fwp%2Fv2%2Fmedia&parent=45785"}],"wp:term":[{"taxonomy":"category","embeddable":true,"href":"https:\/\/tautastribunals.eu\/index.php?rest_route=%2Fwp%2Fv2%2Fcategories&post=45785"},{"taxonomy":"post_tag","embeddable":true,"href":"https:\/\/tautastribunals.eu\/index.php?rest_route=%2Fwp%2Fv2%2Ftags&post=45785"}],"curies":[{"name":"wp","href":"https:\/\/api.w.org\/{rel}","templated":true}]}}