{"id":45561,"date":"2018-07-16T21:46:30","date_gmt":"2018-07-16T18:46:30","guid":{"rendered":"https:\/\/tautastribunals.eu\/?p=45561"},"modified":"2018-07-16T21:47:06","modified_gmt":"2018-07-16T18:47:06","slug":"roku-dzelzu-vieta-miera-balva","status":"publish","type":"post","link":"https:\/\/tautastribunals.eu\/?p=45561","title":{"rendered":"Roku dzel\u017eu viet\u0101 MIERA BALVA !"},"content":{"rendered":"<h2><img decoding=\"async\" loading=\"lazy\" class=\"alignleft wp-image-45565\" src=\"https:\/\/tautastribunals.eu\/wp-content\/uploads\/2018\/07\/Za\u013c\u0161.Latvijas-republikas-tautas-tribun\u0101ls-Aivars-Borovkovs-Ivars-Godmanis-J\u0101nis-Reinisks-Straujuma-Prezidents-Saeima-DP.-ST.-Kopie.png\" alt=\"\" width=\"640\" height=\"134\" srcset=\"https:\/\/tautastribunals.eu\/wp-content\/uploads\/2018\/07\/Za\u013c\u0161.Latvijas-republikas-tautas-tribun\u0101ls-Aivars-Borovkovs-Ivars-Godmanis-J\u0101nis-Reinisks-Straujuma-Prezidents-Saeima-DP.-ST.-Kopie.png 854w, https:\/\/tautastribunals.eu\/wp-content\/uploads\/2018\/07\/Za\u013c\u0161.Latvijas-republikas-tautas-tribun\u0101ls-Aivars-Borovkovs-Ivars-Godmanis-J\u0101nis-Reinisks-Straujuma-Prezidents-Saeima-DP.-ST.-Kopie-300x63.png 300w, https:\/\/tautastribunals.eu\/wp-content\/uploads\/2018\/07\/Za\u013c\u0161.Latvijas-republikas-tautas-tribun\u0101ls-Aivars-Borovkovs-Ivars-Godmanis-J\u0101nis-Reinisks-Straujuma-Prezidents-Saeima-DP.-ST.-Kopie-768x161.png 768w, https:\/\/tautastribunals.eu\/wp-content\/uploads\/2018\/07\/Za\u013c\u0161.Latvijas-republikas-tautas-tribun\u0101ls-Aivars-Borovkovs-Ivars-Godmanis-J\u0101nis-Reinisks-Straujuma-Prezidents-Saeima-DP.-ST.-Kopie-800x168.png 800w\" sizes=\"(max-width: 640px) 100vw, 640px\" \/><img decoding=\"async\" loading=\"lazy\" class=\"alignleft wp-image-45576\" src=\"https:\/\/tautastribunals.eu\/wp-content\/uploads\/2018\/07\/V\u0113jonisBergmanis-Granti\u0146\u0161.LRTT_.png\" alt=\"\" width=\"638\" height=\"224\" srcset=\"https:\/\/tautastribunals.eu\/wp-content\/uploads\/2018\/07\/V\u0113jonisBergmanis-Granti\u0146\u0161.LRTT_.png 800w, https:\/\/tautastribunals.eu\/wp-content\/uploads\/2018\/07\/V\u0113jonisBergmanis-Granti\u0146\u0161.LRTT_-300x105.png 300w, https:\/\/tautastribunals.eu\/wp-content\/uploads\/2018\/07\/V\u0113jonisBergmanis-Granti\u0146\u0161.LRTT_-768x270.png 768w\" sizes=\"(max-width: 638px) 100vw, 638px\" \/>Roku dzel\u017eu viet\u0101 Latvijas cionistu ieliktenim V\u0113jo\u0146isam MIERA BALVA !<\/h2>\n<p>L\u012bdz smiekl\u012bgumam absurda<em>(tiem, kuri zina v\u0113stures patiesos notikumus)<\/em> bij\u0101 \u0161\u012b <strong>MIERA BALVAS <\/strong>pasnieg\u0161ana <strong>Minster\u0113<\/strong> tr\u012bs <strong>Baltijas valstu<\/strong> prezidentiem.<\/p>\n<p>Tas bija te\u0101tris, lai mask\u0113tu <strong>ES spices<\/strong> noziegumus ne <strong><u>tikai pret latvie\u0161u tautu, bet visu cilv\u0113ci kopum\u0101.<\/u><\/strong><\/p>\n<p>Kas attiec\u0101s uz \u0161o <strong>\u201cBR\u012aV\u012aBAS BALVAS\u201d <\/strong>te\u0101tri:<\/p>\n<h2>Viss tika pasniegts izlai\u017eot v\u0113sturiskos notikumus caur <strong>\u201ccionistu filtru\u201d<\/strong> !<\/h2>\n<p>Augst\u0101k\u0101 l\u012bmeni iestud\u0113ts haz\u0101ru mafijas te\u0101tris pret latvie\u0161u tautu.<\/p>\n<p>Tika it k\u0101 smuki run\u0101ts, st\u0101st\u012bts par <strong>Baltijas ce\u013cu,<\/strong> un, cik <strong><u>Baltijas valstis tagad ir laim\u012bgas\u2026 !<\/u><\/strong><\/p>\n<p>Ne ar p\u016b\u0161 plestu v\u0101rdu netika piemin\u0113ts <strong>Latvijas k\u0101 valsts<\/strong> un <strong>latvie\u0161u tautas tra\u0123iskais st\u0101voklis<\/strong>. <strong>V\u0101cijas<\/strong> prezidents- <a href=\"https:\/\/www.juedische-allgemeine.de\/article\/view\/id\/29682\">\u017e\u012bds <\/a><a href=\"https:\/\/www.juedische-allgemeine.de\/article\/view\/id\/29682\"><strong>Franks Valters \u0160teinmeiers <\/strong><\/a>vis\u0101 \u201cc\u012b\u0146\u0101 par <strong>Baltijas br\u012bv\u012bbu\u201d<\/strong> piemin\u0113ja tikai k\u0101du 1979 gad\u0101 rakst\u012btu<strong> \u201cpretest\u012bbas\u201d <\/strong>v\u0113stuli- un t\u016bl\u012bt p\u0101rl\u0113ca uz 1989. gadu.<\/p>\n<p><a href=\"http:\/\/lpra.vip.lv\/calitis_liet.htm\"><em>(<span class=\"st\">1979. gada 23. august\u0101 vair\u0101k nek\u0101 40 Baltijas disidentu parakst\u012bja savu \u2013 Baltijas hartu. Hartas v\u0101rdu baltie\u0161i pie\u0146\u0113ma Hartas 77 ietekm\u0113)<\/span><\/em><\/a><\/p>\n<p>\u017did- cionists noklus\u0113ja <strong>LATVIJAS ATMODU<\/strong>, kura bija visas <strong>PSRS<\/strong> sabrukuma iniciatore !<\/p>\n<h2>K\u0101p\u0113c noklus\u0113ja ?<\/h2>\n<p>T\u0101p\u0113c, latvie\u0161u tautas <strong><u>Atmoda bija latviska,<\/u><\/strong> kas piln\u012bb\u0101 sajauca cionistu pl\u0101nus- p\u0101r\u0146emt visu <strong>PSRS <\/strong>sav\u0101 p\u0101rzi\u0146\u0101 ar <strong>PERESTROIKU <\/strong>k\u0101 aizsegu.<\/p>\n<p>Latvie\u0161u tautas masveid\u012bg\u0101 <strong>ATMODA<\/strong> rad\u012bja precedentu, k\u0101 rezult\u0101t\u0101 visas <strong>PSRS republikas ieguva neatkar\u012bbu<\/strong> ! To haz\u0101r\u017e\u012bdi nebija nedz iepl\u0101noju\u0161i, nedz paredz\u0113ju\u0161i !<\/p>\n<p>-Tika noklus\u0113ts <strong>PATS GALVENAIS- GRANDIOZAIS PASAULES P\u0100RVEIDES 1987. GADS<\/strong>, kuru aizs\u0101ka <strong>Latvijas CTA grupa HELSINKI- 86 un latvie\u0161u tauta <\/strong>!<\/p>\n<p>-Tika noklus\u0113ts, ka<strong> tepat Minster\u0113 <\/strong>atrodas \u0161\u012bs <strong>GRUPAS<\/strong> dibin\u0101t\u0101js un \u0161\u012bs <strong>Atmodas aizs\u0101c\u0113js<\/strong>, kuru pirms trim gadiem, ar<strong><u> ES band\u012btisk\u0101s spices at\u013cauju, Latvij\u0101, <\/u><\/strong>zv\u0113r\u012bgi lau\u017eot locek\u013cus, arest\u0113ja<a href=\"https:\/\/tautastribunals.eu\/?p=33495\"><strong> DP kriev\u017e\u012bdu varza<\/strong>\u2026<\/a> .<\/p>\n<p>-Tikai <strong>ASV<\/strong> spiediena rezult\u0101t\u0101<strong> L. Granti\u0146\u0161 <\/strong>jau otro reizi tika izgl\u0101bts no noslepkavo\u0161anas.<\/p>\n<p>-Pirm\u0101 reize bija<strong> 1987. gad\u0101<\/strong>, kad tiku arest\u0113ts par <strong><u>14. j\u016bnija demonstr\u0101cijas organiz\u0113\u0161anu<\/u><\/strong>.<\/p>\n<p>-Toreiz <strong>30 ASV kongresme\u0146i<\/strong> parakst\u012bja pet\u012bciju<em>(l\u016bgumrakstu)<\/em> <strong>Gorba\u010dovam<\/strong> par manis atbr\u012bvo\u0161anu.<\/p>\n<p>Visa \u0161\u012b maskar\u0101de <strong>Minster\u0113<\/strong> notika <strong>Latvijas un latvie\u0161u tautas d\u0113\u013c<\/strong>, kuru \u0161\u012b \u0161ak\u0101\u013cu banda, \u0161\u012bs maskar\u0101des aizseg\u0101, <strong><u>ir tik pat k\u0101 izn\u012bcin\u0101jusi<\/u><\/strong>.<\/p>\n<h2><strong>Haz\u0101r\u017e\u012bdisko izdzimumu naids<\/strong> uz latvie\u0161u tautu ir pr\u0101tam neaptverams !<\/h2>\n<p><strong>Lietuva <\/strong>un<strong> Igaunija<\/strong> tika pieaicin\u0101tas tikai maskar\u0101des d\u0113\u013c. \u0160o divu tautu<em>(Republiku) <\/em>nopelns \u0161aj\u0101 grandiozaj\u0101 <strong>Atmodas- PSRS<\/strong> likvid\u0101cijas proces\u0101, <strong><u>bija pak\u0101rtots latvie\u0161u tautai<\/u><\/strong>. Vi\u0146i, k\u0101 tikko iz\u0161\u0137\u012blu\u0161ies c\u0101l\u0113ni, skr\u0113ja paka\u013c \u201c<strong>SAVAI M\u0100TEI<\/strong>\u201d- notikumiem, <strong>kurus veidoja latvie\u0161u tauta ar H- 86 k\u0101 iniciatori<\/strong>.<\/p>\n<h2>Tie\u0161i t\u0101 tas bija un <strong>CITAS PATIES\u012aBAS NAV <\/strong>!<\/h2>\n<p><strong>Latvij\u0101<\/strong> visi nacion\u0101lie latvie\u0161i, s\u0101kot no <strong>Berklava- \u0136esbera<\/strong> un beidzot ar <strong>Roni<\/strong>\u2026 un <strong>Lozi<\/strong>, <strong>MOSSAD<\/strong> vad\u012bb\u0101 ir tiku\u0161i noslepkavoti un aizst\u0101ti ar latviski run\u0101jo\u0161ajiem haz\u0101r\u017e\u012bdu elementiem<em>(haz\u0101ru mafiju)\u2026<\/em> .<\/p>\n<h2><strong>Helsinku grupu<\/strong> nedr\u012bkst\u0113ja piemin\u0113t !<\/h2>\n<p>No t\u0101s <strong>haz\u0101r\u017e\u012bdu banda baid\u0101s k\u0101 velns no krusta <\/strong>! Ja to piemin\u0113s, tad uzrad\u012bsies vesels l\u0113rums jaut\u0101jumu par <strong>L. Granti\u0146u<\/strong> un to, kas ar vi\u0146u noticis ? Par vi\u0146a patreiz\u0113jo darb\u012bbu, par s\u016bdz\u012bb\u0101m, ko vi\u0146\u0161 ar saviem cilv\u0113kiem veic inform\u0113jot starptautisk\u0101s iest\u0101des: <strong>par genoc\u012bdu pret latvie\u0161u etnosu<\/strong> ! Ar\u012b par vi\u0146a <strong>11 PUNKTIEM Tiesiskuma atjauno\u0161anai Latvij\u0101,<\/strong> no kuriem tik briesm\u012bgi nobij\u0101s <strong>ES haz\u0101r\u017e\u012bdu banda,<\/strong> ka patais\u012bja<strong> J. Bord\u0101nu <\/strong>par idiotu, liekot vi\u0146am <strong>L. Granti\u0146a<\/strong> viet\u0101 sav\u0101 partij\u0101 pie\u0146emt vis\u012bst\u0101kos cionistu vad\u012btus noziedzniekus- <strong>Jura\u0161u un Str\u012b\u0137i<\/strong> !<\/p>\n<hr \/>\n<hr \/>\n<hr \/>\n<hr \/>\n<p><strong>ASV<\/strong> milit\u0101ras aprindas pagaid\u0101m ir vien\u012bg\u0101s, kuras c\u012bn\u0101s par <strong>Tiesiskuma atjauno\u0161anu glob\u0101l\u0101 m\u0113rog\u0101<\/strong>. T\u0101p\u0113c jau ar\u012b ir mas\u012bva propaganda pret <strong>ASV \u201cmilit\u0101ristiem\u201d! <\/strong>Un, k\u0101 redzam no <strong>B. Vulforda <\/strong>video zi\u0146\u0101m, tad milit\u0101ristiem pan\u0101kumi \u0161aj\u0101 c\u012b\u0146\u0101 ir iev\u0113rojami.<\/p>\n<p><strong>A. Merkele<\/strong><em>(Vacijas haz\u0101r\u017e\u012bdi) <\/em>pa\u0161laik c\u012bn\u0101s uz dz\u012bv\u012bbu un n\u0101vi. Vi\u0146a saprot, ja tiks g\u0101zta, tad priek\u0161\u0101 st\u0101v<strong> TRIBUN\u0100LS<\/strong> ar nosl\u0113gumu kar\u0101tav\u0101s<em>(krievu valod\u0101: KAZ\u0145ENI- KAZ\u0145I\u0136, noz\u012bm\u0113, ties\u0101ti ar n\u0101ves sodu).<\/em><\/p>\n<h2>Visa \u013caunuma centrs- IZRA\u0112LA, tiks demont\u0113ta !<\/h2>\n<p>-Tad ar\u012b iest\u0101sies sen gaid\u012btais miers starp taut\u0101m !<\/p>\n<p>-Tad ar\u012b <strong><u>Latvijas sarkan\u0101 kriev\u017e\u012bdu komunistu varza<\/u><\/strong> tiks <strong>\u201ckaz\u0146\u012bta\u201d- fiziski izn\u012bcin\u0101ta <\/strong>!<\/p>\n<p>Iegaum\u0113, latviet, ka tie\u0161i m\u0113s <strong>LATVIE\u0160I esam Jaun\u0101 Laikmeta<\/strong> veidot\u0101ju avangard\u0101 !<\/p>\n<hr \/>\n<hr \/>\n<hr \/>\n<hr \/>\n<p><img decoding=\"async\" loading=\"lazy\" class=\"alignleft wp-image-45572\" src=\"https:\/\/tautastribunals.eu\/wp-content\/uploads\/2018\/07\/PutinsMedvedjevsB\u0113rzi\u0146\u0161KozlovskisLRTTMoskauMoskva.png\" alt=\"\" width=\"640\" height=\"180\" srcset=\"https:\/\/tautastribunals.eu\/wp-content\/uploads\/2018\/07\/PutinsMedvedjevsB\u0113rzi\u0146\u0161KozlovskisLRTTMoskauMoskva.png 977w, https:\/\/tautastribunals.eu\/wp-content\/uploads\/2018\/07\/PutinsMedvedjevsB\u0113rzi\u0146\u0161KozlovskisLRTTMoskauMoskva-300x84.png 300w, https:\/\/tautastribunals.eu\/wp-content\/uploads\/2018\/07\/PutinsMedvedjevsB\u0113rzi\u0146\u0161KozlovskisLRTTMoskauMoskva-768x216.png 768w, https:\/\/tautastribunals.eu\/wp-content\/uploads\/2018\/07\/PutinsMedvedjevsB\u0113rzi\u0146\u0161KozlovskisLRTTMoskauMoskva-800x225.png 800w\" sizes=\"(max-width: 640px) 100vw, 640px\" \/>Bet tagad uzman\u012bgi izv\u0113rt\u0113jiet <strong>B. Vulforda<\/strong> video. Viss <strong>VI\u0145A<\/strong> sac\u012btais ir atrodams manis rakst\u012btaj\u0101 tekst\u0101, protams, ka es s\u012bk\u0101k un specifisk\u0101k paskaidroju notikumu aizkulises, jo esmu bijis visu \u0161o lielo notikumu iniciators un ar\u012b ciet\u0113js- kur\u0161 bijis visa \u0161\u012b <strong>JAUN\u0100 LAIKMETA<\/strong> neso\u0161aj\u0101 virpu\u013cv\u0113tras epicentr\u0101.<\/p>\n<p>Es sevi identific\u0113ju ar<strong> LATVIE\u0160U TAUTU<\/strong> un t\u0101p\u0113c visi mani nopelni ir pieskait\u0101mi <strong>MANAI TAUTAI- latvie\u0161u tautai<\/strong>.<\/p>\n<p><iframe loading=\"lazy\" width=\"500\" height=\"375\" src=\"https:\/\/www.youtube.com\/embed\/VeO5HWa0CJE?feature=oembed&#038;wmode=opaque\" frameborder=\"0\" allow=\"autoplay; encrypted-media\" allowfullscreen><\/iframe><\/p>\n<h2>4.min. 20.sek. tiek pateikts, kam kalpo <strong>\u201cV\u0101cu Banka\u201d <\/strong>!!!<\/h2>\n<p>Te tad ar\u012b ir atbilde: k\u0101p\u0113c dienu pirms aresta \u201c<strong>Latvijas Bankas\u201d <\/strong>f\u012brers<strong> Ilm\u0101rs Rim\u0161\u0113vi\u010ds<\/strong> aizjo\u0146oja uz <strong>Briseli<\/strong>.<\/p>\n<p>Mums cen\u0161as ieskaidrot, ka <strong>Latvijas Banka<\/strong> bl\u0113d\u012bj\u0101s, bet \u012bsten\u012bb\u0101 <strong>LB <\/strong>pilda <strong>ES<\/strong> noziedz\u012bg\u0101s <strong><u>valdo\u0161\u0101s spices pas\u016bt\u012bjumus naudas atmazg\u0101\u0161an\u0101<\/u><\/strong> !!!<\/p>\n<p><strong>Rim\u0161\u0113vi\u010du <\/strong>apvaino <strong>\u201ckuku\u013ca\u201d<\/strong> piepras\u012b\u0161an\u0101, kas noticis pirms vair\u0101kiem gadiem<em>(kuku\u013ca \u0146em\u0161ana ir j\u0101fiks\u0113, ja tas nav noticis, tad tas nor\u0101da uz teatraliz\u0113tu priek\u0161nesumu) <\/em>.<\/p>\n<p>T\u0101 ir lietas b\u016bt\u012bbas nov\u0113r\u0161ana no \u012bst\u0101 <strong>IEMESLA,- milzu net\u012br\u0101s naudas atmazg\u0101\u0161anu, kas tiek veikta <u>ES haz\u0101ru mafijas uzdevum\u0101. <\/u><\/strong><\/p>\n<hr \/>\n<hr \/>\n<hr \/>\n<hr \/>\n<p>Un \u0161eit m\u0113s varam p\u0101rliecin\u0101ties,<strong> k\u0101di m\u0113sli vada ES<\/strong>:<\/p>\n<p>Pav\u0113rojiet <strong>Ukrainas<\/strong> prezidenta izsmiekla \u017eestu pret \u0161o veco<strong> Luksemburgas \u017e\u012bdu- ganksteri,<\/strong> kad vi\u0146\u0161 izsmejo\u0161i vi\u0146am <strong>&#8220;paklap\u0113&#8221;<\/strong> pa plecu ! Vai variet iedom\u0101ties, ka nopietnam un visu cien\u012btam <strong>EK<\/strong> prezidentam k\u0101ds k\u0101 pa\u0161puika pa\u0161puikam var\u0113tu<strong> &#8220;paplik\u0161\u0137in\u0101t&#8221;<\/strong> pa plecu ?<\/p>\n<p>Cionistu barve\u017eiem t\u0101di\u00a0 jefi\u0146i k\u0101<strong> junkers<\/strong> un <strong>v\u0113jonis<\/strong> ir vajadz\u012bgi, jo tie padev\u012bgi pild\u012bs vi\u0146u nor\u0101d\u012bjumus.<\/p>\n<p>Gar\u012bg\u0101 valod\u0101 run\u0101jot: vi\u0146i ir c\u0113rme\u0146i s\u0101tanisko cionistu an\u0101laj\u0101s atver\u0113s, kuri g\u0101d\u0101 par sava saimnieka<strong> &#8220;orgasmu&#8221;<\/strong> !<\/p>\n<p><iframe loading=\"lazy\" width=\"500\" height=\"281\" src=\"https:\/\/www.youtube.com\/embed\/Ia-GaZjbNaM?feature=oembed&#038;wmode=opaque\" frameborder=\"0\" allow=\"autoplay; encrypted-media\" allowfullscreen><\/iframe><\/p>\n<hr \/>\n<hr \/>\n<hr \/>\n<hr \/>\n<p>\u0160eit k\u0101ds koment\u0101rs no v\u0101cu laikraksta, kur tiek nor\u0101d\u012bts, ka <strong>Junkers<\/strong> ir smird\u012bgs c\u016bkveid\u012bgs pedof\u012bls&#8230; .<\/p>\n<p><a href=\"https:\/\/disqus.com\/by\/seppdietrich\/\">Sepp Dietrich<\/a><\/p>\n<p>Juncker ist eine kinderfickende Dreckssau mit Ver\u00e4stelungen bis zu Dutroux. Ein widerlicher Drecksscherge, besoffen und fasst den begleitenden Weibern immer in die Fotze oder greift sie am Schwanz bei Transenstatus und rotzt ihnen auch belustigend den Captain Morgan in die Fresse. Genauso wie der Dauersuffki Schulz aud er Nazi-Dynastie der Lagerwacherschergen. Gut, da\u00df man Waffen hat und diesen Dreck und seinen Club auch geh\u00f6rig ausnehmen kann. Wir haben diesem Abschaum schon Mio. F\u00f6rdergelder abgegriffen und stes obsiegt. Kein wunder bei den kinderfickenden EU-Politschnapsdrossseln. W\u00fcrde dieser Dreckssau direkt ein Rumpelei in Fresse stecken!<\/p>\n<header class=\"comment__header\"><span class=\"post-byline\"> <span class=\"author publisher-anchor-color\"><a href=\"https:\/\/disqus.com\/by\/disqus_Pojxu6kzFb\/\" target=\"_blank\" rel=\"noopener noreferrer\" data-action=\"profile\" data-username=\"disqus_Pojxu6kzFb\" data-tid=\"815\">DERLETZTEDEUTSCHE<\/a><\/span> <\/span><\/header>\n<div class=\"post-body-inner\">\n<div class=\"post-message-container\" data-role=\"message-container\">\n<div class=\"publisher-anchor-color\" data-role=\"message-content\">\n<div class=\"post-message \" dir=\"auto\" data-role=\"message\">\n<div>\n<p>Der Zionist und Alkoholiker JUNCKER ist erb\u00e4rmlich<\/p>\n<\/div>\n<\/div>\n<\/div>\n<\/div>\n<\/div>\n<hr \/>\n<hr \/>\n<h1><span style=\"color: #ff0000;\">Un tagad A\u010cAG\u0100RNI.com<\/span><\/h1>\n<p><a href=\"https:\/\/www.acgarni.com\/single-post\/2018\/07\/13\/35-s%C4%93rija---2da%C4%BCa-K%C4%81d%C4%93%C4%BC-man-ne%C4%BCauj-run%C4%81t-ar-Gintu-un-k%C4%81p%C4%93c-kav%C4%93jas-KNAB\">https:\/\/www.acgarni.com\/single-post\/2018\/07\/13\/35-s%C4%93rija&#8212;2da%C4%BCa-K%C4%81d%C4%93%C4%BC-man-ne%C4%BCauj-run%C4%81t-ar-Gintu-un-k%C4%81p%C4%93c-kav%C4%93jas-KNAB<\/a><\/p>\n<p>16.07.18\u00a0\u00a0\u00a0\u00a0\u00a0 L. Granti\u0146\u0161<\/p>\n","protected":false},"excerpt":{"rendered":"<p>Roku dzel\u017eu viet\u0101 Latvijas cionistu ieliktenim V\u0113jo\u0146isam MIERA BALVA ! L\u012bdz smiekl\u012bgumam absurda(tiem, kuri zina v\u0113stures patiesos notikumus) bij\u0101 \u0161\u012b MIERA BALVAS pasnieg\u0161ana Minster\u0113 tr\u012bs Baltijas valstu prezidentiem. Tas bija te\u0101tris, lai mask\u0113tu ES&#46;&#46;&#46;<\/p>\n","protected":false},"author":1,"featured_media":0,"comment_status":"open","ping_status":"open","sticky":false,"template":"","format":"standard","meta":[],"categories":[1],"tags":[],"_links":{"self":[{"href":"https:\/\/tautastribunals.eu\/index.php?rest_route=\/wp\/v2\/posts\/45561"}],"collection":[{"href":"https:\/\/tautastribunals.eu\/index.php?rest_route=\/wp\/v2\/posts"}],"about":[{"href":"https:\/\/tautastribunals.eu\/index.php?rest_route=\/wp\/v2\/types\/post"}],"author":[{"embeddable":true,"href":"https:\/\/tautastribunals.eu\/index.php?rest_route=\/wp\/v2\/users\/1"}],"replies":[{"embeddable":true,"href":"https:\/\/tautastribunals.eu\/index.php?rest_route=%2Fwp%2Fv2%2Fcomments&post=45561"}],"version-history":[{"count":17,"href":"https:\/\/tautastribunals.eu\/index.php?rest_route=\/wp\/v2\/posts\/45561\/revisions"}],"predecessor-version":[{"id":45583,"href":"https:\/\/tautastribunals.eu\/index.php?rest_route=\/wp\/v2\/posts\/45561\/revisions\/45583"}],"wp:attachment":[{"href":"https:\/\/tautastribunals.eu\/index.php?rest_route=%2Fwp%2Fv2%2Fmedia&parent=45561"}],"wp:term":[{"taxonomy":"category","embeddable":true,"href":"https:\/\/tautastribunals.eu\/index.php?rest_route=%2Fwp%2Fv2%2Fcategories&post=45561"},{"taxonomy":"post_tag","embeddable":true,"href":"https:\/\/tautastribunals.eu\/index.php?rest_route=%2Fwp%2Fv2%2Ftags&post=45561"}],"curies":[{"name":"wp","href":"https:\/\/api.w.org\/{rel}","templated":true}]}}