{"id":4548,"date":"2011-03-11T23:39:19","date_gmt":"2011-03-11T21:39:19","guid":{"rendered":"http:\/\/tautastribunals.eu\/?p=4548"},"modified":"2011-03-11T23:39:19","modified_gmt":"2011-03-11T21:39:19","slug":"a-balts-un-atrodas-tadas-aijas-kincas","status":"publish","type":"post","link":"https:\/\/tautastribunals.eu\/?p=4548","title":{"rendered":"A. Balts. Un atrodas t\u0101das aijas kincas&#8230;"},"content":{"rendered":"<p><span style=\"color: #0000ff\"><strong><img decoding=\"async\" loading=\"lazy\" class=\"alignleft size-full wp-image-4551\" src=\"http:\/\/tautastribunals.eu\/wp-content\/uploads\/2011\/03\/Kangaru-\u0123erbonis.jpg\" alt=\"Kangaru \u0123erbonis\" width=\"52\" height=\"55\" \/>8. marts &#8211; Cetkina, tulpes un kurin\u0101t\u0101js Viktors<\/strong><\/span><\/p>\n<p><span style=\"color: #0000ff\">\u00a0\u00a0\u00a0\u00a0 <\/span><span style=\"color: #0000ff\"><a href=\"http:\/\/woman.delfi.lv\/dzivesveids\/atputa\/8-marts-cetkina-tulpes-un-kurinatajs-viktors.d?id=37224773\">http:\/\/woman.delfi.lv\/dzivesveids\/atputa\/8-marts-cetkina-tulpes-un-kurinatajs-viktors.d?id=37224773<\/a><\/span><\/p>\n<p><em><span style=\"color: #0000ff\">Aija Kinca, LTV, speci\u0101li Delfi Sieviet\u0113m<\/span><\/em><em><br \/>\n<\/em><span style=\"color: #0000ff\"><em>07. marts 2011 12:05 <\/em><br \/>\n==============================================<br \/>\n<\/span><span style=\"color: #008000\"><img decoding=\"async\" loading=\"lazy\" class=\"alignleft size-thumbnail wp-image-4549\" src=\"http:\/\/tautastribunals.eu\/wp-content\/uploads\/2011\/03\/IMGP09743-150x150.jpg\" alt=\"IMGP0974\" width=\"80\" height=\"74\" \/>Par \u0161o rakstu mana reakcija:<\/span><\/p>\n<p><strong><span style=\"text-decoration: underline\"><span style=\"color: #008000\">A.Balts 08.03.11<\/span><\/span><\/strong><\/p>\n<p><span style=\"color: #008000\">P\u0113rkami \u017eurn\u0101listi <em>(pareiz\u0101k b\u016btu-\u00a0\u017eurna\u013cugas)<\/em> ne tikai nav retums, bet nu jau tikai t\u0101di vien ir paliku\u0161i, k\u0101 \u0161\u012b <strong>SC <\/strong>stabul\u0113 p\u016bt\u0113ja <strong>A. Kince<\/strong> ! Kauns personai ar \u017eurn\u0101listes izgl\u012bt\u012bbu okupantu un kangaru sen sara\u017eot\u0101s \u0123e\u0137\u012bbas atk\u0101rtot ! Tas <strong>VISS <\/strong>b\u016btu der\u012bgs un norm\u0101ls <strong>CITS <\/strong>viedoklis, ja vien mums b\u016btu jau atbr\u012bvota valsts no milzu sve\u0161o civilokupantu &#8211; 8. marta svin\u0113t\u0101ju p\u016b\u013ca, nevis k\u0101 ir \u0161obr\u012bd, kad nav nov\u0113rstas okup\u0101cijas sekas un &#8220;atbr\u012bvot\u0101ju&#8221; simtu t\u016bksto\u0161u <strong>V\u0112L<\/strong> p\u0101rpild\u012bta m\u016bsu Latvijas &#8220;br\u012bvvalsts&#8221;. Laik\u0101, kad rusifik\u0101cija intens\u012bvi lien m\u016bsu m\u0101j\u0101s, darba viet\u0101s un m\u016bsu un m\u016bsu b\u0113rnu apzi\u0146\u0101s<em> (apzi\u0146\u0101)<\/em> ar\u012b caur \u0161o m\u0101ksl\u012bgo sievie\u0161u svin\u012bbu-dz\u0113r\u0101ju sv\u0113tku uzspie\u0161anu. Pie tam nu jau ar likuma sp\u0113ku. Ir <strong>NEGL\u012aTI<\/strong> rakst\u012bt \u0161\u0101dus l\u012bd\u0113jas rakstus, it k\u0101 esot norm\u0101l\u0101 valst\u012b ! Tikai atbr\u012bvot\u0101 un neatkar\u012bg\u0101 valst\u012b var\u0113tu tapt \u0161\u0101ds raksts un netikt uzskat\u012bts par net\u012bras krem\u013ca piel\u012bd\u0113jas un kolaborantes pas\u016bt\u012bjuma skribel\u0113jumu !<\/span><\/p>\n<p><span style=\"color: #008000\">Un \u0161eit k\u0101ds interesants Jura Lapinska koment\u0101rs par \u0161iem sv\u0113tkiem:<\/span><\/p>\n<p><span style=\"color: #993366\"><strong>Juris Lapinskis<\/strong> <\/span><\/p>\n<p><span style=\"color: #993366\">\u0160ai dien\u0101 &#8211; 8. mart\u0101<em> (p\u0113c vec\u0101 stila -Juli\u0101na kalend\u0101ra)<\/em> t\u0101laj\u0101 <strong>1910<\/strong>. gad\u0101 \u017e\u012bdi (vi\u0146i bija galven\u0101 soci\u0101listu vai soci\u0101ldemokr\u0101tu apvien\u012bbu biedru da\u013ca) svin\u0113ja Purima sv\u0113tkus (tie ir \u017e\u012bdu liel\u0101kie un priec\u012bg\u0101kie sv\u0113tki, jo tie ir k\u0101 \u017e\u012bdu tautas atmoda un &#8220;br\u012bv\u012bbas atg\u016b\u0161ana&#8221; p\u0113c 100 gadu verdz\u012bbas j\u016bga persie\u0161u imp\u0113rij\u0101, kad <strong>480.<\/strong> gad\u0101 p.m.\u0113ras persu cara Artakserksa sievi\u0146a Estere (\u017e\u012bdiete) dab\u016bja at\u013cauju no sava v\u012bra -persu cara &#8211; realiz\u0113t \u0161o &#8220;br\u012bvlai\u0161anu&#8221;, 2 dien\u0101s un nakt\u012bs apkaujot ap <strong>75 &#8211; 80 000\u00a0<\/strong> persu &#8211; praktiski likvid\u0113jot visu persie\u0161u aristokr\u0101tiju, pie tam <strong>Artakserksa<\/strong> iek\u0161lietu ministru kop\u0101 ar vi\u0146a 10 b\u0113rniem pak\u0101ra tirgus laukum\u0101 pie stabiem. Taisn\u012bbas labad gan j\u0101saka, ka t\u0101 \u017e\u012bdu verdz\u012bba nebija t\u0101da k\u0101 senaj\u0101 Rom\u0101, kur vergu saimnieks ar mietu dr\u012bkst\u0113ja nosist vai iemest lauv\u0101m ar\u0113n\u0101 par bar\u012bbu vai likt kauties gladiatoru c\u012b\u0146\u0101s. Tur \u017e\u012bdiem bija apm\u0113ram t\u0101ds statuss, k\u0101 pie mums \u0161odien nepilso\u0146iem &#8211; vi\u0146iem bija savas darbn\u012bci\u0146as un veikali\u0146i, bet nebija v\u0113l\u0113\u0161anu ties\u012bbas. Nu un 1910. gad\u0101, kad \u017e\u012bdu komp\u0101nija taj\u0101 II sievie\u0161u-soci\u0101listu saiet\u0101 atz\u012bm\u0113ja savus Purima sv\u0113tkus, ne\u017e\u012bdu c\u012b\u0146as biedren\u0113m -krievu\u0161k\u0101m un cit\u0101m ne\u017e\u012bdu p\u0101rst\u0101v\u0113m Kl\u0101ra Cetkina un Roza Luksemburga lika priek\u0161\u0101 organiz\u0113t paral\u0113lus sv\u0113tkus &#8211; <strong>&#8220;Me\u017edunarodnij \u0123e\u0146 \u017een\u0161\u010dini &#8211; revo\u013cucio\u0146erki&#8221;<\/strong> <em>(ac\u012bm redzot kop\u0101 \u201cieraut\u201d un rad\u012bt l\u012bksm\u012bbu \u0161ai \u017e\u012bdu soci\u0101listu komp\u0101nijai bija galven\u0101 ideja<\/em>). Un t\u0101 no <strong>1911.<\/strong> <strong>gada 8. marta<\/strong> \u0161ie <strong>&#8220;interesantie sv\u0113tki&#8221;<\/strong> revolucin\u0101ro sievie\u0161u vid\u016b tika kultiv\u0113ti<strong> (t\u0101d\u0113\u013c nebr\u012bnieties, ka tie tika svin\u0113ti tikai soc-l\u0113\u0123er\u012b). <\/strong>P\u0113c jaun\u0101 stila \u0161is <strong>8. marts ir 23. febru\u0101ris,<\/strong> ko ar\u012b p\u0101rv\u0113rta par \u017e\u012bdu sv\u0113tkiem Leiba D\u0101vida d\u0113ls Bron\u0161teins <strong>(pagr\u012bdes &#8220;k\u013ci\u010dka&#8221;jeb dorevo\u013cucionnij psevdo\u0146im -TROCKIS ),<\/strong> kur\u0161 \u0161aj\u0101 dien\u0101<strong> 1922.<\/strong> gad\u0101 nodibin\u0101ja <strong>\u017d\u012bdu Sarkano<\/strong> pasaules iekaro\u0161anas armiju. \u0160o dienu tagad daudzi naivie mu\u013c\u0137\u012b\u0161i sauc par<strong> \u0122e\u0146 za\u0161\u010dit\u0146ika O\u0137e\u010destva<\/strong> vai par V\u012brie\u0161u dienu <strong>(padomju laikos PSRS armijas un J\u016bras kara flotes dienu).<\/strong> T\u0101 k\u0101 \u0161odien dienas skait\u0101m p\u0113c Gregora kalend\u0101ra, atliek secin\u0101t, ka m\u0113s ne\u017e\u012bdi \u0161aj\u0101<strong> 8. mart\u0101<\/strong> p\u0113c \u017e\u012bdu kalend\u0101ra svinam \u0161os pa\u0161us <strong><span style=\"text-decoration: underline\">Purima sv\u0113tkus.<\/span><\/strong> <\/span><\/p>\n<p><span style=\"color: #993366\"><strong>T\u0101di l\u016bk tie \u201cp\u012br\u0101gi\u201d, kas \u201cizcepti\u201dStarptautisk\u0101s Sievie\u0161u dienas izskat\u0101\u201d!<\/strong><\/span><\/p>\n<p><span style=\"color: #008000\"><em><span style=\"color: #000000\">LRTT 11.03.11<\/span><\/em><\/span><\/p>\n","protected":false},"excerpt":{"rendered":"<p>8. marts &#8211; Cetkina, tulpes un kurin\u0101t\u0101js Viktors \u00a0\u00a0\u00a0\u00a0 http:\/\/woman.delfi.lv\/dzivesveids\/atputa\/8-marts-cetkina-tulpes-un-kurinatajs-viktors.d?id=37224773 Aija Kinca, LTV, speci\u0101li Delfi Sieviet\u0113m 07. marts 2011 12:05 ============================================== Par \u0161o rakstu mana reakcija: A.Balts 08.03.11 P\u0113rkami \u017eurn\u0101listi (pareiz\u0101k b\u016btu-\u00a0\u017eurna\u013cugas) ne tikai&#46;&#46;&#46;<\/p>\n","protected":false},"author":6,"featured_media":0,"comment_status":"open","ping_status":"open","sticky":false,"template":"","format":"standard","meta":[],"categories":[1],"tags":[],"_links":{"self":[{"href":"https:\/\/tautastribunals.eu\/index.php?rest_route=\/wp\/v2\/posts\/4548"}],"collection":[{"href":"https:\/\/tautastribunals.eu\/index.php?rest_route=\/wp\/v2\/posts"}],"about":[{"href":"https:\/\/tautastribunals.eu\/index.php?rest_route=\/wp\/v2\/types\/post"}],"author":[{"embeddable":true,"href":"https:\/\/tautastribunals.eu\/index.php?rest_route=\/wp\/v2\/users\/6"}],"replies":[{"embeddable":true,"href":"https:\/\/tautastribunals.eu\/index.php?rest_route=%2Fwp%2Fv2%2Fcomments&post=4548"}],"version-history":[{"count":7,"href":"https:\/\/tautastribunals.eu\/index.php?rest_route=\/wp\/v2\/posts\/4548\/revisions"}],"predecessor-version":[{"id":4557,"href":"https:\/\/tautastribunals.eu\/index.php?rest_route=\/wp\/v2\/posts\/4548\/revisions\/4557"}],"wp:attachment":[{"href":"https:\/\/tautastribunals.eu\/index.php?rest_route=%2Fwp%2Fv2%2Fmedia&parent=4548"}],"wp:term":[{"taxonomy":"category","embeddable":true,"href":"https:\/\/tautastribunals.eu\/index.php?rest_route=%2Fwp%2Fv2%2Fcategories&post=4548"},{"taxonomy":"post_tag","embeddable":true,"href":"https:\/\/tautastribunals.eu\/index.php?rest_route=%2Fwp%2Fv2%2Ftags&post=4548"}],"curies":[{"name":"wp","href":"https:\/\/api.w.org\/{rel}","templated":true}]}}