{"id":45436,"date":"2018-07-06T19:19:23","date_gmt":"2018-07-06T16:19:23","guid":{"rendered":"https:\/\/tautastribunals.eu\/?p=45436"},"modified":"2018-07-06T19:19:23","modified_gmt":"2018-07-06T16:19:23","slug":"dzintar-paradniek-bus-jasez-pat-pec-4-maija-klikes-likumiem","status":"publish","type":"post","link":"https:\/\/tautastribunals.eu\/?p=45436","title":{"rendered":"Dzintar- Par\u0101dniek, b\u016bs &#8220;j\u0101s\u0113\u017e&#8221;, pat p\u0113c 4. maija kli\u0137es likumiem"},"content":{"rendered":"<h2><span style=\"color: #003300;\"><img decoding=\"async\" loading=\"lazy\" class=\"alignleft wp-image-45442\" src=\"https:\/\/tautastribunals.eu\/wp-content\/uploads\/2018\/07\/MIGLA-SARKAN\u0100-NOL\u0100D\u0112T\u0100REINIKS\u0100BOLTI\u0145A.png\" alt=\"\" width=\"646\" height=\"55\" srcset=\"https:\/\/tautastribunals.eu\/wp-content\/uploads\/2018\/07\/MIGLA-SARKAN\u0100-NOL\u0100D\u0112T\u0100REINIKS\u0100BOLTI\u0145A.png 986w, https:\/\/tautastribunals.eu\/wp-content\/uploads\/2018\/07\/MIGLA-SARKAN\u0100-NOL\u0100D\u0112T\u0100REINIKS\u0100BOLTI\u0145A-300x26.png 300w, https:\/\/tautastribunals.eu\/wp-content\/uploads\/2018\/07\/MIGLA-SARKAN\u0100-NOL\u0100D\u0112T\u0100REINIKS\u0100BOLTI\u0145A-768x65.png 768w, https:\/\/tautastribunals.eu\/wp-content\/uploads\/2018\/07\/MIGLA-SARKAN\u0100-NOL\u0100D\u0112T\u0100REINIKS\u0100BOLTI\u0145A-800x68.png 800w\" sizes=\"(max-width: 646px) 100vw, 646px\" \/>Sakar\u0101 ar VL! Noziedz\u012bgo darb\u012bbu es atg\u0101dinu jau sac\u012bto:<\/span><\/h2>\n<p>2015.gada j\u016bnij\u0101 t\u012bmek\u013ca vietn\u0113 ievietotaj\u0101 pazi\u0146ojum\u0101 Granti\u0146\u0161 rakst\u012bja, ka esot ieradies sav\u0101 t\u0113vzem\u0113, neskatoties uz draudiem, kuri n\u0101k no valdo\u0161\u0101s kli\u0137es. &#8220;T\u0101 cen\u0161as mani izdab\u016bt no manas pagaidu m\u012btnes zemes, lai ties\u0101tu mani par Atmodas laika noziegumiem. 4.maija kli\u0137ei ta\u010du, t\u0101pat k\u0101 Putinam, \u013coti s\u0101p PSRS sabrukums. Arest\u0113jiet un ties\u0101jiet mani! V\u0113lu pan\u0101kumus jums, no\u017e\u0113lojamie tautas nodev\u0113ji! Nepalaidiet gar\u0101m \u0161o izdev\u012bbu! Ja neizdar\u012bsiet to ar mani, tad es to izdar\u012b\u0161u ar jums. Es j\u016bs aizvilk\u0161u uz kar\u0101tav\u0101m p\u0113c visiem likumiem ar ANO mand\u0101tu kabat\u0101! Un ne tikai vienus, bet kop\u0101 ar vis\u0101m \u0123imen\u0113m, kuras l\u012bdz ar jums ir riju\u0161as un rij tautai nozagto!&#8221; rakst\u012bjis Granti\u0146\u0161.<\/p>\n<p><a href=\"http:\/\/nra.lv\/latvija\/kriminalzinas\/242107-atkal-aptureta-kriminallieta-pret-nacionala-naida-kurinasana-apsudzeto-grantinu.htm\">http:\/\/nra.lv\/latvija\/kriminalzinas\/242107-atkal-aptureta-kriminallieta-pret-nacionala-naida-kurinasana-apsudzeto-grantinu.htm<\/a><\/p>\n<p>Braucu uz <strong>Latviju provokat\u012bvi apzin\u0101ti<\/strong>, iepriek\u0161 jau pazi\u0146ojot un pat piedraudot pie <strong>varas eso\u0161ajai cionistu bandai<\/strong>.<\/p>\n<p>Cer\u0113ju uz <strong>VL!,<\/strong> ka, ja mani arest\u0113s vi\u0146i <strong>met\u012bsies mani aizst\u0101v\u0113t<\/strong> t\u0101pat k\u0101 toreiz klaida latvie\u0161i, kad dibin\u0101ju <strong>H-86 grupu<\/strong>. Tad s\u0101ktos pamat\u012bga a\u017eiot\u0101\u017ea un <strong>VL!<\/strong> reitingi, k\u0101 \u0161odien m\u0113dz izsac\u012bties, uzl\u0113ktu virs<strong> 50% <\/strong>un m\u0113s pat ar okupantu kl\u0101tb\u016btni var\u0113tu atjaunot <strong>Tiesiskumu Latvij\u0101<\/strong>.<\/p>\n<p>Izr\u0101d\u0101s, ka \u0161oreiz biju <strong>\u201cmazliet\u201d<\/strong> k\u013c\u016bd\u012bjies un rezult\u0101t\u0101 gandr\u012bz zaud\u0113ju dz\u012bv\u012bbu.<\/p>\n<p>Las\u012bt visu:<\/p>\n<blockquote class=\"wp-embedded-content\" data-secret=\"yX8g1CVSBd\"><p><a href=\"https:\/\/tautastribunals.eu\/?p=33385\">VL! &#038; Co ir konsolid\u0101cijas procesu beigu\u0161i&#8230;<\/a><\/p><\/blockquote>\n<p><iframe class=\"wp-embedded-content\" sandbox=\"allow-scripts\" security=\"restricted\" style=\"position: absolute; clip: rect(1px, 1px, 1px, 1px);\" src=\"https:\/\/tautastribunals.eu\/?p=33385&#038;embed=true#?secret=yX8g1CVSBd\" data-secret=\"yX8g1CVSBd\" width=\"500\" height=\"282\" title=\"&#8222;VL! &#038; Co ir konsolid\u0101cijas procesu beigu\u0161i&#8230;&#8220; &#8212; Latvijas Republikas tautas\" frameborder=\"0\" marginwidth=\"0\" marginheight=\"0\" scrolling=\"no\"><\/iframe><\/p>\n<hr \/>\n<hr \/>\n<hr \/>\n<hr \/>\n<p><strong><img decoding=\"async\" loading=\"lazy\" class=\"alignleft wp-image-45443\" src=\"https:\/\/tautastribunals.eu\/wp-content\/uploads\/2018\/07\/Raivis-DzintarsImants-Par\u0101dnieks.L.Granti\u0146\u0161.LRTT_.png\" alt=\"\" width=\"311\" height=\"217\" srcset=\"https:\/\/tautastribunals.eu\/wp-content\/uploads\/2018\/07\/Raivis-DzintarsImants-Par\u0101dnieks.L.Granti\u0146\u0161.LRTT_.png 537w, https:\/\/tautastribunals.eu\/wp-content\/uploads\/2018\/07\/Raivis-DzintarsImants-Par\u0101dnieks.L.Granti\u0146\u0161.LRTT_-300x209.png 300w\" sizes=\"(max-width: 311px) 100vw, 311px\" \/>Dzintar<\/strong>, j\u016bs mani,<u> kur\u0161 bija ar mieru upur\u0113ties tautas lab\u0101 <\/u>un celt j\u016bsu popularit\u0101ti, ne tikai neaizst\u0101v\u0113j\u0101t, bet tie\u0161i otr\u0101di, dar\u012bj\u0101t visu, lai mani noslepkavotu !<\/p>\n<p><strong>Rasna\u010ds <\/strong>un <strong>Levits<\/strong> ta\u010du ir <strong>\u201cvislatvijie\u0161i\u201d<\/strong> !<\/p>\n<p>J\u016bsu interneta vietn\u0113 ne ar <strong>p\u016b\u0161 pl\u0113stu zilbi<\/strong> netika piemin\u0113ts mans zv\u0113r\u012bgais- <strong><u>\u017e\u012bdbo\u013c\u0161eviku gaum\u0113 veiktais arests<\/u><\/strong>.<\/p>\n<p>V\u0113l jo vair\u0101k: <strong><u>mans v\u0101rds j\u016bsu vietn\u0113 ir atz\u012bm\u0113ts k\u0101 SPAMS<\/u><\/strong> !<\/p>\n<p>J\u016bs, izdzimte\u0146i, aizmirs\u0101t, ka s\u0113\u017eat manis un man l\u012bdz\u012bgo izkarotaj\u0101 <strong>Latvij\u0101<\/strong> un ne\u017e\u0113l\u012bgi to post\u0101t, k\u0101 aptraku\u0161i <strong><u>vilk- su\u0146u jaukte\u0146i<\/u>, kuri plosa aitu baru, lai apmierin\u0101tu savu pl\u0113so\u0146u dabu<\/strong> !<\/p>\n<p>Tu, <strong>Dzintar<\/strong>, ar <strong>Par\u0101dnieku<\/strong> un visu j\u016bsu \u0101rpr\u0101ta<strong> MAKS\u0100T NESP\u0112JAS ADMINISTRATORU <\/strong>bandu, kura <strong>\u201clikum\u012bgi\u201d<\/strong> aplaupa manu tautu, <strong><u>esiet fiziski izn\u012bcin\u0101mi un ar\u012b tiksiet fiziski izn\u012bcin\u0101ti<\/u><\/strong> !!!<\/p>\n<h2>J\u016bs ta\u010du visi esiet haz\u0101r\u017e\u012bdi !<\/h2>\n<p>Ir k\u013cuvis zin\u0101ms, ka Tu, <strong>Dzintar<\/strong>, esi m\u016bsu tautas \u0101rpr\u0101ta slepkavas <strong>Mavrika Vulfsona<\/strong> <strong><u>spermas produktu p\u0113ctecis !<\/u><\/strong><\/p>\n<p><span style=\"color: #0000ff;\"><em>(Un t\u0101p\u0113c tu nevari b\u016bt sav\u0101d\u0101ks, tu slepkavo tautu to aplaupot un izdzenot no <strong>Dzimtenes <\/strong>!!! Tu nesekoji manam aicin\u0101jumam, s\u016bdz\u0113ties starptautiskaj\u0101m organiz\u0101cij\u0101m par komunistu- \u010dekistu noziegumiem pret tautu un valsti ! Tamd\u0113\u013c jau \u0161\u012bs organiz\u0101cijas ir dibin\u0101tas.)<\/em><\/span><\/p>\n<p>Un, kas tad ir <strong>Par\u0101dnieka<\/strong> t\u0113vs ?<\/p>\n<p><strong>Par\u0101dnieks<\/strong>&#8211; t\u0101ds pats<strong> haz\u0101rs\u016bds<\/strong>, kur\u0161 ir kop\u0101 ar slepkavu- <strong>kriev\u017e\u012bdu Bunku<\/strong><span style=\"color: #0000ff;\"><em>(Ar slepkavu kop\u0101 var b\u016bt tikai slepkavas).<\/em><\/span><\/p>\n<hr \/>\n<hr \/>\n<p>Protams, ka <strong>Juris Jura\u0161s<\/strong>, kur\u0161 j\u016bs aps\u016bdz noziegum\u0101, ir no t\u0101s pa\u0161as \u0161lakas, bet apvainot vi\u0146u melo\u0161an\u0101, kas attiecas uz jums abiem, b\u016btu mu\u013c\u0137\u012bgi.<\/p>\n<p>Tev, <strong>Raivi<\/strong>, un ar\u012b tev<strong>, Imant,<\/strong> <strong><u>vajadz\u0113tu sekot goda pr\u0101tam<\/u><\/strong>: ieg\u0101d\u0101ties \u0161aujamo, ap\u0161aut visus maks\u0101tnesp\u0113jas administratorus un no\u0161auties pa\u0161iem. Citas izejas, lai gl\u0101btu savu godu vismaz savu b\u0113rnu ac\u012bs, jums nav.<\/p>\n<p>Jums ir j\u0101s\u0113\u017e pat p\u0113c \u0161\u012bs- <strong>4. maija kli\u0137es LIKUMIEM <\/strong>!<\/p>\n<p>Neskatoties uz manu nesapra\u0161anos ar <strong>Bord\u0101nu<\/strong>, vi\u0146\u0161 pateica taisn\u012bgus v\u0101rdus, ka <strong>NA <\/strong>ir \u013coti daudz labu cilv\u0113ku un partijas<strong> PROGRAMMA<\/strong>\u00a0 ir laba, tikai vad\u012bba j\u0101nomaina ! Ar\u012b <strong>LRTT<\/strong> par to jau gadiem ilgi run\u0101.<strong> Dzintars<\/strong> ir ticis kritiz\u0113ts pietieko\u0161i daudz. \u0160odien vairs kritika neder, vi\u0146\u0161, kop\u0101 ar bandu j\u0101arest\u0113, j\u0101ies\u0113dina un j\u0101ties\u0101 ar<strong> ASM<\/strong> !<\/p>\n<h2>Vi\u0146\u0161 nav lab\u0101ks par<strong> Brigmani, Urbanovi\u010du <\/strong>vai <strong>Godmani<\/strong> !<\/h2>\n<div id=\"fb-root\"><\/div>\n<p><script>(function(d, s, id) {  var js, fjs = d.getElementsByTagName(s)[0];  if (d.getElementById(id)) return;  js = d.createElement(s); js.id = id;  js.src = 'https:\/\/connect.facebook.net\/de_DE\/sdk.js#xfbml=1&version=v3.0';  fjs.parentNode.insertBefore(js, fjs);}(document, 'script', 'facebook-jssdk'));<\/script><\/p>\n<div class=\"fb-video\" data-href=\"https:\/\/www.facebook.com\/konservativie\/videos\/1736481466465781\/\" data-width=\"500\">\n<blockquote cite=\"https:\/\/www.facebook.com\/konservativie\/videos\/1736481466465781\/\" class=\"fb-xfbml-parse-ignore\"><p><a href=\"https:\/\/www.facebook.com\/konservativie\/videos\/1736481466465781\/\">Jura\u0161s aicina Par\u0101dnieku atkl\u0101t \u0123imenes finan\u0161u pl\u016bsmas<\/a><\/p>\n<p>P\u0113c Dzintara atz\u012b\u0161an\u0101s, Juris Jura\u0161s aicina ar\u012b Par\u0101dnieku atkl\u0101t \u0123imenes finan\u0161u pl\u016bsmas un atz\u012bt dar\u012bjumus ar L\u016bsi.<\/p>\n<p>Gepostet von <a href=\"https:\/\/www.facebook.com\/konservativie\/\">Jaun\u0101 konservat\u012bv\u0101 partija<\/a> am Montag, 18. Juni 2018<\/p><\/blockquote>\n<\/div>\n<p><img decoding=\"async\" loading=\"lazy\" class=\"alignleft wp-image-45437\" src=\"https:\/\/tautastribunals.eu\/wp-content\/uploads\/2018\/07\/I.-Par\u0101dnieks-un-R.-Bunka.-L.-Granti\u0146\u0161.LRTT_.1-768x576.jpg\" alt=\"\" width=\"653\" height=\"489\" srcset=\"https:\/\/tautastribunals.eu\/wp-content\/uploads\/2018\/07\/I.-Par\u0101dnieks-un-R.-Bunka.-L.-Granti\u0146\u0161.LRTT_.1-768x576.jpg 768w, https:\/\/tautastribunals.eu\/wp-content\/uploads\/2018\/07\/I.-Par\u0101dnieks-un-R.-Bunka.-L.-Granti\u0146\u0161.LRTT_.1-768x576-300x225.jpg 300w\" sizes=\"(max-width: 653px) 100vw, 653px\" \/><\/p>\n<blockquote class=\"wp-embedded-content\" data-secret=\"bW2QhCcTgd\"><p><a href=\"https:\/\/tautastribunals.eu\/?p=43794\">S\u0101tanistu(haz\u0101r\u017e\u012bdu bandas) ritu\u0101ls turpin\u0101s<\/a><\/p><\/blockquote>\n<p><iframe class=\"wp-embedded-content\" sandbox=\"allow-scripts\" security=\"restricted\" style=\"position: absolute; clip: rect(1px, 1px, 1px, 1px);\" src=\"https:\/\/tautastribunals.eu\/?p=43794&#038;embed=true#?secret=bW2QhCcTgd\" data-secret=\"bW2QhCcTgd\" width=\"500\" height=\"282\" title=\"&#8222;S\u0101tanistu(haz\u0101r\u017e\u012bdu bandas) ritu\u0101ls turpin\u0101s&#8220; &#8212; Latvijas Republikas tautas\" frameborder=\"0\" marginwidth=\"0\" marginheight=\"0\" scrolling=\"no\"><\/iframe><\/p>\n<p>06.07.18\u00a0\u00a0\u00a0\u00a0\u00a0\u00a0\u00a0\u00a0\u00a0\u00a0\u00a0\u00a0\u00a0 L. Granti\u0146\u0161<\/p>\n","protected":false},"excerpt":{"rendered":"<p>Sakar\u0101 ar VL! Noziedz\u012bgo darb\u012bbu es atg\u0101dinu jau sac\u012bto: 2015.gada j\u016bnij\u0101 t\u012bmek\u013ca vietn\u0113 ievietotaj\u0101 pazi\u0146ojum\u0101 Granti\u0146\u0161 rakst\u012bja, ka esot ieradies sav\u0101 t\u0113vzem\u0113, neskatoties uz draudiem, kuri n\u0101k no valdo\u0161\u0101s kli\u0137es. &#8220;T\u0101 cen\u0161as mani izdab\u016bt&#46;&#46;&#46;<\/p>\n","protected":false},"author":1,"featured_media":0,"comment_status":"open","ping_status":"open","sticky":false,"template":"","format":"standard","meta":[],"categories":[1],"tags":[],"_links":{"self":[{"href":"https:\/\/tautastribunals.eu\/index.php?rest_route=\/wp\/v2\/posts\/45436"}],"collection":[{"href":"https:\/\/tautastribunals.eu\/index.php?rest_route=\/wp\/v2\/posts"}],"about":[{"href":"https:\/\/tautastribunals.eu\/index.php?rest_route=\/wp\/v2\/types\/post"}],"author":[{"embeddable":true,"href":"https:\/\/tautastribunals.eu\/index.php?rest_route=\/wp\/v2\/users\/1"}],"replies":[{"embeddable":true,"href":"https:\/\/tautastribunals.eu\/index.php?rest_route=%2Fwp%2Fv2%2Fcomments&post=45436"}],"version-history":[{"count":5,"href":"https:\/\/tautastribunals.eu\/index.php?rest_route=\/wp\/v2\/posts\/45436\/revisions"}],"predecessor-version":[{"id":45454,"href":"https:\/\/tautastribunals.eu\/index.php?rest_route=\/wp\/v2\/posts\/45436\/revisions\/45454"}],"wp:attachment":[{"href":"https:\/\/tautastribunals.eu\/index.php?rest_route=%2Fwp%2Fv2%2Fmedia&parent=45436"}],"wp:term":[{"taxonomy":"category","embeddable":true,"href":"https:\/\/tautastribunals.eu\/index.php?rest_route=%2Fwp%2Fv2%2Fcategories&post=45436"},{"taxonomy":"post_tag","embeddable":true,"href":"https:\/\/tautastribunals.eu\/index.php?rest_route=%2Fwp%2Fv2%2Ftags&post=45436"}],"curies":[{"name":"wp","href":"https:\/\/api.w.org\/{rel}","templated":true}]}}