{"id":45400,"date":"2018-07-03T20:26:35","date_gmt":"2018-07-03T17:26:35","guid":{"rendered":"https:\/\/tautastribunals.eu\/?p=45400"},"modified":"2018-07-03T20:32:09","modified_gmt":"2018-07-03T17:32:09","slug":"lrtt-vel-par-cekas-prusaku-l-mucinu","status":"publish","type":"post","link":"https:\/\/tautastribunals.eu\/?p=45400","title":{"rendered":"LRTT. V\u0113l par \u010dekas prusaku L. Muci\u0146u"},"content":{"rendered":"<h2><img decoding=\"async\" loading=\"lazy\" class=\"alignleft wp-image-45401\" src=\"https:\/\/tautastribunals.eu\/wp-content\/uploads\/2018\/07\/L.Granti\u0146\u0161.J.Z\u012bvertsBord\u0101nsBut\u0101nsLRTT.png\" alt=\"\" width=\"626\" height=\"91\" srcset=\"https:\/\/tautastribunals.eu\/wp-content\/uploads\/2018\/07\/L.Granti\u0146\u0161.J.Z\u012bvertsBord\u0101nsBut\u0101nsLRTT.png 1073w, https:\/\/tautastribunals.eu\/wp-content\/uploads\/2018\/07\/L.Granti\u0146\u0161.J.Z\u012bvertsBord\u0101nsBut\u0101nsLRTT-300x44.png 300w, https:\/\/tautastribunals.eu\/wp-content\/uploads\/2018\/07\/L.Granti\u0146\u0161.J.Z\u012bvertsBord\u0101nsBut\u0101nsLRTT-768x112.png 768w, https:\/\/tautastribunals.eu\/wp-content\/uploads\/2018\/07\/L.Granti\u0146\u0161.J.Z\u012bvertsBord\u0101nsBut\u0101nsLRTT-800x116.png 800w\" sizes=\"(max-width: 626px) 100vw, 626px\" \/>Sol\u012bju, ka v\u0113l tiks rakst\u012bts par prusaku <strong>L. Muci\u0146u<\/strong><\/h2>\n<blockquote class=\"wp-embedded-content\" data-secret=\"eIliEmVmsM\"><p><a href=\"https:\/\/tautastribunals.eu\/?p=45259\">L. Muci\u0146\u0161: P\u0113t\u012b\u0161u Helsinki- 86 !<\/a><\/p><\/blockquote>\n<p><iframe class=\"wp-embedded-content\" sandbox=\"allow-scripts\" security=\"restricted\" style=\"position: absolute; clip: rect(1px, 1px, 1px, 1px);\" src=\"https:\/\/tautastribunals.eu\/?p=45259&#038;embed=true#?secret=eIliEmVmsM\" data-secret=\"eIliEmVmsM\" width=\"500\" height=\"282\" title=\"&#8222;L. Muci\u0146\u0161: P\u0113t\u012b\u0161u Helsinki- 86 !&#8220; &#8212; Latvijas Republikas tautas\" frameborder=\"0\" marginwidth=\"0\" marginheight=\"0\" scrolling=\"no\"><\/iframe><\/p>\n<p>Tauta var\u0113s att\u012br\u012bties tikai tad, kad t\u0101 zin\u0101s no k\u0101 tai j\u0101at\u012br\u0101s. Tap\u0113c ar\u012b tika veidota \u0161\u012b<strong> i- vietne,<\/strong> kura nor\u0101da uz tautas slepkav\u0101m&#8230; .<\/p>\n<p><strong>Muci\u0146\u0161<\/strong> un vi\u0146am l\u012bdz\u012bgie veic vispret\u012bg\u0101ko,- vi\u0146u uzdevums ir nov\u0113rst uzman\u012bbu no galven\u0101, no \u012bsto noziedznieku ties\u0101\u0161anas.<\/p>\n<h2>Protams, ka pats Muci\u0146\u0161 ir vistie\u0161\u0101kais slepkava !<\/h2>\n<p>T\u0101ds<strong> \u201cmuci\u0146\u0161\u201d<\/strong>, t\u0101 ir cilv\u0113ces g\u013cota, kas ap\u0137\u0113z\u012b visu <strong>Sv\u0113to<\/strong>, kas ir cilv\u0113c\u012bbas un <strong>Cilv\u0113ka<\/strong><em>(ar lielo burtu)<\/em> pamatu<strong> PAMATS<\/strong>.<\/p>\n<p>Vai tad \u0161is<strong> \u201cmuci\u0146\u0161\u201d<\/strong> sevi neatkl\u0101ja ar atbildi <strong>LVB<\/strong> priek\u0161s\u0113dim ar savu zemisko koment\u0101ru:<\/p>\n<hr \/>\n<hr \/>\n<p><a href=\"https:\/\/www.facebook.com\/vilors.eihmanis?fref=gs&amp;hc_ref=ARS_cqCI6CrO-LVqu_9m9ewsJWibaegb7GzKkXRtJ28iefQe-37E12O5lvgjUt27QVI&amp;dti=1480756315560847&amp;hc_location=group\"><img decoding=\"async\" loading=\"lazy\" class=\"alignleft wp-image-45413\" src=\"https:\/\/tautastribunals.eu\/wp-content\/uploads\/2018\/07\/Vilors-Eihmanis.L.Granti\u0146\u0161.LRTT_.png\" alt=\"\" width=\"71\" height=\"105\" srcset=\"https:\/\/tautastribunals.eu\/wp-content\/uploads\/2018\/07\/Vilors-Eihmanis.L.Granti\u0146\u0161.LRTT_.png 322w, https:\/\/tautastribunals.eu\/wp-content\/uploads\/2018\/07\/Vilors-Eihmanis.L.Granti\u0146\u0161.LRTT_-201x300.png 201w\" sizes=\"(max-width: 71px) 100vw, 71px\" \/>Vilors Eihmanis<\/a> <a href=\"https:\/\/www.facebook.com\/groups\/1480756315560847\/admins\/\">Administrators<\/a> \u00b7 <a href=\"https:\/\/www.facebook.com\/groups\/1480756315560847\/permalink\/1737917573178052\/\">26. oktobris plkst. 23:22<\/a><span style=\"color: #0000ff;\"> <em>Katr\u0101 zi\u0146\u0101 liels solis pret\u012b tiesisk\u0101kai valstij jau b\u016btu, ja tiesu izpild\u012bt\u0101ji un maks\u0101tnesp\u0113jas administratori, kuri faktiski veic t\u0101du tehniski meh\u0101nisku juridisku darbu, b\u016btu valsts algotas amatpersonas, nevis \u0161eptma\u0146i, kuri goz\u0113jas miljon\u0101ru sarakstos.<\/em><\/span><\/p>\n<p><strong><span style=\"color: #0000ff;\">\u0160im:<\/span> <\/strong><strong><u>Vilora Eihma\u0146a tekstam piekrit\u012bs jebkur\u0161<\/u><\/strong><strong>, <\/strong><strong><u>iz\u0146emot noziedzniekus, kuri piedal\u0101s valsts izlaup\u012b\u0161an\u0101.<\/u><\/strong><\/p>\n<p>Nep\u0101rprotami, ka viens no \u0161\u0101diem noziedzniekiem ir<strong> Linards<\/strong> <strong>Muci\u0146\u0161,<\/strong> kur\u0161, k\u0101 m\u0113s vec\u0101k\u0101 paaudze atmin\u0101mies, ir saist\u012bts ar <strong>\u201c\u010dekas maisu\u201d<\/strong> lietu. \u012asta <strong>NKVD <\/strong>laikmeta troika: <strong><u>Borovkovs, Godmanis un Muci\u0146\u0161 <\/u><\/strong>!!! Un k\u0101da <strong><u>galaktiska sagad\u012b\u0161an\u0101s,<\/u><\/strong> visi vi\u0146i ir pasakaini bag\u0101ti k\u013cuvu\u0161i !!!<\/p>\n<p><img decoding=\"async\" loading=\"lazy\" class=\"alignleft wp-image-45411\" src=\"https:\/\/tautastribunals.eu\/wp-content\/uploads\/2018\/07\/L.Muci\u0146\u0161.Granti\u0146\u0161.LRTT_.Liep\u0101ja.jpg\" alt=\"\" width=\"122\" height=\"158\" srcset=\"https:\/\/tautastribunals.eu\/wp-content\/uploads\/2018\/07\/L.Muci\u0146\u0161.Granti\u0146\u0161.LRTT_.Liep\u0101ja.jpg 245w, https:\/\/tautastribunals.eu\/wp-content\/uploads\/2018\/07\/L.Muci\u0146\u0161.Granti\u0146\u0161.LRTT_.Liep\u0101ja-232x300.jpg 232w\" sizes=\"(max-width: 122px) 100vw, 122px\" \/>Un, l\u016bk, \u0161eit \u0161\u012b <strong>\u201c\u010deksa maisu\u201d<\/strong> sarg\u0101t\u0101ja koment\u0101rs uz <strong>Eihma\u0146a <\/strong>priek\u0161likumu:<\/p>\n<ol start=\"27\">\n<li><a href=\"https:\/\/www.facebook.com\/groups\/1480756315560847\/permalink\/1737917573178052\/?comment_id=1738109289825547&amp;comment_tracking=%7B%22tn%22%3A%22R%22%7D\"> oktobris plkst. 14:<\/a><a href=\"https:\/\/www.facebook.com\/groups\/1480756315560847\/permalink\/1737917573178052\/?comment_id=1738109289825547&amp;comment_tracking=%7B%22tn%22%3A%22R%22%7D\">41<\/a><a href=\"http:\/\/tautastribunals.eu\/wp-admin\/Linards%20Mucins\"> <strong>Linards Mucins<\/strong> <\/a><span style=\"color: #0000ff;\"><em>Vai Vilors nav sa\u012bsin\u0101jums no Vladimir I\u013cji\u010d \u013be\u0146in Okvjzbrjskaja Revo\u013cucija? Tad jau saprotama v\u0113lme atgriezties PSRS un re\u0101l\u0101 soci\u0101lism\u0101 un celt komunismu l\u0113\u0123eros!!!!! Tiesu izpild\u012bt\u0101js k\u0101 br\u012bva profesija un VALSTS AMATPERSONA ir atgrie\u0161an\u0101s pie l\u012bdz\u00a01940. okup\u0101cijas statusa, k\u0101ds eksist\u0113 gabdr\u012bz vis\u0101 ES, it sevi\u0161\u0137i pistkomunistisk\u0101s valst\u012bs, kuras pie\u0146\u0113ma Francijas tiesu izpild\u012bt\u0101ju min\u0113to modeli. M\u0113s tikai atjaunoj\u0101m pirmskara. Ja valsts grib ierobe\u017eot, lai palielina IeIeN, nosakot, ka ien\u0101kumu virs 1 000 000 \u20ac apliek ar nodokli p\u0113c 50 % likmes!!!!!!!!<\/em><\/span><\/li>\n<\/ol>\n<hr \/>\n<hr \/>\n<h2>Vai t\u0101du atbildi sniedzo\u0161ais ir uzskat\u0101ms par cilv\u0113ku ?<\/h2>\n<p>\u0160aubos, vai k\u0101ds vi\u0146u var <strong>\u201cdefin\u0113t\u201d<\/strong> par cilv\u0113ku, kur nu v\u0113l par latvieti.<\/p>\n<p><img decoding=\"async\" loading=\"lazy\" class=\"alignleft wp-image-45417\" src=\"https:\/\/tautastribunals.eu\/wp-content\/uploads\/2018\/07\/Muci\u0146\u0161.GorbunovsGodmanisGranti\u0146\u0161.LRTT_.png\" alt=\"\" width=\"330\" height=\"271\" srcset=\"https:\/\/tautastribunals.eu\/wp-content\/uploads\/2018\/07\/Muci\u0146\u0161.GorbunovsGodmanisGranti\u0146\u0161.LRTT_.png 605w, https:\/\/tautastribunals.eu\/wp-content\/uploads\/2018\/07\/Muci\u0146\u0161.GorbunovsGodmanisGranti\u0146\u0161.LRTT_-300x246.png 300w\" sizes=\"(max-width: 330px) 100vw, 330px\" \/>FOTO:<span style=\"color: #ff0000;\"><em> Latvie\u0161u tautas masu slepkavas,-\u010dekas maisu sarg\u0101t\u0101ji !<\/em><\/span><\/p>\n<p>Visi \u0161ie s\u0101taniskie izdzimumi \u0161odien ir pasakaini bag\u0101ti. \u017d\u012bds\u0101tanisk\u0101s<strong> PSRS<\/strong> okup\u0101cijas re\u017e\u012bma p\u0113cte\u010di- mantinieki \u0161\u0101dus cilv\u0113kus tur liel\u0101 <strong>\u201cgod\u0101\u201d,<\/strong> jo tikai ar vi\u0146u atbalstu tie var netrauc\u0113ti izzagt <strong>Latvijas valsti<\/strong> un <strong>slepkavot latvie\u0161u tautu<\/strong>.<\/p>\n<h2><span style=\"color: #ff0000;\">Vi\u0146iem tiek pag\u0101d\u0101ti ienes\u012bgi darbi un dota iesp\u0113ja laup\u012bt latvie\u0161u tautas materi\u0101l\u0101s un gar\u012bg\u0101s v\u0113rt\u012bbas.<\/span><\/h2>\n<p>Tie\u0161i t\u0101di<strong> \u201cmuci\u0146i\u201d <\/strong>ir tie, kuri dod sv\u0113t\u012bbu latvie\u0161u patriotu izn\u012bcin\u0101\u0161anai.<\/p>\n<p>Raksta beig\u0101s variet las\u012bt k\u0101da p\u0113c<strong>Atmodas<\/strong> patriota teikto. Runa ir par <strong>Latvijas Aizsargu organiz\u0101ciju<\/strong>, kuru vad\u012bja<strong> J\u0101nis R\u012bba<\/strong>. <strong>L. Muci\u0146\u0161<\/strong> un<strong> A. Gorbunovs <\/strong>bija vieni no galvenajiem slepkav\u012bbu pas\u016bt\u012bt\u0101jiem, ne b\u016bt ne mazsvar\u012bg\u0101ki par<strong> I. Godmani, Z. \u010ceveru <\/strong>un <strong>A. Borovkovu<\/strong>\u2026 .<\/p>\n<p>Tie\u0161i <strong>Anato\u013cijs Gorbunovs<\/strong><em>(un ar\u012b p\u0113k\u0161\u0146i k\u013cuva par miljon\u0101ru) <\/em>bija viens no svar\u012bg\u0101kajiem slepkav\u012bbu iniciatoriem, jo \u010dekisti ta\u010du bija pak\u013cauti vi\u0146am !<\/p>\n<p>Piln\u012bgi neviens no \u0161eit min\u0113tajiem nav latvietis, ieskatot <strong>\u201cmuci\u0146veid\u012bgo\u201d <\/strong>tarak\u0101nu. Vai tad vi\u0146a nic\u012bgais koment\u0101rs nenor\u0101da uz to, ka vi\u0146\u0161 m\u016bs uzskata par goj\u0101m ?<\/p>\n<p><strong>Latvijas <\/strong>vald\u012bbu <strong>\u201ciev\u0113l\u201d Latvijas valsts<\/strong> repres\u012bvie org\u0101ni, kuri piln\u012bb\u0101 sast\u0101v no kriev\u017e\u012bdiskajiem slepkav\u0101m. T\u0101 ir s\u0101taniska gara krop\u013cu banda, s\u0101kot no <strong>V\u0113jo\u0146a <\/strong>un beidzot ar <strong>Kalnmeieru<\/strong>.<\/p>\n<p><strong><u>LRTT atg\u0101dina:<\/u><\/strong><\/p>\n<h2>Sod\u012bti tiks ar\u012b visi tie, kuri \u201cdraudz\u012bgi\u201d sveicin\u0101ju\u0161i \u0161os slepkavas !<\/h2>\n<p><strong>Linards Muci\u0146\u0161<\/strong> ir viens no galvenajiem iniciatoriem <strong>Latvijas Aizsargu organiz\u0101cijas<\/strong> izn\u012bcin\u0101\u0161an\u0101 un <strong>J\u0101\u0146a R\u012bbas <\/strong>noslepkavo\u0161an\u0101.<\/p>\n<p>\u0160aj\u0101 slepkav\u012bb\u0101 dal\u012bbu \u0146\u0113mis ir ar\u012b viltus latviec <strong>L. Inkins<\/strong>.<\/p>\n<hr \/>\n<hr \/>\n<hr \/>\n<hr \/>\n<p>\u0160eit<span style=\"color: #0000ff;\"><em>(ar zili mar\u0137\u0113to)<\/em><\/span> variet iepaz\u012bties ar <strong>J. R\u012bbas <\/strong>laikabiedra atmi\u0146\u0101m un secin\u0101t pa\u0161i, k\u0101 tas viss notika. Neviens no patriotu slepkav\u0101m nav ticis no\u0137erts un tas nor\u0101da, ka: <strong><u>vi\u0146i atrodas starp mums.<\/u><\/strong> Ar\u012b es nevar\u0113ju pat \u013caun\u0101k\u0101 murg\u0101 iedom\u0101ties, ka <strong>J\u0101nis Ro\u017ekalns<\/strong> var piedal\u012bties manas slepkav\u012bbas organiz\u0113\u0161an\u0101.<\/p>\n<blockquote class=\"wp-embedded-content\" data-secret=\"MXq0HjIwYf\"><p><a href=\"https:\/\/tautastribunals.eu\/?p=39964\">Nep\u0101rprotami, ka tiek gatavota slepkav\u012bba<\/a><\/p><\/blockquote>\n<p><iframe class=\"wp-embedded-content\" sandbox=\"allow-scripts\" security=\"restricted\" style=\"position: absolute; clip: rect(1px, 1px, 1px, 1px);\" src=\"https:\/\/tautastribunals.eu\/?p=39964&#038;embed=true#?secret=MXq0HjIwYf\" data-secret=\"MXq0HjIwYf\" width=\"500\" height=\"282\" title=\"&#8222;Nep\u0101rprotami, ka tiek gatavota slepkav\u012bba&#8220; &#8212; Latvijas Republikas tautas\" frameborder=\"0\" marginwidth=\"0\" marginheight=\"0\" scrolling=\"no\"><\/iframe><\/p>\n<p>M\u0113s vi\u0146us ties\u0101sim un vi\u0146u \u012bpa\u0161umus nodedzin\u0101sim, jo tie ir pies\u016bku\u0161ies ar latvie\u0161u tautas sviedru, asins un n\u0101ves ener\u0123iju !!!<\/p>\n<p>03.07.18\u00a0\u00a0\u00a0\u00a0\u00a0\u00a0\u00a0\u00a0\u00a0\u00a0\u00a0\u00a0\u00a0\u00a0\u00a0 L. Granti\u0146\u0161<\/p>\n<hr \/>\n<hr \/>\n<hr \/>\n<hr \/>\n<p><span style=\"color: #0000ff;\">Bija tur ar t\u0101di ! Redzi, kad biju<strong> Aizsargu organiz\u0101cij\u0101- J\u0101ni R\u012bbu<\/strong>, noslepkavoja, jo bij\u0101m devu\u0161i zv\u0113restu <strong>Pilso\u0146u Komitejai<\/strong>, bet ne <strong>AP<\/strong> komunistiem !<\/span><\/p>\n<p><span style=\"color: #0000ff;\">Nobij\u0101s no 30 000 bru\u0146otiem Aizsargiem !<\/span><\/p>\n<p><span style=\"color: #0000ff;\">Bija daudz pas\u016bt\u012bjumu slepkav\u012bbu.<\/span><\/p>\n<p><span style=\"color: #0000ff;\">Vi\u0146iem kompartijas nauda + noziedz\u012bg\u0101s strukt\u016bras. M\u0113s nepasp\u0113j\u0101m, apbru\u0146ot<strong> Aizsargus<\/strong> ! <strong>J\u0101nis R\u012bba<\/strong> dibin\u0101ja mednieku biedr\u012bbu, lai aizsargi tiktu pie iero\u010diem, bet par v\u0113lu!<\/span><\/p>\n<p><span style=\"color: #0000ff;\">Tad jau bija <strong>Pilso\u0146u Kongress,<\/strong> vien\u012bg\u0101 le\u0123it\u012bm\u0101 <strong>Latvijas vald\u012bbas strukt\u016bra<\/strong>, bet m\u0113s vienk\u0101r\u0161i <strong>NEPASP\u0112J\u0100M <\/strong>un ar\u012b negaid\u012bj\u0101m, ka tas aizies l\u012bdz politiskai slepkavo\u0161anai !<\/span><\/p>\n<p><span style=\"color: #0000ff;\">Man jau daudz gadu un es to nepavilktu, ko <strong>J\u0101nis R\u012bba<\/strong>, bet tad jau mani ar\u012b nov\u0101ktu ! J. <strong>R\u012bba<\/strong> bija <strong>Latvijas Aizsargu organiz\u0101cijas priek\u0161nieks !<\/strong> Cik tad m\u016bs\u0113ju, v\u0113l palicis&#8230; .<\/span><\/p>\n<p><span style=\"color: #0000ff;\">No\u0161\u0101va no med\u012bbu bises, kad J\u0101nis no <strong>Aizsargu \u0161t\u0101ba<\/strong> dev\u0101s m\u0101jas ! <strong>Mat\u012bsa iel\u0101 101,<\/strong> izn\u0101kot no \u0161t\u0101ba turpat s\u0113t\u0101, bet slepkavas, protams, nav atrasti !<\/span><\/p>\n<p><span style=\"color: #0000ff;\">Tas bija <strong>Gorbunova<\/strong>, pas\u016bt\u012bjums !<\/span><\/p>\n<p><span style=\"color: #0000ff;\">Vi\u0146a cilv\u0113ki, katru ned\u0113\u013cu, lauz\u0101s m\u016bsu \u0161t\u0101b\u0101, demol\u0113ja tipogr\u0101fiju, otr\u0101 st\u0101v\u0101\u2026 !<\/span><\/p>\n<p><span style=\"color: #0000ff;\">N\u0101c\u0101s \u0161t\u0101bu apsarg\u0101t 24h, kaut ar\u012b mums v\u0113l nebija, iero\u010du ! <strong>J. R\u012bba<\/strong> grib\u0113ja, lai visiem b\u016btu 12 kal. <strong>Pumji- bises<\/strong> ar 8-10 l\u0101di\u0146iem, m\u0113s vienk\u0101r\u0161i nepasp\u0113j\u0101m !<\/span><\/p>\n<hr \/>\n<hr \/>\n<hr \/>\n<hr \/>\n<p><strong>To latvie\u0161u \u013cau\u017eu zin\u0101\u0161anai \u2013 k\u0101 t\u0101s lietas dar\u012btas top!<\/strong><\/p>\n<blockquote class=\"wp-embedded-content\" data-secret=\"XSVaSjA1ys\"><p><a href=\"https:\/\/tautastribunals.eu\/?p=15988\">Leonards Inkins un &#8222;Mein Kampf&#8220;<\/a><\/p><\/blockquote>\n<p><iframe class=\"wp-embedded-content\" sandbox=\"allow-scripts\" security=\"restricted\" style=\"position: absolute; clip: rect(1px, 1px, 1px, 1px);\" src=\"https:\/\/tautastribunals.eu\/?p=15988&#038;embed=true#?secret=XSVaSjA1ys\" data-secret=\"XSVaSjA1ys\" width=\"500\" height=\"282\" title=\"&#8222;Leonards Inkins un &#8222;Mein Kampf&#8220;&#8220; &#8212; Latvijas Republikas tautas\" frameborder=\"0\" marginwidth=\"0\" marginheight=\"0\" scrolling=\"no\"><\/iframe><\/p>\n<p>M\u0113s varam tikai apbr\u012bnot<strong> apzi\u0146as du\u013c\u0137o\u0161anu<\/strong>, jeb, k\u0101 m\u016bsdien\u0101s to ofici\u0101li d\u0113v\u0113, sabiedrisk\u0101s domas veido\u0161anas apar\u0101ta veiktos l\u012bklo\u010dus. T\u0101, at\u0161\u0137irot k\u0101du laikrakstu <strong>\u201cLatvietis Latvij\u0101\u201d <\/strong>numuru, ieraudz\u012bsim fotogr\u0101fijas, kur\u0101s redzami aizsargi. Nevis kaut k\u0101di viltv\u0101r\u017ei, kuri pa reizei sav\u0101ra k\u0101du \u0161muci un ar pastieptu roku st\u0101v veco komunistu varasv\u012bru priek\u0161\u0101, lai izubagotu ar\u012b sev k\u0101du kumosu no t\u0101, kas at\u0146emts latvie\u0161u tautai, bet gan \u012bstie,<strong> 18. novembra Latvijai<\/strong> uztic\u012bgie.<br \/>\nDa\u017es apst\u0101k\u013cu pazin\u0113js par to b\u016bs izbr\u012bn\u012bts. Laikraksta galvenais izdev\u0113js <strong>Leonards Inkins<\/strong> ta\u010du jau <strong>J\u0101\u0146a R\u012bbas<\/strong> laik\u0101 tika izsl\u0113gts no aizsargiem par p\u0101r\u0101k cie\u0161u draudz\u012bbu ar <strong>Maskavas <\/strong>v\u012briem! K\u0101ds gan vi\u0146am ar tiem vairs var b\u016bt sakars? Atbildi uz \u0161o jaut\u0101jumu atrad\u012bsim, ja saprat\u012bsim, k\u0101 <strong>Maskav\u0101 <\/strong>pret latvie\u0161u tautu prot izmantot apst\u0101k\u013cus, kas, k\u0101 \u0161\u0137iet, uz mums visp\u0101r nav attiecin\u0101mi.<\/p>\n<hr \/>\n<hr \/>\n<hr \/>\n<hr \/>\n<div id=\"active_header\" class=\"person-header clear\">\n<div class=\"person-header-desc\">\n<div class=\"block\">\n<dl class=\"attributes\">\n<dt><img decoding=\"async\" loading=\"lazy\" class=\"alignleft wp-image-45405\" src=\"https:\/\/tautastribunals.eu\/wp-content\/uploads\/2018\/07\/J\u0101nis-R\u012bba.L.Granti\u0146\u0161.L.-Muci\u0146\u0161.GorbunovsBorovkovs.png\" alt=\"\" width=\"150\" height=\"156\" \/>Dzim\u0161anas datums: 00.00.1933<\/dt>\n<dt>Mir\u0161anas datums: <a href=\"https:\/\/nekropole.info\/lv\/person\/list\/day\/19971128\">28.11.1997<\/a><\/dt>\n<dt><a href=\"https:\/\/nekropole.info\/lv\/person\/list?category_id=174\">Aizsargs<\/a>, <a href=\"https:\/\/nekropole.info\/lv\/person\/list?category_id=18\">M\u0101kslinieks (-e)<\/a>, <a href=\"https:\/\/nekropole.info\/lv\/person\/list?category_id=257\">Nozieguma upuris<\/a>, <a href=\"https:\/\/nekropole.info\/lv\/person\/list?category_id=28\">Sabiedrisks darbinieks<\/a><\/dt>\n<dt>Taut\u012bba: <a href=\"https:\/\/nekropole.info\/lv\/person\/list\/nationality\/latvietis\">latvieti\u00a0<\/a><\/dt>\n<dt>M\u0101kslinieks grim\u0113t\u0101js,\u00a0Aizsargu priek\u0161nieks,\u00a0LTF, LRP, LNNK deput\u0101tu kandid\u0101ts Pilso\u0146u kongresa v\u0113l\u0113\u0161an\u0101s.<\/dt>\n<\/dl>\n<\/div>\n<\/div>\n<\/div>\n<div id=\"person\" class=\"section-collapse open\">\n<div id=\"person-description\" data-read-more=\"Las\u012bt vair\u0101k\">\n<p>Ar vair\u0101kiem bises \u0161\u0101vieniem nogalin\u0101ts Mat\u012bsa ielas 101. nama pagalm\u0101 (net\u0101lu no Aizsargu \u0161t\u0101ba).<\/p>\n<p>Slepkav\u012bba nav atkl\u0101ta.\u00a0Pirms vi\u0146a tika nogalin\u0101ti tr\u012bs Aizsargu organiz\u0101cijas noda\u013cu komandieri. Policija l\u012bdz \u0161im nav atradu\u0161i slepkavas nevien\u0101 no gad\u012bjumiem<\/p>\n<p>Dro\u0161\u012bbas policija 1998. gad\u0101\u00a0\u00a0nor\u0101d\u012bja, ka &#8220;p\u0113das vedot&#8221; \u201eP\u0113rko\u0146krusta\u201d virzien\u0101.<span style=\"color: #ff0000;\"><em>(LRTT piebilde: kriev\u017e\u012bdisk\u0101 DP savu noziegumu grib &#8220;pierakst\u012bt&#8221; &#8220;P\u0113rko\u0146krustam&#8221;)<\/em><\/span><\/p>\n<p>***<\/p>\n<p><em>6. decembr\u012b ar s\u0113ru dievkalpojumu\u00a0R\u012bgas Dom\u0101 p\u0113d\u0113j\u0101 gait\u0101 izvad\u012bja\u00a0Latvij\u0101 atjaunot\u0101s Aizsargu organiz\u0101cijas komandieri\u00a0J\u0101ni\u00a0R\u012bbu.\u00a0Aiz\u00a0l\u016bgumu notur\u0113ja pr\u0101vests\u00a0J\u0101nis\u00a0Liepi\u0146\u0161 un m\u0101c\u012bt\u0101js K\u0101rlis Lielzuika\u00a0no \u0101rzem\u0113m. Gandr\u012bz t\u016bkstotis lau\u017eu\u00a0st\u0101v\u0113ja cie\u0161\u0101 pulk\u0101 dievnam\u0101 ap\u00a0nelai\u0137a z\u0101rku, par kuru liec\u0101s Aizsargu organiz\u0101cijas un sarkanbaltsarkanie valsts karogi.<\/em><\/p>\n<p><em>Aizsargu organiz\u0101cijas p\u0101rst\u0101vji no vis\u0101m Latvijas\u00a0mal\u0101m rok\u0101s aiznesa komandiera\u00a0z\u0101rku cauri visai Vecpils\u0113tai l\u012bdz\u00a0Br\u012bv\u012bbas pieminek\u013ca pak\u0101jei. Gara,\u00a0jo gara pavad\u012bt\u0101ju kolonna, s\u0113ru\u00a0m\u016bzikai skanot, vij\u0101s cauri Vecr\u012bgas<br \/>\nieli\u0146\u0101m un sapl\u016bda liel\u0101 pulk\u0101 pie\u00a0Br\u012bv\u012bbas pieminek\u013ca. Tur vi\u0146i visi\u00a0vienoj\u0101s himn\u0101 &#8220;Dievs, sv\u0113t\u012b Latviju&#8221; \u00a0un p\u0113c tam aiz katalalka autobusos\u00a0dev\u0101s uz Drustiem, kur ir J\u0101\u0146a R\u012bbas\u00a0dzimt\u0101 puse.\u00a0<\/em><\/p>\n<p><em>J.\u00a0R\u012bbu\u00a0nogalin\u0101ja 28. novembra ar\u00a0diviem \u0161\u0101vieniem pie Mat\u012bsa ielas\u00a0101. nama, kur atrodas aizsargu\u00a0\u0161t\u0101bs.\u00a0Aizsargu organiz\u0101cijas par priek\u0161nieku iev\u0113l\u0113tais Aksels Kaimi\u0146\u0161 sac\u012bja, ka gan organiz\u0101cijai, gan J. R\u012bbam\u00a0draud\u0113ts jau kop\u0161 organiz\u0101cijas\u00a0atjauno\u0161anas 1990. gad\u0101. J. R\u012bbas<br \/>\nno\u0161au\u0161anu aizsargu vad\u012bba v\u0113rt\u0113 k\u0101\u00a0Latvijas \u0101r\u0113jo un iek\u0161\u0113jo ienaidnieku<br \/>\npas\u016btin\u0101tu politisku slepkav\u012bbu. \u0160ogad p\u0113c spr\u0101dziena pie Uzvaras pieminek\u013ca P\u0101rdaugav\u0101 atrada divus\u00a0boj\u0101g\u0101ju\u0161us biju\u0161os aizsargus. Spr\u0101dzienu sar\u012bkoja ultraradik\u0101ls grup\u0113jums &#8220;P\u0113rko\u0146krusts&#8221;. A. Kaimi\u0146\u0161<br \/>\natzina, ka neizsl\u0113dz iesp\u0113ju par\u00a0&#8220;p\u0113rko\u0146krustie\u0161u&#8221; l\u012bdzdal\u012bbu slepkav\u012bb\u0101.\u00a0<\/em><\/p>\n<p><em>Kop\u0161 1993. gada Latvij\u0101 ir divas\u00a0aizsargu organiz\u0101cijas, ta\u010du nelai\u0137a<br \/>\nJ. R\u012bbas vad\u012btie aizsargi nav re\u0123istr\u0113ju\u0161ies Tieslietu ministrij\u0101. A.\u00a0Kaimi\u0146\u0161 paskaidroja, ka vi\u0146i ir\u00a0atjaunoju\u0161ies k\u0101 1918. gada Latvijas\u00a0Republikas organiz\u0101cija un neuzskata par nepiecie\u0161amu re\u0123istr\u0113ties pa\u0161reiz\u0113j\u0101s instit\u016bcij\u0101s. Otr\u0101 organiz\u0101cij\u0101 esot apvienoju\u0161ies daudzi no J.\u00a0R\u012bbas aizsargu rind\u0101m izsl\u0113gti cilv\u0113ki\u00a0ar krimin\u0101lu pag\u0101tni.<br \/>\nGUN\u0100RS BIRKMANIS<\/em><\/p>\n<\/div>\n<\/div>\n<hr \/>\n<hr \/>\n<hr \/>\n<h2><span style=\"color: #800080;\">Speci\u0101lizlaidums A\u010cG\u0100RNI.COM<\/span><\/h2>\n<h1><a href=\"https:\/\/www.acgarni.com\/single-post\/2018\/07\/01\/33-s%C4%93rija-Speci%C4%81lizlaidums-Mazs-cin%C4%ABtis-tie%C5%A1%C4%81m-g%C4%81%C5%BE-lielu-vezumu\">Mazs cin\u012btis g\u0101\u017e lielu vezumu !<\/a><\/h1>\n","protected":false},"excerpt":{"rendered":"<p>Sol\u012bju, ka v\u0113l tiks rakst\u012bts par prusaku L. Muci\u0146u L. Muci\u0146\u0161: P\u0113t\u012b\u0161u Helsinki- 86 ! Tauta var\u0113s att\u012br\u012bties tikai tad, kad t\u0101 zin\u0101s no k\u0101 tai j\u0101at\u012br\u0101s. Tap\u0113c ar\u012b tika veidota \u0161\u012b i- vietne,&#46;&#46;&#46;<\/p>\n","protected":false},"author":1,"featured_media":0,"comment_status":"open","ping_status":"open","sticky":false,"template":"","format":"standard","meta":[],"categories":[1],"tags":[],"_links":{"self":[{"href":"https:\/\/tautastribunals.eu\/index.php?rest_route=\/wp\/v2\/posts\/45400"}],"collection":[{"href":"https:\/\/tautastribunals.eu\/index.php?rest_route=\/wp\/v2\/posts"}],"about":[{"href":"https:\/\/tautastribunals.eu\/index.php?rest_route=\/wp\/v2\/types\/post"}],"author":[{"embeddable":true,"href":"https:\/\/tautastribunals.eu\/index.php?rest_route=\/wp\/v2\/users\/1"}],"replies":[{"embeddable":true,"href":"https:\/\/tautastribunals.eu\/index.php?rest_route=%2Fwp%2Fv2%2Fcomments&post=45400"}],"version-history":[{"count":24,"href":"https:\/\/tautastribunals.eu\/index.php?rest_route=\/wp\/v2\/posts\/45400\/revisions"}],"predecessor-version":[{"id":45441,"href":"https:\/\/tautastribunals.eu\/index.php?rest_route=\/wp\/v2\/posts\/45400\/revisions\/45441"}],"wp:attachment":[{"href":"https:\/\/tautastribunals.eu\/index.php?rest_route=%2Fwp%2Fv2%2Fmedia&parent=45400"}],"wp:term":[{"taxonomy":"category","embeddable":true,"href":"https:\/\/tautastribunals.eu\/index.php?rest_route=%2Fwp%2Fv2%2Fcategories&post=45400"},{"taxonomy":"post_tag","embeddable":true,"href":"https:\/\/tautastribunals.eu\/index.php?rest_route=%2Fwp%2Fv2%2Ftags&post=45400"}],"curies":[{"name":"wp","href":"https:\/\/api.w.org\/{rel}","templated":true}]}}