{"id":44847,"date":"2018-05-18T20:19:43","date_gmt":"2018-05-18T17:19:43","guid":{"rendered":"https:\/\/tautastribunals.eu\/?p=44847"},"modified":"2020-12-21T20:10:11","modified_gmt":"2020-12-21T18:10:11","slug":"ka-tas-gadas-ka-viniizredzetie-ir-vienmer-pie-siles","status":"publish","type":"post","link":"https:\/\/tautastribunals.eu\/?p=44847","title":{"rendered":"K\u0101 tas gad\u0101s, ka vi\u0146i(izredz\u0113tie) ir vienm\u0113r pie &#8220;siles&#8221;?"},"content":{"rendered":"<h2><span style=\"color: #003300;\"><span style=\"color: #0000ff;\">Turpin\u0101jums \u201cdiskusijai\u201d: <\/span><a style=\"color: #003300;\" href=\"https:\/\/tautastribunals.eu\/?p=44603\"><span style=\"color: #0000ff;\">https:\/\/tautastribunals.eu\/?p=44603<\/span><\/a><\/span><\/h2>\n<h2><span style=\"color: #003300;\"><img decoding=\"async\" loading=\"lazy\" class=\"alignleft wp-image-44851\" src=\"https:\/\/tautastribunals.eu\/wp-content\/uploads\/2018\/05\/Za\u013c\u0161-tautastribunals.eu_-4.png\" alt=\"\" width=\"1665\" height=\"233\" srcset=\"https:\/\/tautastribunals.eu\/wp-content\/uploads\/2018\/05\/Za\u013c\u0161-tautastribunals.eu_-4.png 950w, https:\/\/tautastribunals.eu\/wp-content\/uploads\/2018\/05\/Za\u013c\u0161-tautastribunals.eu_-4-300x42.png 300w, https:\/\/tautastribunals.eu\/wp-content\/uploads\/2018\/05\/Za\u013c\u0161-tautastribunals.eu_-4-768x108.png 768w, https:\/\/tautastribunals.eu\/wp-content\/uploads\/2018\/05\/Za\u013c\u0161-tautastribunals.eu_-4-800x112.png 800w\" sizes=\"(max-width: 1665px) 100vw, 1665px\" \/>K\u0101p\u0113c vi\u0146i, \u201c<strong>dievizredz\u0113tie<\/strong>\u201d, vienm\u0113r ir pie varas gro\u017eiem ?<\/span><\/h2>\n<p><span style=\"color: #003300;\">K\u0101dreiz nevar\u0113ju saprast.<\/span><\/p>\n<p><span style=\"color: #003300;\">Neatceros vairs, kura rakstnieka gr\u0101mat\u0101 es iepazinos ar \u0161o vi\u0146u <strong>\u201ctaktiku\u201d: <u>k\u0101 m\u016b\u017e\u012bgi atrasties jebkuras vald\u012bbas avangard\u0101<\/u><\/strong>.<\/span><\/p>\n<p><span style=\"color: #003300;\">Paskaidroju tiem jaun\u0101s paaudzes las\u012bt\u0101jiem, kuriem tas<em>(t\u0101pat k\u0101 man k\u0101dreiz)<\/em> nav saprotams: Vi\u0146i vienm\u0113r ir tie, kuri pirmie veido opoz\u012bciju un c\u012bn\u0101s pret eso\u0161o vald\u012bbu, jo viemm\u0113r b\u016bs t\u0101, ka k\u0101dam nepatiks past\u0101vo\u0161\u0101 iek\u0101rta un jebkurai vald\u012bbai ir ik pa reiz\u0113m j\u0101pie\u0146em nepopul\u0101ri l\u0113mumi.<\/span><\/p>\n<p><span style=\"color: #003300;\">T\u0101tad,- vi\u0146i jau savlaic\u012bgi ir ie\u0146\u0113mu\u0161i visu politisko novirzienu <strong>\u201cni\u0161as\u201d.<\/strong> Ja notiek varas mai\u0146a, vi\u0146i atkal <strong>\u201cauk\u0161gal\u0101\u201d!<\/strong>\u00a0 Tas ar\u012b jau kop\u0161 <strong>Atmodas<\/strong> s\u0101kuma, stingr\u0101 cionistu uzraudz\u012bb\u0101 un ar vi\u0146u nesavt\u012bgu pal\u012bdz\u012bbu, tiek dar\u012bts <strong>Latvij\u0101<\/strong>.<\/span><\/p>\n<p><span style=\"color: #003300;\">Latvie\u0161u izcelsmes patrioti tiek diskredit\u0113ti vai fiziski likvid\u0113ti.<\/span><\/p>\n<p><span style=\"color: #003300;\"><strong>Latvij\u0101<\/strong> visi <strong>\u201cdisidenti\u201d <\/strong>ir s\u0101tanistu sektas p\u0101rst\u0101vji. Piln\u012bgi visi \u0161eit piemin\u0113tie ir kriev\u017e\u012bdi, bet ar vair\u0101k vai maz\u0101k latviski skano\u0161iem uzv\u0101rdiem.<\/span><\/p>\n<p><span style=\"color: #003300;\">\u0160\u012bs <strong>\u201cizredz\u0113to\u201d <\/strong>sektas p\u0101rst\u0101vjus var bez liel\u0101m gr\u016bt\u012bb\u0101m identific\u0113t. Vi\u0146i vienm\u0113r uzsver \u017e\u012bdu visur esam\u012bbu un vi\u0146u ne\u017e\u0113last\u012bbu. Tas netiek dar\u012bts, lai vi\u0146us nomelnotu, bet, lai iebaid\u012btu latvie\u0161us, lai vi\u0146i pat dom\u0101s neiedom\u0101tos nost\u0101ties pret vi\u0146iem. To p\u0101rp\u0101r\u0113m ar put\u0101m uz l\u016bp\u0101m veic <strong>Juris Lapinskis<\/strong>, kur\u0161 ir biju\u0161ais <strong>VDK<\/strong> zi\u0146ot\u0101js. Padomju laik\u0101 <strong>\u201cnostu\u010d\u012bjis\u201d <\/strong>t\u016bksto\u0161iem latvie\u0161u. <strong>KGB<\/strong> vi\u0146am at\u013c\u0101va spekul\u0113t ar \u0101rzemju m\u016bzikas ierakstiem. Ar \u0161o \u010dekas sag\u0101d\u0101to nodarbi vi\u0146\u0161 vienm\u0113r atrad\u0101s starp daudz cilv\u0113kiem&#8230;, kuri v\u0113l\u0101k, ja pasac\u012bja ko kait\u012bgu pret komunistiem, <strong>Lapinska<\/strong> zi\u0146ojumu rezult\u0101t\u0101 k\u013cuva par \u010dekas upuriem ! Kurus, savuk\u0101rt, \u010deka par to \u0161anta\u017e\u0113ja un piespieda uz net\u012bro sadarbi ar vi\u0146iem. \u012asts<strong> \u201cs\u0101tanisma burvju aplis\u201d<\/strong>, kura rezult\u0101t\u0101 tiek sadab\u016bti jauni un jauni <strong>\u201czi\u0146ot\u0101ji\u201d<\/strong>. \u00a0\u0160is \u201c<strong>apburtais loks<\/strong>\u201d, k\u0101 t\u0101ds, nav izn\u012bcin\u0101ms. Tas var tikt izn\u012bcin\u0101ts tikai kop\u0101 ar<strong> Lapinski un visu \u0161o s\u0101tan\u017e\u012bdu sist\u0113mu- cionismu<\/strong>. L\u016bk, t\u0101p\u0113c uz <strong>Lapinski<\/strong> var sac\u012bt: nav <strong>Latvij\u0101 <\/strong>meln\u0101ka j\u016bdasa par vi\u0146u.<\/span><\/p>\n<p><span style=\"color: #003300;\">V\u0113l \u0161os m\u0113slus var at\u0161\u0137irt no latvie\u0161iem p\u0113c vi\u0146u <strong>\u201cpielietot\u0101s\u201d<\/strong> leksikas,- pret\u012bgaj\u0101m j\u0113l\u012bb\u0101m.<\/span><\/p>\n<p><span style=\"color: #003300;\"><img decoding=\"async\" loading=\"lazy\" class=\"alignleft wp-image-44854\" src=\"https:\/\/tautastribunals.eu\/wp-content\/uploads\/2018\/05\/Inese-Kalni\u0146a.A.-Garda.-L.-Granti\u0146\u0161.LRTT_.png\" alt=\"\" width=\"1537\" height=\"253\" srcset=\"https:\/\/tautastribunals.eu\/wp-content\/uploads\/2018\/05\/Inese-Kalni\u0146a.A.-Garda.-L.-Granti\u0146\u0161.LRTT_.png 1182w, https:\/\/tautastribunals.eu\/wp-content\/uploads\/2018\/05\/Inese-Kalni\u0146a.A.-Garda.-L.-Granti\u0146\u0161.LRTT_-300x49.png 300w, https:\/\/tautastribunals.eu\/wp-content\/uploads\/2018\/05\/Inese-Kalni\u0146a.A.-Garda.-L.-Granti\u0146\u0161.LRTT_-768x127.png 768w, https:\/\/tautastribunals.eu\/wp-content\/uploads\/2018\/05\/Inese-Kalni\u0146a.A.-Garda.-L.-Granti\u0146\u0161.LRTT_-800x132.png 800w\" sizes=\"(max-width: 1537px) 100vw, 1537px\" \/>Piem. k\u0101da <strong>Inese Kalni\u0146a<\/strong> saka <strong>R. Petersonam: <span style=\"color: #0000ff;\"><em>&#8220;Jums par Linardu Granti\u0146u poh\u2026 ?!?!&#8221;\u00a0<\/em> <\/span><\/strong><\/span><\/p>\n<p><span style=\"color: #003300;\"><strong>\u0160\u012b v\u0101rda pilns skan\u0113jums ir: PO HUJU ! Netulko\u0161u<\/strong>, jo tas b\u016bs p\u0101r\u0101k pret\u012bgi. Kur\u0161 saprot, ir labi, bet, kur\u0161 nesaprot, v\u0113l lab\u0101k. Un ar to pa\u0161u muti, no kuras izskan\u0113jis \u0161is pret\u012bgums\u2026vi\u0146a ar\u012b \u0113d\u2026 ?!<br \/>\n<\/span><\/p>\n<p><span style=\"color: #003300;\"><strong>A.Garda<\/strong> nediskut\u0113 ar <strong>Petersonu<\/strong>, k\u0101 vi\u0146\u0161 pats saka, bet vistie\u0161\u0101k\u0101 veid\u0101 un uzb\u0101z\u012bgi cen\u0161as uzspiest <strong>Petersonam <\/strong>savu \u201c<strong>viedokli<\/strong>\u201d, ka <strong>Granti\u0146\u0161 <\/strong>un<strong> Buls<\/strong> ir idioti un pl\u0101npr\u0101ti\u0146i !!!<\/span><\/p>\n<p><span style=\"color: #003300;\"> Bet, &#8220;nelietis&#8221;<strong> Petersons<\/strong> nu nek\u0101d\u012bgi nav p\u0101rliecin\u0101ms&#8230;nepiekr\u012bt un nepiekr\u012bt<strong> Gardas<\/strong> viedoklim.<br \/>\n<\/span><\/p>\n<p><span style=\"color: #003300;\">T\u0101 pati <strong>I. Kalni\u0146a<\/strong> saka uz<strong> Granti\u0146u<\/strong>:<span style=\"color: #0000ff;\"><em>\u201d <strong>Un interesanti, kuri b\u016bs tie &#8220;gudrie&#8221; v\u0113l\u0113t\u0101ji, kas tevi un tev l\u012bdz\u012bgos iev\u0113l\u0113s t\u0101d\u0101 kvantum\u0101?\u201d<\/strong><\/em><\/span><\/span><\/p>\n<p><span style=\"color: #003300;\">Visa \u0161\u012b <strong><u>\u017e\u012bdisk\u0101 melu g\u016bzma<\/u><\/strong><u> dom\u0101ta jaunajai paaudzei<\/u>, kura nepiedz\u012bvoja <strong>Atmodas <\/strong>laikus.<\/span><\/p>\n<p><span style=\"color: #003300;\">Atg\u0101din\u0101\u0161u \u0161ai, ar <strong><u>pret\u012bgo viep\u013ca muti apvelt\u012btajai haz\u0101r\u017e\u012bdenei Kalni\u0146ai<\/u><\/strong>: Aiz manis <strong>Atmodas<\/strong> laik\u0101 n\u0101ca minimums 95% latvie\u0161u un vi\u0146i ar\u012b \u0161odien balsotu par manu <strong>PROGRAMMU<\/strong>, ja netiktu blo\u0137\u0113ts visaugst\u0101k\u0101 l\u012bmen\u012b, lai beidzot tiktu va\u013c\u0101 no \u0161is smirdo\u0161\u0101s \u017eid- komunistu bandas, kurai <strong>Tu, Kalni\u0146a, <\/strong>un komunists <strong>A. Garda,<\/strong> kalpojat ar put\u0101m uz l\u016bp\u0101m\u2026 . <\/span><\/p>\n<p>18.05.18\u00a0\u00a0\u00a0\u00a0\u00a0\u00a0\u00a0\u00a0\u00a0\u00a0 L. Granti\u0146\u0161<\/p>\n<hr \/>\n<hr \/>\n<p><span style=\"color: #003300;\">B\u016bs \u013coti gr\u016bti, jo pret latvie\u0161u tautu ir nost\u0101jies vispasaules \u017e\u012bdisms<em>(latvie\u0161u nacion\u0101lpatriotu &#8220;formast\u0113rpos&#8221;)<\/em>, bet m\u0113s vienalga tos s\u0101taniskos izdzimumus<strong> uzvar\u0113sim un iemet\u012bsim Elles za\u0146\u0137i<\/strong>, k\u0101 rakst\u012bts <strong>Gr\u0101mat\u0101<\/strong> !<\/span><\/p>\n<p><span style=\"color: #003300;\">Agr\u0101k vai v\u0113l\u0101k, bet tas notiks un katrs no jums,<strong> biedr Garda &amp; Co<\/strong>, sa\u0146ems peln\u012bto:<\/span><\/p>\n<h2><span style=\"color: #003300;\"> <strong>A. Gardas<\/strong> un vi\u0146a l\u012bdzskr\u0113j\u0113ju \u00a0alga b\u016bs kar\u0101tavas !<\/span><\/h2>\n<hr \/>\n<hr \/>\n<h2><span style=\"color: #ff0000;\"><img decoding=\"async\" loading=\"lazy\" class=\"alignleft wp-image-44860\" src=\"https:\/\/tautastribunals.eu\/wp-content\/uploads\/2018\/05\/MIGLA-SARKAN\u0100-NOL\u0100D\u0112T\u0100REINIKS\u0100BOLTI\u0145A-2.png\" alt=\"\" width=\"1409\" height=\"120\" srcset=\"https:\/\/tautastribunals.eu\/wp-content\/uploads\/2018\/05\/MIGLA-SARKAN\u0100-NOL\u0100D\u0112T\u0100REINIKS\u0100BOLTI\u0145A-2.png 986w, https:\/\/tautastribunals.eu\/wp-content\/uploads\/2018\/05\/MIGLA-SARKAN\u0100-NOL\u0100D\u0112T\u0100REINIKS\u0100BOLTI\u0145A-2-300x26.png 300w, https:\/\/tautastribunals.eu\/wp-content\/uploads\/2018\/05\/MIGLA-SARKAN\u0100-NOL\u0100D\u0112T\u0100REINIKS\u0100BOLTI\u0145A-2-768x65.png 768w, https:\/\/tautastribunals.eu\/wp-content\/uploads\/2018\/05\/MIGLA-SARKAN\u0100-NOL\u0100D\u0112T\u0100REINIKS\u0100BOLTI\u0145A-2-800x68.png 800w\" sizes=\"(max-width: 1409px) 100vw, 1409px\" \/>Mazs v\u0113sturisks atg\u0101din\u0101jums<\/span><\/h2>\n<p><span style=\"color: #ff0000;\"><strong><u><img decoding=\"async\" loading=\"lazy\" class=\"alignleft wp-image-44866\" src=\"https:\/\/tautastribunals.eu\/wp-content\/uploads\/2018\/05\/Liene-Apine.L.-Gtanti\u0146\u0161.-LRTT.png\" alt=\"\" width=\"1745\" height=\"916\" srcset=\"https:\/\/tautastribunals.eu\/wp-content\/uploads\/2018\/05\/Liene-Apine.L.-Gtanti\u0146\u0161.-LRTT.png 992w, https:\/\/tautastribunals.eu\/wp-content\/uploads\/2018\/05\/Liene-Apine.L.-Gtanti\u0146\u0161.-LRTT-300x158.png 300w, https:\/\/tautastribunals.eu\/wp-content\/uploads\/2018\/05\/Liene-Apine.L.-Gtanti\u0146\u0161.-LRTT-768x403.png 768w, https:\/\/tautastribunals.eu\/wp-content\/uploads\/2018\/05\/Liene-Apine.L.-Gtanti\u0146\u0161.-LRTT-800x420.png 800w\" sizes=\"(max-width: 1745px) 100vw, 1745px\" \/>-Gardas un Lapinska<\/u><\/strong><\/span> meli: <a href=\"https:\/\/tautastribunals.eu\/?p=20053\">https:\/\/tautastribunals.eu\/?p=20053<\/a><\/p>\n<p><span style=\"color: #ff0000;\"><strong><u>-Lienes Apines<\/u><\/strong><\/span> izveidotais viltus <strong>PROFILS<\/strong>, lai identific\u0113tu latvie\u0161u patriotus&#8230;. . Ar k\u0101du nol\u016bku, dom\u0101ju, ka paskaidrot nevajag&#8230; . <a href=\"https:\/\/tautastribunals.eu\/?p=22622\">https:\/\/tautastribunals.eu\/?p=22622<\/a><\/p>\n<p><span style=\"color: #ff0000;\"><strong><u>-Inkin<\/u><\/strong><\/span><u><span style=\"color: #ff0000;\">s<\/span> <\/u>pazi\u0146o, ka ar \u0161o rakstu es esot vi\u0146u nos\u016bdz\u0113jis Izra\u0113las v\u0113stniecei: <a href=\"https:\/\/tautastribunals.eu\/?p=9125\">https:\/\/tautastribunals.eu\/?p=9125<\/a> Ar \u0161eit piemin\u0113to rakstu es centos Inkinu aizst\u0101v\u0113t, pieprasot Izra\u0113las v\u0113stniecei paskaidrot \u0161o \u017e\u012bdu murgu no \u00ab<strong>Padomju Savien\u012bbas \u017e\u012bdu kat\u0137isma\u00bb <\/strong><em>(Izdots Telaviv\u0101 1958. gad\u0101<\/em>\u00bb<\/p>\n<p>Reiz \u0161is <strong>\u201cpolitdarbonis<\/strong>\u201d bija ieradies <strong>Ventspil\u012b<\/strong>, lai tiktos ar klaus\u012bt\u0101jiem savu gr\u0101matu reprezent\u0101cijas laik\u0101. Uz \u0161o tik\u0161anos bija aizg\u0101jis ar\u012b <strong>LRTT<\/strong> pies\u0113d\u0113t\u0101js <strong>J\u0101nis Z\u012bverts<\/strong>. <strong>J\u0101nis Z\u012bverts<\/strong> v\u0113l\u0113j\u0101s uzzin\u0101t, k\u0101das attiec\u012bbas vi\u0146am ir ar <strong>Granti\u0146u<\/strong>, un, ka vi\u0146\u0161 ir <strong>LRTT<\/strong> biedrs\u2026 . Negaidot jaut\u0101juma beigas, <strong>Inkins<\/strong> pazi\u0146oja, ka vi\u0146\u0161 <strong>Z\u012bvertam<\/strong> piedodot to, ka vi\u0146\u0161 sast\u0101vot <strong>LRTT<\/strong>. T\u016bl\u012bt ar\u012b pazi\u0146oja, ka<strong> Granti\u0146\u0161<\/strong> esot zi\u0146ojis <strong>Izra\u0113las v\u0113stniecei<\/strong> par vi\u0146u&#8230;. .<\/p>\n<p><span style=\"color: #ff0000;\"><strong><u>-Roberts K\u013cimovi\u010ds<\/u><\/strong><strong>:<\/strong> <\/span>Nebr\u012bn\u012bsimies par \u0161o <strong>Inkina<\/strong> pazi\u0146ojumu, jo, k\u0101 jau rakst\u012bju, radioraid\u012bjums <strong>\u201eT\u0113vijas Laikmets\u201c<\/strong> bija provokat\u012bvs p\u0113c savas b\u016bt\u012bbas<strong>. <\/strong>Tas tika rad\u012bts, lai rad\u012btu negat\u012bvu iespaidu par latvie\u0161iem, k\u0101 nacistiem un p\u0113c tam ar troksni sl\u0113gtu to. <strong>Izra\u0113las<\/strong> v\u0113stniece \u0161eit sp\u0113l\u0113ja nulles lomu. Sp\u0113lma\u0146i bija \u017e\u012bds <strong>Borovkovs<\/strong><em>(slepkava)<\/em> ar otru \u017e\u012bdu <strong>Godmani<\/strong>. To ar\u012b par\u0101da v\u0113l\u0101kie notikumi, ka <strong>Roberts<\/strong> <strong>K\u013cimovi\u010ds<\/strong> ir vien\u0101 band\u0101 ar <strong>Borovkovu<\/strong>. T\u0101tad, <strong>Inkins<\/strong> ar <strong>K\u013cimovi\u010du<\/strong> ir vis\u012bst\u0101kie provokatori.<\/p>\n<p><a href=\"https:\/\/tautastribunals.eu\/?p=20402\">https:\/\/tautastribunals.eu\/?p=20402<\/a><\/p>\n<p><span style=\"color: #ff0000;\"><strong><u>-Gedroics,<\/u><\/strong><\/span> kur\u0161 v\u0113dera saturu iekr\u0101m\u0113ja biks\u0113s <a href=\"https:\/\/tautastribunals.eu\/?p=29089\">https:\/\/tautastribunals.eu\/?p=29089<\/a><\/p>\n<p><span style=\"color: #ff0000;\"><strong><u>-Juris Lapinskis<\/u><\/strong><\/span> <a href=\"https:\/\/tautastribunals.eu\/?p=30025\">https:\/\/tautastribunals.eu\/?p=30025<\/a> \u00a0ir tik melns provokators, cik melns vien var b\u016bt viens cilv\u0113kveid\u012bgs r\u0101pulis: Ar\u012b radio <strong>MERKURS <\/strong>raid\u012bjuma <strong>\u201cGaismas pils\u201d<\/strong> veidot\u0101js \u017e\u012bds <strong>Juris Lapinskis,<\/strong> ar saviem <strong>\u201ckol\u0113\u0123iem\u201d Aivaru Andersonu <\/strong>un jau piemin\u0113to <strong>Valdi \u0160teinu<\/strong>, veic akt\u012bvu latvie\u0161u tautas un manis nomelno\u0161anu. Visi <strong>\u0161\u012b \u017e\u012bda raid\u012bjumi<\/strong> tiek veidoti t\u0101, lai klaus\u012bt\u0101jam rastos iespaids, ka \u201c<strong>izredz\u0113tie<\/strong>\u201d ir visu vareni un neuzvarami. <strong>Jura Lapinska<\/strong> un <strong>Aivara Andersona<\/strong> zemisk\u0101 leksika nor\u0101da uz <strong>vi\u0146u kalp\u012bbu cionistu noziedzniekiem<\/strong> un pa\u0161u, k\u0101 cilv\u0113ku, <strong>zemisko b\u016bt\u012bbu<\/strong>.<\/p>\n<hr \/>\n<hr \/>\n<hr \/>\n<hr \/>\n<p><span style=\"color: #003300;\">Ja k\u0101ds v\u0113las, tad \u0161eit ar <strong>\u0161o &#8220;diskusiju&#8221; <\/strong>var iepaz\u012bties, bet ar\u012b vairs ne piln\u012bb\u0101, jo di\u017eie taisn\u012bbas paud\u0113ji savus <strong>\u201cgaradarbus\u201d<\/strong> izdz\u0113su\u0161i: <a href=\"https:\/\/www.facebook.com\/alfreds.buls.90\/posts\/196421894498857?comment_id=201493763991670&amp;notif_id=1525192243311990&amp;notif_t=comment_mention&amp;ref=notif\">https:\/\/www.facebook.com\/alfreds.buls.90\/posts\/196421894498857?comment_id=201493763991670&amp;notif_id=1525192243311990&amp;notif_t=comment_mention&amp;ref=notif<\/a><\/span><\/p>\n<p><span style=\"color: #003300;\">Lasot \u0161os koment\u0101rus j\u016bs redz\u0113siet, k\u0101 \u017e\u012bdi manipul\u0113 ar cilv\u0113ka apzi\u0146u. Vislab\u0101k \u0161os vi\u0146u melus sajut\u012bs tie, kuri zina <strong>Atmodas <\/strong>v\u0113sturi.<\/span><\/p>\n<hr \/>\n<hr \/>\n<h2><span style=\"color: #003300;\"><span style=\"color: #ff0000;\"><strong>VDK<\/strong> cionistu rad\u012btie disidenti:<\/span> <\/span><\/h2>\n<p><span style=\"color: #003300;\"><strong><a href=\"https:\/\/www.youtube.com\/watch?v=DkBfJEyqw84\">Juris Rubenis<\/a><\/strong><em><a href=\"https:\/\/www.youtube.com\/watch?v=DkBfJEyqw84\">(atv\u0113rt)<\/a><\/em><strong>, <a href=\"https:\/\/tautastribunals.eu\/?p=44044\">Lidija Lasmane- Doro\u0146ina<\/a><\/strong><em><a href=\"https:\/\/tautastribunals.eu\/?p=44044\">(atv\u0113rt)<\/a><\/em><strong>, Aivars Garda, <a href=\"https:\/\/tautastribunals.eu\/?p=39964\">J\u0101nis Ro\u017ekalns<\/a><\/strong><em><a href=\"https:\/\/tautastribunals.eu\/?p=39964\">(atv\u0113rt)<\/a><\/em><strong>, M\u0101ris Ludviks, Leo Hir\u0161sons, Juris Lapinskis, Leonards Inkins<\/strong>,\u2026un ar\u012b tro\u013c\u013c- veid\u012bgie s\u012bks\u016bdi <em>grapma\u0146i, apines, muzikantes, freibergas, kalni\u0146as\u2026 .<\/em><\/span><\/p>\n<h2><span style=\"color: #ff0000;\">Par \u0161iem <strong>ci\u0101nas m\u0113sliem<\/strong> ir j\u0101run\u0101 un vi\u0146i j\u0101atmasko, jo aiz vi\u0146iem ir cilv\u0113ku cie\u0161anas, n\u0101ve un asinis.<\/span><\/h2>\n<hr \/>\n<p><a href=\"https:\/\/www.facebook.com\/liene.apine.71?fref=ufi\">Inese Kalni\u0146a<\/a> <a href=\"https:\/\/www.facebook.com\/rolands.petersons?hc_location=ufi\">Rolands Petersons<\/a> Jums par Linardu Granti\u0146u poh&#8230;?!?!? Ar t\u0101du nost\u0101ju J\u016bs ne\u0161aub\u012bgi izpeln\u012bsities moment\u0101nu ieme\u0161anu j\u016br\u0101 :) vai k\u0101du citu augst\u0101ko soda m\u0113ru. Granti\u0146am dro\u0161i vien ir j\u016bra ar da\u017e\u0101diem soda m\u0113riem, t\u0101d\u0113\u013c j\u0101cer, ka Jums tiks t\u0101ds hum\u0101n\u0101ks.<\/p>\n<p><strong><a href=\"https:\/\/www.facebook.com\/liene.apine.71?hc_ref=ARQ7hQmLPMVNh_F8PxFjkF2LfggJfS3SLEG5ZZU3upaG_i9qxsHyAE2dwKfHX3t29t8\">Inese Kalni\u0146a<\/a> <\/strong><\/p>\n<p>&#8230;koro\u010de. K\u0101rt\u012bgs iekodiens!<\/p>\n<p><a href=\"https:\/\/www.facebook.com\/aivars.garda.1?fref=ufi\">Aivars Garda<\/a> <a href=\"https:\/\/www.facebook.com\/rolands.petersons?hc_location=ufi\">Rolands Petersons<\/a> Par to mu\u013c\u0137i, kas ir peln\u012bjis tautas apsmieklu, J\u016bs esat tr\u0101p\u012bjis desmitniek\u0101. No pirksta izz\u012b\u0161ana ir tribun\u0101la darb\u012bbas pamats. Klausieties, ko saka <a href=\"https:\/\/www.facebook.com\/liene.apine.71?hc_location=ufi\">Inese Kalni\u0146a<\/a>. Linards, nevis J\u016bs pats, noteiks kas J\u016bs esat un kas Jums ir j\u0101dara.<\/p>\n<p><a href=\"https:\/\/www.facebook.com\/aivars.garda.1?fref=ufi\">Aivars Garda<\/a> <a href=\"https:\/\/www.facebook.com\/rolands.petersons?hc_location=ufi\">Rolands Petersons<\/a> Nevis uzraks, jo t\u0101 nav Granti\u0146a metode, bet gan izz\u012bd\u012bs no pirksta. Jums b\u016bs \u013coti uzjautrino\u0161i? Mums ar\u012b ir uzjautrino\u0161i las\u012bt par sevi izz\u012bstos izdom\u0101jumus. Diem\u017e\u0113l Linards ir tik truls, un raksta izdom\u0101jumus. Vai pa\u0161am tribun\u0101la \u0161efam nav kaut k\u0101ds \u0101\u0137\u012btis? J\u016bs nepadom\u0101j\u0101t, k\u0101p\u0113c vi\u0146u un J\u0101ni Ro\u017ekalnu izlaida uz rietumiem tad, kad citus nelaida ne par k\u0101du naudu? Piekr\u012btu, ka no pirm\u0101 acu uzmetiena Granti\u0146\u0161 neizskat\u0101s p\u0113c kremlina. T\u0101pat k\u0101 Buls.<\/p>\n<p><a href=\"https:\/\/www.facebook.com\/aivars.garda.1?fref=ufi\">Aivars Garda<\/a> <a href=\"https:\/\/www.facebook.com\/rolands.petersons?hc_location=ufi\">Rolands Petersons<\/a> \u0160\u012bs \u0101rsta z\u012bmes v\u0113rt\u0101s d\u012bvain\u012bbas J\u016bs \u0161ajos spruksti\u0146os v\u0113l neesat saskat\u012bjis, kau gan t\u0101s spiestin spie\u017eas lauk\u0101. J\u016bs neesat pirmais. Ar\u012b vienam gudram radio\u017eurn\u0101listam bija vajadz\u012bgs krietns laiks, lai to paman\u012btu, kaut gan es vi\u0146u br\u012bdin\u0101ju tie\u0161\u0101k nek\u0101 J\u016bs. Izlasiet \u0161\u012b d\u012bvai\u0146a v\u0113stuli Andrim Rubinam. Vai cilv\u0113ks, kas draudz\u0113jas ar veselo sapr\u0101tu, rakst\u012btu kaut ko t\u0101du, turkl\u0101t v\u0113l atkl\u0101t\u0101 v\u0113stul\u0113?<\/p>\n<p><a href=\"https:\/\/www.facebook.com\/aivars.garda.1?fref=ufi\">Aivars Garda<\/a> <a href=\"https:\/\/www.facebook.com\/rolands.petersons?hc_location=ufi\">Rolands Petersons<\/a> Piev\u0113rsiet uzman\u012bbu Granti\u0146a un Bula nediskut\u0113\u0161anas stilam. Kaut vai Bula p\u0113d\u0113jam koment\u0101ram. M\u0113s par kaut ko diskut\u0113jam, labi vai slikti, bet diskut\u0113jam. Ja Bulam vai Granti\u0146am kaut kas pat\u012bk vai nepat\u012bk, norm\u0101ls cilv\u0113ks to pasaka. Petersons pasaka pareizi, jo&#8230; Garda k\u013c\u016bd\u0101s, jo&#8230; Ta\u010du Buls s\u0101k \u0137eng\u0101ties pavisam ne par t\u0113mu. Pat ja Garda tie\u0161\u0101m b\u016btu t\u0101ds, k\u0101du Buls ir vi\u0146u no &#8220;pirksta izz\u012bdis&#8221;, ar\u012b tad Buls, ja \u0161aur\u0101 pier\u012bte vien to \u013cautu, kritiz\u0113tu p\u0113c b\u016bt\u012bbas, ja b\u016btu ko teikt. T\u0101pat Granti\u0146\u0161 nevis kritiz\u0113ja Gardas v\u0113stuli NA ierindas biedriem p\u0113c b\u016bt\u012bbas, bet bija sp\u0113j\u012bgs vien izliet uz vi\u0146u savas no &#8220;pirksta izz\u012bst\u0101s&#8221; samazgas. T\u0101 ar\u012b neviens Gardas v\u0113stuli NA ierindas biedriem nav &#8220;apg\u0101zis&#8221; p\u0113c b\u016bt\u012bbas. T\u0101tad izn\u0101k t\u0101 &#8211; Garda var dar\u012bt pareizi &#8211; vi\u0146\u0161 ir \u010dekists. Dara nepareizi &#8211; ar\u012b \u010dekists. Bet, kas ir pareizi, kas nepareizi &#8211; tas nav svar\u012bgi. Granti\u0146a tribun\u0101l\u0101 spriedums b\u016btu: vi\u0146\u0161 ir zaglis, jo ir \u010dekists. Ir vai nav nozadzis, nav svar\u012bgi.<\/p>\n<p><a href=\"https:\/\/www.facebook.com\/martins.grapmanis?fref=ufi\">Martins Grapmanis<\/a> Tu nu gan esi pr\u0101ta paliekas izk\u016bkojis vecs gailis, Linard Granti\u0146! Jums ar Bulu nevajadz\u0113tu p\u012bp\u0113t vienu un to pa\u0161u z\u0101l\u012bti. Vismaz nep\u012bp\u0113 tad, kad kaut ko raksti sav\u0101 stulb\u012bbu tribun\u0101l\u0101! Neesmu sp\u013c\u0101vis nevienam Tavam radiniekam ne sej\u0101, ne kaut kur citur. T\u0101s ir tavas metodes &#8211; sp\u013caud\u012bties ar tuk\u0161iem, nepamatotiem apvainojumiem. \u0160odien aiznes\u012b\u0161u cienastu biju\u0161ajiem kol\u0113\u0123iem uz Kr. Barona ielu par to, ka Tevi padauz\u012bja pret ce\u013ca apmali.<\/p>\n<p><a href=\"https:\/\/www.facebook.com\/liene.apine.71?fref=ufi\">Inese Kalni\u0146a<\/a> <a href=\"https:\/\/www.facebook.com\/linard.grantins?hc_location=ufi\">Linard Grantins<\/a>. Klau, Granti\u0146, ko Tu <a href=\"https:\/\/www.facebook.com\/alfreds.buls.90?hc_location=ufi\">Alfreds Buls<\/a> nepieprasi partiju &#8211; vi\u0146am ta\u010du dikti feina ir. Izskat\u0101s, ka esat ar\u012b domubiedri. Vai ar\u012b Tev pat\u012bk cilv\u0113kus \u0161anta\u017e\u0113t, lietojot ierast\u0101s \u010dekistu metodes? Un interesanti, kuri b\u016bs tie &#8220;gudrie&#8221; v\u0113l\u0113t\u0101ji, kas tevi un tev l\u012bdz\u012bgos iev\u0113l\u0113s t\u0101d\u0101 kvantum\u0101?<\/p>\n<p><a href=\"https:\/\/web.facebook.com\/aivars.garda.1?fref=ufi\">Aivars Garda<\/a> <span data-ft=\"{&quot;tn&quot;:&quot;K&quot;}\"><a href=\"https:\/\/web.facebook.com\/liene.apine.71?hc_location=ufi\" data-hovercard=\"\/ajax\/hovercard\/hovercard.php?id=100007916221459&amp;extragetparams=%7B%22hc_location%22%3A%22ufi%22%7D\">Inese Kalni\u0146a<\/a> Grib\u0113j\u0101t gan sagaid\u012bt no \u0161\u012b rupj\u0101 spruksti\u0146a kaut k\u0101du sapr\u0101t\u012bgu spriedumu?! \u0160ie abi drau\u0123e\u013ci visp\u0101r nesp\u0113j nevienu nopietnu jaut\u0101jumu skat\u012bt p\u0113c b\u016bt\u012bbas. J\u0113l\u012bbas vien pr\u0101t\u0101. Ja J\u016bs palas\u012btu linardi\u0146a v\u0113stuli Andrim Rubinam, tad ilgi smietos v\u0113deru tur\u0113dama. Jums ir taisn\u012bba &#8211; par l\u012bdz\u012bgu nodev\u012bbu spruksti\u0146\u0161 liek vain\u012bgajam izdzert j\u016bru, bet drau\u0123eli saudz\u0113. Protams, es smejos, jo kur\u0161 gan nopietni uztver vi\u0146a tribun\u0101lu!<\/span><\/p>\n","protected":false},"excerpt":{"rendered":"<p>Turpin\u0101jums \u201cdiskusijai\u201d: https:\/\/tautastribunals.eu\/?p=44603 K\u0101p\u0113c vi\u0146i, \u201cdievizredz\u0113tie\u201d, vienm\u0113r ir pie varas gro\u017eiem ? K\u0101dreiz nevar\u0113ju saprast. Neatceros vairs, kura rakstnieka gr\u0101mat\u0101 es iepazinos ar \u0161o vi\u0146u \u201ctaktiku\u201d: k\u0101 m\u016b\u017e\u012bgi atrasties jebkuras vald\u012bbas avangard\u0101. Paskaidroju tiem&#46;&#46;&#46;<\/p>\n","protected":false},"author":1,"featured_media":0,"comment_status":"open","ping_status":"open","sticky":false,"template":"","format":"standard","meta":[],"categories":[1],"tags":[],"_links":{"self":[{"href":"https:\/\/tautastribunals.eu\/index.php?rest_route=\/wp\/v2\/posts\/44847"}],"collection":[{"href":"https:\/\/tautastribunals.eu\/index.php?rest_route=\/wp\/v2\/posts"}],"about":[{"href":"https:\/\/tautastribunals.eu\/index.php?rest_route=\/wp\/v2\/types\/post"}],"author":[{"embeddable":true,"href":"https:\/\/tautastribunals.eu\/index.php?rest_route=\/wp\/v2\/users\/1"}],"replies":[{"embeddable":true,"href":"https:\/\/tautastribunals.eu\/index.php?rest_route=%2Fwp%2Fv2%2Fcomments&post=44847"}],"version-history":[{"count":27,"href":"https:\/\/tautastribunals.eu\/index.php?rest_route=\/wp\/v2\/posts\/44847\/revisions"}],"predecessor-version":[{"id":58905,"href":"https:\/\/tautastribunals.eu\/index.php?rest_route=\/wp\/v2\/posts\/44847\/revisions\/58905"}],"wp:attachment":[{"href":"https:\/\/tautastribunals.eu\/index.php?rest_route=%2Fwp%2Fv2%2Fmedia&parent=44847"}],"wp:term":[{"taxonomy":"category","embeddable":true,"href":"https:\/\/tautastribunals.eu\/index.php?rest_route=%2Fwp%2Fv2%2Fcategories&post=44847"},{"taxonomy":"post_tag","embeddable":true,"href":"https:\/\/tautastribunals.eu\/index.php?rest_route=%2Fwp%2Fv2%2Ftags&post=44847"}],"curies":[{"name":"wp","href":"https:\/\/api.w.org\/{rel}","templated":true}]}}