{"id":44780,"date":"2018-05-31T09:01:06","date_gmt":"2018-05-31T06:01:06","guid":{"rendered":"https:\/\/tautastribunals.eu\/?p=44780"},"modified":"2023-06-18T11:45:17","modified_gmt":"2023-06-18T08:45:17","slug":"baltu-gens-satur-rasisma-pazimes-uzskata-r-kilis","status":"publish","type":"post","link":"https:\/\/tautastribunals.eu\/?p=44780","title":{"rendered":"&#8220;Baltu g\u0113ns satur rasisma paz\u012bmes&#8221;, uzskata R. \u0136\u012blis"},"content":{"rendered":"<p><a href=\"https:\/\/tencinusarunas.wordpress.com\/2012\/11\/26\/latviesa-gens-atklaj-baltijas-tautas-vienojoso-baltu-genu\/\"><img decoding=\"async\" loading=\"lazy\" class=\"alignleft wp-image-44781\" src=\"https:\/\/tautastribunals.eu\/wp-content\/uploads\/2018\/05\/Za\u013c\u0161-tautastribunals.eu_-3.png\" alt=\"\" width=\"2816\" height=\"394\" srcset=\"https:\/\/tautastribunals.eu\/wp-content\/uploads\/2018\/05\/Za\u013c\u0161-tautastribunals.eu_-3.png 950w, https:\/\/tautastribunals.eu\/wp-content\/uploads\/2018\/05\/Za\u013c\u0161-tautastribunals.eu_-3-300x42.png 300w, https:\/\/tautastribunals.eu\/wp-content\/uploads\/2018\/05\/Za\u013c\u0161-tautastribunals.eu_-3-768x108.png 768w, https:\/\/tautastribunals.eu\/wp-content\/uploads\/2018\/05\/Za\u013c\u0161-tautastribunals.eu_-3-800x112.png 800w\" sizes=\"(max-width: 2816px) 100vw, 2816px\" \/>Pilna versija las\u0101ma M\u0100Z\u0100S PIEZ\u012aMES(atv\u0113rt)<\/a><\/p>\n<p>Par \u0161o t\u0113mu: <strong>\u201cAtkl\u0101j Baltijas tautas vienojo\u0161o baltu g\u0113nu\u201d-<\/strong> \u0161aj\u0101 vietn\u0113 ir jau rakst\u012bts. \u0160\u012b t\u0113ma ir piln\u012bgi neitr\u0101la politisk\u0101 skat\u012bjum\u0101. Viss ta\u010du ir pareizi, katrai tautu grupai ir savi g\u0113ni, kuri veidoju\u0161ies neskait\u0101majos gadu t\u016bksto\u0161os. Latvie\u0161iem piem\u012bt visvair\u0101k <strong>BALTU G\u0112NS<\/strong>,- 5,9 % Viss ir k\u0101rt\u012bb\u0101 un jaut\u0101jumi it k\u0101 b\u016btu lieki\u2026 , bet, k\u0101 izr\u0101d\u0101s, <strong>\u201cizredz\u0113tajiem\u201d<\/strong> tas liekas gandr\u012bz vai noziegums. K\u0101ds <strong>\u201cCi\u0101nas gudrinieku<\/strong>\u201d spermas produkts <strong>Roberts \u0136\u012blis pazi\u0146o<\/strong>&#8211; cit\u0101ts:<span style=\"color: #0000ff;\"> \u201c<em>\u201cTa\u010du mani uztrauc, ka \u0161\u0101di atkl\u0101jumi var tikt pla\u0161i izmantoti un interpret\u0113ti rasistisk\u0101 \u017eanra ietvaros,\u00bb Dienai atzina soci\u0101lais antropologs Roberts \u0136\u012blis. Vi\u0146am negrib\u0113tos, lai k\u0101das tautas \u012bpa\u0161\u012bbas tiktu saist\u012btas ar t\u0101s g\u0113niem un lai k\u0101das cilv\u0113ku grupas uzved\u012bba tiktu uzskat\u012bta par \u0123en\u0113tisku noteiktu un t\u0101d\u0113\u013c nemain\u0101mu. \u00abT\u0101da etnisko \u012bpa\u0161\u012bbu biolo\u0123iz\u0113\u0161ana ar atsauc\u0113m uz zin\u0101tni ir modern\u0101 rasisma paveids,\u201d<\/em> <strong>paskaidroja R.\u0136\u012blis<\/strong>.\u201d<\/span><\/p>\n<p><img decoding=\"async\" loading=\"lazy\" class=\"alignleft wp-image-45015\" src=\"https:\/\/tautastribunals.eu\/wp-content\/uploads\/2018\/05\/Roberts-\u0136\u012blis.Granti\u0146\u0161.LRTT_.png\" alt=\"\" width=\"269\" height=\"369\" srcset=\"https:\/\/tautastribunals.eu\/wp-content\/uploads\/2018\/05\/Roberts-\u0136\u012blis.Granti\u0146\u0161.LRTT_.png 355w, https:\/\/tautastribunals.eu\/wp-content\/uploads\/2018\/05\/Roberts-\u0136\u012blis.Granti\u0146\u0161.LRTT_-219x300.png 219w\" sizes=\"(max-width: 269px) 100vw, 269px\" \/>K\u0101 var non\u0101kt pie t\u0101da secin\u0101juma ?<\/p>\n<p>P\u0113t\u012bjum\u0101 nekas taml\u012bdz\u012bgs, ka \u0161\u012bs <strong><em>g\u0113ns ir p\u0101r\u0101ks<\/em><\/strong> par citu tautu g\u0113niem, nav ne ar puspl\u0113stu zilbi piemin\u0113ts.<\/p>\n<p>T\u0101tad, s\u0101tanistiem, kuri \u0161odien uzdodas pa <strong>\u201cizredz\u0113tajiem\u201d,<\/strong> tom\u0113r ir saprotams, ka<strong> BALTU G\u0112NS<\/strong> satur ko pozit\u012bvu, kas vi\u0146os domin\u0113jo\u0161ajam <strong>G\u0112NAM <\/strong>nepiem\u012bt.<\/p>\n<p>T\u0101p\u0113c ar\u012b k\u0101rt\u0113jo reizi tiek dar\u012bts viss, lai nonicin\u0101tu latvie\u0161us.<\/p>\n<p>Ir jaut\u0101jums: K\u0101p\u0113c \u0161is gar\u012bgi un fiziski kroplais elements, ar viep\u013ca skatu, papildin\u0101ja \u0161o p\u0113t\u012bjumu ar savu idiotisko repliku ?<\/p>\n<p>Vai vi\u0146\u0161 to dar\u012bja p\u0113c savas iniciat\u012bvas vai bija dota komanda no <strong>\u201caug\u0161as\u201d<\/strong> ?<\/p>\n<p>Biju\u0161ais ministrs <strong>Roberts<\/strong> <strong>\u0136\u012blis <\/strong>n\u0101k no<strong> \u201cintegr\u0113t\u0101ju\u201d<\/strong> \u0123imenes:<\/p>\n<hr \/>\n<p><em><span style=\"color: #0000ff;\">Vi\u0146a t\u0113vs p\u0113c kara bija <span style=\"color: #ff0000;\"><strong><u>idejiski r\u016bd\u012bts un nelok\u0101ms C\u0113su Skolot\u0101ju instit\u016bta komjaunatnes sekret\u0101rs.<\/u> <\/strong><\/span><\/span><\/em><br \/>\n<em><span style=\"color: #0000ff;\"><u>P\u0113c vi\u0146a zi\u0146ojumiem attiec\u012bgajiem<strong> \u201eorg\u0101niem\u201c<\/strong><\/u> jau 1948. gad\u0101, v\u0113l pirms lielaj\u0101m 1949. gada izve\u0161an\u0101m, <span style=\"color: #ff0000;\"><strong><u>tika arest\u0113tas un repres\u0113tas vair\u0101kas patriotiski noska\u0146otas studentes.<\/u><\/strong><\/span><\/span><\/em><\/p>\n<hr \/>\n<p><em><span style=\"color: #0000ff;\">Latvie\u0161u soci\u0101lantropologs, pasniedz\u0113js un k\u0101dreiz\u0113jais izgl\u012bt\u012bbas un zin\u0101tnes ministrs Roberts \u0136\u012blis (47) nav \u013c\u0101vies dienesta m\u012blas rom\u0101na kaisl\u012bb\u0101m un tagad dz\u012bvo monog\u0101m\u0101s attiec\u012bb\u0101s ar sievu Agitu un audzina jaun\u0101ko meitu. \u0160ovasar(2015) vi\u0146\u0161 atkal atgriez\u012bsies ce\u013cu satiksm\u0113, jo<span style=\"color: #ff0000;\"> <strong><u>beigsies sods par av\u0101rijas izrais\u012b\u0161anu dz\u0113rum\u0101<\/u><\/strong>.<\/span><\/span><\/em><\/p>\n<hr \/>\n<p>L\u016bk, un t\u0101ds sabiedr\u012bbas padibene izsak\u0101s par <strong>BALTU G\u0112NU<\/strong> !<\/p>\n<p>Viens ir skaidrs, ka \u0161\u012b viep\u013ca asin\u012bs nav neviens % no <strong>Baltu<\/strong> g\u0113na.<\/p>\n<h2>Vi\u0146a asinis ir ar s\u0101tanisma indi pild\u012btas.<\/h2>\n<p>S\u0113sties dz\u0113rum\u0101 pie transporta st\u016bres nor\u0101da uz vienu, ka ir ar slepkavu <strong>G\u0112NU<\/strong> apvelt\u012bts. T\u0101di izdzimte\u0146i b\u016btu j\u0101iestilp\u0113 sl\u0113gt\u0101 nometn\u0113 l\u012bdz m\u016b\u017ea beig\u0101m.<\/p>\n<h2>Bet, k\u0101 izr\u0101d\u0101s, t\u0101di ir noder\u012bgi cionistiem\u2026 .<\/h2>\n<p>Redzi, latviet, kriev\u017e\u012bdiskie cionisti, kuri p\u0101rvalda \u0161odien m\u016bsu tautu un <strong>T\u0113vzemi<\/strong>, ielien ar saviem <strong>\u201cviedok\u013ciem\u201d<\/strong> pat visneiedom\u0101jam\u0101kaj\u0101s viet\u0101s, lai m\u016bs noniecin\u0101tu- <strong>GAR\u012aGI IZN\u012aCIN\u0100TU<\/strong> !<\/p>\n<p>Vi\u0146u nav nemaz tik daudz k\u0101 tas pirmaj\u0101 br\u012bd\u012b var izlikties, bet vi\u0146i ir sab\u0101zti vis\u0101s noteico\u0161aj\u0101s propagandas un vald\u012bbas strukt\u016br\u0101s.<\/p>\n<p>Vi\u0146u smirdo\u0146a ir nepanesama\u2026 .<\/p>\n<p>30.05.18\u00a0\u00a0\u00a0\u00a0\u00a0\u00a0\u00a0\u00a0\u00a0\u00a0\u00a0\u00a0\u00a0\u00a0\u00a0\u00a0\u00a0\u00a0\u00a0 L. Granti\u0146\u0161<\/p>\n<hr \/>\n<h2><span style=\"color: #ff0000;\">Kabalista- s\u0101tanista Laitmana &#8220;viedoklis&#8221;:<\/span><\/h2>\n<p><strong>&#8220;Visa pasaule pilda to, ko m\u0113s pas\u016bt\u0101m !&#8221;,<\/strong> saka \u0161is \u017e\u012bdu izdzimums !<\/p>\n<p>https:\/\/www.facebook.com\/serg770\/videos\/888345401368698\/UzpfSTEwMDAwMTk4NTM5ODQ3NToxNjgzNTYxNzYxNzE5OTg3\/<\/p>\n<hr \/>\n<h1>ATKL\u0100J BALTIJAS TAUTAS VIENOJO\u0160O BALTU G\u0112NU<\/h1>\n<p>Gunita Nagle. 2000. gada 28. decembris (u.c.)<\/p>\n<p><img decoding=\"async\" loading=\"lazy\" class=\"alignleft wp-image-44784\" src=\"https:\/\/tautastribunals.eu\/wp-content\/uploads\/2018\/05\/IgaunijaLatvijaLietuvaLRTT.Ivars-L\u012bdaka..png\" alt=\"\" width=\"2877\" height=\"310\" srcset=\"https:\/\/tautastribunals.eu\/wp-content\/uploads\/2018\/05\/IgaunijaLatvijaLietuvaLRTT.Ivars-L\u012bdaka..png 1160w, https:\/\/tautastribunals.eu\/wp-content\/uploads\/2018\/05\/IgaunijaLatvijaLietuvaLRTT.Ivars-L\u012bdaka.-300x32.png 300w, https:\/\/tautastribunals.eu\/wp-content\/uploads\/2018\/05\/IgaunijaLatvijaLietuvaLRTT.Ivars-L\u012bdaka.-768x83.png 768w, https:\/\/tautastribunals.eu\/wp-content\/uploads\/2018\/05\/IgaunijaLatvijaLietuvaLRTT.Ivars-L\u012bdaka.-800x86.png 800w\" sizes=\"(max-width: 2877px) 100vw, 2877px\" \/>Latvie\u0161us un lietuvie\u0161us no cit\u0101m taut\u0101m at\u0161\u0137ir \u012bpatns, tikai \u0161\u012bm taut\u0101m rakstur\u012bgs baltu g\u0113ns. \u0160is atkl\u0101jums jau pal\u012bdz\u0113jis stiprin\u0101t versiju, ka balti k\u0101dreiz ilgsto\u0161i dz\u012bvoju\u0161i D\u0146epras aug\u0161tec\u0113, no kuras atn\u0101ku\u0161i pie Baltijas j\u016bras. Lai gan baltu g\u0113na atkl\u0101jums Latvijas zin\u0101tnieku aprind\u0101s sagaid\u012bts ar saj\u016bsmu, vienlaikus tiek izteiktas ba\u017eas, ka fakts par da\u017eas tautas vienojo\u0161u g\u0113nu kombin\u0101ciju var tikt izmantots rasistiskaj\u0101 demago\u0123ij\u0101 (varb\u016bt lab\u0101k no t\u0101 g\u0113na atteikties? I.L.).<\/p>\n<p>Baltijas ciltis k\u0101dreiz tur\u0113ju\u0161\u0101s kop\u0101. Visliel\u0101kaj\u0101 koncentr\u0101cij\u0101 baltu g\u0113ns konstat\u0113ts latvie\u0161iem un lietuvie\u0161iem, Dienai st\u0101st\u012bja viena no atkl\u0101juma l\u012bdzautor\u0113m, Latvijas V\u0113stures instit\u016bta Antropolo\u0123isko p\u0113t\u012bjumu laboratorijas vad\u012bt\u0101ja profesore Raisa De\u0146isova. Maz\u0101k\u0101 koncentr\u0101cij\u0101 tas atrasts ar\u012b igau\u0146iem, somiem, krieviem zieme\u013crietumos, po\u013ciem un Gotlandes zviedriem, kuru vid\u016b balti k\u0101dreiz dz\u012bvoju\u0161i un da\u013c\u0113ji asimil\u0113ju\u0161ies. Pagaid\u0101m gan esot gr\u016bti pateikt, k\u0101 baltu g\u0113ns radies. Iesp\u0113jams, s\u0101kotn\u0113ji tas baltu cilt\u012bm pal\u012bdz\u0113jis izdz\u012bvot, bet p\u0113c\u0101k, da\u013cai baltu cil\u0161u asimil\u0113joties kaimi\u0146u cilt\u012bs, p\u0101rce\u013cojis pie t\u0101m. Baltu g\u0113na atkl\u0101jums saskan ar l\u012bdz\u012bgiem p\u0113t\u012bjumiem Igaunij\u0101, par kuriem \u017eurn\u0101la R\u012bgas Laiks decembra numur\u0101 st\u0101st\u012bjis Tartu universit\u0101tes evolucion\u0101r\u0101s biolo\u0123ijas profesors Ri\u010dards Villems.<\/p>\n<p>P\u0113c intervij\u0101 st\u0101st\u012bt\u0101, \u0123en\u0113tisk\u0101 baltu identit\u0101te radusies agr\u0101k nek\u0101 indoeiropie\u0161u valod\u0101s run\u0101jo\u0161ie latvie\u0161i un lietuvie\u0161i un somugru valodu grupai piedero\u0161ie igau\u0146i. Igau\u0146iem \u0123en\u0113tiski vistuv\u0101kie esot latvie\u0161i un nevis somi. G\u0113nu polimorfisms jeb izmai\u0146as ir vair\u0101k rakstur\u012bgas izol\u0113t\u0101m taut\u0101m, k\u0101di ac\u012bmredzot k\u0101dreiz biju\u0161i ar\u012b balti, Dienai skaidroja Latvijas Universit\u0101tes Biomedic\u012bnas p\u0113t\u012bjumu un studiju centra direktors Elm\u0101rs Gr\u0113ns. Parasti \u012bpa\u0161a g\u0113nu mut\u0101cija rodoties vienam cilv\u0113kam, kur\u0161 to nododot n\u0101kamaj\u0101m paaudz\u0113m, l\u012bdz beidzot mut\u0101cija aptver veselu cilti.<\/p>\n<p>Balti n\u0101ku\u0161i no Eiropas austrumiem. P\u0113c R.De\u0146isovas v\u0101rdiem, p\u0113tot baltu g\u0113nu un t\u0101 \u0123eogr\u0101fiju, antropologi atradu\u0161i sev p\u0101rsteidzo\u0161i labu pal\u012bgu sen\u0101s baltu tautas migr\u0101cijas un \u0123en\u0113zes noskaidro\u0161anai \u2013 k\u0101 m\u016bsu sen\u010di non\u0101ku\u0161i pie Baltijas j\u016bras un ar k\u0101d\u0101m taut\u0101m tie draudz\u0113ju\u0161ies. \u0122en\u0113tika esot apstiprin\u0101jusi antropolo\u0123ijas versiju, ka balti, b\u016bdami indoeiropie\u0161u cilmes (s\u0101kotn\u0113ji to pirmdzimtene ir bijis indoeiropie\u0161u are\u0101la austrumu gals, no kuras tie ir l\u0113n\u0101m virz\u012bju\u0161ies uz zieme\u013ciem un zieme\u013crietumiem, diezgan ilgi dz\u012bvoju\u0161i D\u0146epras upes baseina apvidos), dz\u012bvoju\u0161i Eiropas austrumos un nav Baltij\u0101 ien\u0101ku\u0161i no Rietumeiropas. Tur no baltu g\u0113na neesot ne mi\u0146as. R.Denisova ir ap\u0146\u0113m\u012bbas pilna turpin\u0101t savus p\u0113t\u012bjumus Baltkrievij\u0101, lai pier\u0101d\u012btu, ka balti ilgsto\u0161i dz\u012bvoju\u0161i D\u0146epras aug\u0161tec\u0113. Vi\u0146aspr\u0101t, uz to nor\u0101da fakts, ka baltu g\u0113ns 2,2% koncentr\u0101cij\u0101 atrasts Krievijas zieme\u013crietumos, k\u0101 ar\u012b daudzie latvie\u0161u valodai radniec\u012bgie upju un ezeru nosaukumi Baltkrievij\u0101.<\/p>\n<p>Pie baltu g\u0113na atkl\u0101jumiem Latvijas antropologi non\u0101ku\u0161i sadarb\u012bb\u0101 ar Somijas kol\u0113\u0123iem (1980 gadu s\u0101kum\u0101 somu zin\u0101tnieki ir biju\u0161i p\u0101rsteigti, kad vi\u0146u p\u0113t\u012bjumos ir uzradies nepaz\u012bstams g\u0113ns. Sistonen P.,\u00a0Virtaranta-Knowles K.,\u00a0Denisova R.,\u00a0Kucinskas V.,\u00a0Ambrasiene D.,\u00a0Beckman L. u.c. ir p\u0113t\u012bju\u0161i baltu popul\u0101cijas attiec\u012bb\u0101 uz iz\u0146\u0113muma variet\u0101t\u0113m Land\u0161teinera-V\u012bnera (LW) asinsgrup\u0101; g\u0113ns apz\u012bm\u0113ts ar LWb.), kuri s\u0101ku\u0161i p\u0113t\u012bt da\u017e\u0101du asins grupu g\u0113nu koncentr\u0101cijas \u0123eogr\u0101fisko main\u012bbu, st\u0101st\u012bja R.De\u0146isova. Turpm\u0101kajos Baltijas valstu sen\u0101ko iedz\u012bvot\u0101ju kaulu DNS p\u0113t\u012bjumos Latvijas Antropolo\u0123isko p\u0113t\u012bjumu laboratorija sadarbo\u0161oties ar\u012b ar Igaunijas antropologiem. Atkl\u0101jums var noder\u0113t ar\u012b rasistiem.<\/p>\n<p>Atkl\u0101tais baltu g\u0113ns paver pla\u0161as iesp\u0113jas jauniem zin\u0101tniskajiem p\u0113t\u012bjumiem, ar prieku jauno zi\u0146u uztv\u0113ris Medic\u012bnas akad\u0113mijas Anatomijas un antropolo\u0123ijas instit\u016bta direktors J\u0101nis V\u0113tra. Medi\u0137iem nu ir k\u0101rta izv\u0113rt\u0113t, vai baltiem rakstur\u012bg\u0101 g\u0113nu mut\u0101cija paver ce\u013cu ar\u012b k\u0101d\u0101m slim\u012bb\u0101m, valodnieki var\u0113\u0161ot p\u0113t\u012bt \u0123en\u0113tikas saist\u012bbu ar valodu izcel\u0161anos, etnogr\u0101fi \u2013 kop\u012bgo trad\u012bciju un iera\u017eu p\u0113tniec\u012bbu t\u0101m taut\u0101m, kuras vieno baltu g\u0113ns. Lai noskaidrotu, cik \u00abt\u012bras\u00bb ir tautas asinis, cik t\u0101 sajaukusies ar da\u017e\u0101d\u0101m cit\u0101m taut\u0101m, baltu g\u0113ns var pal\u012bdz\u0113t etno\u0123en\u0113tiskos p\u0113t\u012bjumos, R.De\u0146isovas st\u0101st\u012bto apstiprin\u0101ja E.Gr\u0113ns.<\/p>\n<p><span style=\"color: #ff0000;\">\u00abTa\u010du mani uztrauc, ka \u0161\u0101di atkl\u0101jumi var tikt pla\u0161i izmantoti un interpret\u0113ti rasistisk\u0101 \u017eanra ietvaros,\u00bb Dienai atzina soci\u0101lais antropologs Roberts \u0136\u012blis. Vi\u0146am negrib\u0113tos, lai k\u0101das tautas \u012bpa\u0161\u012bbas tiktu saist\u012btas ar t\u0101s g\u0113niem un lai k\u0101das cilv\u0113ku grupas uzved\u012bba tiktu uzskat\u012bta par \u0123en\u0113tisku noteiktu un t\u0101d\u0113\u013c nemain\u0101mu. \u00abT\u0101da etnisko \u012bpa\u0161\u012bbu biolo\u0123iz\u0113\u0161ana ar atsauc\u0113m uz zin\u0101tni ir modern\u0101 rasisma paveids,\u00bb paskaidroja R.\u0136\u012blis.<\/span><\/p>\n<p>Baltu g\u0113na koncentr\u0101cija da\u017e\u0101d\u0101m taut\u0101m: latvie\u0161iem 5,9% (R.De\u0146isova: \u201cLatgal\u0113 \u0161is procents var\u0113tu b\u016bt pat liel\u0101ks, jo tie\u0161i tur ir saglab\u0101jies klasiskais seno baltu izskats \u2013 gar\u0161 augums, augsta piere un lieli vaigu kauli.\u201d), lietuvie\u0161iem 5,7%, igau\u0146iem 4%, krieviem Vologdas apgabal\u0101 Krievijas zieme\u013crietumos 2,2%, po\u013ciem 2%, Gotlandes zviedriem 1%, Dienvidzviedrij\u0101 0,3%, Rietumeirop\u0101 0-0.1%. Jap\u0101n\u0101, \u0136\u012bn\u0101 \u0100frik\u0101 0%. Turpretim Lwa \u0136\u012bn\u0101 atrasts 100% no 160 p\u0113t\u0101majiem.<\/p>\n<p><a href=\"http:\/\/www.diena.lv\/arhivs\/atklaj-baltijas-tautas-vienojoso-baltu-genu-10896895\">http:\/\/www.diena.lv\/arhivs\/atklaj-baltijas-tautas-vienojoso-baltu-genu-10896895<\/a><\/p>\n<p><a href=\"http:\/\/www.baltictimes.com\/news\/articles\/4166\/\">http:\/\/www.baltictimes.com\/news\/articles\/4166\/<\/a><\/p>\n<p><a href=\"http:\/\/www.ncbi.nlm.nih.gov\/pubmed\/10364680\">http:\/\/www.ncbi.nlm.nih.gov\/pubmed\/10364680<\/a><\/p>\n","protected":false},"excerpt":{"rendered":"<p>Pilna versija las\u0101ma M\u0100Z\u0100S PIEZ\u012aMES(atv\u0113rt) Par \u0161o t\u0113mu: \u201cAtkl\u0101j Baltijas tautas vienojo\u0161o baltu g\u0113nu\u201d- \u0161aj\u0101 vietn\u0113 ir jau rakst\u012bts. \u0160\u012b t\u0113ma ir piln\u012bgi neitr\u0101la politisk\u0101 skat\u012bjum\u0101. Viss ta\u010du ir pareizi, katrai tautu grupai ir&#46;&#46;&#46;<\/p>\n","protected":false},"author":1,"featured_media":0,"comment_status":"open","ping_status":"open","sticky":false,"template":"","format":"standard","meta":[],"categories":[1],"tags":[],"_links":{"self":[{"href":"https:\/\/tautastribunals.eu\/index.php?rest_route=\/wp\/v2\/posts\/44780"}],"collection":[{"href":"https:\/\/tautastribunals.eu\/index.php?rest_route=\/wp\/v2\/posts"}],"about":[{"href":"https:\/\/tautastribunals.eu\/index.php?rest_route=\/wp\/v2\/types\/post"}],"author":[{"embeddable":true,"href":"https:\/\/tautastribunals.eu\/index.php?rest_route=\/wp\/v2\/users\/1"}],"replies":[{"embeddable":true,"href":"https:\/\/tautastribunals.eu\/index.php?rest_route=%2Fwp%2Fv2%2Fcomments&post=44780"}],"version-history":[{"count":22,"href":"https:\/\/tautastribunals.eu\/index.php?rest_route=\/wp\/v2\/posts\/44780\/revisions"}],"predecessor-version":[{"id":64559,"href":"https:\/\/tautastribunals.eu\/index.php?rest_route=\/wp\/v2\/posts\/44780\/revisions\/64559"}],"wp:attachment":[{"href":"https:\/\/tautastribunals.eu\/index.php?rest_route=%2Fwp%2Fv2%2Fmedia&parent=44780"}],"wp:term":[{"taxonomy":"category","embeddable":true,"href":"https:\/\/tautastribunals.eu\/index.php?rest_route=%2Fwp%2Fv2%2Fcategories&post=44780"},{"taxonomy":"post_tag","embeddable":true,"href":"https:\/\/tautastribunals.eu\/index.php?rest_route=%2Fwp%2Fv2%2Ftags&post=44780"}],"curies":[{"name":"wp","href":"https:\/\/api.w.org\/{rel}","templated":true}]}}