{"id":44767,"date":"2018-05-15T20:57:02","date_gmt":"2018-05-15T17:57:02","guid":{"rendered":"https:\/\/tautastribunals.eu\/?p=44767"},"modified":"2018-05-15T20:57:02","modified_gmt":"2018-05-15T17:57:02","slug":"tie-nav-tikai-r-bunkas-bet-visas-4-maija-bandas-draudi-v-eihmanim","status":"publish","type":"post","link":"https:\/\/tautastribunals.eu\/?p=44767","title":{"rendered":"Tie nav tikai R. Bunkas, bet visas 4. maija bandas draudi V. Eihmanim !"},"content":{"rendered":"<p><img decoding=\"async\" loading=\"lazy\" class=\"alignleft wp-image-44771\" src=\"https:\/\/tautastribunals.eu\/wp-content\/uploads\/2018\/05\/www.tautastribunals.eu-1411-4.png\" alt=\"\" width=\"621\" height=\"87\" srcset=\"https:\/\/tautastribunals.eu\/wp-content\/uploads\/2018\/05\/www.tautastribunals.eu-1411-4.png 950w, https:\/\/tautastribunals.eu\/wp-content\/uploads\/2018\/05\/www.tautastribunals.eu-1411-4-300x42.png 300w, https:\/\/tautastribunals.eu\/wp-content\/uploads\/2018\/05\/www.tautastribunals.eu-1411-4-768x108.png 768w, https:\/\/tautastribunals.eu\/wp-content\/uploads\/2018\/05\/www.tautastribunals.eu-1411-4-800x112.png 800w\" sizes=\"(max-width: 621px) 100vw, 621px\" \/>Nav tik sen, kad \u010dekista<strong> Andra Bunkas<\/strong> aud\u017eud\u0113ls-\u00a0 <strong>jebrejs Rihards Bunka<\/strong> ar savas izs\u016bt\u0101m\u0101s pal\u012bdz\u012bbu jau draud\u0113ja<strong> Latvie\u0161u V\u0113l\u0113t\u0101ju Biedr\u012bbas<\/strong> priek\u0161s\u0113dim <strong>Viloram Eihmanim<\/strong>:<\/p>\n<blockquote class=\"wp-embedded-content\" data-secret=\"FKwMO3PV2c\"><p><a href=\"https:\/\/tautastribunals.eu\/?p=44179\">B. Loze un \u010dekistu draudi LVB priek\u0161s\u0113dim V. Eihmanim<\/a><\/p><\/blockquote>\n<p><iframe class=\"wp-embedded-content\" sandbox=\"allow-scripts\" security=\"restricted\" style=\"position: absolute; clip: rect(1px, 1px, 1px, 1px);\" src=\"https:\/\/tautastribunals.eu\/?p=44179&#038;embed=true#?secret=FKwMO3PV2c\" data-secret=\"FKwMO3PV2c\" width=\"500\" height=\"282\" title=\"&#8222;B. Loze un \u010dekistu draudi LVB priek\u0161s\u0113dim V. Eihmanim&#8220; &#8212; Latvijas Republikas tautas\" frameborder=\"0\" marginwidth=\"0\" marginheight=\"0\" scrolling=\"no\"><\/iframe><\/p>\n<p><strong><img decoding=\"async\" loading=\"lazy\" class=\"alignleft wp-image-44773\" src=\"https:\/\/tautastribunals.eu\/wp-content\/uploads\/2018\/05\/R.-BunkaV\u012btoli\u0146\u0161.V.-Eihmanis.-L.-Granti\u0146\u0161.LRTT_.png\" alt=\"\" width=\"624\" height=\"177\" srcset=\"https:\/\/tautastribunals.eu\/wp-content\/uploads\/2018\/05\/R.-BunkaV\u012btoli\u0146\u0161.V.-Eihmanis.-L.-Granti\u0146\u0161.LRTT_.png 966w, https:\/\/tautastribunals.eu\/wp-content\/uploads\/2018\/05\/R.-BunkaV\u012btoli\u0146\u0161.V.-Eihmanis.-L.-Granti\u0146\u0161.LRTT_-300x85.png 300w, https:\/\/tautastribunals.eu\/wp-content\/uploads\/2018\/05\/R.-BunkaV\u012btoli\u0146\u0161.V.-Eihmanis.-L.-Granti\u0146\u0161.LRTT_-768x218.png 768w, https:\/\/tautastribunals.eu\/wp-content\/uploads\/2018\/05\/R.-BunkaV\u012btoli\u0146\u0161.V.-Eihmanis.-L.-Granti\u0146\u0161.LRTT_-800x227.png 800w\" sizes=\"(max-width: 624px) 100vw, 624px\" \/>Viloram Eihmanim<\/strong><\/p>\n<p><span style=\"color: #0000ff;\">\u26a0 \u0160eit J\u016bs trauc\u0113 no LJA operat\u012bv\u0101 komandcentra (Sadarb\u012bbas sektora 23.grupa)<\/span><\/p>\n<p><span style=\"color: #0000ff;\">Sadarb\u012bbas sektora vad\u012bt\u0101js deva komandu m\u016bsu grupai sazin\u0101ties ar Jums un norun\u0101t tik\u0161anos. J\u0101izrun\u0101 J\u016bsu sadarb\u012bba ar Granti\u0146u, zi\u0146u s\u016bt\u012b\u0161ana uz V\u0101ciju par LJA vad\u012bt\u0101jiem un S.Ezergaili.<\/span><\/p>\n<p><em>(Vai iev\u0113roj\u0101t, k\u0101du leksiku lieto \u0161\u012b jebreja s\u016bdu \u0161\u0137ur\u0113t\u0101ju \u0161aika:<strong> SS vad\u012bt\u0101js <span style=\"color: #ff0000;\">DEVA KOMANDU<\/span><\/strong><span style=\"color: #000000;\">(milit\u0101ra)<\/span><strong> !<\/strong>)<\/em><\/p>\n<hr \/>\n<hr \/>\n<hr \/>\n<hr \/>\n<h2><img decoding=\"async\" loading=\"lazy\" class=\"alignleft wp-image-44886\" src=\"https:\/\/tautastribunals.eu\/wp-content\/uploads\/2018\/05\/Vilors-Eihmanis.L.Granti\u0146\u0161.LRTT-201x300.png\" alt=\"\" width=\"86\" height=\"129\" \/>Tikko ir izsac\u012bts jau n\u0101ko\u0161ais drauds<\/h2>\n<p><strong>Viloram Eihmanim<\/strong><\/p>\n<p>Mi 09.05.2018, 19:04<\/p>\n<p><span style=\"color: #0000ff;\">M\u0113s br\u012bdinam J\u016bs, ka sadarb\u012bba ar ties\u0101jamo L.Granti\u0146u LJA vad\u012bbas apg\u0101n\u012b\u0161an\u0101 &#8211; ir pal\u012bdz\u012bba vi\u0146a nozieguma turpin\u0101\u0161an\u0101!<\/span><\/p>\n<hr \/>\n<hr \/>\n<hr \/>\n<hr \/>\n<h1><span style=\"color: #ff0000;\">L. Granti\u0146\u0161 nodarbojas ar noziegumu veik\u0161anu, saprati, latviet !!!<\/span><\/h1>\n<p><span style=\"color: #ff0000;\">Tie nav tikai <strong>R. Bunkas<\/strong>, bet visas<strong> 4. maija kli\u0137es<\/strong> draudi.<strong> Bunka<\/strong> ir nekas vair\u0101k k\u0101 pav\u0113\u013cu izpild\u012bt\u0101js- slepkava un \u0161anta\u017eists, kur\u0161 tuv\u0101k\u0101 laik\u0101, t\u0101pat<strong> &#8220;disidents&#8221; K. Pupurs<\/strong>, tiks aizraid\u012bts uz turieni, <strong>&#8220;kur velns ziepes v\u0101ra&#8221;<\/strong> ! T\u0101di, kuri ir dumji un daudz zina, vienm\u0113r &#8220;<strong>pirmie dodas ce\u013cojum\u0101&#8221;<\/strong>. <strong>R. Bunka<\/strong> ir p\u0101rp\u0101r\u0113m apvelt\u012bs ar ab\u0101m \u0161\u012bm <strong>&#8220;\u012bpa\u0161\u012bb\u0101m&#8221;.<\/strong><\/span><\/p>\n<hr \/>\n<hr \/>\n<hr \/>\n<hr \/>\n<p>K\u0101da tad \u0161in\u012b gad\u012bjum\u0101 ir <strong>Vilora Eihma\u0146a<\/strong> sadarb\u012bba ar <strong>TIES\u0100JAMO L. Granti\u0146u<\/strong> ?<em> (Un atkal, piev\u0113rsiet uzman\u012bbu leksikai: <strong>TIES\u0100JAMO L. Granti\u0146u<\/strong> !!!)<\/em><\/p>\n<p>Tas, ka <strong>Vilors Eihmanis L. Granti\u0146am <\/strong>p\u0101rs\u016bta no jebreja <strong>Bunkas &amp; Co<\/strong> sa\u0146emto pastu, tiek d\u0113v\u0113ts par apg\u0101n\u012bjumu vi\u0146a <strong>S\u016bdu \u0160\u0137\u016br\u0113t\u0101ju<\/strong><em>(SS)<\/em><strong> varzai<\/strong>. Bet tas ta\u010du san\u0101k, ja sekojam pa\u0161ai prim\u012bt\u012bv\u0101kai lo\u0123ikai, ka <strong>Bunka<\/strong> pats sevi apg\u0101na.<\/p>\n<h2>Bet \u017e\u012bds ir \u017e\u012bds un vi\u0146a lo\u0123ika ir absurda, t\u0101pat k\u0101 vi\u0146u asi\u0146ainie darbi.<\/h2>\n<p>Un tikai padom\u0101, latviet, \u0161is \u017e\u012bdu bars<em>(<strong>LJA<\/strong> ar visiem &#8220;<strong>s<\/strong>adarb\u012bbas <strong>s<\/strong>ektoriem&#8221;, k\u0101 \u0161ie karikat\u016br\u0137\u0113mi sevi d\u0113v\u0113)<\/em> , <strong><span style=\"color: #ff0000;\">kuram nav<\/span> <span style=\"color: #ff0000;\">LR nek\u0101das juridiskas ties\u012bbas- pilnvaras<\/span><\/strong><span style=\"color: #ff0000;\">,<\/span> <strong>BR\u012aDINA<\/strong> !!!!!!!! <strong>LVB <\/strong>priek\u0161\u0113di !!!<\/p>\n<p>Ar <strong>Bunku<\/strong> un visu vi\u0146a \u017e\u012bdu varzu var run\u0101t sadz\u012bves<em>(pa\u0161a Bunkas leksik\u0101, kad vi\u0146\u0161 krieviski rakst\u012bja Eihmanim<\/em><em>: <span style=\"color: #0000ff;\">\u0412\u0438\u043b\u043e\u0440! \u0422\u044b \u043f\u0440\u0438\u0445\u0432\u043e\u0441\u0442\u0435\u043d\u044c <strong>\u041b\u0438\u043d\u0430\u0440\u0434\u0430 \u0413\u0440\u0430\u043d\u0442\u044b\u043d\u044c!<\/strong> \u042f \u0442\u0435\u0431\u044f \u043f\u043e\u0441\u044b\u043b\u0430\u044e \u0432 \u2026\u043e\u043f\u0443! \u0413\u0443\u043b\u044f\u043d \u043b\u0443\u0447\u0448\u0438\u0439 \u0441\u0443\u0434\u044c\u044f \u043d\u0430 \u0441\u0432\u0435\u0442\u0435! \u0414\u0430 \u0442\u044b \u043c\u0443\u0434\u0438\u043b\u0430 \u043d\u0430\u0445\u0435\u0440! \u041f\u0440\u0438\u0445\u0432\u043e\u0441\u0442\u0435\u043d\u044c <strong>\u041b\u0438\u043d\u0430\u0440\u0434\u0430 \u0413\u0440\u0430\u043d\u0442\u044b\u043d\u044c.<\/strong> \u042d\u0442\u043e \u043c\u044b \u0441\u043a\u0430\u0436\u0435\u043c \u0447\u0442\u043e \u0438 \u043a\u0430\u043a \u0434\u0435\u043b\u0430\u0442\u044c!)<\/span><\/em> bom\u017eu leksik\u0101 un paraid\u012bt vi\u0146us -irst !<\/p>\n<hr \/>\n<hr \/>\n<hr \/>\n<hr \/>\n<h1><span style=\"color: #ff0000;\">Sarkano izdzimte\u0146u klo\u0101ka<\/span><\/h1>\n<h1><span style=\"color: #ff0000;\"><img decoding=\"async\" loading=\"lazy\" class=\"alignleft wp-image-44828\" src=\"https:\/\/tautastribunals.eu\/wp-content\/uploads\/2018\/05\/Borovkovs-Maiz\u012btisKozlovskis-Bunka-Blumbergs.-Granti\u0146\u0161.LRTT_-3-768x237-1-2-1.png\" alt=\"\" width=\"642\" height=\"198\" srcset=\"https:\/\/tautastribunals.eu\/wp-content\/uploads\/2018\/05\/Borovkovs-Maiz\u012btisKozlovskis-Bunka-Blumbergs.-Granti\u0146\u0161.LRTT_-3-768x237-1-2-1.png 768w, https:\/\/tautastribunals.eu\/wp-content\/uploads\/2018\/05\/Borovkovs-Maiz\u012btisKozlovskis-Bunka-Blumbergs.-Granti\u0146\u0161.LRTT_-3-768x237-1-2-1-300x93.png 300w\" sizes=\"(max-width: 642px) 100vw, 642px\" \/><\/span><\/h1>\n<p><img decoding=\"async\" loading=\"lazy\" class=\"alignleft wp-image-44822\" src=\"https:\/\/tautastribunals.eu\/wp-content\/uploads\/2018\/05\/1.-Rihards-Bunka-SpureGr\u016btups-Kavacis\u0100bolti\u0146a.jpg\" alt=\"\" width=\"109\" height=\"172\" \/>FOTO: <span style=\"color: #ff0000;\"><em>\u0160is s\u016bds sev uzskata par konditorejas izstr\u0101d\u0101jumu !<\/em><\/span><\/p>\n<p>T\u0101 redzi, <strong>Bunka<\/strong>: tu vari iet d-rst kop\u0101 ar savien draugiem <strong>k\u016btriem <\/strong>un <strong>borovkoviem<\/strong> !<\/p>\n<p>Bet tu jau<strong> LA<\/strong> par\u0101d\u012bji savas bailes&#8230; un likvid\u0113s tevi sav\u0113jie.<\/p>\n<p><a href=\"http:\/\/www.la.lv\/linarda-grantina-lieta-tiesa-virzas-leni\/\">http:\/\/www.la.lv\/linarda-grantina-lieta-tiesa-virzas-leni\/<\/a><\/p>\n<p>T\u0101 k\u0101 nebaidies no 40 000<strong> Latvijas <\/strong>nel\u012bdzsvarotajiem&#8230; , bet saviem \u201c<strong>kungiem<\/strong>\u201d, kuru priek\u0161\u0101 tu bail\u0113s un iztap\u012bb\u0101 locies k\u0101 tiko \u201c<strong>izspiesta<\/strong><em>(izdirsta, t\u0101 tu lab\u0101k saproti<\/em>)\u201d c\u0113rme spilgtajos saules staros.<\/p>\n<p>15.05.18\u00a0\u00a0\u00a0\u00a0\u00a0\u00a0\u00a0\u00a0\u00a0\u00a0\u00a0\u00a0\u00a0\u00a0\u00a0\u00a0\u00a0\u00a0\u00a0\u00a0\u00a0\u00a0\u00a0\u00a0\u00a0\u00a0\u00a0 L. Granti\u0146\u0161<\/p>\n","protected":false},"excerpt":{"rendered":"<p>Nav tik sen, kad \u010dekista Andra Bunkas aud\u017eud\u0113ls-\u00a0 jebrejs Rihards Bunka ar savas izs\u016bt\u0101m\u0101s pal\u012bdz\u012bbu jau draud\u0113ja Latvie\u0161u V\u0113l\u0113t\u0101ju Biedr\u012bbas priek\u0161s\u0113dim Viloram Eihmanim: B. Loze un \u010dekistu draudi LVB priek\u0161s\u0113dim V. Eihmanim Viloram Eihmanim&#46;&#46;&#46;<\/p>\n","protected":false},"author":1,"featured_media":0,"comment_status":"open","ping_status":"open","sticky":false,"template":"","format":"standard","meta":[],"categories":[1],"tags":[],"_links":{"self":[{"href":"https:\/\/tautastribunals.eu\/index.php?rest_route=\/wp\/v2\/posts\/44767"}],"collection":[{"href":"https:\/\/tautastribunals.eu\/index.php?rest_route=\/wp\/v2\/posts"}],"about":[{"href":"https:\/\/tautastribunals.eu\/index.php?rest_route=\/wp\/v2\/types\/post"}],"author":[{"embeddable":true,"href":"https:\/\/tautastribunals.eu\/index.php?rest_route=\/wp\/v2\/users\/1"}],"replies":[{"embeddable":true,"href":"https:\/\/tautastribunals.eu\/index.php?rest_route=%2Fwp%2Fv2%2Fcomments&post=44767"}],"version-history":[{"count":28,"href":"https:\/\/tautastribunals.eu\/index.php?rest_route=\/wp\/v2\/posts\/44767\/revisions"}],"predecessor-version":[{"id":44891,"href":"https:\/\/tautastribunals.eu\/index.php?rest_route=\/wp\/v2\/posts\/44767\/revisions\/44891"}],"wp:attachment":[{"href":"https:\/\/tautastribunals.eu\/index.php?rest_route=%2Fwp%2Fv2%2Fmedia&parent=44767"}],"wp:term":[{"taxonomy":"category","embeddable":true,"href":"https:\/\/tautastribunals.eu\/index.php?rest_route=%2Fwp%2Fv2%2Fcategories&post=44767"},{"taxonomy":"post_tag","embeddable":true,"href":"https:\/\/tautastribunals.eu\/index.php?rest_route=%2Fwp%2Fv2%2Ftags&post=44767"}],"curies":[{"name":"wp","href":"https:\/\/api.w.org\/{rel}","templated":true}]}}