{"id":44603,"date":"2018-04-30T09:43:28","date_gmt":"2018-04-30T06:43:28","guid":{"rendered":"https:\/\/tautastribunals.eu\/?p=44603"},"modified":"2022-01-07T23:25:25","modified_gmt":"2022-01-07T21:25:25","slug":"a-garda-un-satanisms-krievzid-isms","status":"publish","type":"post","link":"https:\/\/tautastribunals.eu\/?p=44603","title":{"rendered":"A. Garda un s\u0101tanisms- kriev\u017e\u012bd-ISMS !"},"content":{"rendered":"<h1><img decoding=\"async\" loading=\"lazy\" class=\"alignleft wp-image-44604\" src=\"https:\/\/tautastribunals.eu\/wp-content\/uploads\/2018\/04\/www.tautastribunals.eu-1411-5.png\" alt=\"\" width=\"2816\" height=\"394\" srcset=\"https:\/\/tautastribunals.eu\/wp-content\/uploads\/2018\/04\/www.tautastribunals.eu-1411-5.png 950w, https:\/\/tautastribunals.eu\/wp-content\/uploads\/2018\/04\/www.tautastribunals.eu-1411-5-300x42.png 300w, https:\/\/tautastribunals.eu\/wp-content\/uploads\/2018\/04\/www.tautastribunals.eu-1411-5-768x108.png 768w, https:\/\/tautastribunals.eu\/wp-content\/uploads\/2018\/04\/www.tautastribunals.eu-1411-5-800x112.png 800w\" sizes=\"(max-width: 2816px) 100vw, 2816px\" \/><img decoding=\"async\" loading=\"lazy\" class=\"alignleft wp-image-44615\" src=\"https:\/\/tautastribunals.eu\/wp-content\/uploads\/2018\/04\/Garda.Korens.Granti\u0146\u0161.LRTT_.jpg\" alt=\"\" width=\"291\" height=\"312\" srcset=\"https:\/\/tautastribunals.eu\/wp-content\/uploads\/2018\/04\/Garda.Korens.Granti\u0146\u0161.LRTT_.jpg 375w, https:\/\/tautastribunals.eu\/wp-content\/uploads\/2018\/04\/Garda.Korens.Granti\u0146\u0161.LRTT_-280x300.jpg 280w\" sizes=\"(max-width: 291px) 100vw, 291px\" \/><span style=\"color: #ff0000;\">S\u0101tanisms Latvij\u0101 !<\/span><\/h1>\n<p>Run\u0101\u0161u par <strong>\u201cCi\u0101nas Gudro protokolos\u201d <\/strong>rakst\u012bto, ko sav\u0101 darb\u012bb\u0101 piekopj komunists<strong>-\u201cdekoloniszators\u201d Aivars Garda<\/strong>.<\/p>\n<p>Viens no galvenajiem cionistu principiem: <strong>\u201cAps\u016bdzi, lai goja taisnojas, jo taisno\u0161an\u0101s ir da\u013c\u0113ja savas vainas atz\u012b\u0161ana.\u201d <\/strong><\/p>\n<p>M\u0113s zin\u0101m, ka komunisms bija mask\u0113ts j\u016bdaisma totalit\u0101risms- t\u0101tad \u017e\u012bdisms vis\u0101 sav\u0101 spo\u017eum\u0101 !<\/p>\n<p>Ja to zin\u0101m, tad <strong>A. Gardas<\/strong> uzved\u012bba ir piln\u012bgi izprotama.<\/p>\n<p>Vi\u0146\u0161 veic savu <strong>\u201ciek\u0161\u0113j\u0101s balss\u201d<\/strong> aicin\u0101jumu !<\/p>\n<h2><span style=\"color: #ff0000;\"><strong>LNF<\/strong><em>(protams,nosaukums izraisa smaidu)<\/em> ir cionistu kontrol\u0113ts latvie\u0161u tautas diskredit\u0113\u0161anas instruments ! <\/span><\/h2>\n<h2><span style=\"color: #ff0000;\">S\u0101tanisti v\u0101rda t\u0101 vistie\u0161\u0101kaj\u0101 noz\u012bm\u0113 !<\/span><\/h2>\n<p><img decoding=\"async\" loading=\"lazy\" class=\"alignleft wp-image-44620\" src=\"https:\/\/tautastribunals.eu\/wp-content\/uploads\/2018\/04\/L\u012bga-MuzikanteLiene-ApineSteidz\u012bte-Freiberga-Aivars-Garda.png\" alt=\"\" width=\"1703\" height=\"713\" srcset=\"https:\/\/tautastribunals.eu\/wp-content\/uploads\/2018\/04\/L\u012bga-MuzikanteLiene-ApineSteidz\u012bte-Freiberga-Aivars-Garda.png 659w, https:\/\/tautastribunals.eu\/wp-content\/uploads\/2018\/04\/L\u012bga-MuzikanteLiene-ApineSteidz\u012bte-Freiberga-Aivars-Garda-300x126.png 300w\" sizes=\"(max-width: 1703px) 100vw, 1703px\" \/>FOTO:<span style=\"color: #ff0000;\"><em> Ja redzi \u0161o foto, kur visi \u017e\u012bdkomunisti vienkopus, vai ir vajadz\u012bgs v\u0113l k\u0101ds koment\u0101rs ?<\/em><\/span><\/p>\n<h2>\u0160eit redzami Gardas &amp; Muzikantes s\u0101taniskie \u010dekas meli:<\/h2>\n<p><a href=\"http:\/\/fronte.lv\/2012\/09\/aivars-prusis-es-neesmu-tautas-tribunala-biedrs\/\">http:\/\/fronte.lv\/2012\/09\/aivars-prusis-es-neesmu-tautas-tribunala-biedrs\/<\/a><\/p>\n<p><em><span style=\"color: #0000ff;\"><strong>Aivars Pr\u016bsis: <\/strong>Es patie\u0161\u0101m neesmu \u201cTautas tribun\u0101l\u0101\u201d! Nezinu pat, k\u0101d\u0101 veid\u0101 tur tiku uz\u0146emts. Starp citu, pirms p\u0101ris ned\u0113\u013c\u0101m, p\u0113c tam, kad nos\u016bt\u012bju jums v\u0113stuli, sa\u0146\u0113mu e-pastu no Linarda Granti\u0146a. L\u016bk, ko vi\u0146\u0161 man rakst\u012bja&#8230;<\/span><\/em><\/p>\n<h2>Un, ko tad \u0161eit saka tas pats Pr\u016bsis:<\/h2>\n<p><a href=\"https:\/\/tautastribunals.eu\/?p=125\"><strong><em>DDD:<\/em><\/strong><em> Kas j\u016bs pa\u00admu\u00addi\u00adn\u0101\u00adja dar\u00adbo\u00adties Tau\u00adtas tri\u00adbu\u00adn\u0101\u00adl\u0101<span style=\"color: #ff0000;\">(atv\u0113rt)<\/span>*?<\/em><\/a><\/p>\n<p><span style=\"color: #0000ff;\"><em><strong>A.P.: <\/strong>T\u0101 ir la\u00adba ide\u00adja un kus\u00adt\u012b\u00adba, kas at\u00adt\u012bs\u00adt\u0101s. Kaut k\u0101\u00addam sp\u0113\u00adkam ir j\u0101\u00adb\u016bt. M\u0113s v\u0113\u00adro\u00adjam un uz\u00adrau\u00adgam no\u00adti\u00adku\u00admus Lat\u00advi\u00adj\u0101. Pie\u00adn\u0101ks laiks, kad s\u0101k\u00adsies tie\u00adsas pro\u00adce\u00adsi, un pa\u00adsau\u00adle ie\u00adrau\u00addz\u012bs, ka Lat\u00advi\u00adja nav ti\u00adkai ne\u00adlie\u00adt\u012b\u00adgu ko\u00adrum\u00adpan\u00adtu ze\u00adme, ka t\u0101 ir su\u00adve\u00adr\u0113\u00adna, tie\u00adsis\u00adka valsts, ku\u00adr\u0101 val\u00adda tais\u00adn\u012b\u00adgi li\u00adku\u00admi. Ta\u00adgad ne\u00adk\u0101 t\u0101\u00adda nav! T\u0101\u00adp\u0113c ne\u00adpie\u00adcie\u00ad\u0161ams \u0161\u0101ds Tau\u00adtas tri\u00adbu\u00adn\u0101ls, kas sa\u00adv\u0101 b\u016b\u00adt\u012b\u00adb\u0101 pa\u00adgai\u00add\u0101m ir k\u0101 uz\u00adrau\u00addz\u012b\u00adba no\u00adti\u00adku\u00admiem Lat\u00advi\u00adj\u0101. Va\u00adja\u00addz\u012bgs sp\u0113ks, kas n\u0101k\u00adtu un iz\u00adla\u00adbo\u00adtu t\u0101s \u0101r\u00adpr\u0101\u00adt\u012b\u00adg\u0101s ne\u00adlie\u00adt\u012b\u00adbas, kas Lat\u00advi\u00adj\u0101 ir no\u00adti\u00adku\u00ad\u0161as p\u0113\u00add\u0113\u00adjo 17 ga\u00addu ga\u00adru\u00adm\u0101. Mums ir j\u0101\u00adat\u00adg\u016bst lat\u00advie\u00ad\u0161iem no\u00adlau\u00adp\u012b\u00adt\u0101s ze\u00admes un \u012bpa\u00ad\u0161u\u00admi, j\u0101\u00adp\u0101r\u00adska\u00adta ne\u00adli\u00adku\u00adm\u012b\u00adg\u0101 pri\u00adva\u00adti\u00adz\u0101\u00adci\u00adja, j\u0101\u00adat\u00adg\u016bst Ab\u00adre\u00adne. Vai tas b\u016bs tri\u00adbu\u00adn\u0101ls, vai k\u0101ds cits sp\u0113ks, kas to da\u00adr\u012bs \u2013 tas nav sva\u00adr\u012b\u00adgi. Sva\u00adr\u012b\u00adgi ir tas, ka j\u0101\u00adat\u00adjau\u00adno li\u00adku\u00adm\u012b\u00adba, tie\u00adsis\u00adkums. Tie\u00adsas diem\u00ad\u017e\u0113l \u0161o\u00addien ne\u00adko ne\u00advar iz\u00adlemt, jo pa\u00ad\u0161as ir ko\u00adrum\u00adp\u0113\u00adtas. Lat\u00advi\u00adj\u0101 vairs nav bal\u00adto zvir\u00adbu\u00ad\u013cu va\u00adras in\u00adstan\u00adc\u0113s, tos t\u0101\u00adpat k\u0101 ma\u00adni vai nu no\u00adz\u016b\u00adm\u0113\u00adja, vai iz\u00ad\u0161\u0101\u00adva. Es zi\u00adnu, k\u0101 tas no\u00adti\u00adka un no\u00adtiek, jo pats to pie\u00addz\u012b\u00advo\u00adju. Ti\u00adkai br\u012b\u00adnums ma\u00adni iz\u00adgl\u0101\u00adba. Bal\u00adtie zvir\u00adbu\u00ad\u013ci, kam k\u0101d\u00adreiz bi\u00adja k\u0101\u00adda va\u00adra vai teik\u00ad\u0161a\u00adna, ta\u00adgad ir zem ze\u00admes vai iz\u00addz\u012b\u00adti no valsts\u2026<\/em><\/span><\/p>\n<p>\u0160eit piemin\u0113tais nav vien\u012bgais gad\u012bjums. Ar\u012b manis sac\u012btais k\u0101dreiz tika <strong>&#8220;pielabots&#8221;<\/strong> ! Katrs <strong>DDD<\/strong> laikrakst\u0101 public\u0113tais raksts, ko sa\u0146em no k\u0101da las\u012bt\u0101ja, vienm\u0113r tiek &#8220;<strong>pareizi<\/strong>&#8221; pielabots.<\/p>\n<p>J\u016bs nep\u0101rklaus\u012bj\u0101ties: <strong>pielabots, bet ne cenz\u0113ts<\/strong> !!!<\/p>\n<p>Reiz mums visiem paz\u012bstam\u0101 disidenta <strong>Ulda Freima\u0146a<\/strong> sac\u012btais bija piln\u012bb\u0101 p\u0101rrakst\u012bts&#8230; . Vi\u0146\u0161 toreiz <strong>DDD<\/strong>istus nod\u0113v\u0113ja par nelie\u0161iem&#8230;, neilgi p\u0113c tam vi\u0146\u0161 &#8220;<strong>aizg\u0101ja<\/strong>&#8220;&#8230; .<\/p>\n<blockquote class=\"wp-embedded-content\" data-secret=\"1BCY5MKecx\"><p><a href=\"https:\/\/tautastribunals.eu\/?p=10003\">LNF graujo\u0161\u0101 darb\u012bba<\/a><\/p><\/blockquote>\n<p><iframe class=\"wp-embedded-content\" sandbox=\"allow-scripts\" security=\"restricted\" style=\"position: absolute; clip: rect(1px, 1px, 1px, 1px);\" title=\"&#8220;LNF graujo\u0161\u0101 darb\u012bba&#8221; &#8212; \" src=\"https:\/\/tautastribunals.eu\/?p=10003&#038;embed=true#?secret=1BCY5MKecx\" data-secret=\"1BCY5MKecx\" width=\"500\" height=\"282\" frameborder=\"0\" marginwidth=\"0\" marginheight=\"0\" scrolling=\"no\"><\/iframe><\/p>\n<h2>Neaizmirs\u012bsim patriotu Uldi Freimani:<\/h2>\n<div class=\"video-container\"><iframe loading=\"lazy\" title=\"Neaizmirs\u012bsim latvie\u0161u patriotu Uldi Freimani\" width=\"500\" height=\"281\" src=\"https:\/\/www.youtube.com\/embed\/YU6xqU83xhA?feature=oembed&#038;wmode=opaque\" frameborder=\"0\" allow=\"accelerometer; autoplay; clipboard-write; encrypted-media; gyroscope; picture-in-picture\" allowfullscreen><\/iframe><\/div>\n<hr \/>\n<h2>Bet visu p\u0113c k\u0101rtas:<\/h2>\n<p>Tas bija v\u0113l laikos, kad klausoties <strong>A. Gardas<\/strong> patriotiskajos sauk\u013cos, piesl\u0113jos vi\u0146a komandai. \u0160odien, protams, ka vi\u0146a <strong>\u201cpatriotisms\u201d<\/strong> ir j\u0101liek p\u0113di\u0146\u0101s. Par vi\u0146u jau esmu <strong>LRTT i- vietn\u0113 <\/strong>pietieko\u0161i rakst\u012bjis. Kas v\u0113las to zin\u0101t, var atv\u0113rt <a href=\"http:\/\/www.tautastribunals.eu\">www.tautastribunals.eu<\/a> , ierakst\u012bt mekl\u0113t\u0101j\u0101 attiec\u012bg\u0101s personas v\u0101rdu un teksts par\u0101d\u012bsies.<\/p>\n<p>Vienm\u0113r atceros <strong>A. Gardas <\/strong>sac\u012bto: <strong>\u201cVi\u0146us vienm\u0113r un visur vajag diskredit\u0113t !\u201d<\/strong><\/p>\n<p>Tas toreiz attiec\u0101s uz <strong>VVF<\/strong>.<\/p>\n<h2>Tas ir tie\u0161s sauklis no <strong>Ci\u0101nas Gudro Protokolu<\/strong> teksta.<\/h2>\n<p>Tie\u0161i to, t\u0101 saucam\u0101 <strong>\u201cLatvijas Nacion\u0101l\u0101 Fronte\u201d,<\/strong> piekopj katr\u0101 sav\u0101 rakst\u0101.<\/p>\n<p>P\u0113c b\u016bt\u012bbas t\u0101 nav nek\u0101da <strong>Nacion\u0101l\u0101 fronte<\/strong>, bet <strong>Melu fronte- <\/strong>vis\u012bst\u0101kais <strong>cionistu-s\u0101tanisma bacilis<\/strong> latvie\u0161u tautas mies\u0101 ! Ar\u012b tie, kuri public\u0113jas pie vi\u0146iem, nav lab\u0101ki, jo ar taisn\u012bbas piejaukumu pal\u012bdz kultiv\u0113t melus.<\/p>\n<p>Pirms m\u0113ne\u0161a <a href=\"https:\/\/www.facebook.com\/alfreds.buls.90\/posts\/184200752387638\"><strong>Alfreds Buls<\/strong> <\/a>public\u0113ja<em>(las\u012bt raksta beig\u0101s)<\/em> savu <strong>\u201cspriedumu\u201d <\/strong>par \u0161o melu fronti un tad sekoja s\u0101tanisks <strong>\u201cuzliesmojums\u201d<\/strong> !<\/p>\n<p><strong>Visa diskusija<\/strong><em>: <\/em><strong><a href=\"https:\/\/www.facebook.com\/alfreds.buls.90\/posts\/184200752387638\">https:\/\/www.facebook.com\/alfreds.buls.90\/posts\/184200752387638<\/a><\/strong><\/p>\n<p>Tikai nelaime, di\u017eie <strong>\u201cgaismas nes\u0113ji\u201d<\/strong> no <strong>N. R\u0113riha \u201cpulci\u0146a\u201d<\/strong> savus sul\u012bgos koment\u0101rus izdz\u0113sa un da\u017ei ar\u012b pa\u0161i izdz\u0113s\u0101s.<\/p>\n<p>\u0160eit varam iepaz\u012bties ar<strong> \u201cizgaisu\u0161aj\u0101m<\/strong>\u201d r\u0113rihie\u0161u <strong>\u201clingvistikas p\u0113rl\u0113m\u201d:<\/strong><\/p>\n<h1><strong><span style=\"color: #ff0000;\">Alfreds Buls<\/span> <\/strong><\/h1>\n<p><img decoding=\"async\" loading=\"lazy\" class=\"alignleft wp-image-44623\" src=\"https:\/\/tautastribunals.eu\/wp-content\/uploads\/2018\/04\/Raimonds-Bergmanis.Alfreds-Buls.Granti\u0146\u0161.LRTT_.jpg\" alt=\"\" width=\"2074\" height=\"576\" srcset=\"https:\/\/tautastribunals.eu\/wp-content\/uploads\/2018\/04\/Raimonds-Bergmanis.Alfreds-Buls.Granti\u0146\u0161.LRTT_.jpg 425w, https:\/\/tautastribunals.eu\/wp-content\/uploads\/2018\/04\/Raimonds-Bergmanis.Alfreds-Buls.Granti\u0146\u0161.LRTT_-300x83.jpg 300w\" sizes=\"(max-width: 2074px) 100vw, 2074px\" \/>Foto:<span style=\"color: #ff0000;\"><em> Vai ir k\u0101da noz\u012bme pie \u0161\u012b Krem\u013ca m\u0113sla v\u0113rsties ar t\u0101diem jaut\u0101jumiem ?<\/em><\/span><\/p>\n<p>Atkl\u0101ts jaut\u0101jums <strong>NBS <\/strong>komandierim \u0123ener\u0101lleitnants<strong> Leon\u012bdam Kalni\u0146am <\/strong>un aizsardz\u012bbas ministram <strong>Raimondam Bergmanim.<\/strong><br \/>\nL\u016bdzu izlasiet koment\u0101rus, kurus <a href=\"https:\/\/Facebook.com\/\">Facebook.com<\/a> koment\u0101ros ievietoja J\u016bsu p\u0101rraudz\u012bb\u0101 eso\u0161o strukt\u016bru p\u0101rst\u0101vis <strong>M\u0101rti\u0146\u0161 Grapmanis<\/strong> (bilde no vi\u0146a profila)<br \/>\n<em><strong><span style=\"color: #ff0000;\">Martins Grapmanis<\/span><br \/>\n<\/strong>Oooo, satiku\u0161ies divi l\u012bdzv\u0113rt\u012bgie!!! Viens, kur\u0161 visu laiku piemin nolaistas jaunu pui\u0161u bik\u0161eles un otrs v\u0101jpr\u0101tis, kur\u0161 sl\u0113pjas f\u0101terland\u0113 un cer, ka \u0161eit neviens vairs neatceras, k\u0101ds bija vi\u0146a zonas statuss. Es zinu, k\u0101ds putns Tu biji zon\u0101!!!<\/em><\/p>\n<p><em><span style=\"color: #ff0000;\"><strong>Aivars Garda Martins Grapmanis.<\/strong><\/span> Es ar\u012b zinu. Ta\u010du vist\u0113lain\u0101k par to var past\u0101st\u012bt<strong> Aivars Gedroics<\/strong>.(atbilde dz\u0113sta)<\/em><\/p>\n<p><em><span style=\"color: #ff0000;\"><strong>Aivars Garda Martins Grapmanis<\/strong>.<\/span> Vai tie\u0161\u0101m J\u016bs dom\u0101jat, ka \u0161ie putni tagad viens otru \u0146ems priek\u0161\u0101 taisn\u0101s zarnas operatoru stil\u0101? Neb\u016btu nek\u0101ds br\u012bnums.<\/em><\/p>\n<p>Cien\u012bjam\u0101s valsts amatpersonas. Mani interes\u0113 J\u016bsu viedoklis par koment\u0101ra saturu un gaidu J\u016bsu v\u0113rt\u0113juma publik\u0101ciju par J\u016bsu padot\u0101 mor\u0101lo st\u0101ju. Mans jaut\u0101jums ir \u0161\u0101ds \u2013 Vai m\u016bsdien\u0101s t\u0101 ir <strong>NBS<\/strong> milit\u0101rpersonu mor\u0101les norma un vai t\u0101d\u0101m person\u0101m ir vieta Latvijas aizst\u0101vju rind\u0101s???<\/p>\n<p>Gaidu J\u016bsu v\u0113rt\u0113jumu.<br \/>\nAr cie\u0146u,<br \/>\nAlfr\u0113ds Buls (26694977, <a href=\"mailto:alfbu@inbox.lv\">alfbu@inbox.lv<\/a>)<\/p>\n<h2><span style=\"color: #ff0000;\"><strong>L<\/strong>. <strong><u>Granti\u0146\u0161:<\/u><\/strong> L\u016bk, tas ir \u017e\u012bdisms !<\/span><\/h2>\n<p><strong><img decoding=\"async\" loading=\"lazy\" class=\"alignleft wp-image-44626\" src=\"https:\/\/tautastribunals.eu\/wp-content\/uploads\/2018\/04\/Liene-Apine.M.-Grapmanis-1.png\" alt=\"\" width=\"296\" height=\"240\" srcset=\"https:\/\/tautastribunals.eu\/wp-content\/uploads\/2018\/04\/Liene-Apine.M.-Grapmanis-1.png 743w, https:\/\/tautastribunals.eu\/wp-content\/uploads\/2018\/04\/Liene-Apine.M.-Grapmanis-1-300x243.png 300w\" sizes=\"(max-width: 296px) 100vw, 296px\" \/><\/strong><\/p>\n<p>FOTO: <span style=\"color: #ff0000;\"><em>Sadista M. Grapma\u0146a hobijs !<\/em><\/span><\/p>\n<p><strong>M. Grapmanis<\/strong> ir t\u0101ds pats latvietis k\u0101<strong> Ivars Godmanis, Aivars Borovkovs, Aivars Garda, Aivars Gedroics, Aivars Lembergs, Leonards Inkins, Juris Lapinskis <\/strong>un vesels l\u0113rums citu. To pier\u0101da ar\u012b vi\u0146u pret\u012bg\u0101 leksika. Latvietis, kuram nav \u0161o s\u0101tan\u017e\u012bdu g\u0113ns, nemelo un t\u0101du leksiku nepiekopj.<\/p>\n<p>Velt\u012bgi <strong>Alfreds Buls<\/strong> jaut\u0101 <strong>Leon\u012bdam Kalni\u0146am<\/strong> un <strong>Raimondam Bergmanim<\/strong>, jo vi\u0146i ir no t\u0101s pa\u0161as varzas, kurai pieder <strong>Garda, Grapmanis<\/strong> vai ar\u012b tas pats jefi\u0146\u0161 <strong>Gedroics<\/strong>.<\/p>\n<h2>Vi\u0146i visi ir <strong>\u201cCi\u0101nas Gudro\u201d<\/strong> izvadorg\u0101nu <strong>\u201csanit\u0101ri\u201d<\/strong> !<\/h2>\n<p><strong><img decoding=\"async\" loading=\"lazy\" class=\"alignleft wp-image-44629\" src=\"https:\/\/tautastribunals.eu\/wp-content\/uploads\/2018\/04\/M.Grapmanis.Liene-Apine.Granti\u0146\u0161.LRTT_.png\" alt=\"\" width=\"523\" height=\"343\" srcset=\"https:\/\/tautastribunals.eu\/wp-content\/uploads\/2018\/04\/M.Grapmanis.Liene-Apine.Granti\u0146\u0161.LRTT_.png 548w, https:\/\/tautastribunals.eu\/wp-content\/uploads\/2018\/04\/M.Grapmanis.Liene-Apine.Granti\u0146\u0161.LRTT_-300x197.png 300w\" sizes=\"(max-width: 523px) 100vw, 523px\" \/>\u017d\u012bds Grapmanis<\/strong> ar p\u0101rliec\u012bbu pazi\u0146o<strong>:\u201d Es zinu, k\u0101ds putns Tu biji zon\u0101!!!\u201d<\/strong> Tas attiec\u0101s uz mani, <strong>L, Granti\u0146u<\/strong>. Un interesanti, ka par to visu zinot<strong> A. Gedroics, <\/strong>vi\u0146\u0161 piebilst !<\/p>\n<p>FOTO: <span style=\"color: #ff0000;\"><em>Un \u0161eit abi Ci\u0101nas &#8220;produkti&#8221;, Liene Apine un M\u0101rti\u0146\u0161 Grapmanis, sevi iem\u016b\u017ein\u0101ju\u0161i kop-foto.T\u0101 k\u0101 nevar sac\u012bt, ka cilv\u0113ks &#8220;no malas&#8221; bija piesteidzies aizst\u0101v\u0113t savas sugasbr\u0101\u013cus&#8230; . Monol\u012bta komanda&#8230; .<\/em><\/span><\/p>\n<p>Mans velt\u012bjums tie\u0161i \u0161im<strong><u> pretek\u013c\u017e\u012bdam Grapmanim<\/u><\/strong>, kuru \u017e\u012bds <strong>Garda<\/strong> pieaicin\u0101ja \u0161aj\u0101 diskusij\u0101: Ar \u0161o tekstu tu, <strong>Grapmani,<\/strong> izaicin\u0101ji savu likteni. Mani tu nevari apvainot, jo pret taviem \u017e\u012bda g\u0113niem esmu im\u016bns un citu jau ar\u012b no samazgas sagaid\u012bt nevar, <strong>bet tu esi iesp\u013c\u0101vis sej\u0101 manai sievai, maniem b\u0113rniem, mazb\u0113rniem <\/strong>un tas <strong><u>tev netiks piedots,<\/u><\/strong> t\u0101pat ka reiz sac\u012bju<strong> Gedroicam<\/strong>, kur\u0161 p\u0113c tam <strong>s\u016bdz\u0113j\u0101s vis\u0101m Latvijas ties\u0101m<\/strong>, bet sa\u0146\u0113ma nic\u012bgu atraid\u012bjumu.<\/p>\n<p>Es,<strong>Grapmani,<\/strong> aizst\u0101v\u0113\u0161u <u>savu v\u012bra, t\u0113va un vect\u0113va <strong>GODU<\/strong> <\/u>!<\/p>\n<p><img decoding=\"async\" loading=\"lazy\" class=\"alignleft wp-image-44631\" src=\"https:\/\/tautastribunals.eu\/wp-content\/uploads\/2018\/04\/M\u0101rti\u0146\u0161-GrapmanisLiene-Apine.-L.-Granti\u0146\u0161.LRTT_.png\" alt=\"\" width=\"311\" height=\"558\" srcset=\"https:\/\/tautastribunals.eu\/wp-content\/uploads\/2018\/04\/M\u0101rti\u0146\u0161-GrapmanisLiene-Apine.-L.-Granti\u0146\u0161.LRTT_.png 412w, https:\/\/tautastribunals.eu\/wp-content\/uploads\/2018\/04\/M\u0101rti\u0146\u0161-GrapmanisLiene-Apine.-L.-Granti\u0146\u0161.LRTT_-167x300.png 167w\" sizes=\"(max-width: 311px) 100vw, 311px\" \/>Tad, kad tu mani redz\u0113si, <strong>T\u0113vreizi <\/strong>vairs noskait\u012bt neizdosies\u2026, tu redz\u0113si stobru, bet \u0161\u012b stobra rad\u012bt\u0101 ska\u0146a tavas ausis vairs nesasniegs\u2026 . Neviena dz\u012bva rad\u012bba uz \u0161\u012bs zemes nevar apliecin\u0101t, ka es savus sol\u012bjumus neesmu izpild\u012bjis !<\/p>\n<p>FOTO: <span style=\"color: #ff0000;\"><em>M. Grapmanis &amp; Co<\/em><\/span><\/p>\n<p>Aiz politiskas zi\u0146k\u0101res paskat\u012bjos vi\u0146a <strong>DRAUGI.LV<\/strong> profilu. Un, protams, ieraudz\u012bju to, ko biju gaid\u012bjis\u2026 kaut k\u0101das perversijas. \u00a0Bija skat\u0101mas k\u0101das 12 \u2013 15 fotogr\u0101fijas ar nogalin\u0101tiem bebriem\u2026<strong>sadista izpausmes vis\u0101 sav\u0101 kr\u0101\u0161\u0146um\u0101.<\/strong> Bail pat iedom\u0101ties, kas vi\u0146\u0161 var\u0113tu b\u016bt 1940.g. atk\u0101rtojuma gad\u012bjum\u0101. Protams, p\u0113c mana apmekl\u0113juma \u0161is taisn\u012bbas c\u012bn\u012bt\u0101js mani noblo\u0137\u0113ja. Nesaprotu, ja cilv\u0113ks ir taisn\u012bgs un p\u0101rliecin\u0101ts par <strong>\u201csavu lietu\u201d,<\/strong> tad k\u0101p\u0113c blo\u0137\u0113t ? Var\u0113tu v\u0113l saprast, ja es vi\u0146am nep\u0101rtraukti rakst\u012btu mu\u013c\u0137\u012bbas\u2026 . Ja k\u0101dam interese, pam\u0113\u0123iniet paskat\u012bties \u0161o vi\u0146a <strong>\u201cn\u0101ves galeriju\u201d <\/strong>!<\/p>\n<p>L\u016bk, latviet, t\u0101 darbojas \u017e\u012bdcionisms- s\u0101tanisms. Tiek ies\u0113ta melu s\u0113kla, kura<strong> \u201cuzd\u012bgstot\u201d<\/strong> p\u0101rv\u0113r\u0161as asin\u012bs un cie\u0161an\u0101s.<\/p>\n<p><strong>Garda\u00a0<\/strong>un <strong>Konstant\u012bns Pupurs<\/strong>, kad <strong>Latvij\u0101 <\/strong>notika <strong>Amoda,<\/strong> atrad\u0101s<strong> Maskav\u0101,<\/strong> kur tika apm\u0101c\u012bti b\u016bt par<strong> &#8220;\u012bstiem nacion\u0101listiem&#8221;<\/strong>.<\/p>\n<h2>Vi\u0146a komanda str\u0101d\u0101 vienoti.<\/h2>\n<p>Attiec\u012bgais person\u0101\u017es, kur\u0161 darbojas latvie\u0161u tautas lab\u0101, tiek vispret\u012bg\u0101k\u0101 veid\u0101 apmelots !<\/p>\n<h2>\u0160eit variet las\u012bt vi\u0146u biedra A. Gedroica &#8220;c\u012b\u0146as metodes&#8221;:<\/h2>\n<p><span style=\"color: #0000ff;\"><em>Iesniegts <a style=\"color: #0000ff;\" href=\"http:\/\/tautastribunals.eu\/?p=19971&amp;cpage=1#comment-19148\">03.05.2014 at 22.27<\/a> Nebaidies, pl\u0101ngranti\u0146, St\u016bra m\u0101ja tev vairs nedraud! Tu nospr\u0101gsi saz\u0101\u013cots, apm\u012bzies un apdirsies, piesiets pie gultas R\u012bg\u0101, Tvaika iel\u0101 2 !<\/em><\/span><\/p>\n<p><span style=\"color: #0000ff;\"><em><span style=\"color: #0000ff;\">Iesniegts <\/span><a style=\"color: #0000ff;\" href=\"http:\/\/tautastribunals.eu\/?p=20053&amp;cpage=1#comment-19168\"><span style=\"color: #0000ff;\"><em>05.05.2014 at 19.45<\/em><\/span><\/a><\/em><\/span><\/p>\n<p><span style=\"color: #0000ff;\"><em>debilajam Linardelim nesaprast, ka nelai\u0137is Uldis vi\u0146am nerakst\u012bja sliktu par raivi, jo zin\u0101ja, ka linardi\u0146\u0161 iem\u012bl\u0113jies vi\u0146\u0101 k\u0101 jau cietum\u0101 nolaists gailis! :) Granti\u0146, Pupurs un Hir\u0161ons sen zina, k\u0101 tur tevi dirs\u0101 pisa un ar\u012b citiem past\u0101sra\u2026Un gan jau tavs m\u012b\u013cais n\u0113\u0123eris St\u012bls ar\u012b iedos tev pipeli pas\u016bk\u0101t, pacieties tikai! :))<\/em><\/span><\/p>\n<p><span style=\"color: #0000ff;\"><em>Iesniegts <a style=\"color: #0000ff;\" href=\"http:\/\/tautastribunals.eu\/?p=19833&amp;cpage=1#comment-19134\">30.04.2014 at 18.41<\/a> Ai, k\u0101 Linardam grib\u0113tos Modri Slavu izpist dirs\u0101!!! :))<\/em><\/span><\/p>\n<p>Kriev\u017e\u012bdu- m\u016bsu <strong>Dzimtenes<\/strong> okupantu uzdevums ir diskredit\u0113t m\u016bsu valsti un m\u016bsu tautas redzam\u0101kos cilv\u0113kus.<\/p>\n<p>L\u016bk, \u017e\u012bdisma <strong>MATRICA,<\/strong> kuru piekopj<strong> Latgales \u017e\u012bds A. Gedroics:<\/strong><\/p>\n<p>Tiek diskredit\u0113ts m\u016bsu valsts pamatlic\u0113js<strong> K\u0101rlis Ulmanis.<\/strong>To piekopj ar\u012b pats<strong> Garda <\/strong>ar sav\u0101m <strong>&#8220;d\u0101m\u0101m&#8221;. <\/strong>Visi tie, kuri nope\u013c <strong>Ulmani, <\/strong>ir kriev\u017e\u012bdu sala\u0161\u0146u komand\u0113ti. Ja gribat uzzin\u0101t<strong> Paties\u012bbu<\/strong>, tad izlasiet, ko rakst\u012bja tikko \u017e\u012bd\u010dekistu noslepkavotais latvie\u0161u v\u0113sturnieks<strong> Indulis Ronis<\/strong>:<\/p>\n<blockquote class=\"wp-embedded-content\" data-secret=\"5W9mP5QbxI\"><p><a href=\"https:\/\/tautastribunals.eu\/?p=21818\">I. Ronis. Par nodev\u0113jiem un K\u0101rli Ulmani<\/a><\/p><\/blockquote>\n<p><iframe class=\"wp-embedded-content\" sandbox=\"allow-scripts\" security=\"restricted\" style=\"position: absolute; clip: rect(1px, 1px, 1px, 1px);\" title=\"&#8220;I. Ronis. Par nodev\u0113jiem un K\u0101rli Ulmani&#8221; &#8212; \" src=\"https:\/\/tautastribunals.eu\/?p=21818&#038;embed=true#?secret=5W9mP5QbxI\" data-secret=\"5W9mP5QbxI\" width=\"500\" height=\"282\" frameborder=\"0\" marginwidth=\"0\" marginheight=\"0\" scrolling=\"no\"><\/iframe><\/p>\n<table>\n<tbody>\n<tr>\n<td><strong>Aivars Gedroics<\/strong><br \/>\n<a href=\"http:\/\/tautastribunals.eu\/wp-admin\/edit-comments.php?s=87.110.79.190&amp;mode=detail\">87.110.79.190<\/a><\/td>\n<td>Iesniegts <a href=\"http:\/\/tautastribunals.eu\/?p=21818&amp;cpage=1#comment-19842\">21.08.2014 at 14.43<\/a><\/p>\n<p>Munters bija ne tikai nodev\u0113js, bet ar\u012b K.Ulma\u0146a dirsas dr\u0101t\u0113t\u0101js! Palasi, Pl\u0101ngranti\u0146, pirmskara \u201cP\u0113rkonkrustie\u0161u\u201d presi!<\/td>\n<\/tr>\n<tr>\n<td><strong>Gudrais<br \/>\n<\/strong><a href=\"http:\/\/tautastribunals.eu\/wp-admin\/edit-comments.php?s=90.130.189.106&amp;mode=detail&amp;comment_status=spam\"><strong>90.130.189.106<\/strong><\/a><\/td>\n<td>Iesniegts <a href=\"http:\/\/tautastribunals.eu\/?p=15386&amp;cpage=1#comment-16951\">19.08.2013 at 12.27<\/a><\/p>\n<p>Ha-ha, pl\u0101ngranti\u0146am laim\u0113j\u0101s, ka ar mani nesatik\u0101s! Es vi\u0146am b\u016btu visus zobus izdauz\u012bjis no izpist\u0101s mutes un izdr\u0101ztaj\u0101 paka\u013c\u0101 slotas k\u0101tu ieb\u0101zis\u2026nu tie\u0161i k\u0101 vi\u0146am Centr\u0101lcietum\u0101!<\/td>\n<\/tr>\n<tr>\n<td><strong>Gudrais<br \/>\n<\/strong><a href=\"http:\/\/tautastribunals.eu\/wp-admin\/edit-comments.php?s=90.130.170.163&amp;mode=detail&amp;comment_status=spam\"><strong>90.130.170.163<\/strong><\/a><\/td>\n<td>Iesniegts <a href=\"http:\/\/tautastribunals.eu\/?p=15397&amp;cpage=1#comment-16941\">17.08.2013 at 20.55<\/a><\/p>\n<p>Umanis un Munters bija pidari, kas pisa viens otru \u2013 tie\u0161i k\u0101 Raivis ar Linardu!<\/td>\n<\/tr>\n<\/tbody>\n<\/table>\n<h3><img decoding=\"async\" loading=\"lazy\" class=\"alignleft wp-image-44634\" src=\"https:\/\/tautastribunals.eu\/wp-content\/uploads\/2018\/04\/Aivars-Gedroics-un-Steidz\u012bte-Freiberga..png\" alt=\"\" width=\"2888\" height=\"1479\" srcset=\"https:\/\/tautastribunals.eu\/wp-content\/uploads\/2018\/04\/Aivars-Gedroics-un-Steidz\u012bte-Freiberga..png 508w, https:\/\/tautastribunals.eu\/wp-content\/uploads\/2018\/04\/Aivars-Gedroics-un-Steidz\u012bte-Freiberga.-300x154.png 300w\" sizes=\"(max-width: 2888px) 100vw, 2888px\" \/>Nav jau vair\u0101k nek\u0101ds nosl\u0113pums, ka P\u0112RKO\u0145KRUSTIE\u0160I bija Krem\u013ca projekts&#8230; .<\/h3>\n<p>T\u0101di un taml\u012bdz\u012bgi koment\u0101ri ir bezgala daudz !<\/p>\n<p>T\u0101ds ir<strong> Gardas<\/strong> un vi\u0146a <strong>&#8220;d\u0101mu&#8221;<\/strong> c\u012b\u0146u elks par br\u012bvu <strong>Latviju<\/strong>&#8230; .<\/p>\n<p><strong>Garda, Muzikante, Apine &amp; Co<\/strong> ir n\u0101ves un izn\u012bc\u012bbas simboli.<\/p>\n<h2>Meli ir vi\u0146u ikdiena, vi\u0146u dzi\u013c\u0101k\u0101 b\u016bt\u012bba.<\/h2>\n<hr \/>\n<h2><span style=\"color: #ff0000;\">Es to visu \u0161eit jau kuro reizi atg\u0101dinu, lai \u0161ie melnie \u017e\u012bdcionistu nodev\u012bbas krop\u013ci p\u0113c iesp\u0113jas maz\u0101k iezomb\u0113tu nenobriedu\u0161os las\u012bt\u0101jus !!!<\/span><\/h2>\n<p><span style=\"color: #0000ff;\"><span style=\"color: #ff0000;\"><a style=\"color: #ff0000;\" href=\"https:\/\/www.facebook.com\/steidzite.freiberga?fref=ufi\">Steidz\u012bte Freiberga<\/a> <\/span>Noklaus\u012bjos radio Merkurs, kur sarun\u0101 ar Lapinski <a style=\"color: #0000ff;\" href=\"https:\/\/www.facebook.com\/profile.php?id=100009147989965&amp;hc_location=ufi\">L\u012bga Muzikante<\/a> un <a style=\"color: #0000ff;\" href=\"https:\/\/www.facebook.com\/liene.apine?hc_location=ufi\">Liene Apine<\/a>, run\u0101jot par tumso\u0146\u0101m, kuri sav\u0101 niknum\u0101 metas virs\u016b paties\u012bbas paud\u0113jiem, atzina, ka b\u016bt\u012bb\u0101 tas ir m\u016bsu ieguvums, jo \u0161ie tumso\u0146as t\u0101d\u0113j\u0101di pa\u0161i sevi atmasko. Nevar vi\u0146\u0101m nepiekrist.<\/span><a id=\"post-preview\" class=\"preview button\" href=\"https:\/\/tautastribunals.eu\/?p=44603&amp;preview=true\" target=\"wp-preview-44603\" rel=\"noopener\"><\/a><\/p>\n<p><span style=\"color: #0000ff;\"><span style=\"color: #ff0000;\"><a style=\"color: #ff0000;\" href=\"https:\/\/www.facebook.com\/aivars.garda.1?fref=ufi\">Aivars Garda<\/a> <\/span><a style=\"color: #0000ff;\" href=\"https:\/\/www.facebook.com\/liene.apine?hc_location=ufi\"><span style=\"color: #ff0000;\">Liene Apine<\/span><\/a>. Bumerangs \u0161im spruksti\u0146am jau atgriez\u0101s fri\u010du tribun\u0101la spruksti\u0146a izskat\u0101. Ir smiekl\u012bgi v\u0113rot, k\u0101 \u0161ie divi idioti cen\u0161as, skatos, ka vi\u0146iem grib piebiedroties krasevskandris. \u0160ie spruksti\u0146i pa\u0161i pan\u0101ca, ka vi\u0146iem tika at\u0146emts veselais sapr\u0101ts. \u013boti labi, ka vi\u0146i public\u0113 savus idiotismus, lai cilv\u0113ki lasa un v\u0113rt\u0113.<\/span><\/p>\n<p><em>L<\/em>.<em>Granti\u0146a piebilde: Es savu \u201eidiotismu\u201c neesmu izdz\u0113sis. K\u0101p\u0113c tu izdz\u0113si savu viedo atzi\u0146u ? K\u0101p\u0113c negrib\u0113ji lai cilv\u0113ki to lasa un v\u0113rt\u0113 tavu dievi\u0161\u0137o viedumu ?<\/em><\/p>\n<p><span style=\"color: #0000ff;\"><span style=\"color: #ff0000;\"><a style=\"color: #ff0000;\" href=\"https:\/\/www.facebook.com\/aivars.garda.1?fref=ufi\">Aivars Garda<\/a> Aivars Gedroics<\/span>. Jums bie\u017ei p\u0101rmet ieciet\u012bbas tr\u016bkumu. Lai palasa J\u016bsu ieciet\u012bgo atbildi Andrim Krasevskim, kur\u0161 ar savu b\u0113rni\u0161\u0137\u012bgo izpratni ir iesaist\u012bjies pieaugu\u0161u onku\u013cu diskusij\u0101. J\u016bs protat piekl\u0101j\u012bgi, k\u0101 tas ir pie\u0146emts sarun\u0101s ar b\u0113rnu, paskaidrot vi\u0146am nesaprotamo, kaut gan vi\u0146\u0161 ir devis nep\u0101rprotamus m\u0101jienus par zilo kr\u0101su.<\/span><\/p>\n<p><em><u>L.G.piebilde: Gedroics savu viedumu t\u016bl\u012bt p\u0113c uzrakst\u012b\u0161anas dz\u0113sa. Laikam jau nosp\u0113l\u0113ja skaud\u012bgus un nev\u0113l\u0113j\u0101s, ka las\u012bt\u0101js paliek \u201evieds\u201c.<\/u><\/em><\/p>\n<p><span style=\"color: #0000ff;\"><span style=\"color: #ff0000;\"><a style=\"color: #ff0000;\" href=\"https:\/\/www.facebook.com\/aivars.garda.1?fref=ufi\">Aivars Garda<\/a> <a style=\"color: #ff0000;\" href=\"https:\/\/www.facebook.com\/rolands.petersons?hc_location=ufi\">Rolands Petersons<\/a>.<\/span> U\u010disj student, no <a style=\"color: #0000ff;\" href=\"https:\/\/www.facebook.com\/liene.apine?hc_location=ufi\">Liene Apine<\/a>! T\u0101dam ezot\u0113rikas saj\u0113dz\u0113jam gan vajadz\u0113ja zin\u0101t par inform\u0113t\u012bbu un zin\u0101\u0161an\u0101m bez Lienes Apines aizr\u0101d\u012bjuma. Jums nepat\u012bk ar\u012b Madara Valdmane koment\u0101rs bull\u012btim. Varat dro\u0161i attiecin\u0101t to uz sevi. Ticiet man, ja taj\u0101 b\u016btu kaut viena rupj\u012bba, es pirmais aizr\u0101d\u012btu Madarai un nekad neattiecin\u0101tu to pat uz Jums.<\/span><\/p>\n<h2>\u0160eit jau koment\u0101ri no k\u0101das citas diskusijas par \u0161o t\u0113mu:<\/h2>\n<p><a href=\"https:\/\/www.facebook.com\/martins.grapmanis?fref=ufi\">Martins Grapmanis<\/a> Alfredo, vai, skatoties \u0161odienas ac\u012bm, Tev v\u0113l joproj\u0101m liekas, ka bija v\u0113rts t\u0113r\u0113t NBS uzman\u012bbu par manu itk\u0101 zemessarga necien\u012bgo r\u012bc\u012bbu, saucot lietas un notikumus to \u012bstaj\u0101 v\u0101rd\u0101? \u0160obr\u012bd gan izskat\u0101s, ka vesel\u012bg\u0101 sabiedr\u012bbas da\u013ca savu attieksmi \u0161aj\u0101 jaut\u0101jum\u0101 ir paudusi un tas nav glaimojo\u0161i Tev, Bula kungs.<\/p>\n<p><a href=\"https:\/\/www.facebook.com\/alfreds.buls.90?fref=ufi\">Alfreds Buls<\/a> Da\u017ei komunista Gardas pakalpi\u0146i ir vesel\u012bga sabiedr\u012bbas da\u013ca. Ir gardi j\u0101smejas. Ja gribat tad tiesnesis var izv\u0113rt\u0113t J\u016bsu un Gardas dialoga saturu p\u0113c b\u016bt\u012bbas kur\u0101 J\u016bs faktiski sav\u0101 cinisk\u0101 dialog\u0101 ar av\u012bzes DDD izdev\u0113ju faktiski apvainojat mani un Helsinki 86 dibin\u0101t\u0101ju L.Granti\u0146u J\u016bsu m\u012b\u013c\u0101kaj\u0101 t\u0113m\u0101 &#8211; ped&#8230;&#8230; Un tiesnesis tad ar\u012b sauks lietas un notikumus to \u012bstaj\u0101 v\u0101rd\u0101. Padom\u0101jiet, ko varat ieg\u016bt un ko pazaud\u0113t. Veiksmi JUms dom\u0101\u0161an\u0101<\/p>\n<p><strong>\u00a0<\/strong><a href=\"https:\/\/www.facebook.com\/steidzite.freiberga?fref=ufi\">Steidz\u012bte Freiberga<\/a> Par\u0101d\u012bjies atkal Buls &#8211; ir nu gan neatlaid\u012bgs sava &#8220;goda&#8221; sarg\u0101t\u0101js. Vai tad v\u0113l nav izb\u0113ris savu drazu un te no jauna kl\u0101sies vi\u0146a \u0161muc\u012bgie palagi? Ties\u0101 savu godu nevar aizst\u0101v\u0113t, ja sadz\u012bv\u0113 pats to ir aptraip\u012bjis&#8230;<\/p>\n<h2><img decoding=\"async\" loading=\"lazy\" class=\"alignleft wp-image-44609\" src=\"https:\/\/tautastribunals.eu\/wp-content\/uploads\/2018\/04\/A.Buls_.L.-Granti\u0146\u0161.LRTT_.Garda_.Apine_.png\" alt=\"\" width=\"1970\" height=\"273\" srcset=\"https:\/\/tautastribunals.eu\/wp-content\/uploads\/2018\/04\/A.Buls_.L.-Granti\u0146\u0161.LRTT_.Garda_.Apine_.png 1158w, https:\/\/tautastribunals.eu\/wp-content\/uploads\/2018\/04\/A.Buls_.L.-Granti\u0146\u0161.LRTT_.Garda_.Apine_-300x41.png 300w, https:\/\/tautastribunals.eu\/wp-content\/uploads\/2018\/04\/A.Buls_.L.-Granti\u0146\u0161.LRTT_.Garda_.Apine_-768x106.png 768w, https:\/\/tautastribunals.eu\/wp-content\/uploads\/2018\/04\/A.Buls_.L.-Granti\u0146\u0161.LRTT_.Garda_.Apine_-800x111.png 800w\" sizes=\"(max-width: 1970px) 100vw, 1970px\" \/>\u0160eit Alfreda Bula publik\u0101cija, p\u0113c kuras s\u0101k\u0101s diskusija:<\/h2>\n<p><strong><a href=\"https:\/\/www.facebook.com\/alfreds.buls.90?hc_ref=ART6B07wLRkZOqhLukN1ye2plTau-ZbHA1hjxccZ6xDLnhJWYZ3zDzAXAJNTNwwxgg4&amp;fref=nf\">Alfreds Buls<\/a><\/strong> <a href=\"https:\/\/www.facebook.com\/photo.php?fbid=184200332387680&amp;set=a.161712531303127.1073741827.100023931436305&amp;type=3\">2. apr\u012blis plkst. 9:57<\/a> \u00b7<\/p>\n<p>Vai A.Gardas k-gs ir patie\u0161\u0101m tik \u012bsts Nacion\u0101lpatriots???<br \/>\nA.Gardas k-ga person\u012bbas raksturojumu var ies\u0101kt ar koment\u0101ru pievienotu intervijai ar A.Slu\u010da k-gu. <a href=\"https:\/\/www.nacionalisti.lv\/raksts\/276\/blogs\/intervija-ar-aivaru-sluci\/\">https:\/\/www.nacionalisti.lv\/\u2026\/bl\u2026\/intervija-ar-aivaru-sluci\/<\/a>,<br \/>\n\u201ecits zino\u0161ais 2009-05-23 13:07<br \/>\nA.Garda krievu laik\u0101 str\u0101d\u0101ja par univers\u0101lveikala vad\u012bt\u0101ju. T\u0101dos amatos bez partijas sakariem un akcepta non\u0101kt nevar\u0113ja\u2026\u2026\u2026\u2026..\u201d.<br \/>\nPSRS okup\u0101cijas re\u017e\u012bma kompartijas \u0161tata darbinieku un re\u017e\u012bmu atbalsto\u0161o augsta ranga valsts p\u0101rvaldes funkcion\u0101ru apg\u0101des sist\u0113ma ar visa veida p\u0101rtikas un r\u016bpniec\u012bbas prec\u0113m bija organiz\u0113ta caur LPSR pat\u0113r\u0113t\u0101ju biedr\u012bbas veikalu sist\u0113mu. Par to, ka okup\u0101cijas re\u017e\u012bma pakalpi\u0146iem bija sava apg\u0101des sist\u0113ma praktiski nezin\u0101ja neviens Latvijas iedz\u012bvot\u0101js, jo veikalus un to vad\u012bt\u0101jus \u0161\u012bs apg\u0101des nodro\u0161in\u0101\u0161anai r\u016bp\u012bgi izraudz\u012bj\u0101s Latvijas kompartijas rajonu noda\u013cu vado\u0146i un \u0161o veikalu vad\u012bt\u0101ji bija kompartijas biedri un kompartijas vado\u0146u pirm\u0101s uztic\u012bbas personas.<br \/>\nTas noz\u012bm\u0113, ka ar\u012b A.Gardas k-gs bija ne tikai okup\u0101cijas re\u017e\u012bma pakalpi\u0146\u0161, kuram atleca savs labumi\u0146\u0161, bet ar\u012b Latvijas kompartijas vado\u0146u uztic\u012bbas persona.<br \/>\nL\u016bk, ko savulaik par A.Gardas k-gu ir uzrakst\u012bjis nacion\u0101lpatriots no Daugavpils A.Gedroics &#8211;<br \/>\n\u201eGardas k-gam esot aizdom\u012bga pag\u0101tne, vi\u0146\u0161 ir bijis PSKP biedrs\u2026\u2026\u2026\u2026..<br \/>\nNevaru gan apgalvot, ka Gardas k-gs PSRS laikos b\u016btu bijis disidents un G.Astram l\u012bdzv\u0113rt\u012bgs varonis, tom\u0113r, vismaz p\u0113c man\u0101 r\u012bc\u012bb\u0101 eso\u0161\u0101s inform\u0101cijas, saukt vi\u0146u par nelieti un nodev\u0113ju ar\u012b neb\u016btu nek\u0101da pamata. Vi\u0146\u0161 dz\u012bvoja t\u0101pat, k\u0101 vairums Latvijas iedz\u012bvot\u0101ju toreiz \u2013 piem\u0113rojoties past\u0101vo\u0161ajai varai un valdo\u0161ajai ideolo\u0123ijai. Es nezinu, k\u0101du mot\u012bvu vad\u012bts vi\u0146\u0161 savulaik bija iest\u0101jies PSKP\u2026\u2026\u2026\u2026\u2026\u2026.\u201d, 1.01.2011. Aivars Gedroics<br \/>\n\u201eLaikam ritot, 2000. gad\u0101 savu politisko darb\u012bbu uzs\u0101ka ar\u012b A.Gardas kungs, kuram izdev\u0101s dab\u016bt sav\u0101 pus\u0113 vair\u0101kas Kult\u016bras Akad\u0113mijas studentes, un nu jau kop\u012bgi \u0161ie cilv\u0113ki turpin\u0101ja akt\u012bvu c\u012b\u0146u par Latvijas dekoloniz\u0101ciju\u201d, 14.03.2010. Aivars Gedroics<br \/>\nT\u0101tad san\u0101k, ka A.Gardas k-gs no 1991.gada l\u012bdz 2000.gadam nek\u0101d\u0101s nacion\u0101lpatriotu organiz\u0101cij\u0101s nav darbojies un iesp\u0113jams ka ar\u012b nav piedal\u012bjies barik\u0101d\u0113s un cit\u0101s aktivit\u0101t\u0113s, kuru m\u0113r\u0137is bija Latvijas valstisk\u0101s suverenit\u0101tes atjauno\u0161ana un nostiprin\u0101\u0161ana.<br \/>\nVarb\u016bt l\u012bdz 2000.gadam vi\u0146\u0161 k\u0101 liel\u0101ko sv\u0113tumu glab\u0101ja komunistisk\u0101s partijas biedra karti???<br \/>\nK\u0101 ir \u012bsten\u012bb\u0101 cien. Gardas k-gs???!!! Bet varb\u016bt ar\u012b tagad J\u016bs to biedra karti glab\u0101jat k\u0101 sv\u0113tumu???<br \/>\nCik \u012bsten\u012bb\u0101 nelok\u0101mi DDD jaut\u0101jum\u0101 ir av\u012bzes DDD person\u0101lijas spriediet pa\u0161i &#8211;<br \/>\nVai okupanti ir neizgl\u012btoti, apjuku\u0161i cilv\u0113ci\u0146i?- <a href=\"http:\/\/fronte.lv\/2018\/01\/vai-okupanti-ir-neizglitoti-apjukusi-cilvecini\/\">http:\/\/fronte.lv\/\u2026\/vai-okupanti-ir-neizglitoti-apjukusi-ci\u2026\/<\/a>, 2018. gada 10. janv\u0101ris (1) | Raksti<br \/>\nInfo no pievienotajiem koment\u0101riem \u2013<br \/>\nLas\u012bt\u0101ja Steidz\u012bte Freiberga: P\u0113c okup\u0101cijas ir j\u0101notiek dekoloniz\u0101cijai, t\u0101 tie\u0161\u0101m ir visiem saprotama, element\u0101ra paties\u012bba, par ko neb\u016btu visp\u0101r j\u0101debat\u0113\u2026\u2026\u2026\u2026.. K\u0101 to izdar\u012bt? Par to ir atbild\u012bgi varne\u0161i, bet, ja vara ir nodev\u012bga, tad tautai ir j\u0101apvienojas un j\u0101pieprasa pie\u0146emt nepiecie\u0161amo likumu, lai veiktu \u0161o taisn\u012bgo procesu.<br \/>\nDoma izteikta skaidri. Un S.Freibergas k-dze paliek pie stingr\u0101s p\u0101rliec\u012bbas par DDD nepiecie\u0161am\u012bbu.<br \/>\nInteresant\u0101kais ir L\u012bgas Muzikantes (DDD redaktore) koment\u0101rs, kuram ir man\u0101ma divkos\u012bbas nokr\u0101sa.<br \/>\n&#8211; Krievvalod\u012bgajiem k\u0101 t\u0101diem nav ne vainas. Okupantiem ir j\u0101pamet valsts. Iz\u0146\u0113mums var b\u016bt cilv\u0113ki ar \u012bpa\u0161iem nopelniem latvie\u0161u tautas un valsts lab\u0101.<br \/>\n(laikraksts \u201cDDD\u201d Nr.24(398) [2017. gada 22. decembris\u20132018. gada 11. janv\u0101ris)<br \/>\nAr\u012b A.Gardas k-ga viedoklis ir ar man\u0101mu divkos\u012bbas nokr\u0101su. (K.Streipa un A.Slu\u010da diskusija (18.05.2011)) &#8211; Aivars Garda krievu taut\u012bbas policistam, kur\u0161 izmekl\u0113ja uzbrukumu pret A. Gardu, teica, ka vi\u0146am nu gan neb\u016btu j\u0101brauc prom, jo, l\u016bk, \u0161is konkr\u0113tais krievs vi\u0146am ir pal\u012bdz\u0113jis (to man st\u0101st\u012bja pats policists)\u201d. Inform\u0101cijas avots &#8211; <a href=\"http:\/\/www.laiks.us\/lasitaju-komentari?gads=2011&amp;b=1&amp;lbu=14833\">http:\/\/www.laiks.us\/lasitaju-komentari\u2026<\/a>,<br \/>\nNav saprotams tikai viena b\u016btiska lieta \u2013 vai LNF vad\u012bt\u0101js pau\u017e LNF ofici\u0101lo nost\u0101ju?! Ja t\u0101 tas ir tad nav br\u012bnums, ka LNF sav\u0101 past\u0101v\u0113\u0161anas laik\u0101 nav neko b\u016btisku sasniegusi, tai skait\u0101 latvie\u0161u nacion\u0101l\u0101s pa\u0161apzi\u0146as cel\u0161an\u0101.<br \/>\nUn \u0161eit ir nepiecie\u0161ams uzdod lo\u0123isku jaut\u0101jumu par LNF paveikto.<br \/>\n\u0160.g. 27. mart\u0101 plkst. 23:41 Facebook. com ievietoju savu rakstu \u200e \u2013 K\u0101 realiz\u0113t teikto &#8211; \u201eM\u016bsu Latvija ir t\u0101da, k\u0101du to veidojam.\u201d Rakstam tika pievienoti vair\u0101ki koment\u0101ri, tai skait\u0101 ar\u012b A.Gardas k-ga koment\u0101ri. Mani visvair\u0101k p\u0101rsteidza av\u012bzes DDD redaktores L. Muzikantes, LNF vad\u012bt\u0101ja A.Gardas un viena otra vi\u0146u domubiedru sp\u0113jas izteikt savas domas kultur\u0101l\u0101 form\u0101 un sniegt konkr\u0113tas atbildes uz manu uzdoto jaut\u0101jumu. Un dom\u0101ju, ka latvie\u0161iem vajadz\u0113tu padom\u0101t par DDD person\u0101liju kult\u016bras l\u012bmeni un vi\u0146u izcilaj\u0101m rakst\u012btprasm\u0113m. Vi\u0146u \u012bst\u0101 attieksme pret latvie\u0161iem ir izteiktas \u0161\u0101d\u0101 koment\u0101r\u0101 &#8211; J\u0101. latvie\u0161u mietpilsoniskais p\u016blis ir tikpat bail\u012bgs, nodev\u012bgs, remdens k\u0101 AB, tas ir tiesa. Manupr\u0101t tas apliecina cik zemu latvie\u0161u tautu kopum\u0101 v\u0113rt\u0113 av\u012bzes DDD person\u0101lijas un LNF vad\u012bt\u0101js A.Garda.<br \/>\nA. Buls rakst\u012bja A.Gardas k-gam &#8211; Mans jaut\u0101jums, uz kuru J\u016bs neatbild\u0113j\u0101t, bija \u2013 Vai Latvijas Nacion\u0101lai Frontei, kuru J\u016bs p\u0101rst\u0101vat, un kura darbojas jau daudzus gadus ir izstr\u0101d\u0101ts konkr\u0113ts re\u0101li \u012bstenojams pl\u0101ns deokup\u0101cijas, dekoloniz\u0101cijas un ar\u012b debo\u013c\u0161eviz\u0101cijas realiz\u0113\u0161anai???!!! Ko J\u016bs \u0161aj\u0101 sakar\u0101, iz\u0146emot \u0161\u012bs probl\u0113mas cil\u0101\u0161anu ir izdar\u012bjusi vai vismaz m\u0113\u0123in\u0101jusi dar\u012bt???!!! Vai esat m\u0113\u0123in\u0101ju\u0161i \u0161o jaut\u0101jumu risin\u0101t starptautiskaj\u0101 l\u012bmen\u012b ANO vai cit\u0101s starptautisk\u0101s organiz\u0101cij\u0101s???!!! Ac\u012bmredzot neesat jo t\u0101da inform\u0101cija nekur nav pieejama. V\u0113los iepaz\u012bties ar J\u016bsu v\u0113stu\u013cu saturu, kuras Latvijas Nacion\u0101l\u0101 Fronte ir nos\u016bt\u012bjusi starptautiskaj\u0101m organiz\u0101cij\u0101m? Internet\u0101 \u0161\u0101da inform\u0101cija nav pieejama. Uzskatu, ka J\u016bsu pien\u0101kums ir izgl\u012btot tautu par savu v\u0113stu\u013cu saturu starptautiskaj\u0101m organiz\u0101cij\u0101m. L\u016bdzu public\u0113jiet to saturu <a href=\"https:\/\/Facebook.com\/\">Facebook.com<\/a> un Draugiem.lv lai latvie\u0161i var\u0113tu main\u012bt savu nost\u0101ju DDD jaut\u0101jumos.<br \/>\nT\u0101 k\u0101 LNF vad\u012bt\u0101js A.Gardas k-gs nesp\u0113j iepaz\u012bstin\u0101t cilv\u0113kus ar min\u0113to v\u0113stu\u013cu saturu tad rodas pamatotas aizdomas, ka t\u0101du v\u0113stu\u013cu nav bijis vai to liktenis ir t\u0101ds pats k\u0101 Latvijas \u0101rlietu ministra G.Andrejeva rakstam (Latvijas Av\u012bze, 2004. otrdiena 26. oktobris 08:00. \u201e1994. gad\u0101 toreiz\u0113jais Latvijas \u0101rlietu ministrs Georgs Andr\u0113jevs bija sagatavojis iesnieg\u0161anai Apvienoto N\u0101ciju Organiz\u0101cijai (ANO) rakstu par Latvijas okup\u0101ciju un t\u0101s rezult\u0101t\u0101 Latvij\u0101 izveidoju\u0161os etnisko situ\u0101ciju, kad Latvijas koloniz\u0101cijas d\u0113\u013c tautas pamatn\u0101cija sav\u0101 zem\u0113 bija palikusi par minorit\u0101ti. Nozudus\u012b v\u0113stule un nepublic\u0113tie dokumenti G. Andr\u0113jeva v\u0113stule adres\u0101tu nesasniedza, t\u0101 m\u012bklain\u0101 k\u0101rt\u0101 nozuda, neatst\u0101jot p\u0113das pat \u0100rlietu ministrijas perfektajos re\u0123istros. Un ir \u013coti aizdom\u012bgi, ka attiec\u012bgo strukt\u016bru ier\u0113d\u0146i par to pat neinteres\u0113jas.\u201d)<br \/>\nUn varb\u016bt cien\u012bjamais A.Gardas k-gs J\u016bsu, it k\u0101 stingr\u0101, nost\u0101ja Latvijas dekoloniz\u0101cijas jaut\u0101jum\u0101 ir tikai labs mask\u0113jums J\u016bsu v\u0113lmei peln\u012bt p\u0101rdodot Latvij\u0101 R\u0113riha gr\u0101matas (kuras protams ir saturiskas, bet vai J\u016bs ar savu biznesu neapdraudat latvisko dz\u012bveszi\u0146u? Vai J\u016bsu bizness nav l\u012bdzv\u0113rt\u012bgs sve\u0161u varu okup\u0101cijai, jo t\u0101 ietekm\u0113 neatgriezeniski main\u012bsies t\u0101 jau degrad\u0113ta latvie\u0161u pasaules uztvere?) un v\u0113lmei nok\u013c\u016bt Latvijas politik\u0101s izlaid\u012bbas per\u0113kl\u012b \u2013 Saeim\u0101. J\u016bs ta\u010du savulaik jau m\u0113\u0123in\u0101j\u0101t tur iek\u013c\u016bt, kandid\u0113jot no partijas \u2018\u2019 Latvie\u0161u partija\u201d.<br \/>\nUn \u0161aj\u0101 br\u012bdi cilv\u0113kiem vajadz\u0113tu p\u0101rdom\u0101m uzman\u012bgi izlas\u012bt ar\u012b inform\u0101ciju par A.Gardas elku N.R\u0113riha k-gu, kur\u0161 bija daudz\u0161\u0137autnaina person\u012bba ar izciliem talantiem, bet kur\u0161 bija ar\u012b t\u0101da person\u012bba kura slavin\u0101ja asinsk\u0101ro \u013be\u0146inu un bija iecer\u0113jis n\u0101kam\u0101 budas Maitreija v\u0101rd\u0101 apvienot Centr\u0101l\u0101zijas budistu tautas un rad\u012bt \u201eJauno valsti\u201d t\u0101laika Sib\u012brijas, Mongolijas, Tibetas un pat Kalmikijas teritorij\u0101s.<br \/>\n\u201eSlepenais R\u0113riha m\u0113r\u0137is bija pavisam d\u012bvains un patiesi Meln\u0101 barona Ungerna cien\u012bgs \u2013 n\u0101kam\u0101 budas Maitreija v\u0101rd\u0101 apvienot Centr\u0101l\u0101zijas budistu tautas un rad\u012bt \u201eJauno valsti\u201d t\u0101laika Sib\u012brijas, Mongolijas, Tibetas un pat Kalmikijas teritorij\u0101s. Nudien nav skaidrs k\u0101 vi\u0146\u0161 to gatavoj\u0101s pan\u0101kt. Ar t\u0101diem m\u0113r\u0137iem nav br\u012bnums, ka vi\u0146a eksped\u012bcijai 1925.gad\u0101 piesit\u0101s viltuslama \u010dekists J\u0113kabs Blumkins ar bandu&#8230;&#8230;&#8230;&#8230;&#8230;..R\u0113rihs \u0161o ideju pat aprakst\u012bja v\u0113stul\u0113 ASV prezidentam: \u201eLiela valsts dzims Austrumos&#8230; \u0100zijas tautu savien\u012bba \u2013 t\u0101 jau ir izlemta lieta, tautu un cil\u0161u savien\u012bba eksist\u0113s past\u0101v\u012bgi, tas b\u016bs kas l\u012bdz\u012bgs Valstu feder\u0101cijai. Mongo\u013ci, \u0136\u012bna un Tibeta rad\u012bs pretsvaru Jap\u0101nai&#8230;\u201d Nu patiesi \u2013 est\u0113ts un m\u0101kslinieks R\u0113rihs turpina 1920.gados s\u0101kto Ungerna lietu!\u201d. <a href=\"https:\/\/l.facebook.com\/l.php?u=http%3A%2F%2Fwww.aliens.lv%2Fs%2F1465-sambala&amp;h=ATOi2FDc2dWWt-VGFr7Qqomxw6X1bbEbooK6o_cojjaALRcAO6uRX_iO1yZlCV90DU9KxSyp67BsPK6WzAOjaov013R1twrnpTA6l-14qjcBQA8Ul2-DwxRVJm0I2qUsFnk6SZXG2T2HQhZqwIPhtePF\">http:\/\/www.aliens.lv\/s\/1465-sambala<\/a>,<br \/>\n\u201e\u0410\u043a\u0434\u043e\u0440\u0434\u0436\u0435 &#8211; N. R\u0113rih\u0430 pseidon\u012bms. N.R\u0113rihs sav\u0101 v\u0113stul\u0113 bo\u013c\u0161evikiem pied\u0101v\u0101ja sadarb\u012bbu komunistisk\u0101 budisma valsts izveid\u0113. \u0160\u012b projekta atbalstam Mongolij\u0101 bija nodruk\u0101ts &#8220;\u041e\u0431\u0449\u0438\u043d\u0430&#8221;, kur\u0101 tika slavin\u0101ts \u013be,nins un komunisms (teksta ori\u0123in\u0101ls krievu valod\u0101 izlas\u0101ms &#8211; <a href=\"https:\/\/l.facebook.com\/l.php?u=http%3A%2F%2Fforum.roerich.info%2Fshowthread.php%3Fp%3D40460&amp;h=ATNxXk0NZKVs0JoPAXWKCaalwTwgcpEL5lEihTOolojLH5I31ogxNEAB7e21C_2OHJN4FbphJ5Yoh4JCg7yTPzeMbrXSmvEN_a8TiDReNEbSN2ohJtr8WhapDW9zTmogyYxqPvGbNnRxXHxN7DnaDjLg\">http:\/\/forum.roerich.info\/showthread.php?p=40460<\/a>, )<br \/>\nSavulaik Zel\u010das k-dze bija nos\u016bt\u012bjusi apg\u0101da viedas vad\u012bt\u0101jam A.Gardas k-gam vair\u0101kus jaut\u0101jumus, to starp\u0101 izsakot ar\u012b t\u0101du savu viedokli: \u201eMan ir nepie\u0146emams tas, ka R\u0113rihi slavina \u013beninu. Da\u017ei saka, ka s\u0101kum\u0101 Nikolajs ien\u012bda \u013beninu, p\u0113c tam vi\u0146a p\u0101rliec\u012bbu main\u012bja Mah\u0101tmas. K\u0101 zin\u0101ms no v\u0113stures, tad pirm\u0101s koncentr\u0101cijas nometnes rad\u012bja tie\u0161i \u013benins un l\u012bdz savai n\u0101vei 1924. gad\u0101 taj\u0101s nomira daudzi daudzi cilv\u0113ki. K\u0101 to saprast?\u201d<br \/>\nAr cie\u0146u, Olga, 17.01.2005.<br \/>\nApg\u0101da \u201eViedais\u201datbilde Zel\u010das kundze! Sa\u0146\u0113m\u0101m J\u016bsu ats\u016bt\u012bto e-pasta v\u0113stuli, un Aivars Garda uztic\u0113ja man Jums atbild\u0113t.<br \/>\n\u201ePirms s\u0101ku \u0161o darbu,\u2026\u2026\u2026\u2026\u2026\u2026\u2026.(pagara atbilde uz vair\u0101kiem jaut\u0101jumiem). Interesant\u0101ka ir atbilde par \u013be\u0146inu. Izlasiet to uzman\u012bgi, jo atbilde par\u0101da apg\u0101da \u2018Viedas\u201d viedokli par \u013be\u0146inu, kur\u0101 faktiski \u013be\u0146ins tiek slavin\u0101ts.<br \/>\n3. Gr\u0101matas \u201cVienkopa\u201d piln\u012bgais variants tik tie\u0161\u0101m satur paragr\u0101fus, kuros min\u0113ts, ka \u013be\u0146ins ir bijis Balt\u0101s Br\u0101l\u012bbas S\u016btnis. Diem\u017e\u0113l reti kur\u0101 publik\u0101cij\u0101 \u0161ie paragr\u0101fi par\u0101d\u0101s. Ar\u012b latvie\u0161u valod\u0101 to \u0161obr\u012bd nav, un nepublic\u0113\u0161anas nol\u016bks ir bijis pasarg\u0101t \u0161o Di\u017eo cilv\u0113ku no aprobe\u017eotu \u013cauti\u0146u z\u0101k\u0101m. Mazsp\u0113j\u012bgas apzi\u0146as cen\u0161as Augst\u0101ko piel\u012bdzin\u0101t savam zemajam sapratnes l\u012bmenim, nevis p\u016blas savu neizpratni klied\u0113t, papla\u0161inot uztveri un gar\u012bgi augot. Tom\u0113r apg\u0101ds \u201cVieda\u201d, visticam\u0101k, n\u0101ko\u0161aj\u0101 gr\u0101matas \u201cVienkopa\u201d izdevum\u0101 iek\u013caus \u0161os pantus par \u013be\u0146inu. Nev\u0113los \u0161obr\u012bd Jums skaidrot \u013be\u0146ina misiju, jo Jums vispirms ir j\u0101iem\u0101c\u0101s no sirds uztic\u0113ties Dz\u012bv\u0101s \u0112tikas M\u0101c\u012bb\u0101, k\u0101 ar\u012b Hel\u0113nas un Nikolaja R\u0113rihu darbos teiktajam. Apzi\u0146as papla\u0161in\u0101\u0161an\u0101s, patiesu zin\u0101\u0161anu apg\u016b\u0161ana un gar\u012bga izaugsme nav iesp\u0113jama, ja tr\u016bkst cie\u0146as un uztic\u012bbas pret Valdoni, kur\u0161 devis Agni Jogu, un R\u0113rihu \u0123imeni, kura M\u0101c\u012bbu ir pierakst\u012bjusi un iedz\u012bvin\u0101jusi. Ja tr\u016bkst \u0161o sirds \u012bpa\u0161\u012bbu, pr\u0101ts nesp\u0113j atbr\u012bvoties no saviem nej\u0113dz\u012bgajiem maldiem un taisnvirziena dom\u0101\u0161anas. \u0160obr\u012bd pietiks ar to vien, ka teik\u0161u, ka \u013be\u0146ins latvie\u0161u tautai ir devis br\u012bv\u012bbu. Vi\u0146\u0161 cilv\u0113cei atnesa zin\u0101\u0161anas par kooperat\u012bvo sabiedr\u012bbu, kuru v\u0113l\u0101k niknum\u0101 iz\u0137\u0113moja komunistu dr\u0113b\u0113s p\u0101r\u0123\u0113rbu\u0161ies noziedznieki. Tom\u0113r, k\u0101 zin\u0101ms, kooperat\u012bv\u0101 sabiedr\u012bba ir cilv\u0113ces n\u0101kotne.\u201d<br \/>\nV\u0113lot veiksmi, L\u012bga Muzikante, Apg\u0101da \u201cVieda\u201d direktora vietniece, 02.02.2005.<br \/>\nDom\u0101ju, ka pasaules sabiedr\u012bba, it sevi\u0161\u0137i sarkan\u0101 komunistisk\u0101 teror\u0101 cietu\u0161ie nevain\u012bgie cilv\u0113ki un vi\u0146u p\u0113cn\u0101c\u0113ji tie\u0161\u0101m neizprot \u013be\u0146ina gai\u0161o, bet caurcaur\u0113m ar nevain\u012bgu cilv\u0113ku asin\u012bm un mok\u0101m caurv\u012btu \u013be\u0146ina \u201egai\u0161o\u201d dv\u0113seli.<br \/>\nUn ac\u012bmredzot tikpat \u201et\u012bras\u201d ir ar\u012b L.M\u016bzikantes un A.Gardas dv\u0113seles, ja visp\u0101r \u0161iem cilv\u0113kiem t\u0101das ir.<br \/>\nReti kur\u0161 v\u0113l nav paman\u012bjis, ka galvenais politisk\u0101s darb\u012bbas princips Latvij\u0101 ir &#8220;skaldi un valdi&#8221;. Un sava loma \u0161aj\u0101 politiskaj\u0101 proces\u0101 ir atv\u0113l\u0113ta ar\u012b A. Gardam un vi\u0146a tuv\u0101kajiem l\u012bdzgaitniekiem. Un visdr\u012bz\u0101k A.Gardas un vi\u0146a domubiedru ideolo\u0123ija ir balst\u012bta nevis latvie\u0161u tautas dz\u012bveszi\u0146\u0101 un kult\u016brv\u0113sturiskaj\u0101s trad\u012bcij\u0101s, bet N.R\u0113riha uzskatos, ka \u013be\u0146ins ir bijis Balt\u0101s Br\u0101l\u012bbas S\u016btnis.<br \/>\nAc\u012bmredzot A.Gardas domubiedru grupa uzskata, ka Latvij\u0101 past\u0101vo\u0161\u0101s DDD probl\u0113mas var atrisin\u0101t tikai izmantojot \u013be\u0146ina valsts p\u0101rvaldes metodes.<br \/>\nTas, ka latvie\u0161u tautai ir likum\u012bgas ties\u012bbas pras\u012bt no past\u0101vo\u0161\u0101s valsts p\u0101rvaldes un starptautisk\u0101s sabiedr\u012bbas atrisin\u0101t Latvij\u0101 past\u0101vo\u0161\u0101s DDD probl\u0113mas ir skaidrs ikvienam latvietim.<br \/>\nBet vienlaikus latvie\u0161iem ir j\u0101saprot ar\u012b tas, ka bez starptautiska atbalsta ne viena politiska partija vai latvie\u0161u tauta kopum\u0101 (tauta ir sa\u0161\u0137elta un daudziem tautie\u0161iem PSRS okup\u0101cijas laik\u0101 ir degrad\u0113ta nacion\u0101l\u0101 pa\u0161apzi\u0146a) nevar atrisin\u0101t PSRS rad\u012bt\u0101s sekas &#8211; DDD. Latvie\u0161u tauta ir p\u0101r\u0101k v\u0101ja lai m\u0113\u0123in\u0101tu atrisin\u0101t DDD jaut\u0101jumu nepan\u0101kot starptautiskas sabiedr\u012bbas atbalstu. Un tas p\u0113c b\u016bt\u012bbas ir Latvijas vald\u012bbas un \u0100rlietu ministrijas uzdevums skaidrot starptautiskajai sabiedr\u012bbai PSRS totalit\u0101r\u0101 re\u017e\u012bma rad\u012bt\u0101s sekas un pan\u0101kt starptautisk\u0101s sabiedr\u012bbas atbalstu DDD jaut\u0101juma risin\u0101\u0161an\u0101. Diem\u017e\u0113l, \u0161o jaut\u0101jumu past\u0101vo\u0161\u0101 valsts p\u0101rvalde nerisin\u0101s. Lai \u0161o jaut\u0101jumu risin\u0101tu ir j\u0101r\u012bkojas pa\u0161ai tautai &#8211; ruden\u012b gaid\u0101maj\u0101s Saeimas v\u0113l\u0113\u0161an\u0101s tautie\u0161iem nevajadz\u0113tu balsot par Saeim\u0101 s\u0113do\u0161aj\u0101m politiskaj\u0101m partij\u0101m, kuras DDD jaut\u0101jumu nav risin\u0101ju\u0161as savas vald\u012b\u0161anas laik\u0101 un p\u0113d\u0113jos gados izveidot\u0101m politiskaj\u0101m partij\u0101m un politisko partiju apvien\u012bb\u0101m, kuras ir izveidoju\u0161i politisko partiju staig\u0101t\u0101ji un valsts p\u0101rvaldes funkcion\u0101ri.<br \/>\nJauniev\u0113l\u0113tai Saeimai vajadz\u0113tu bez vilcin\u0101\u0161an\u0101s starptautiskaj\u0101 l\u012bmen\u012b risin\u0101t jaut\u0101jumu par PSRS totalit\u0101r\u0101 re\u017e\u012bma Latvijas okup\u0101cijas seku izv\u0113rt\u0113\u0161anu un nov\u0113r\u0161anu (pamatojums ANO pie\u0146emt\u0101s rezol\u016bcijas par un jaut\u0101jumu par ES finan\u0161u l\u012bdzek\u013cu piesaisti to biju\u0161o PSRS republiku iedz\u012bvot\u0101ju (kuri ar naidu un necie\u0146u izturas pret latvie\u0161u tautu, Latviju un t\u0101s kult\u016brv\u0113sturisko mantojumu) br\u012bvpr\u0101t\u012bg\u0101s re-emigr\u0101cijas veicin\u0101\u0161anai uz sav\u0101m etnisk\u0101m Dzimten\u0113m vai cit\u0101m pasaules valst\u012bm.<br \/>\nCien. tautie\u0161i! Dom\u0101jiet, v\u0113rt\u0113jiet, dro\u0161i izsakiet savu viedokli par visiem politiskajiem procesiem Latvij\u0101.<br \/>\nPareiza izv\u0113le b\u016bs J\u016bsu person\u012bgais ieguld\u012bjums Latvijas un latvie\u0161u tautas n\u0101kotnes veido\u0161an\u0101. J\u016bsu pareiz\u0101 izv\u0113le b\u016bs ar\u012b J\u016bsu visv\u0113rt\u012bg\u0101k\u0101 d\u0101vana Latvijai sagaidot Latvijas valsts 100 gadi.<br \/>\nAr cie\u0146u,<br \/>\nAlfr\u0113ds Buls<\/p>\n<p>30.04.18\u00a0\u00a0\u00a0\u00a0\u00a0 L. Granti\u0146\u0161<\/p>\n<div class=\"video-container\"><iframe loading=\"lazy\" title=\"\u041f\u0440\u0438\u0442\u0447\u0430 \u043e \u0434\u0432\u0443\u0445 \u0432\u043e\u043b\u043a\u0430\u0445\" width=\"500\" height=\"281\" src=\"https:\/\/www.youtube.com\/embed\/YWf3qNoiS5s?feature=oembed&#038;wmode=opaque\" frameborder=\"0\" allow=\"accelerometer; autoplay; clipboard-write; encrypted-media; gyroscope; picture-in-picture\" allowfullscreen><\/iframe><\/div>\n","protected":false},"excerpt":{"rendered":"<p>S\u0101tanisms Latvij\u0101 ! Run\u0101\u0161u par \u201cCi\u0101nas Gudro protokolos\u201d rakst\u012bto, ko sav\u0101 darb\u012bb\u0101 piekopj komunists-\u201cdekoloniszators\u201d Aivars Garda. Viens no galvenajiem cionistu principiem: \u201cAps\u016bdzi, lai goja taisnojas, jo taisno\u0161an\u0101s ir da\u013c\u0113ja savas vainas atz\u012b\u0161ana.\u201d M\u0113s zin\u0101m,&#46;&#46;&#46;<\/p>\n","protected":false},"author":1,"featured_media":0,"comment_status":"open","ping_status":"open","sticky":false,"template":"","format":"standard","meta":[],"categories":[1],"tags":[],"_links":{"self":[{"href":"https:\/\/tautastribunals.eu\/index.php?rest_route=\/wp\/v2\/posts\/44603"}],"collection":[{"href":"https:\/\/tautastribunals.eu\/index.php?rest_route=\/wp\/v2\/posts"}],"about":[{"href":"https:\/\/tautastribunals.eu\/index.php?rest_route=\/wp\/v2\/types\/post"}],"author":[{"embeddable":true,"href":"https:\/\/tautastribunals.eu\/index.php?rest_route=\/wp\/v2\/users\/1"}],"replies":[{"embeddable":true,"href":"https:\/\/tautastribunals.eu\/index.php?rest_route=%2Fwp%2Fv2%2Fcomments&post=44603"}],"version-history":[{"count":34,"href":"https:\/\/tautastribunals.eu\/index.php?rest_route=\/wp\/v2\/posts\/44603\/revisions"}],"predecessor-version":[{"id":61431,"href":"https:\/\/tautastribunals.eu\/index.php?rest_route=\/wp\/v2\/posts\/44603\/revisions\/61431"}],"wp:attachment":[{"href":"https:\/\/tautastribunals.eu\/index.php?rest_route=%2Fwp%2Fv2%2Fmedia&parent=44603"}],"wp:term":[{"taxonomy":"category","embeddable":true,"href":"https:\/\/tautastribunals.eu\/index.php?rest_route=%2Fwp%2Fv2%2Fcategories&post=44603"},{"taxonomy":"post_tag","embeddable":true,"href":"https:\/\/tautastribunals.eu\/index.php?rest_route=%2Fwp%2Fv2%2Ftags&post=44603"}],"curies":[{"name":"wp","href":"https:\/\/api.w.org\/{rel}","templated":true}]}}