{"id":44420,"date":"2018-04-18T15:24:38","date_gmt":"2018-04-18T12:24:38","guid":{"rendered":"https:\/\/tautastribunals.eu\/?p=44420"},"modified":"2020-08-13T22:25:59","modified_gmt":"2020-08-13T19:25:59","slug":"vai-l-rasa-no-la-ir-slepkava","status":"publish","type":"post","link":"https:\/\/tautastribunals.eu\/?p=44420","title":{"rendered":"Vai L. Rasa no LA ir slepkava ?"},"content":{"rendered":"<p><span style=\"color: #003300;\"><img decoding=\"async\" loading=\"lazy\" class=\"alignleft wp-image-44423\" src=\"https:\/\/tautastribunals.eu\/wp-content\/uploads\/2018\/04\/L.Granti\u0146\u0161.J.Z\u012bvertsBord\u0101nsBut\u0101nsLRTT.png\" alt=\"\" width=\"612\" height=\"89\" srcset=\"https:\/\/tautastribunals.eu\/wp-content\/uploads\/2018\/04\/L.Granti\u0146\u0161.J.Z\u012bvertsBord\u0101nsBut\u0101nsLRTT.png 1073w, https:\/\/tautastribunals.eu\/wp-content\/uploads\/2018\/04\/L.Granti\u0146\u0161.J.Z\u012bvertsBord\u0101nsBut\u0101nsLRTT-300x44.png 300w, https:\/\/tautastribunals.eu\/wp-content\/uploads\/2018\/04\/L.Granti\u0146\u0161.J.Z\u012bvertsBord\u0101nsBut\u0101nsLRTT-768x112.png 768w, https:\/\/tautastribunals.eu\/wp-content\/uploads\/2018\/04\/L.Granti\u0146\u0161.J.Z\u012bvertsBord\u0101nsBut\u0101nsLRTT-800x116.png 800w\" sizes=\"(max-width: 612px) 100vw, 612px\" \/> <\/span><\/p>\n<h2>Visi, kuri kalpo 4. maija kli\u0137ei, ir latvie\u0161u tautas bendes !<\/h2>\n<hr \/>\n<hr \/>\n<hr \/>\n<hr \/>\n<p><span style=\"color: #003300;\"><img decoding=\"async\" loading=\"lazy\" class=\"alignleft wp-image-44434\" src=\"https:\/\/tautastribunals.eu\/wp-content\/uploads\/2018\/04\/Linda-Rasa.L.Granti\u0146\u0161.Bunka_.LRTT_-229x300-1.png\" alt=\"\" width=\"166\" height=\"217\" \/>Daudzi, var pat sac\u012bt, ka 99.99%, nesaprot, ko tie\u0161i noz\u012bm\u0113 v\u0101rds slepkava un, kas ir slepkava !? \u00a0<\/span><\/p>\n<p><span style=\"color: #003300;\">Ne jau tikai tas ir slepkava, kur\u0161 iegr\u016b\u017e k\u0101dam nazi rib\u0101s vai iekr\u0101m\u0113 ar \u0137ie\u0123eli pa galvu.<\/span><\/p>\n<p><span style=\"color: #003300;\"><strong><u>Slepkava ir ar\u012b tas<\/u><\/strong>, <strong><u>kur\u0161 kalpo noziedz\u012bgai varai<\/u><\/strong> un par to v\u0113l sa\u0146em algu. \u0160odienas <strong>Latviju<\/strong> p\u0101rvalda <strong>starptautisk\u0101 cionistu banda<\/strong><em>(ASV milit\u0101ras varas iest\u0101des to d\u0113v\u0113 par haz\u0101ru mafiju un ir \u013coti nopietni \u0137\u0113ru\u0161\u0101s tai pie r\u012bkles).<\/em><\/span><\/p>\n<p><span style=\"color: #003300;\">-T\u0101tad,<strong> Latvij\u0101<\/strong> \u0161odien pie varas ir \u017e\u012bd- nacisti. Latvie\u0161u v\u0113sturnieks <strong>Indulis Ronis<\/strong> par to jau pirms daudziem gadiem, kad <strong>J.<\/strong> <strong><u>Bord\u0101ns bija Tieslietu ministrs<\/u><\/strong>, inform\u0113ja <strong>ES<\/strong>. Nek\u0101das atbildes v\u0113sturnieks nesa\u0146\u0113ma, jo \u0161ie dokumenti pa tie\u0161o non\u0101ca <strong>J. Bord\u0101na <\/strong>drauga<em>(k\u0101 vi\u0146\u0161 pats d\u0113v\u0113 Levitu)<\/em> <strong>E. Levita<\/strong> rok\u0101s.<\/span><\/p>\n<p><span style=\"color: #003300;\">-T\u0101tad,- pa tie\u0161o pie <strong>\u201cpareiz\u0101 adres\u0101ta\u201d,<\/strong> pie <strong><u>sarkan- zil\u0101 Ci\u0101nas nacista<\/u><\/strong>, pie m\u016bsu tautas slepkavas, pie t\u0101, kur\u0161 \u0161odien <strong><u>v\u0113l tikai<\/u><\/strong><u> <strong>sol\u0101s<\/strong><\/u> p\u0113t\u012bt \u010dekas maisus. \u0160o dokumentu kopijas atrodas ar\u012b pie manis !!!<\/span><\/p>\n<p><span style=\"color: #003300;\"> Un vai nav interesanti, ka prokurore <strong>I. Saul\u012bte<\/strong>, kura uztur manu aps\u016bdz\u012bbu par nacion\u0101l\u0101 naiga kurin\u0101\u0161anu un varm\u0101c\u012bgu <strong>\u201cle\u0123it\u012bm\u0101s\u201d 4. maija bandas<\/strong> g\u0101\u0161anu<em>(man draud 10. gadi cietumsods), <\/em>pieprasa man dz\u0113st vi\u0146as v\u0101rdu ne tikai no <a style=\"color: #003300;\" href=\"http:\/\/www.tautastribunals.eu\">www.tautastribunals.eu<\/a> \u00a0i- vietnes, bet to iz\u0146emt ar\u012b no <strong>LRTT NOZIEDZNIEKU KARTOT\u0112KAS<\/strong>. <\/span><\/p>\n<h2><span style=\"color: #003300;\">Vai tas nenor\u0101da uz panisk\u0101m bail\u0113m ?<\/span><\/h2>\n<p><span style=\"color: #003300;\">K\u0101p\u0113c es to atk\u0101rtoti saku ? Saku t\u0101p\u0113c, ka \u0161o noziedznieku augst\u0101kaj\u0101s aprind\u0101s tiek run\u0101ts par \u0161o kartot\u0113ku un dokumentiem, kuri atrodas pie manis. Pie manis ar\u012b atrodas \u013coti daudz<strong> Indu\u013ca Ro\u0146a<\/strong> s\u016bt\u012btie dokumenti, ar\u012b to kopijas, kuru or\u0123in\u0101ls tika aizs\u016bt\u012bts uz <strong>ES<\/strong>. <\/span><\/p>\n<p><span style=\"color: #003300;\">Un tagad ir saprotams, k\u0101p\u0113c <strong>\u201cdisidents\u201d J\u0101nis Ro\u017ekalns<\/strong> 11.07.18 v\u0113l\u0101 vakara stund\u0101 kartograf\u0113ja- fotograf\u0113ja manu dz\u012bvesvietu:<\/span><\/p>\n<blockquote class=\"wp-embedded-content\" data-secret=\"2cGlgoLwUq\"><p><a href=\"https:\/\/tautastribunals.eu\/?p=39964\">Nep\u0101rprotami, ka tiek gatavota slepkav\u012bba<\/a><\/p><\/blockquote>\n<p><iframe class=\"wp-embedded-content\" sandbox=\"allow-scripts\" security=\"restricted\" style=\"position: absolute; clip: rect(1px, 1px, 1px, 1px);\" src=\"https:\/\/tautastribunals.eu\/?p=39964&#038;embed=true#?secret=2cGlgoLwUq\" data-secret=\"2cGlgoLwUq\" width=\"500\" height=\"282\" title=\"&#8222;Nep\u0101rprotami, ka tiek gatavota slepkav\u012bba&#8220; &#8212; Latvijas Republikas tautas\" frameborder=\"0\" marginwidth=\"0\" marginheight=\"0\" scrolling=\"no\"><\/iframe><\/p>\n<p><span style=\"color: #003300;\">Atgriez\u012bsimies pie raksta s\u0101kum\u0101 sac\u012bt\u0101: <strong><u>Slepkava ir ar\u012b tas<\/u><\/strong>, <strong><u>kur\u0161 kalpo noziedz\u012bgai varai !<\/u><\/strong><\/span><\/p>\n<p><span style=\"color: #003300;\">-T\u0101tad,- <strong>J\u0101nis Ro\u017ekalns, Egils Levits<\/strong> un <strong>J\u0101nis Bord\u0101ns<\/strong> ir vis\u012bst\u0101kie m\u016bsu tautas slepkavas.<\/span><\/p>\n<h2><span style=\"color: #003300;\">Vi\u0146i ir \u017e\u012bd- nacistu \u201c<strong>darbar\u012bki<\/strong>\u201d ! <\/span><\/h2>\n<p><span style=\"color: #003300;\">Ar vi\u0146u rok\u0101m <strong>Ci\u0101nas s\u0101tanisti<\/strong> veic noziegumus pret m\u016bsu tautu.<\/span><\/p>\n<h2><span style=\"color: #003300;\">Vai <strong>Linda Rasa, LA<\/strong> galven\u0101 redaktore, ir slepkava ?<\/span><\/h2>\n<p><span style=\"color: #003300;\">Protams, un ne tikai vienskaitl\u012b, bet daudzskaitl\u012b j\u0101lieto \u0161is v\u0101rds pret \u0161o nodev\u012bbas gn\u012bdu.<\/span><\/p>\n<ol start=\"4\">\n<li><span style=\"color: #003300;\">maija \u017e\u012bd- cionistu banda var past\u0101v\u0113t un slepkavot latvie\u0161u tautu tikai t\u0101p\u0113c, ka vi\u0146ai <strong>Latvij\u0101<\/strong> ir <strong><u>100% preses monopols<\/u><\/strong>.<\/span><\/li>\n<\/ol>\n<p><span style=\"color: #003300;\">Prese, t\u0101 nav tikai tre\u0161\u0101 vai ceturt\u0101 vara, bet pirm\u0101.<\/span><\/p>\n<p><span style=\"color: #003300;\">T\u0101 paral\u0113li sasl\u0113gta ar m\u016bsu tautas slepkav\u0101m, kuri s\u0113\u017e <strong>\u201csinagog\u0101s\u201d.<\/strong> Tikko <strong>Lindas Rasas<\/strong> vad\u012btaj\u0101 laikrakst\u0101 izsac\u012bj\u0101s slepkava- <strong>Rihards Bunka<\/strong>, kur\u0161 ir <strong>Godma\u0146a &amp; Borovkova<\/strong> izs\u016bt\u0101mais. Tas nebija vienk\u0101r\u0161s informat\u012bvs zi\u0146ojus par<strong> L. Granti\u0146a <\/strong>tiesas procesu. T\u0101 bija noziedz\u012bga latvie\u0161u tautas maldin\u0101\u0161ana, kur <strong><u>slepkava sevi nod\u0113v\u0113ja par e\u0146\u0123eli<\/u><\/strong>, bet <strong>L. Granti\u0146u par noziedznieku<\/strong>. <\/span><\/p>\n<p><span style=\"color: #003300;\">Vai <strong>Lindai Rasai <\/strong>nebija uzdevums atg\u0101din\u0101t \u0161im smirdo\u0161ajam slepkavam: kas ir <strong>L. Granti\u0146\u0161<\/strong> un, ka pateicoties tikai vi\u0146am un vi\u0146am l\u012bdz\u012bgajiem, vi\u0146i abi var ie\u0146em \u0161os fikt\u012bvos amatus<em>(marionetes)<\/em> un dz\u012brot uz latvie\u0161u tautas nodok\u013cu maks\u0101t\u0101ju sviedriem ? <\/span><\/p>\n<p><span style=\"color: #003300;\">K\u0101p\u0113c <strong>Linda Rasa<\/strong> nepublic\u0113ja manis teikto ? <\/span><\/p>\n<p><span style=\"color: #003300;\">K\u0101p\u0113c <strong>LA <\/strong>nepublic\u0113 <strong>H- 86 dokumentus<\/strong> ? <\/span><\/p>\n<blockquote class=\"wp-embedded-content\" data-secret=\"0T9TNCKFm5\"><p><a href=\"https:\/\/tautastribunals.eu\/?p=42664\">Helsinki 86 Tiesiskas Latvijas atjauno\u0161anas programma<\/a><\/p><\/blockquote>\n<p><iframe class=\"wp-embedded-content\" sandbox=\"allow-scripts\" security=\"restricted\" style=\"position: absolute; clip: rect(1px, 1px, 1px, 1px);\" src=\"https:\/\/tautastribunals.eu\/?p=42664&#038;embed=true#?secret=0T9TNCKFm5\" data-secret=\"0T9TNCKFm5\" width=\"500\" height=\"282\" title=\"&#8222;Helsinki 86 Tiesiskas Latvijas atjauno\u0161anas programma&#8220; &#8212; Latvijas Republikas tautas\" frameborder=\"0\" marginwidth=\"0\" marginheight=\"0\" scrolling=\"no\"><\/iframe><\/p>\n<p><span style=\"color: #003300;\">Par to visu jau reiz izn\u0101ks <strong>Tiesas priek\u0161\u0101 atbild\u0113t<\/strong> ! <\/span><\/p>\n<h2><span style=\"color: #003300;\">Tas kur\u0161 nezina par Rihardu Bunku, lai izlasa:<\/span><\/h2>\n<blockquote class=\"wp-embedded-content\" data-secret=\"iiWMeUGItn\"><p><a href=\"https:\/\/tautastribunals.eu\/?p=39910\">Astr\u012bdas Bab\u0101nes kundzes liec\u012bbas H- 86<\/a><\/p><\/blockquote>\n<p><iframe class=\"wp-embedded-content\" sandbox=\"allow-scripts\" security=\"restricted\" style=\"position: absolute; clip: rect(1px, 1px, 1px, 1px);\" src=\"https:\/\/tautastribunals.eu\/?p=39910&#038;embed=true#?secret=iiWMeUGItn\" data-secret=\"iiWMeUGItn\" width=\"500\" height=\"282\" title=\"&#8222;Astr\u012bdas Bab\u0101nes kundzes liec\u012bbas H- 86&#8220; &#8212; Latvijas Republikas tautas\" frameborder=\"0\" marginwidth=\"0\" marginheight=\"0\" scrolling=\"no\"><\/iframe><\/p>\n<p><span style=\"color: #003300;\"><strong>Linda Rasa<\/strong><em>(un ar\u012b visi p\u0101r\u0113jie \u201credaktori\u201d)<\/em> ir <strong><u>n\u0101ves instruments- ierocis cionistu rok\u0101s<\/u><\/strong>.<\/span><\/p>\n<p><span style=\"color: #003300;\">Ja noziedznieks uzbr\u016bk ar ieroci, kas tad tiek dar\u012bts ? Pareizi, pirmk\u0101rt ir j\u0101izsit ierocis no rok\u0101m un tas j\u0101izn\u012bcina. Tas ar\u012b dr\u012bzum\u0101 ar t\u0101d\u0101m <strong>\u201cras\u0101m\u201d<\/strong> tiks dar\u012bts\u2026 . Ne maz\u0101k\u0101 \u017e\u0113last\u012bba netiks izr\u0101d\u012bta pret \u0161\u012bm samazg\u0101m<em>(ne tikai Rasu)<\/em>, kuras piln\u012bgi apzin\u0101s savas darb\u012bbas sekas.<br \/>\n<\/span><\/p>\n<p><span style=\"color: #003300;\">Ar \u0161\u0101du<strong> &#8220;rasu&#8221;<\/strong> pal\u012bdz\u012bbu latvie\u0161u tauta tiek dezinform\u0113ta un dezorganiz\u0113ta k\u0101 viens veselums,-k\u0101 n\u0101cija.<\/span><\/p>\n<p>-K\u0101 interes\u0113s tas ir, nav j\u0101min&#8230; .<\/p>\n<p><span style=\"color: #003300;\">-Tas, <strong>Linda Rasa<\/strong>, ir klasific\u0113jams k\u0101: <strong>GENOC\u012aDS PRET LATVIE\u0160U TAUTU<\/strong> !<\/span><\/p>\n<p><span style=\"color: #003300;\">-Mans<em>(L. Granti\u0146a)<\/em> paraksts, biedrene <strong>rasa &amp; co<\/strong>, b\u016bs zem j\u016bsu <strong>ASM<\/strong> !<\/span><\/p>\n<h2><span style=\"color: #003300;\">L\u016bk, latviet, slepkavas mums blakus un \u0146irdz\u012bgi smaida tev sej\u0101 !<\/span><\/h2>\n<p><span style=\"color: #003300;\">Ir nogalin\u0101ti neiedom\u0101jams daudzums latvie\u0161u, bet slepkavas k\u0101 nav t\u0101 ar\u012b nav !!!<\/span><\/p>\n<p><span style=\"color: #003300;\">K\u0101 sac\u012bja <strong>Urbanovi\u010ds &amp; U\u0161akovs<\/strong><em>(abi haz\u0101r\u017e\u012bdi)<\/em>:<\/span><\/p>\n<h2><span style=\"color: #003300;\">Okup\u0101cija bija, bet okupantu nav !!!<\/span><\/h2>\n<p><span style=\"color: #003300;\">Tas ar\u012b p\u0101rfr\u0101z\u0113jams p\u0113cAtmodas noziegumos:<\/span><\/p>\n<h2><span style=\"color: #003300;\">Noslepkavotie ir, bet slepkavas nav !!!<\/span><\/h2>\n<p><span style=\"color: #003300;\">P\u0113cv\u0101rds: Protams, ka t\u0101da <strong>Rasa<\/strong> neko nelemj, bet j\u0101atbild tautas priek\u0161\u0101 b\u016bs vienalga. Vi\u0146a gan labi zina, kur\u0161 visu lemj un liek vi\u0146ai parakst\u012bt &#8220;pap\u012brus&#8221; ! T\u0101p\u0113c pie ekstr\u0113mas situ\u0101cijas mai\u0146as no vi\u0146as atbr\u012bvosies&#8230;., aizlad\u012bs apciemot<strong> Birutu Lozi<\/strong>. Tas b\u0113d\u012bg\u0101kais, ka pati to visu b\u016bs &#8220;god\u012bgi&#8221; nopeln\u0113jusi: <\/span><\/p>\n<h2><span style=\"color: #003300;\">Nodev\u0113jam nodev\u0113ja tiesa !<\/span><\/h2>\n<hr \/>\n<hr \/>\n<hr \/>\n<hr \/>\n<p><span style=\"color: #003300;\">K\u0101p\u0113c neviens laikraksts nepublic\u0113 \u0161o:<\/span><\/p>\n<blockquote class=\"wp-embedded-content\" data-secret=\"hMAGnEG0zN\"><p><a href=\"https:\/\/tautastribunals.eu\/?p=43621\">Eiropas Parlamenta prezidentam Antoni Tajani&#8230;<\/a><\/p><\/blockquote>\n<p><iframe class=\"wp-embedded-content\" sandbox=\"allow-scripts\" security=\"restricted\" style=\"position: absolute; clip: rect(1px, 1px, 1px, 1px);\" src=\"https:\/\/tautastribunals.eu\/?p=43621&#038;embed=true#?secret=hMAGnEG0zN\" data-secret=\"hMAGnEG0zN\" width=\"500\" height=\"282\" title=\"&#8222;Eiropas Parlamenta prezidentam Antoni Tajani&#8230;&#8220; &#8212; Latvijas Republikas tautas\" frameborder=\"0\" marginwidth=\"0\" marginheight=\"0\" scrolling=\"no\"><\/iframe><\/p>\n<p>18.04.18\u00a0\u00a0\u00a0\u00a0\u00a0 L. Granti\u0146\u0161<\/p>\n<hr \/>\n<hr \/>\n<hr \/>\n<hr \/>\n<h3><span style=\"color: #003300;\">\u0160eit k\u0101ds koment\u0101rs no <strong>feisBUK\u0100<\/strong>:<\/span><\/h3>\n<p><span style=\"color: #0000ff;\"><em><a style=\"color: #0000ff;\" href=\"https:\/\/www.facebook.com\/gunars.berzins.3154?fref=ufi\">Gunars Berzins<\/a> Tom\u0113r <a style=\"color: #0000ff;\" href=\"https:\/\/www.facebook.com\/linard.grantins?hc_location=ufi\" data-hovercard=\"\/ajax\/hovercard\/hovercard.php?id=100000789999585&amp;extragetparams=%7B%22hc_location%22%3A%22ufi%22%7D\">Linard Grantins<\/a>&#8230;v\u0101rdos un rakst\u012btaj\u0101 vajag ieskat\u012bties. Cik daudz cilv\u0113ku nogalin\u0101ja 91-99 un LR valsts to visu noklus\u0113ja. Granti\u0146\u0161 pie Br\u012bv\u012bbas pieminek\u013ca pulc\u0113ja Latvie\u0161us. Tos apvienoja zem viena v\u0101rda Br\u012bv\u012bba. Bet ko LR valsts dara un vai es un Linards ir bag\u0101ti m\u016bsu Latvij\u0101. Tikko Elizabetes iel\u0101 satiku to KGB film\u0113t\u0101ju&#8230;nu for\u0161i izskat\u0101s. Pensij\u0101 tikko&#8230; T\u0101pat Igors Popadins bag\u0101ts Sl\u0101vu restor\u0101ns J\u016brmal\u0101&#8230; Kaut kas ar to m\u016bsu zemi nav k\u0101rt\u012bb\u0101.<\/em><\/span><\/p>\n<p><span style=\"color: #003300;\">J\u0101, <strong>Gun\u0101r B\u0113rzi\u0146,<\/strong> m\u016bs tautas bendes dz\u012bvo za\u013ci, bet gan jau\u2026 . Viss labais un <strong>Patiesais<\/strong> n\u0101k l\u0113ni un sama\u013c visas drazas\u2026 . M\u0113s atg\u016bsim visu nozagto un pak\u0101rsim visus m\u016bsu tautas bendes: <em><strong>rasu, bunku, godma\u0146u, borovkovu<\/strong><\/em> un citu izk\u0101rn\u012bjumu cilv\u0113kform\u012bg\u0101 fas\u0113jum\u0101\u2026 .<\/span><\/p>\n","protected":false},"excerpt":{"rendered":"<p>Visi, kuri kalpo 4. maija kli\u0137ei, ir latvie\u0161u tautas bendes ! Daudzi, var pat sac\u012bt, ka 99.99%, nesaprot, ko tie\u0161i noz\u012bm\u0113 v\u0101rds slepkava un, kas ir slepkava !? \u00a0 Ne jau tikai tas ir&#46;&#46;&#46;<\/p>\n","protected":false},"author":1,"featured_media":44434,"comment_status":"open","ping_status":"open","sticky":false,"template":"","format":"standard","meta":[],"categories":[1,8],"tags":[],"_links":{"self":[{"href":"https:\/\/tautastribunals.eu\/index.php?rest_route=\/wp\/v2\/posts\/44420"}],"collection":[{"href":"https:\/\/tautastribunals.eu\/index.php?rest_route=\/wp\/v2\/posts"}],"about":[{"href":"https:\/\/tautastribunals.eu\/index.php?rest_route=\/wp\/v2\/types\/post"}],"author":[{"embeddable":true,"href":"https:\/\/tautastribunals.eu\/index.php?rest_route=\/wp\/v2\/users\/1"}],"replies":[{"embeddable":true,"href":"https:\/\/tautastribunals.eu\/index.php?rest_route=%2Fwp%2Fv2%2Fcomments&post=44420"}],"version-history":[{"count":13,"href":"https:\/\/tautastribunals.eu\/index.php?rest_route=\/wp\/v2\/posts\/44420\/revisions"}],"predecessor-version":[{"id":44437,"href":"https:\/\/tautastribunals.eu\/index.php?rest_route=\/wp\/v2\/posts\/44420\/revisions\/44437"}],"wp:featuredmedia":[{"embeddable":true,"href":"https:\/\/tautastribunals.eu\/index.php?rest_route=\/wp\/v2\/media\/44434"}],"wp:attachment":[{"href":"https:\/\/tautastribunals.eu\/index.php?rest_route=%2Fwp%2Fv2%2Fmedia&parent=44420"}],"wp:term":[{"taxonomy":"category","embeddable":true,"href":"https:\/\/tautastribunals.eu\/index.php?rest_route=%2Fwp%2Fv2%2Fcategories&post=44420"},{"taxonomy":"post_tag","embeddable":true,"href":"https:\/\/tautastribunals.eu\/index.php?rest_route=%2Fwp%2Fv2%2Ftags&post=44420"}],"curies":[{"name":"wp","href":"https:\/\/api.w.org\/{rel}","templated":true}]}}