{"id":44359,"date":"2018-04-16T19:22:01","date_gmt":"2018-04-16T16:22:01","guid":{"rendered":"https:\/\/tautastribunals.eu\/?p=44359"},"modified":"2020-10-31T16:22:54","modified_gmt":"2020-10-31T14:22:54","slug":"rihards-bunka-es-uzskatu-ka-l-grantinu-japievieno-b-lozei","status":"publish","type":"post","link":"https:\/\/tautastribunals.eu\/?p=44359","title":{"rendered":"Rihards Bunka. Es uzskatu, ka L. Granti\u0146u &#8220;j\u0101pievieno&#8221; B. Lozei"},"content":{"rendered":"<h1><span style=\"color: #ff0000;\">Raksta apskats nosl\u0113gum\u0101<\/span><\/h1>\n<h1 class=\"post-heading\"><img decoding=\"async\" loading=\"lazy\" class=\"alignleft wp-image-44389\" src=\"https:\/\/tautastribunals.eu\/wp-content\/uploads\/2018\/04\/Artis-D\u017eeri\u0146\u0161.Rihards-BunkaL.Granti\u0146\u0161.LRTT_.png\" alt=\"\" width=\"1298\" height=\"349\" srcset=\"https:\/\/tautastribunals.eu\/wp-content\/uploads\/2018\/04\/Artis-D\u017eeri\u0146\u0161.Rihards-BunkaL.Granti\u0146\u0161.LRTT_.png 759w, https:\/\/tautastribunals.eu\/wp-content\/uploads\/2018\/04\/Artis-D\u017eeri\u0146\u0161.Rihards-BunkaL.Granti\u0146\u0161.LRTT_-300x81.png 300w\" sizes=\"(max-width: 1298px) 100vw, 1298px\" \/><\/h1>\n<p><a href=\"http:\/\/www.la.lv\/linarda-grantina-lieta-tiesa-virzas-leni\/\">http:\/\/www.la.lv\/linarda-grantina-lieta-tiesa-virzas-leni\/<\/a><\/p>\n<p>R\u012bgas pils\u0113tas Vid\u00adzemes priek\u0161pils\u0113tas tiesa \u0161o ceturtdien, 12.apr\u012bl\u012b, latvie\u0161u izcelsmes V\u0101cijas pilso\u0146a Linarda Granti\u0146a lietu skat\u012bja divdesmit min\u016btes un<span style=\"color: #ff0000;\"> sl\u0113gt\u0101 k\u0101rt\u012bb\u0101, jo v\u0113rt\u0113ja aps\u016bdz\u0113t\u0101 vesel\u012bbas st\u0101vokli, diagnozi un vai visp\u0101r tiesved\u012bbu atjaunot<\/span>.<\/p>\n<p><img decoding=\"async\" loading=\"lazy\" class=\"alignleft wp-image-44361\" src=\"https:\/\/tautastribunals.eu\/wp-content\/uploads\/2018\/04\/Grantins.Bunka_.Bord\u0101ns.LRTT_.jpg\" alt=\"\" width=\"464\" height=\"365\" srcset=\"https:\/\/tautastribunals.eu\/wp-content\/uploads\/2018\/04\/Grantins.Bunka_.Bord\u0101ns.LRTT_.jpg 800w, https:\/\/tautastribunals.eu\/wp-content\/uploads\/2018\/04\/Grantins.Bunka_.Bord\u0101ns.LRTT_-300x236.jpg 300w, https:\/\/tautastribunals.eu\/wp-content\/uploads\/2018\/04\/Grantins.Bunka_.Bord\u0101ns.LRTT_-768x605.jpg 768w\" sizes=\"(max-width: 464px) 100vw, 464px\" \/>Lietu tiesai nodeva 2016. gad\u0101, bet p\u0113c b\u016bt\u012bbas t\u0101 visp\u0101r nav skat\u012bta.<span style=\"color: #ff0000;\"> L. Granti\u0146\u0161 aps\u016bdz\u0113ts p\u0113c diviem Krimin\u0101llikuma pantiem \u2013 nacion\u0101l\u0101, etnisk\u0101, rasu naida izrais\u012b\u0161an\u0101 un pret Latvijas Republiku v\u0113rstu aicin\u0101jumu pau\u0161anu. Aps\u016bdz\u0113tais uz tiesu nebija ieradies. Vi\u0146\u0161 atrodoties V\u0101cij\u0101.<\/span> L. Granti\u0146\u0161 ir cilv\u0113kties\u012bbu aizst\u0101v\u012bbas organiz\u0101cijas \u201cHelsinki-86\u201d dibin\u0101t\u0101js, bet p\u0113d\u0113jos gados mediju vid\u0113 vair\u0101k zin\u0101ms k\u0101 pa\u0161pasludin\u0101ta Latvijas Republikas tautas tribun\u0101la priek\u0161s\u0113d\u0113t\u0101js un sav\u0101 m\u0101jas lap\u0101 regul\u0101ri kritiz\u0113 Latvijas politi\u0137us, amatpersonas un citus cilv\u0113kus, ar\u012b rakstot, ka piesprie\u017e vi\u0146iem da\u017e\u0101dus sodus, taj\u0101 skait\u0101 augst\u0101ko soda m\u0113ru.<\/p>\n<p>K\u0101 vakar p\u0113c tiesas s\u0113des sac\u012bja L. Granti\u0146a advok\u0101ts J\u0101nis Vilders, n\u0101kam\u0101 tiesas s\u0113de notiks 6. decembr\u012b. L\u012bdz tam j\u0101atrisinot da\u017e\u0101das ar tiesved\u012bbu saist\u012btas nianses. Advok\u0101ts detaliz\u0113t\u0101k par krimin\u0101llietu atteic\u0101s run\u0101t, ar\u012b atkl\u0101t, kas un cik ir cietu\u0161o (uz tiesas s\u0113di nebija neviens ieradies).<\/p>\n<p>Bez \u017eurn\u0101lista vakar ties\u0101 bija tikai v\u0113l viens klaus\u012bt\u0101js \u2013 R\u012bgas Stradi\u0146a universit\u0101tes pasniedz\u0113js Rihards Bunka, kuram L. Granti\u0146\u0161 ar\u012b \u201cpiespriedis\u201d augst\u0101ko soda m\u0113ru. \u201cMan gr\u016bti spriest, k\u0101p\u0113c esmu izpeln\u012bjies t\u0101du Granti\u0146a uzman\u012bbu \u2013 kad vi\u0146\u0161 dibin\u0101ja \u201cHelsinkus-86\u2033, man bija devi\u0146i gadi un biju oktobr\u0113ns, t\u0101p\u0113c diez vai var\u0113ju kaut k\u0101 darboties pret vi\u0146u.<span style=\"color: #ff0000;\"> Visticam\u0101k, Granti\u0146a iev\u0113r\u012bbu izpeln\u012bjos, kad vi\u0146u 2015. gad\u0101 apcietin\u0101ja \u2013 biju cietuma operat\u012bvo darbinieku priek\u0161nieks. Aps\u016bdz\u0113tais veselu rakstu par mani uzrakst\u012bja. Tiesa, \u012bsi pirms Granti\u0146a ievieto\u0161anas cietum\u0101 no darba biju aizg\u0101jis, bet diez vai vi\u0146\u0161 to zin\u0101ja<\/span>\u2026 Tas jau nav ar\u012b tik b\u016btiski. Granti\u0146\u0161 rakst\u012bja, ka esmu izveidojis slepkavu brig\u0101des, kas nogalina latvie\u0161u patriotus, ka esmu, piem\u0113ram, nogalin\u0101jis advok\u0101tu Plataci. Ar\u012b Granti\u0146a ielik\u0161ana cietum\u0101 esot bijis manas darb\u012bbas rezult\u0101ts. <span style=\"color: #ff0000;\">T\u0101pat vi\u0146\u0161 pag\u0101ju\u0161aj\u0101 ned\u0113\u013c\u0101 pazi\u0146oja, ka esmu pielicis roku nesen biju\u0161\u0101s prokurores Birutes Lozes pazu\u0161an\u0101,\u201d saka R. Bunka.<\/span><\/p>\n<p>Pasniedz\u0113js L. Granti\u0146a pazi\u0146ojumus, no vienas puses, uztverot k\u0101 murgus, bet, no otras puses, uzdod jaut\u0101jumu:<span style=\"color: #ff0000;\"> ja nu k\u0101ds no aptuveni 40 000 cilv\u0113ku, kam Latvij\u0101 ir uzved\u012bbas trauc\u0113jumi, vi\u0146a pazi\u0146ojumus uztvers nopietni un \u0161\u0101da \u201cLatvijas Republikas tautas tribun\u0101la\u201d v\u0101rd\u0101 dosies piespriestos sodus \u012bstenot?<\/span><\/p>\n<p>\u201cEs gan t\u0101dus gad\u012bjumus pagaid\u0101m nezinu. Ta\u010du vai k\u0101ds var pateikt, kas notiek un noticis ar cilv\u0113kiem, kas vi\u0146iem j\u0101saj\u016bt, kurus Granti\u0146\u0161 piemin un ar kuriem tiem ir bijis k\u0101ds sakars? Man bija interesants gad\u012bjums. Kad str\u0101d\u0101ju v\u0113l cietum\u0101, k\u0101ds slepkava kamer\u0101 lepoj\u0101s, ka, l\u016bk, vi\u0146a priek\u0161nieks, proti, es, ar\u012b esmu slepkava, jo ac\u012bmredzot bija las\u012bjis vai dzird\u0113jis, ko zi\u0146o Granti\u0146\u0161. P\u0113c k\u0101da laika \u0161im apcietin\u0101tajam pavisam cit\u0101 sakar\u0101 tiesa bija noz\u012bm\u0113jusi konfront\u0101ciju ar mani. Divas reizes vi\u0146\u0161 no t\u0101s atteic\u0101s, bet pirms tre\u0161\u0101s reizes izdar\u012bja pa\u0161n\u0101v\u012bbu\u2026\u201d R. Bunka neizsl\u0113dz, ka L. Granti\u0146a liet\u0101 var\u0113tu k\u013c\u016bt ar\u012b par cietu\u0161o.<\/p>\n<p>Advok\u0101ts P\u0101vels Rebenoks a\u0123ent\u016brai LETA iepriek\u0161 st\u0101st\u012bjis, ka L. Granti\u0146\u0161 nenoliedzot publik\u0101ciju izvieto\u0161anu internet\u0101, ta\u010du neatz\u012bstot, ka tajos b\u016btu aicin\u0101jums uz vardarb\u012bbu. \u201cCilv\u0113ks vienk\u0101r\u0161i paudis viedokli, k\u0101 att\u012bst\u0101s Latvijas valsts un kas var\u0113ja notikt vai nenotikt p\u0113c neatkar\u012bbas atg\u016b\u0161anas. Cilv\u0113ks analiz\u0113 \u0161os procesus, un, iesp\u0113jams, da\u013ca bija kritika. Dro\u0161\u012bbas policija saasin\u0101ti to uztv\u0113rusi,\u201d teicis advok\u0101ts. Advok\u0101ts nenoliedza, ka Granti\u0146am iepriek\u0161\u0113j\u0101s publik\u0101cijas da\u017ek\u0101rt ir skarbas un var balans\u0113t uz \u0113tikas robe\u017eas, ta\u010du t\u0101ds esot vi\u0146a stils, lai piesaist\u012btu uzman\u012bbu. Tom\u0113r Dro\u0161\u012bbas policijas (DP) nol\u012bgtie eksperti no Ties\u012bbsarga biroja un sabiedrisk\u0101s politikas centra \u201cProvidus\u201d iepriek\u0161 bija secin\u0101ju\u0161i, ka L. Granti\u0146a publik\u0101cij\u0101s ir saskat\u0101mas paz\u012bmes, kas veicina naidu.<\/p>\n<p>DP krimin\u0101lprocesu s\u0101ka 2012. gad\u0101. 2015. gada 24. j\u016blij\u0101 Granti\u0146\u0161 tika aiztur\u0113ts Latvij\u0101. V\u0113l\u0101k pret 5000 eiro dro\u0161\u012bbas naudu tiesa nol\u0113ma Granti\u0146u no apcietin\u0101juma atbr\u012bvot. P\u0113c izlai\u0161anas no apcietin\u0101juma vi\u0146\u0161 dev\u0101s \u0101rst\u0113ties uz V\u0101ciju.<\/p>\n<h2>Tiem, kuri v\u0113l nezina atg\u0101din\u0101\u0161u,kas ir <strong>Rihards Bunka: <\/strong><\/h2>\n<p><strong>Rihards Bunka<\/strong> ir \u017e\u012bda <strong>I. Godma\u0146a<\/strong> apsardzes<em>(Atmodas laika) <\/em>priek\u0161nieka <strong>Andra Bunkas<\/strong> aud\u017eud\u0113ls. 100%t\u012bgs nelatvietis- no m\u0101tes puses <strong>Baltkrievijas jebrejs, <\/strong>bet par t\u0113vu zi\u0146u nav. M\u0101te bija <strong>LPSR VDK<\/strong> darbiniece<strong>. R.B.<\/strong> str\u0101d\u0101 <strong><u>Krievijas dro\u0161\u012bbas dienestu<\/u><\/strong> pasp\u0101rn\u0113.<\/p>\n<p><img decoding=\"async\" loading=\"lazy\" class=\"alignleft wp-image-44404\" src=\"https:\/\/tautastribunals.eu\/wp-content\/uploads\/2018\/04\/Juris-JansonsRihards-BunkaL.-Granti\u0146\u0161Rasna\u010ds.LRTT_.-1.jpg\" alt=\"\" width=\"604\" height=\"366\" srcset=\"https:\/\/tautastribunals.eu\/wp-content\/uploads\/2018\/04\/Juris-JansonsRihards-BunkaL.-Granti\u0146\u0161Rasna\u010ds.LRTT_.-1.jpg 600w, https:\/\/tautastribunals.eu\/wp-content\/uploads\/2018\/04\/Juris-JansonsRihards-BunkaL.-Granti\u0146\u0161Rasna\u010ds.LRTT_.-1-300x182.jpg 300w\" sizes=\"(max-width: 604px) 100vw, 604px\" \/>FOTO: <span style=\"color: #ff0000;\"><em>Pie \u0161\u012bs bandas pieder ar\u012b &#8220;ties\u012bbs\u0101rgs&#8221; Jurijs Jansonovi\u010d\u0161, 4. maija &#8220;te\u0101tra&#8221; trupas aktieris. Jansons ir t\u0101ds pats Ci\u0101nas draza k\u0101 Bunka. <\/em><\/span><\/p>\n<p><span style=\"color: #ff0000;\"><em>\u0160is tarak\u0101ns e\u0146\u0123e\u013c- balt\u0101s dr\u0113b\u0113s prms trijiem gadiem bija atl\u012bdis pie manis R\u012bgas Centr\u0101lcietum\u0101 un nekaun\u0113j\u0101s pazi\u0146ot, ka es &#8220;s\u0113\u017eot&#8221; teicamos apst\u0101k\u013cos&#8230;, bet kap\u0113c es &#8220;s\u0113\u017eu&#8221; \u0161o tarak\u0101nu neiteres\u0113ja&#8230; .Smirdo\u0161a noziedznieku banda, kura ir j\u0101samin k\u0101 ind\u012bga \u010d\u016bska.<\/em><\/span><\/p>\n<p><strong>Krievija<\/strong>, k\u0101 m\u0113s zin\u0101m, ir <strong>Izra\u0113las <\/strong>\u201c<strong>darba instruments<\/strong>\u201d.<\/p>\n<p><strong>R. Bunka<\/strong> nelikum\u012bg\u0101 ce\u013c\u0101 ticis pie <strong>LJA<\/strong> biedr\u012bbas- nob\u012bdot <strong>\u201cdemokr\u0101tisk\u0101\u201d<\/strong> ce\u013c\u0101 \u0161is <strong>Apvien\u012bbas<\/strong> dibin\u0101t\u0101ju <strong>M.<\/strong> <strong>B\u0113rzi\u0146u<\/strong>.<\/p>\n<p>\u0160is \u017e\u012bds \u0161o <strong>Apvien\u012bbu<\/strong> p\u0101rd\u0113v\u0113ja no: <strong><u>Latvie\u0161u Juristu Apvien\u012bbas<\/u><\/strong> par <strong><u>Latvijas Juristu Apvien\u012bbu<\/u><\/strong>.<\/p>\n<p>P\u0113c b\u016bt\u012bbas vi\u0146\u0161 ir tikai \u201c<strong>Rihardi\u0146s\u201d <\/strong>un ir <strong>Aivara Borovkova<\/strong> un <strong>Ivara Godma\u0146a<\/strong> padotais, kur\u0161 ar savu <strong>\u201capkalpojo\u0161o person\u0101lu\u201d<\/strong> izpilda pas\u016bt\u012bjumu slepkav\u012bbas un, protams, ar\u012b da\u017e\u0101du politisko darbo\u0146u iebaid\u012b\u0161anu.<\/p>\n<p>Kas par tipiem ir <strong>Borovkovs <\/strong>un <strong>Godmanis,<\/strong> pateica p\u0113d\u0113jais <strong>LPSR VDK <\/strong>priek\u0161nieks <strong>Edmunds Johansons<\/strong><em>(tie ir \u017e\u012bdi, kuri str\u0101d\u0101 Izra\u0113las uzraudz\u012bb\u0101).<\/em><\/p>\n<p>Kuram interes\u0113 vair\u0101k, las\u012bt \u0161eit:<\/p>\n<blockquote class=\"wp-embedded-content\" data-secret=\"YE3BjkEXSN\"><p><a href=\"https:\/\/tautastribunals.eu\/?p=42594\">Par cionistu izdzimteni A. Borovkovu(t\u0101di ir j\u0101nosit)<\/a><\/p><\/blockquote>\n<p><iframe class=\"wp-embedded-content\" sandbox=\"allow-scripts\" security=\"restricted\" style=\"position: absolute; clip: rect(1px, 1px, 1px, 1px);\" title=\"&#8220;Par cionistu izdzimteni A. Borovkovu(t\u0101di ir j\u0101nosit)&#8221; &#8212; \" src=\"https:\/\/tautastribunals.eu\/?p=42594&#038;embed=true#?secret=YE3BjkEXSN\" data-secret=\"YE3BjkEXSN\" width=\"500\" height=\"282\" frameborder=\"0\" marginwidth=\"0\" marginheight=\"0\" scrolling=\"no\"><\/iframe><\/p>\n<p>Bet tagad par \u0161o rakstu:<\/p>\n<p>Ja m\u0113s zin\u0101m, kuram <strong>\u201ckantorim\u201d <\/strong>un, kuras valsts uzdevum\u0101 <strong>Bunka<\/strong> darbojas, tad ar\u012b saprotam: <strong><u>kap\u0113c cilv\u0113kiem bailes no \u0161\u012bs \u0161va\u013cu bandas. <\/u><\/strong>Vi\u0146i noslepkavo jebkuru, kur\u0161 pat tikai \u201c<strong>iep\u012bkstas<\/strong>\u201d pret vi\u0146iem.<\/p>\n<p>Tie\u0161i <strong>R. Bunkas<\/strong> vad\u012bt\u0101<strong> LJB<\/strong> ir t\u0101, kura pret <strong>H- 86 dibin\u0101t\u0101ju un akt\u012bv\u0101s Atmodas aizs\u0101c\u0113ju <\/strong>safabric\u0113ja \u0161o <strong>Krimin\u0101llietu<\/strong> par: <strong>nacion\u0101l\u0101, etnisk\u0101<\/strong> un <strong>rasu naida kurin\u0101\u0161anu<\/strong>, un ar\u012b par <strong><u>aicin\u0101jumu g\u0101zt \u201clikum\u012bgo\u201d \u010dekistu dibin\u0101to 4. maija bandu<\/u><\/strong>.<\/p>\n<p><strong>R. Bunkas<\/strong> band\u0101<em>(LJA)<\/em> sast\u0101v ar\u012b k\u0101ds majors- eksperts <strong>E. Tre\u013cs<\/strong><em>(ar\u012b jebrejs), <\/em>kur\u0161 <strong>L. Granti\u0146u \u201cnoekspert\u0113jis\u201d<\/strong> k\u0101<strong> nacistu<\/strong> un <strong>\u201clikum\u012bg\u0101s\u201d<\/strong> valsts varas g\u0101z\u0113ju.<\/p>\n<p>Vair\u0101k par \u0161o <strong><u>Ci\u0101nas izdzimumu E. Tre\u013cu<\/u><\/strong> las\u012bt \u0161eit<em>(\u0161aj\u0101 rakst\u0101 redzam, ka R. Bunkas sazi\u0146u valoda ar latvie\u0161iem ir krievu):<\/em><\/p>\n<blockquote class=\"wp-embedded-content\" data-secret=\"OlsZ3VpSFv\"><p><a href=\"https:\/\/tautastribunals.eu\/?p=40534\">Par k\u0101du Krem\u013ca fek\u0101liju- ekspertu \u0113riku tre\u013cu<\/a><\/p><\/blockquote>\n<p><iframe class=\"wp-embedded-content\" sandbox=\"allow-scripts\" security=\"restricted\" style=\"position: absolute; clip: rect(1px, 1px, 1px, 1px);\" title=\"&#8220;Par k\u0101du Krem\u013ca fek\u0101liju- ekspertu \u0113riku tre\u013cu&#8221; &#8212; \" src=\"https:\/\/tautastribunals.eu\/?p=40534&#038;embed=true#?secret=OlsZ3VpSFv\" data-secret=\"OlsZ3VpSFv\" width=\"500\" height=\"282\" frameborder=\"0\" marginwidth=\"0\" marginheight=\"0\" scrolling=\"no\"><\/iframe><\/p>\n<p>Lasiet <strong>Astr\u012bdas Bab\u0101nes LIEC\u012aBAS<\/strong> par \u0161o <strong><u>Ci\u0101nas sarkano nacistu noziedznieku bandu<\/u><\/strong> un j\u016bs uzzin\u0101siet k\u0101di izdzimumi tur ir sav\u0101ku\u0161ies,- s\u0101kot no <strong>G. K\u016btra<\/strong> un beidzot ar slepkavu <strong>J. Reiniku<\/strong>\u2026 .<\/p>\n<blockquote class=\"wp-embedded-content\" data-secret=\"Av1e46WGnu\"><p><a href=\"https:\/\/tautastribunals.eu\/?p=39910\">Astr\u012bdas Bab\u0101nes kundzes liec\u012bbas H- 86<\/a><\/p><\/blockquote>\n<p><iframe class=\"wp-embedded-content\" sandbox=\"allow-scripts\" security=\"restricted\" style=\"position: absolute; clip: rect(1px, 1px, 1px, 1px);\" title=\"&#8220;Astr\u012bdas Bab\u0101nes kundzes liec\u012bbas H- 86&#8221; &#8212; \" src=\"https:\/\/tautastribunals.eu\/?p=39910&#038;embed=true#?secret=Av1e46WGnu\" data-secret=\"Av1e46WGnu\" width=\"500\" height=\"282\" frameborder=\"0\" marginwidth=\"0\" marginheight=\"0\" scrolling=\"no\"><\/iframe><\/p>\n<p>K\u0101 redzam no teikt\u0101:- <span style=\"color: #0000ff;\"><em>\u201d<\/em><\/span><em><span style=\"color: #0000ff;\">sl\u0113gt\u0101 k\u0101rt\u012bb\u0101, jo v\u0113rt\u0113ja aps\u016bdz\u0113t\u0101 vesel\u012bbas st\u0101vokli, diagnozi un vai visp\u0101r tiesved\u012bbu atjaunot.\u201d<\/span>-,<\/em> tad <strong>Tiesa<\/strong> gras\u012bj\u0101s tiesved\u012bbu pret <strong>L. Granti\u0146u <\/strong>izbeigt, bet tas nedr\u012bkst\u0113ja notikt un <u>ierad\u0101s \u0161is \u017e\u012bdiskais sapuv\u0113ns- <strong>R. Bunka<\/strong><\/u>, lai nov\u0113rstu tiesved\u012bbas izbeig\u0161anu. Tika pielietots k\u0101rt\u0113jais terora akts- iebaid\u012b\u0161ana. Ir j\u0101uztur krimin\u0101llieta pret <strong>L. Granti\u0146u<\/strong>, lai bremz\u0113tu vi\u0146a piedal\u012b\u0161anos<strong> Latvijas politiskaj\u0101s noris\u0113s.<\/strong><\/p>\n<p><strong>L. Granti\u0146\u0161<\/strong> ta\u010du ir pazi\u0146ojis: <strong>\u201cTur kur es b\u016b\u0161u, tur noziedznieki pa\u0161i uz v\u0113dera l\u012bd\u012bs uz sav\u0101m kar\u0101tav\u0101m !\u201d<\/strong><\/p>\n<p>Raksts <strong>LA <\/strong>ir interesants, jo taj\u0101 \u0161is<strong> sadists-izdzimtenis<\/strong> cen\u0161as sevi atmazg\u0101t. Cauri visam j\u016btamas bailes par savu \u0101du.<\/p>\n<p>K\u0101d\u0101 rakst\u0101 sac\u012bju, ka lielie noziedznieki- slepkav\u012bbu pas\u016bt\u012bt\u0101ji, vienm\u0113r atbr\u012bvojas no tiem, kuri veiku\u0161i vi\u0146u pas\u016bt\u012bjumus. <strong>R. Bunka <\/strong>saprot, ka ir \u0161\u012bs asi\u0146ain\u0101s \u0137\u0113des p\u0113d\u0113jais un nev\u0113lamais posms, t\u0101p\u0113c ar\u012b tiek melots uz neb\u0113du, lai tikai gl\u0101btu savu nodev\u0113ja asi\u0146aino dv\u0113seli&#8230; .<\/p>\n<p><span style=\"color: #0000ff;\"><em>\u201cVisticam\u0101k, Granti\u0146a iev\u0113r\u012bbu izpeln\u012bjos, kad vi\u0146u 2015. gad\u0101 apcietin\u0101ja \u2013 biju cietuma operat\u012bvo darbinieku priek\u0161nieks. Aps\u016bdz\u0113tais veselu rakstu par mani uzrakst\u012bja. Tiesa, \u012bsi pirms Granti\u0146a ievieto\u0161anas cietum\u0101 no darba biju aizg\u0101jis, bet diez vai vi\u0146\u0161 to zin\u0101ja\u2026\u201d<\/em><\/span><\/p>\n<p>K\u0101 tad nu t\u0101, biedr slepkava<em>(Rihard Bunka)<\/em>, tu saki, ka es, iesp\u0113jams, nezin\u0101ju, ka esi <strong>&#8220;aizg\u0101jis&#8221;<\/strong> no <strong>&#8220;operat\u012bvo&#8221;<\/strong> darbinieku priek\u0161nieka amata. Zin\u0101ju visu, no\u017e\u0113lojamais \u017e\u012bdu smerdeli, ka tu nevis tikko<em>(2015 j\u016blij\u0101, kad tavi lopi mani zv\u0113rveid\u012bgi arest\u0113ja)<\/em> biji aizg\u0101jis, bet jau <strong><u>2014. gada decembr\u012b tiki padz\u012bts<\/u><\/strong> no \u0161\u012b amata par sadisma piekop\u0161anu pret ieslodz\u012btajiem, jo tu pak\u0101ri \u0161eit piemin\u0113to &#8220;<strong>konfrontantu<\/strong>&#8220;.<\/p>\n<p>Par to var izlas\u012bt \u0161eit- <a href=\"http:\/\/pietiek.com\/raksti\/gadu_mija_klusi_nomainits_rigas_centralcietuma_drosibas_dalas_sefs\">http:\/\/pietiek.com\/raksti\/gadu_mija_klusi_nomainits_rigas_centralcietuma_drosibas_dalas_sefs<\/a> un, ka es to zin\u0101ju, pier\u0101da manis rakst\u012btie koment\u0101ri.<\/p>\n<p>-Vai \u0161murguliskai iztap\u012bgais \u017eurnalistelis <strong>Artis Dz\u0113ri\u0146\u0161<\/strong> nezin\u0101ja par to, ko \u0161eit saku ?<\/p>\n<p>-Zin\u0101ja, bet zemiski un iztap\u012bgi pild\u012bja <strong>R. Bunkas<\/strong> nor\u0101d\u012bjumus-\u00a0<strong> dezinform\u0113 las\u012bt\u0101jus<\/strong> !<\/p>\n<p>-K\u0101p\u0113c vi\u0146\u0161 to dar\u012bja ?<\/p>\n<p>-K\u0101p\u0113c vi\u0146\u0161 piedal\u0101s \u0161aj\u0101 las\u012bt\u0101ju dezinform\u0101cij\u0101 proces\u0101 ?<\/p>\n<p><img decoding=\"async\" loading=\"lazy\" class=\"alignleft wp-image-44394\" src=\"https:\/\/tautastribunals.eu\/wp-content\/uploads\/2018\/04\/Linda-Rasa.L.Granti\u0146\u0161.Bunka_.LRTT_.png\" alt=\"\" width=\"193\" height=\"252\" srcset=\"https:\/\/tautastribunals.eu\/wp-content\/uploads\/2018\/04\/Linda-Rasa.L.Granti\u0146\u0161.Bunka_.LRTT_.png 244w, https:\/\/tautastribunals.eu\/wp-content\/uploads\/2018\/04\/Linda-Rasa.L.Granti\u0146\u0161.Bunka_.LRTT_-229x300.png 229w\" sizes=\"(max-width: 193px) 100vw, 193px\" \/>Pien\u0101ks diena, kad ne tikai<strong> Bunkam<\/strong>, bet ar\u012b <strong>Dz\u0113ri\u0146am<\/strong> b\u016bs j\u0101atbild<strong> LR<\/strong> varas org\u0101nu priek\u0161\u0101, jo \u0161\u012b darb\u012bba tiks trakt\u0113ta k\u0101: <strong>genoc\u012bds pret latvie\u0161u tautu<\/strong>.<\/p>\n<p>Foto: <span style=\"color: #ff0000;\"><em>Linda Rasa, no\u017e\u0113lojama 4. maija kli\u0137es iztapo\u0146a- marionete, kura par kafijas tasi izn\u012bcin\u0101s ne tikai T\u0113vu un M\u0101ti, bet nodos Paties\u012bbu, kas ir Dievi\u0137\u0101s Pasaules St\u016brakmens&#8230; .<\/em><\/span><\/p>\n<p><span style=\"color: #ff0000;\"><em>Rasa, es Tavus draudus neesmu aizmirsis, tie ir iegr\u0101matoti &#8220;noziedznieku kartot\u0113k\u0101&#8221; ! Man ir k\u0101da nel\u0101ga &#8220;\u012bpa\u0161\u012bba&#8221;, es bie\u017ei aizmirstu labus darbus, bet nekad draudus&#8230; .<br \/>\n<\/em><\/span><\/p>\n<p>Ar\u012b <strong>LA<\/strong> galven\u0101 redaktore <strong>Linda Rasa<\/strong><em>(\u0161\u012b no\u017e\u0113lojam\u0101 rad\u012bba reiz sol\u012bja mani s\u016bdz\u0113t ties\u0101)<\/em> neizspruks no pamat\u012bga cietumsoda vai pat kar\u0101tav\u0101m, jo piln\u012bb\u0101 atbalsta \u0161o <strong>Borovkova &amp; Godma\u0146a &amp; Bunkas<\/strong> genoc\u012bd- aktu pret latvie\u0161u tautu<em>(at\u013caujot public\u0113t \u0161o \u017e\u013curgu)<\/em>.<\/p>\n<p><strong>Biedrene Rasa<\/strong><em>(par kundzi \u0161o kodi pagodin\u0101t negribas)<\/em>, tautas dezinform\u0101cija ir konflikta situ\u0101cijas veicin\u0101\u0161ana, kura vienm\u0113r noved pie asins izlie\u0161anas, t\u0101tad: trakt\u0113jams k\u0101<span style=\"color: #ff0000;\"><strong> GENOC\u012aDS<\/strong> <\/span>!<\/p>\n<p><span style=\"color: #0000ff;\"><em>\u201cT\u0101pat vi\u0146\u0161 pag\u0101ju\u0161aj\u0101 ned\u0113\u013c\u0101 pazi\u0146oja, ka esmu pielicis roku nesen biju\u0161\u0101s prokurores Birutes Lozes pazu\u0161an\u0101,\u201d saka R. Bunka.\u201d<\/em><\/span><\/p>\n<p><strong>Plataci,<\/strong> lai lab\u0101k skan\u0113tu, vi\u0146\u0161 piedom\u0101jis pats, bet <strong>Birutas Lozes<\/strong> likvid\u0113\u0161ana ir vi\u0146a <strong>\u201cbrig\u0101\u017eu\u201d<\/strong> roku darbs.<\/p>\n<p><span style=\"color: #0000ff;\"><em>\u201cja nu k\u0101ds no aptuveni 40 000 cilv\u0113ku, kam Latvij\u0101 ir uzved\u012bbas trauc\u0113jumi, vi\u0146a pazi\u0146ojumus uztvers nopietni un \u0161\u0101da \u201cLatvijas Republikas tautas tribun\u0101la\u201d v\u0101rd\u0101 dosies piespriestos sodus \u012bstenot?\u201d<\/em><\/span><\/p>\n<p>Doma jau \u0161im sadistam ir pareizi izteikta, ka reiz, pret t\u0101diem k\u0101 vi\u0146\u0161, attiec\u012bgs skaits <strong>\u201car uzved\u012bbas trauc\u0113jumiem\u201d <\/strong>apvelt\u012bto, dosies <strong>LRTT<\/strong> piespriesto sodu \u012bstenot, tikai skaitu mazliet tom\u0113r ir j\u0101kori\u0123\u0113. Ja pie nosaukt\u0101 skait\u013ca pieliktu v\u0113l vienu nulli un to pareizin\u0101tu ar \u010detri, tad tas, ar mazu amplit\u016bdu, atbilstu \u012bsten\u012bbai = <strong>1,6 miljoni,<\/strong> bet atliku\u0161\u0101 kriev\u017e\u012bdu okupantu da\u013ca, redzot tuvojo\u0161\u0101s \u201c<strong>ziepes<\/strong>\u201d, dom\u0101ju, ka t\u0101dam<strong> Bunkam<\/strong> ar\u012b var\u0113tu nepaiet gar\u0101m un pakabin\u0101t pie laternas aiz \u201c<strong>izvadorg\u0101niem<\/strong>\u201d.<\/p>\n<p><span style=\"color: #0000ff;\"><em>\u201cL. Granti\u0146\u0161 aps\u016bdz\u0113ts p\u0113c diviem Krimin\u0101llikuma pantiem \u2013 nacion\u0101l\u0101, etnisk\u0101, rasu naida izrais\u012b\u0161an\u0101 un pret Latvijas Republiku v\u0113rstu aicin\u0101jumu pau\u0161anu. Aps\u016bdz\u0113tais uz tiesu nebija ieradies. Vi\u0146\u0161 atrodoties V\u0101cij\u0101. L. Granti\u0146\u0161 ir cilv\u0113kties\u012bbu aizst\u0101v\u012bbas\u201d<\/em><\/span><\/p>\n<p>Vai norm\u0101ls cilv\u0113ks var ko t\u0101du secin\u0101t ?<\/p>\n<p>N\u0113 !<\/p>\n<p>To dara tie, kuri m\u016bsu zem\u0113 ir ien\u0101ku\u0161i slepkavojot, laupot, izvarojot, dedzinot un deport\u0113jot. \u0160ie \u0161ak\u0101\u013c- \u017e\u012bdi, kuri \u0161odien cionistu uzdevum\u0101 k\u016bda sabiedr\u012bbu, ne pie k\u0101das tautas- taut\u012bbas vai etnosa nav pieskait\u0101mi !<\/p>\n<p>Pa\u0161i vi\u0146i, \u0161ie smirdo\u0161ie <em>\u017ed\u0101noki, plineri, cil\u0113vi\u010di, borovkovi, godma\u0146i, mamikini\u2026,<\/em> sevi<strong> pieskaita pie jebreju tautas<\/strong> !?<\/p>\n<p><strong>Ebrejs<\/strong> nav tautas vai k\u0101da etnosa apz\u012bm\u0113jums, bet gan tic\u012bbas, t\u0101pat k\u0101 <strong>\u017e\u012bds<\/strong> !<\/p>\n<p><strong>Krievs<\/strong> ar\u012b nav taut\u012bbas<em>(etnosa),<\/em> bet gan <strong>Krievijas imp\u0113rijas iedz\u012bvot\u0101ju apz\u012bm\u0113jums<\/strong>.<\/p>\n<p>Vi\u0146i visi ir asi\u0146ain\u0101s <strong>Haz\u0101rijas p\u0113cte\u010di<\/strong> !<\/p>\n<p><strong>ASV<\/strong> varas org\u0101ni ir sapratu\u0161i, kas vi\u0146i ir un d\u0113v\u0113 \u0161os noziedzniekus par \u201c<strong>haz\u0101ru mafiju<\/strong>\u201d.<\/p>\n<p><strong>ASV<\/strong> ir uzs\u0101ku\u0161as c\u012b\u0146u pret \u0161o laup\u012bt\u0101ju bandu, kur p\u0101rst\u0101v bunkveid\u012bgie \u017e\u012bd- elementi. \u0160is raksts<strong> LA<\/strong> nor\u0101da uz to, ka vi\u0146iem zeme s\u0101k degt zem k\u0101j\u0101m. Notiek jau g\u013c\u0113va vaiman\u0101\u0161ana un savas \u0101das gl\u0101b\u0161ana.<\/p>\n<h2>Vi\u0146us sagaida kar\u0101tavas un lin\u010du tiesas !!!<\/h2>\n<p>Uz to ar\u012b <strong>Bunka<\/strong> atkl\u0101ti \u0161aj\u0101 rakst\u0101 nor\u0101da, pieminot 40 000 \u201c<strong>nel\u012bdzsvaroto<\/strong>\u201d.<\/p>\n<p>Haz\u0101ri<em>(haz\u0101ru mafija)<\/em> ir desmitiem un pat simtiem tautu un taut\u012bbu sajaukums, kurus vienojis j\u016bdaisms- <strong>B\u0101la<\/strong><em>(Luzifera)<\/em> piel\u016bdz\u0113ji !<\/p>\n<p>Tur, kur \u0161ie s\u0101tanisti ar zobenu un uguni ierodas, l\u012bst asinis un iest\u0101jas bads, jo <strong><u>iz\u0146emot slepkavo\u0161anu, izvaro\u0161anu un laup\u012b\u0161anu<\/u><\/strong>, neko citu vi\u0146i nedara.<\/p>\n<p>Lasi, ko saka par \u0161iem izdzimumiem reformators <strong>Martins Luters<\/strong>:<\/p>\n<blockquote class=\"wp-embedded-content\" data-secret=\"hrz5wGhkbM\"><p><a href=\"https:\/\/tautastribunals.eu\/?p=16800\">M. Luters par \u017e\u012bdiem<\/a><\/p><\/blockquote>\n<p><iframe class=\"wp-embedded-content\" sandbox=\"allow-scripts\" security=\"restricted\" style=\"position: absolute; clip: rect(1px, 1px, 1px, 1px);\" title=\"&#8220;M. Luters par \u017e\u012bdiem&#8221; &#8212; \" src=\"https:\/\/tautastribunals.eu\/?p=16800&#038;embed=true#?secret=hrz5wGhkbM\" data-secret=\"hrz5wGhkbM\" width=\"500\" height=\"282\" frameborder=\"0\" marginwidth=\"0\" marginheight=\"0\" scrolling=\"no\"><\/iframe><\/p>\n<p>\u0160ie <strong>Lucifera <\/strong>piel\u016bdz\u0113ji<em>(komunisti- j\u016bdaisti), <\/em>aplaupot m\u016bsu tautu peldas miljonos !!!<\/p>\n<p>Ja k\u0101ds \u0161os <strong>bunkveid\u012bgos<\/strong> de\u0123ener\u0101tus uzskata par cilv\u0113kiem, tad t\u0101dam smadze\u0146u viet\u0101 ir izk\u0101rn\u012bjumi. T\u0101di, kuri spie\u017e roku \u0161iem <strong>borovkov &amp; godma\u0146<\/strong> \u017e\u012bdu izdzimumiem, ir sod\u0101mi ar t\u0101du pa\u0161u sodu k\u0101 vi\u0146i.<\/p>\n<p>N\u0101vi bunkveid\u012bgajiem borovkoviem un godma\u0146iem, latvie\u0161u tautas slepkav\u0101m !!!<\/p>\n<p><img decoding=\"async\" loading=\"lazy\" class=\"alignleft wp-image-44388\" src=\"https:\/\/tautastribunals.eu\/wp-content\/uploads\/2018\/04\/Hum\u0101nisms.-E.-Martu\u017ea-L.Granti\u0146\u0161LRTT-Helsinki-86Ro\u017ekalns.jpg\" alt=\"\" width=\"1325\" height=\"240\" srcset=\"https:\/\/tautastribunals.eu\/wp-content\/uploads\/2018\/04\/Hum\u0101nisms.-E.-Martu\u017ea-L.Granti\u0146\u0161LRTT-Helsinki-86Ro\u017ekalns.jpg 1230w, https:\/\/tautastribunals.eu\/wp-content\/uploads\/2018\/04\/Hum\u0101nisms.-E.-Martu\u017ea-L.Granti\u0146\u0161LRTT-Helsinki-86Ro\u017ekalns-300x54.jpg 300w, https:\/\/tautastribunals.eu\/wp-content\/uploads\/2018\/04\/Hum\u0101nisms.-E.-Martu\u017ea-L.Granti\u0146\u0161LRTT-Helsinki-86Ro\u017ekalns-768x139.jpg 768w, https:\/\/tautastribunals.eu\/wp-content\/uploads\/2018\/04\/Hum\u0101nisms.-E.-Martu\u017ea-L.Granti\u0146\u0161LRTT-Helsinki-86Ro\u017ekalns-800x144.jpg 800w\" sizes=\"(max-width: 1325px) 100vw, 1325px\" \/><\/p>\n<p>16.04.18<\/p>\n<p><strong>Linards Granti\u0146\u0161.\u00a0 Latvijas Cilv\u0113kties\u012bbu grupas<\/strong> <strong>Helsinki- 86 &amp; LRTT<\/strong> dibin\u0101t\u0101js,<strong> II pak\u0101pes <\/strong><em>(lielvirsnieks)<\/em><strong>Triju Zvaig\u017e\u0146u orde\u0146a<\/strong> \u012bpa\u0161nieks un <strong>akt\u012bv\u0101s Atmodas<\/strong> aizs\u0101c\u0113js<em>(da\u017ereiz der \u0161iem \u017e\u012bdsala\u0161\u0146\u0101m, kolaborantiem, manas zemes okupantiem, manas tautas slepkav\u0101m un manas zemes izlaup\u012bt\u0101jiiem, to atg\u0101din\u0101t)<\/em><\/p>\n<p><img decoding=\"async\" loading=\"lazy\" class=\"alignleft wp-image-44410\" src=\"https:\/\/tautastribunals.eu\/wp-content\/uploads\/2018\/04\/MIGLA-SARKAN\u0100-NOL\u0100D\u0112T\u0100REINIKS\u0100BOLTI\u0145A.png\" alt=\"\" width=\"1374\" height=\"117\" srcset=\"https:\/\/tautastribunals.eu\/wp-content\/uploads\/2018\/04\/MIGLA-SARKAN\u0100-NOL\u0100D\u0112T\u0100REINIKS\u0100BOLTI\u0145A.png 986w, https:\/\/tautastribunals.eu\/wp-content\/uploads\/2018\/04\/MIGLA-SARKAN\u0100-NOL\u0100D\u0112T\u0100REINIKS\u0100BOLTI\u0145A-300x26.png 300w, https:\/\/tautastribunals.eu\/wp-content\/uploads\/2018\/04\/MIGLA-SARKAN\u0100-NOL\u0100D\u0112T\u0100REINIKS\u0100BOLTI\u0145A-768x65.png 768w, https:\/\/tautastribunals.eu\/wp-content\/uploads\/2018\/04\/MIGLA-SARKAN\u0100-NOL\u0100D\u0112T\u0100REINIKS\u0100BOLTI\u0145A-800x68.png 800w\" sizes=\"(max-width: 1374px) 100vw, 1374px\" \/><img decoding=\"async\" loading=\"lazy\" class=\"alignleft wp-image-44411\" src=\"https:\/\/tautastribunals.eu\/wp-content\/uploads\/2018\/04\/Borovkovs-Maiz\u012btisKozlovskis-Bunka-Blumbergs.-Granti\u0146\u0161.LRTT_-3.png\" alt=\"\" width=\"1372\" height=\"424\" srcset=\"https:\/\/tautastribunals.eu\/wp-content\/uploads\/2018\/04\/Borovkovs-Maiz\u012btisKozlovskis-Bunka-Blumbergs.-Granti\u0146\u0161.LRTT_-3.png 935w, https:\/\/tautastribunals.eu\/wp-content\/uploads\/2018\/04\/Borovkovs-Maiz\u012btisKozlovskis-Bunka-Blumbergs.-Granti\u0146\u0161.LRTT_-3-300x93.png 300w, https:\/\/tautastribunals.eu\/wp-content\/uploads\/2018\/04\/Borovkovs-Maiz\u012btisKozlovskis-Bunka-Blumbergs.-Granti\u0146\u0161.LRTT_-3-768x237.png 768w, https:\/\/tautastribunals.eu\/wp-content\/uploads\/2018\/04\/Borovkovs-Maiz\u012btisKozlovskis-Bunka-Blumbergs.-Granti\u0146\u0161.LRTT_-3-800x247.png 800w\" sizes=\"(max-width: 1372px) 100vw, 1372px\" \/><\/p>\n<h2><span style=\"color: #ff0000;\">\u0160is B. Lozes sac\u012btais nor\u0101da, ka slepkavas ir zin\u0101mi !!!<\/span><\/h2>\n<p>K\u0101p\u0113c laikrakstos netiek public\u0113ts \u0161is <strong>B. Lozes<\/strong> sac\u012btais noziedzniekam<strong> O. Blumbergam:<\/strong><\/p>\n<p><em>\u201cM\u0113s pa\u0161i dr\u012bz iesim Nekropoles ce\u013cus, bet pirms n\u0101ves es jaunajiem izst\u0101st\u012b\u0161u visu, ko zinu, taj\u0101 skait\u0101 ar\u012b par Birkavu un<strong> Borovkovu<\/strong>. Bet J\u016bs k\u0101 biju\u0161ais Augst\u0101k\u0101s Padomes deput\u0101ts no savas puses varat past\u0101st\u012bt jaunajiem, k\u0101 Latvij\u0101 tika izn\u012bd\u0113tas dziedn\u012bcas, piem\u0113ram Baldones dziedn\u012bca, \u0136emeru dziedniec\u012bca, R\u012bgas l\u012bcis, Zinat\u0146u Akad\u0113mijas dziedn\u012bca, Marienb\u0101de, kas bija dom\u0101ta repres\u0113tajiem vesel\u012bbas atjauno\u0161anai un daudzas citas liel\u0101kas un maz\u0101kas dziedn\u012bcas?\u201d<\/em><\/p>\n<p>Kriev\u017e\u012bdu izdzinte\u0146u \u0101rpr\u0101ts Krievij\u0101, kuru p\u0101r\u0146em ar\u012b Latvijas kriev\u017e\u012bdi:<\/p>\n<div class=\"video-container\"><iframe loading=\"lazy\" title=\"\u0413\u0440\u0430\u0436\u0434\u0430\u043d\u0441\u043a\u0430\u044f \u043e\u0431\u043e\u0440\u043e\u043d\u0430 - \u0432\u044b\u043f\u0443\u0441\u043a \u043e\u0442 10.04.2018\" width=\"500\" height=\"281\" src=\"https:\/\/www.youtube.com\/embed\/pb_Y8MSlkVY?feature=oembed&#038;wmode=opaque\" frameborder=\"0\" allow=\"accelerometer; autoplay; clipboard-write; encrypted-media; gyroscope; picture-in-picture\" allowfullscreen><\/iframe><\/div>\n","protected":false},"excerpt":{"rendered":"<p>Raksta apskats nosl\u0113gum\u0101 http:\/\/www.la.lv\/linarda-grantina-lieta-tiesa-virzas-leni\/ R\u012bgas pils\u0113tas Vid\u00adzemes priek\u0161pils\u0113tas tiesa \u0161o ceturtdien, 12.apr\u012bl\u012b, latvie\u0161u izcelsmes V\u0101cijas pilso\u0146a Linarda Granti\u0146a lietu skat\u012bja divdesmit min\u016btes un sl\u0113gt\u0101 k\u0101rt\u012bb\u0101, jo v\u0113rt\u0113ja aps\u016bdz\u0113t\u0101 vesel\u012bbas st\u0101vokli, diagnozi un vai visp\u0101r&#46;&#46;&#46;<\/p>\n","protected":false},"author":1,"featured_media":0,"comment_status":"open","ping_status":"open","sticky":false,"template":"","format":"standard","meta":[],"categories":[1],"tags":[],"_links":{"self":[{"href":"https:\/\/tautastribunals.eu\/index.php?rest_route=\/wp\/v2\/posts\/44359"}],"collection":[{"href":"https:\/\/tautastribunals.eu\/index.php?rest_route=\/wp\/v2\/posts"}],"about":[{"href":"https:\/\/tautastribunals.eu\/index.php?rest_route=\/wp\/v2\/types\/post"}],"author":[{"embeddable":true,"href":"https:\/\/tautastribunals.eu\/index.php?rest_route=\/wp\/v2\/users\/1"}],"replies":[{"embeddable":true,"href":"https:\/\/tautastribunals.eu\/index.php?rest_route=%2Fwp%2Fv2%2Fcomments&post=44359"}],"version-history":[{"count":40,"href":"https:\/\/tautastribunals.eu\/index.php?rest_route=\/wp\/v2\/posts\/44359\/revisions"}],"predecessor-version":[{"id":58239,"href":"https:\/\/tautastribunals.eu\/index.php?rest_route=\/wp\/v2\/posts\/44359\/revisions\/58239"}],"wp:attachment":[{"href":"https:\/\/tautastribunals.eu\/index.php?rest_route=%2Fwp%2Fv2%2Fmedia&parent=44359"}],"wp:term":[{"taxonomy":"category","embeddable":true,"href":"https:\/\/tautastribunals.eu\/index.php?rest_route=%2Fwp%2Fv2%2Fcategories&post=44359"},{"taxonomy":"post_tag","embeddable":true,"href":"https:\/\/tautastribunals.eu\/index.php?rest_route=%2Fwp%2Fv2%2Ftags&post=44359"}],"curies":[{"name":"wp","href":"https:\/\/api.w.org\/{rel}","templated":true}]}}