{"id":44065,"date":"2018-03-25T10:57:37","date_gmt":"2018-03-25T07:57:37","guid":{"rendered":"https:\/\/tautastribunals.eu\/?p=44065"},"modified":"2018-03-25T15:58:18","modified_gmt":"2018-03-25T12:58:18","slug":"25-marts-komunistu-asinsdziru-diena","status":"publish","type":"post","link":"https:\/\/tautastribunals.eu\/?p=44065","title":{"rendered":"25.marts,- komunistu asinsdz\u012bru diena !"},"content":{"rendered":"<h2><img decoding=\"async\" loading=\"lazy\" class=\"alignleft wp-image-44066\" src=\"https:\/\/tautastribunals.eu\/wp-content\/uploads\/2018\/03\/25.marts_.-Granti\u0146\u0161.LRTT_.Godmanis.png\" alt=\"\" width=\"632\" height=\"425\" srcset=\"https:\/\/tautastribunals.eu\/wp-content\/uploads\/2018\/03\/25.marts_.-Granti\u0146\u0161.LRTT_.Godmanis.png 748w, https:\/\/tautastribunals.eu\/wp-content\/uploads\/2018\/03\/25.marts_.-Granti\u0146\u0161.LRTT_.Godmanis-300x202.png 300w\" sizes=\"(max-width: 632px) 100vw, 632px\" \/>\u0160odien <strong>25. marts<\/strong>, latvie\u0161u tautas cie\u0161anu diena !<\/h2>\n<p><strong>25. marts <\/strong>ir <strong>aps\u016bdz\u012bba<\/strong> komunismam, komunistiem, vi\u0146u \u0123en\u0113tiskajiem un gar\u012bgajiem p\u0113cte\u010diem, kuri \u0161odien <strong>LATVIJ\u0100<\/strong> atrodas pie varas un turpina savu sen\u010du un gar\u012bgo priek\u0161g\u0101j\u0113ju asins darbus.<\/p>\n<p>Vai zemei un tautai nav j\u0101vaid, kad <strong>Latvijas <\/strong>prezidents apsveic \u00a0<strong>Krievijas<\/strong> <strong>\u201cprezidentu\u201d<\/strong> ar <strong>\u201cuzvaru\u201d<\/strong> v\u0113l\u0113\u0161an\u0101s<span style=\"color: #800080;\"><em><a style=\"color: #800080;\" href=\"https:\/\/ritakafija.lv\/2018\/03\/22\/ojars-skudra-vejonis-apsveikumu-putinam-sutijis-lai-nodrosinatu-sev-kapitalu-prezidenta-velesanas\/\">(kriev\u017e\u012bds apsveic kriev\u017e\u012bdu<\/a><a style=\"color: #800080;\" href=\"https:\/\/ritakafija.lv\/2018\/03\/22\/ojars-skudra-vejonis-apsveikumu-putinam-sutijis-lai-nodrosinatu-sev-kapitalu-prezidenta-velesanas\/\">(atv\u0113rt)<\/a><a style=\"color: #800080;\" href=\"https:\/\/ritakafija.lv\/2018\/03\/22\/ojars-skudra-vejonis-apsveikumu-putinam-sutijis-lai-nodrosinatu-sev-kapitalu-prezidenta-velesanas\/\">)<\/a> <\/em><\/span>!!!<\/p>\n<p>Tikai<strong> gar\u012bgs kroplis <\/strong>un <strong><u>slepkavu p\u0113ctecis ir<\/u><\/strong> sp\u0113j\u012bgs: <strong><u>asinis nod\u0113v\u0113t par vesel\u012bbas dz\u0113rienu <\/u><\/strong>!<\/p>\n<p>Protams, ka s\u0101tanisma piel\u016bdz\u0113jiem<strong>(KOMUNISTIEM- J\u016aDAISTIEM)<\/strong> asinis ir <strong>VESEL\u012aBAS DZ\u0112RIENS, <\/strong>jo vi\u0146iem <strong>Dievi\u0161\u0137\u0101 dz\u012bvibas ener\u0123ija<\/strong> nav pieejama !<\/p>\n<p>-Nebaidies, latviet, nol\u0101d\u0113t \u0161os de\u0123ener\u0101tus, kuri \u0161odien p\u0101rvalda m\u016bsu <strong>T\u0112VZEMI<\/strong> !<\/p>\n<p>-Nebaidies nol\u0101d\u0113t visus tos, kuri tevi un tavu <strong>T\u0113vzemi<\/strong> apzogot k\u013cuvu\u0161i pasakaini bag\u0101ti.<\/p>\n<p>-Vi\u0146i ir tie, kuri \u0146irg\u0101jas par m\u016bsu sen\u010du p\u012b\u0161\u013ciem.<\/p>\n<p>Vi\u0146i, \u0161ie<strong> godma\u0146i, brigma\u0146i, borovkovi, kargini, cil\u0113vi\u010di, \u017ed\u0101noki<\/strong>&#8230;. ir j\u0101ties\u0101 un sods j\u0101izpilda visas cilv\u0113ces priek\u0161\u0101 !<\/p>\n<p>\u0160eit sac\u012bto v\u0101rdu pareiz\u012bbu apstiprina tas, ka <strong>&#8220;\u010dekas maisi&#8221;<\/strong> neveras un neveras va\u013c\u0101 !<\/p>\n<h2><span style=\"color: #ff0000;\">Pasaule bez cionisma(S\u0100TANISMA)= MIERS VIRS ZEMES !<\/span><\/h2>\n<p><img decoding=\"async\" loading=\"lazy\" class=\"alignleft size-full wp-image-44070\" src=\"https:\/\/tautastribunals.eu\/wp-content\/uploads\/2018\/03\/U\u0161akovsGodmanisV\u0113jonisGranti\u0146\u0161LRTT.png\" alt=\"\" width=\"625\" height=\"425\" srcset=\"https:\/\/tautastribunals.eu\/wp-content\/uploads\/2018\/03\/U\u0161akovsGodmanisV\u0113jonisGranti\u0146\u0161LRTT.png 625w, https:\/\/tautastribunals.eu\/wp-content\/uploads\/2018\/03\/U\u0161akovsGodmanisV\u0113jonisGranti\u0146\u0161LRTT-300x204.png 300w\" sizes=\"(max-width: 625px) 100vw, 625px\" \/><img decoding=\"async\" loading=\"lazy\" class=\"alignleft wp-image-44071\" src=\"https:\/\/tautastribunals.eu\/wp-content\/uploads\/2018\/03\/Kalni\u0146\u0161U\u0161akovsBorovkovsGodmanisGranti\u0146\u0161LRTT.png\" alt=\"\" width=\"628\" height=\"650\" srcset=\"https:\/\/tautastribunals.eu\/wp-content\/uploads\/2018\/03\/Kalni\u0146\u0161U\u0161akovsBorovkovsGodmanisGranti\u0146\u0161LRTT.png 760w, https:\/\/tautastribunals.eu\/wp-content\/uploads\/2018\/03\/Kalni\u0146\u0161U\u0161akovsBorovkovsGodmanisGranti\u0146\u0161LRTT-290x300.png 290w\" sizes=\"(max-width: 628px) 100vw, 628px\" \/>25. 03.18\u00a0\u00a0\u00a0\u00a0\u00a0\u00a0\u00a0\u00a0\u00a0\u00a0\u00a0 L. Granti\u0146\u0161<\/p>\n<hr \/>\n<hr \/>\n<hr \/>\n<hr \/>\n<h1><span style=\"color: #ff0000;\">Par \u017e\u012bd- s\u0101tanistiem un vi\u0146u tuvojo\u0161os galu<\/span><\/h1>\n<hr \/>\n<hr \/>\n<hr \/>\n<hr \/>\n<p>Gals vi\u0146iem draud tie\u0161i no <strong>ASV<\/strong>.<\/p>\n<p>T\u0101p\u0113c jau tik briesm\u012bgi vi\u0146u uzst\u0101jas pret &#8220;<strong>sorosistiem<\/strong>&#8220;:<\/p>\n<p><iframe loading=\"lazy\" width=\"500\" height=\"281\" src=\"https:\/\/www.youtube.com\/embed\/q5sKhHzDZUM?feature=oembed&#038;wmode=opaque\" frameborder=\"0\" allow=\"autoplay; encrypted-media\" allowfullscreen><\/iframe><\/p>\n","protected":false},"excerpt":{"rendered":"<p>\u0160odien 25. marts, latvie\u0161u tautas cie\u0161anu diena ! 25. marts ir aps\u016bdz\u012bba komunismam, komunistiem, vi\u0146u \u0123en\u0113tiskajiem un gar\u012bgajiem p\u0113cte\u010diem, kuri \u0161odien LATVIJ\u0100 atrodas pie varas un turpina savu sen\u010du un gar\u012bgo priek\u0161g\u0101j\u0113ju asins darbus.&#46;&#46;&#46;<\/p>\n","protected":false},"author":1,"featured_media":0,"comment_status":"open","ping_status":"open","sticky":false,"template":"","format":"standard","meta":[],"categories":[1],"tags":[],"_links":{"self":[{"href":"https:\/\/tautastribunals.eu\/index.php?rest_route=\/wp\/v2\/posts\/44065"}],"collection":[{"href":"https:\/\/tautastribunals.eu\/index.php?rest_route=\/wp\/v2\/posts"}],"about":[{"href":"https:\/\/tautastribunals.eu\/index.php?rest_route=\/wp\/v2\/types\/post"}],"author":[{"embeddable":true,"href":"https:\/\/tautastribunals.eu\/index.php?rest_route=\/wp\/v2\/users\/1"}],"replies":[{"embeddable":true,"href":"https:\/\/tautastribunals.eu\/index.php?rest_route=%2Fwp%2Fv2%2Fcomments&post=44065"}],"version-history":[{"count":19,"href":"https:\/\/tautastribunals.eu\/index.php?rest_route=\/wp\/v2\/posts\/44065\/revisions"}],"predecessor-version":[{"id":44087,"href":"https:\/\/tautastribunals.eu\/index.php?rest_route=\/wp\/v2\/posts\/44065\/revisions\/44087"}],"wp:attachment":[{"href":"https:\/\/tautastribunals.eu\/index.php?rest_route=%2Fwp%2Fv2%2Fmedia&parent=44065"}],"wp:term":[{"taxonomy":"category","embeddable":true,"href":"https:\/\/tautastribunals.eu\/index.php?rest_route=%2Fwp%2Fv2%2Fcategories&post=44065"},{"taxonomy":"post_tag","embeddable":true,"href":"https:\/\/tautastribunals.eu\/index.php?rest_route=%2Fwp%2Fv2%2Ftags&post=44065"}],"curies":[{"name":"wp","href":"https:\/\/api.w.org\/{rel}","templated":true}]}}