{"id":44008,"date":"2018-03-24T15:01:38","date_gmt":"2018-03-24T13:01:38","guid":{"rendered":"https:\/\/tautastribunals.eu\/?p=44008"},"modified":"2022-07-02T11:51:42","modified_gmt":"2022-07-02T08:51:42","slug":"v-freimantals-kad-satanisti-uzdodas-par-engeliem-aizstavesim-a-a-berzinu","status":"publish","type":"post","link":"https:\/\/tautastribunals.eu\/?p=44008","title":{"rendered":"V. Freimant\u0101ls. Kad s\u0101tanisti uzdodas par e\u0146\u0123e\u013ciem- aizst\u0101v\u0113sim A. A. B\u0113rzi\u0146u"},"content":{"rendered":"<h2><img decoding=\"async\" loading=\"lazy\" class=\"alignleft wp-image-44011\" src=\"https:\/\/tautastribunals.eu\/wp-content\/uploads\/2018\/03\/Valdis-Freimant\u0101lsL.Granti\u0146\u0161.LRTT_.png\" alt=\"\" width=\"1496\" height=\"424\" srcset=\"https:\/\/tautastribunals.eu\/wp-content\/uploads\/2018\/03\/Valdis-Freimant\u0101lsL.Granti\u0146\u0161.LRTT_.png 744w, https:\/\/tautastribunals.eu\/wp-content\/uploads\/2018\/03\/Valdis-Freimant\u0101lsL.Granti\u0146\u0161.LRTT_-300x85.png 300w\" sizes=\"(max-width: 1496px) 100vw, 1496px\" \/>Paldies par nov\u0113rojumu \u201ea\u201c !<\/h2>\n<ul>\n<li id=\"comment-49735\" class=\"comment even thread-even depth-1\">\n<div id=\"div-comment-49735\" class=\"comment-body\">\n<div class=\"comment-author vcard\"><img decoding=\"async\" loading=\"lazy\" class=\"avatar avatar-32 photo avatar-default\" src=\"https:\/\/secure.gravatar.com\/avatar\/?s=32&amp;d=mm&amp;r=g\" srcset=\"https:\/\/secure.gravatar.com\/avatar\/?s=64&amp;d=mm&amp;r=g 2x\" alt=\"\" width=\"32\" height=\"32\" \/> <cite class=\"fn\">a.<\/cite> <span class=\"says\">saka:<\/span><\/div>\n<div class=\"comment-meta commentmetadata\"><a href=\"https:\/\/tautastribunals.eu\/?p=43899#comment-49735\"> 2018. gada 22. M\u00e4rz um 20.50 Uhr<\/a>\u00a0\u00a0<a class=\"comment-edit-link\" href=\"https:\/\/tautastribunals.eu\/wp-admin\/comment.php?action=editcomment&amp;c=49735\">(Bearbeiten)<\/a><\/div>\n<h2>Kaut k\u0101 nemana Valdi Freimant\u0101lu\u2026<\/h2>\n<\/div>\n<\/li>\n<\/ul>\n<p>Okupantu un kolaboracionistu ties\u0101\u0161ana nevar notikt, ja <strong>Latvijas<\/strong> patriotiem<strong> <u>Latvij\u0101<\/u><\/strong><u> nav savas b\u0101zes \u2013 likum\u012bgas un past\u0101v\u012bgas<\/u>, visiem zin\u0101mas un \u0113rti pieejamas vietas kur tikties, str\u0101d\u0101t un justies dro\u0161i!<\/p>\n<p>Kop\u0161 <strong>R\u012bgas Latvie\u0161u Biedr\u012bbas<\/strong> brut\u0101l\u0101s, asi\u0146ain\u0101s un cinisk\u0101s izn\u012bcin\u0101\u0161anas 1993. gada 18. febru\u0101ra nakt\u012b sarkanie c\u0113rme\u0146i j\u016btas labi un<strong> NEAPDRAUD\u0112TI<\/strong>.<\/p>\n<p>Tagad vi\u0146u kapit\u0101li un vi\u0146u <strong>Latvijas <\/strong>p\u0101rvaldes sist\u0113ma darbojas ar pilnu jaudu, nesdami vis\u012bst\u0101ko \u201e<strong>bezstr\u0101des pe\u013c\u0146u miljonos un miljardos<\/strong>\u201c.<\/p>\n<p><u>Tagad vi\u0146u masu zomb\u0113\u0161anas ma\u0161\u012bna ir lab\u0101k noregul\u0113ta un palaista ar pilnu jaudu<\/u>.<\/p>\n<p>Praktiski<strong> Latvij\u0101<\/strong> opoz\u012bcijas komunistu un \u010dekistu varai nav !<\/p>\n<p>Individu\u0101li <strong>\u201e\u0161\u0146uksti\u201c<\/strong> vi\u0146us absol\u016bti nesatrauc !<\/p>\n<p>Vi\u0146i lieliski zina un saprot, kas aiz k\u0101das personas st\u0101v.<\/p>\n<p>Ikviens opozicion\u0101rs nej\u016btas dro\u0161s <strong><u>simtgades gaido\u0161aj\u0101 Dzimten\u0113<\/u><\/strong> !<\/p>\n<p>Cita lieta \u2013 atcirst k\u0101du zaru no <strong>\u201eVaras koka\u201c<\/strong> !<\/p>\n<p>Bet kas to izdar\u012bs ?<\/p>\n<p>Dom\u0101jams, ka <strong><u>tikai un vien\u012bgi pasaules sabiedrisk\u0101 doma<\/u><\/strong>.<\/p>\n<p>Tikai patiesas demokr\u0101tijas aizst\u0101vji, kuri saprot, ka koks ir j\u0101c\u0113rt p\u0101rdom\u0101ti un p\u0113c sist\u0113mas ar cir\u0161anai vai z\u0101\u0123\u0113\u0161anai paredz\u0113tiem instrumentiem !<\/p>\n<p><u>Komunisma<strong> &#8220;baobabu&#8221;<\/strong> nenogaz\u012bs gar zemi sitot ar smildzi\u0146u<\/u> !<\/p>\n<p>Tam vajadz\u012bgs cirvis vai z\u0101\u0123is un cirt\u0113js vai z\u0101\u0123\u0113t\u0101js!<\/p>\n<p><strong>KGB<\/strong>istu banda ir k\u013cuvusi varen\u0101ka k\u0101 jebkad, mask\u0113joties un mu\u013c\u0137ojot latvie\u0161us !<\/p>\n<p>Nav j\u0101paskaidro, ka sist\u0113mu var likvid\u0113t tikai ar citu sist\u0113mu<em>(gudr\u0101ku).<\/em><\/p>\n<p>Mums, latvie\u0161iem t\u0101da ir iestr\u0101d\u0101ta satversm\u0113, kuru sarkanie baroni izkrop\u013coju\u0161i l\u012bdz nepaz\u012b\u0161anai<em>(uzspie\u017eot \u201ePARTIJU\u201c v\u0113l\u0113\u0161anas).<\/em><\/p>\n<p>\u0122er\u017einska asinssu\u0146u bars, k\u0101 nekad, nostiprin\u0101ju\u0161i savas poz\u012bcijas un rad\u012bju\u0161i nebiju\u0161u \u201etautas atbalstu\u201c.<\/p>\n<p><u>Ja<strong> Sta\u013cina<\/strong> un<strong> \u013be\u0146ina<\/strong> r\u012bk\u013cur\u0101v\u0113jus br\u012bv\u0101 pasaule nosod\u012bja<\/u>, tad \u0161odienas organiz\u0113t\u0101 <strong>\u201esarkanbaronu\u201c<\/strong> noziedz\u012bg\u0101 grupa lien arvien dzi\u013c\u0101k br\u012bv\u0101s pasaules mies\u0101- <strong>k\u0101 nej\u016btams nazis tuv\u0101k sirdij<\/strong> !<\/p>\n<p>Mask\u0113ju\u0161ies ar \u201e<strong>demokr\u0101tu<\/strong>\u201c lozungiem un pa\u0161pasludin\u0101tiem likumiem,- s\u0101tanisti uzdodas par e\u0146\u0123el\u012b\u0161iem.<\/p>\n<p>Vi\u0146i algo milz\u012bgu skaitu \u201e<strong>vareno kastai pietuvin\u0101tos<\/strong>\u201c !<\/p>\n<p>Un<strong> NEO<\/strong><em>(Poik\u0101ns)<\/em> vi\u0146us izgaismoja.<\/p>\n<p>\u0160ie <strong>\u201epietuvin\u0101tie\u201c <\/strong>ir apmierin\u0101ti ar dz\u012bvi un ir visas komunistu sist\u0113mas balsts !<\/p>\n<p>Tie ir negodpr\u0101t\u012bgi un augst\u0101k\u0101 m\u0113r\u0101 <strong>\u201ep\u0113rkami\u201c<\/strong> \u013caudis \u2013 bez principiem, tie\u0161s pretstats <strong>Ansim Ataolam B\u0113rzi\u0146am <\/strong>!<\/p>\n<p><img decoding=\"async\" loading=\"lazy\" class=\"alignleft wp-image-44036\" src=\"https:\/\/tautastribunals.eu\/wp-content\/uploads\/2018\/03\/Ansis-Ataols-B\u0113rzi\u0146\u0161.L.Granti\u0146\u0161.V.-Freimant\u0101ls-800x496.jpg\" alt=\"\" width=\"389\" height=\"241\" srcset=\"https:\/\/tautastribunals.eu\/wp-content\/uploads\/2018\/03\/Ansis-Ataols-B\u0113rzi\u0146\u0161.L.Granti\u0146\u0161.V.-Freimant\u0101ls-800x496.jpg 800w, https:\/\/tautastribunals.eu\/wp-content\/uploads\/2018\/03\/Ansis-Ataols-B\u0113rzi\u0146\u0161.L.Granti\u0146\u0161.V.-Freimant\u0101ls-800x496-300x186.jpg 300w, https:\/\/tautastribunals.eu\/wp-content\/uploads\/2018\/03\/Ansis-Ataols-B\u0113rzi\u0146\u0161.L.Granti\u0146\u0161.V.-Freimant\u0101ls-800x496-768x476.jpg 768w\" sizes=\"(max-width: 389px) 100vw, 389px\" \/>Tikai atjaunojot <strong>R\u012bgas Latvie\u0161u Biedr\u012bbas<\/strong> likum\u012bgos 1938. gada stat\u016btus m\u0113s rad\u012bsim sev diskusiju un anal\u012btisko centru \u201e<strong>M\u0100MU\u013b\u0100<\/strong>\u201c, kur ikviens <strong><u>Latvijas patriots jut\u012bsies ka m\u0101j\u0101s <\/u><\/strong>!<\/p>\n<p>Tad, pie\u0146emot rezol\u016bcijas par amatpersonu likump\u0101rk\u0101pumiem izt\u012br\u012bsim \u201e<strong>Augeja sta\u013c\u013cus<\/strong>\u201c !<\/p>\n<p>T\u0101ds ce\u013c\u0161 ir ejams, ne noziedz\u012bgais \u201e<strong>br\u012bvo<\/strong>\u201c latvie\u0161u komunistu un \u010dekistu apj\u016bsmo\u0161anas ce\u013c\u0161 ! <em>(Cik vi\u0146i labi organiz\u0113t\u0101ji vis\u0101s jom\u0101s)<\/em> !<\/p>\n<p>Cik neaizst\u0101jami ir selekcion\u0113tie bezprincipu m\u0113rg\u013ci !<\/p>\n<p>Vi\u0146i organiz\u0113 ne tikai da\u013c\u0113ju, bet <strong><u>piln\u012bgu latvie\u0161u kult\u016bras likvid\u0101ciju<\/u><\/strong> !<\/p>\n<p>Vai mums maz ar latvie\u0161u tautas zaud\u0113jumiem<em>(Vai nepietiek) <\/em>?<\/p>\n<p>Tikko <strong>Viktors Avoti\u0146\u0161<\/strong> galerij\u0101 <strong>\u201eR\u012bga\u201c<\/strong> noorganiz\u0113ja preses konferenci <strong>An\u0161a Ataola Berzi\u0146a<\/strong> aizst\u0101v\u012bbai ! Tas tika film\u0113ts n\u0101kamajam paaudz\u0113m, pateicoties iespaid\u012bgai apzin\u012bgo patriotu kop\u0101 san\u0101k\u0161anai !<\/p>\n<p>L\u016bk, <strong>no k\u0101 sarkanie mo\u0161\u0137i baid\u0101s<\/strong> \u2013 no dom\u0101jo\u0161iem, aukstasin\u012bgiem latvie\u0161iem.<\/p>\n<p>Visdzi\u013c\u0101k\u0101 cie\u0146a galerijas <strong>\u201eR\u012bga\u201c<\/strong> \u012bpa\u0161niekam <strong>Dagam Vidulejam<\/strong>.<\/p>\n<h2>Latvija mostas !<\/h2>\n<p>Cik \u017e\u0113l, ka <strong>\u201eM\u0101mu\u013c\u0101\u201c <\/strong>saimnieko <strong><u>komunisti un \u010dekisti,<\/u><\/strong> ka tauta nevar san\u0101kt kop\u0101 <u>Mer\u0137e\u013ca iel\u0101 13 un<\/u> pie\u0146emt l\u0113mumu \u2013 nekav\u0113joties atbr\u012bvot <strong>Ansi Ataolu B\u0113rzi\u0146u<\/strong> !!!<\/p>\n<p>Ar <strong>R\u012bgas Latvie\u0161u Biedr\u012bbas<\/strong> l\u0113mumu ir j\u0101r\u0113\u0137in\u0101s tieslietu ministram un valsts prezidentam ! <em>(T\u0101, l\u016bk ir latvie\u0161u kult\u016bras \u012bpatn\u012bba un gadsimtos nosl\u012bp\u0113t\u0101 tautas gudr\u012bba)<\/em> !<\/p>\n<p>Nobeigum\u0101 teik\u0161u <strong>Gun\u0101ra Astras<\/strong> v\u0101rdus: <strong>\u201eZinu, ka ar laiku Latvij\u0101 izzud\u012bs komunistu un \u010dekistu vara k\u0101 \u0161ausm\u012bg\u0101kais murgs\u201c <\/strong>!<\/p>\n<h2>Dievs, sv\u0113ti Latviju !<\/h2>\n<p>Dievs, aizst\u0101vi latvie\u0161u \u0123imenes !<\/p>\n<p>Dievs, apvieno Helsinkos 86 visu Latviju !<\/p>\n<hr \/>\n<hr \/>\n<hr \/>\n<hr \/>\n<h2>LRTT pielikums V. Freimant\u0101la sac\u012btajam<strong>:<\/strong><\/h2>\n<div id=\"comment_1220437\" class=\"item\" data-id=\"1220437\">\n<h2 class=\"author\"><span style=\"color: #ff0000;\"><b>No Tautas<\/b><\/span><\/h2>\n<\/div>\n<div id=\"comment_1220444\" class=\"item\" data-id=\"1220444\">\n<h2 class=\"txt\"><a href=\"http:\/\/m.nra.lv\/latvija\/kriminalzinas\/240479-ansis-ataols-berzins-atgriezies-latvija-un-ievietots-centralcietuma.htm\"><strong>\u00a0Ko noklus\u0113ja visi m\u0113diji<em>(atv\u0113rt)<\/em> !<\/strong><\/a><\/h2>\n<h2 class=\"txt\">23.marts 2018 14:08 <a class=\"btnReply\" href=\"http:\/\/m.nra.lv\/latvija\/kriminalzinas\/240479-ansis-ataols-berzins-atgriezies-latvija-un-ievietots-centralcietuma.htm\/komentari#\">Atbild\u0113t<\/a><\/h2>\n<\/div>\n<p>\u0160odien, 0:19<br \/>\n<span style=\"color: #0000ff;\"><em><strong>A. Balts<\/strong><\/em><\/span><br \/>\n<span style=\"color: #0000ff;\"><em> \u0160odien Dzirnavu ielas 67 Nr. <strong>&#8220;Galerij\u0101 R\u012bga&#8221;<\/strong> 7.st\u0101v\u0101 notika <strong>A.A.B\u0113rzi\u0146a<\/strong> preses konferences tipa atbalsta akcija, kuru r\u012bkoja <strong>A.A.B\u0113rzi\u0146a<\/strong> m\u0101te <strong>J.Staburova<\/strong> un t\u0113vs, dzejnieks &#8211; tulkot\u0101js <strong>Uldis B\u0113rzi\u0146\u0161<\/strong> un An\u0161a advok\u0101ts un pas\u0101kuma vad\u012bt\u0101js bija <strong>Viktors Avoti\u0146\u0161<\/strong>.. Nelielaj\u0101 telp\u0101 bija sapulc\u0113ju\u0161ies apm. 20-25 cilv\u0113ki, \u017eurn\u0101listi un p\u0101rsvar\u0101 da\u017e\u0101du sabiedrisko organiz\u0101ciju p\u0101rst\u0101vji, no varas poz\u012bcijas puses bija juristu biedr\u012bbas p\u0101rst\u0101vis <strong>Rihards Bunka<\/strong>. Iz\u0146emot min\u0113to personu, visi citi izteica nedal\u012btu atbalstu <strong><u>4.maija varturu upurim<\/u><\/strong>, nesalauztajam paties\u012bbas c\u012bn\u012bt\u0101jam <strong>A .A. B\u0113rzi\u0146am<\/strong> un nosod\u012bjumu<strong> LV<\/strong> tiesu sist\u0113mas politisk\u0101s izr\u0113\u0137in\u0101\u0161an\u0101s farsam. D\u012bvaini, bet \u0161\u0137iet, ka nevien\u0101 masu m\u0113dij\u0101 tas netika atspogu\u013cots!<\/em><\/span><br \/>\n<span style=\"color: #0000ff;\"><em> ********************<\/em><\/span><br \/>\n<span style=\"color: #0000ff;\"><em> Un patiesi, bija daudz da\u017e\u0101du izdevumu \u017eurn\u0101listi, ar\u012b no <strong>LTV-1<\/strong>, bet&#8230;<\/em><\/span><br \/>\n<span style=\"color: #0000ff;\"><em> &#8212;&#8212;&#8212;&#8212;&#8212;&#8212;&#8212;&#8212;&#8212;&#8212;&#8212;&#8212;&#8212;&#8212;&#8212;&#8212;&#8212;&#8212;&#8212;&#8212;&#8212;&#8212;&#8212;&#8211;<\/em><\/span><br \/>\n<span style=\"color: #0000ff;\"><em> Vai tas, ka m\u0113dijiem bija pav\u0113l\u0113ts vai iebied\u0113ti par \u0161o atbalsta pas\u0101kumu 22. mart\u0101<strong> A.A.B\u0113rzi\u0146am<\/strong> nezi\u0146ot, nav liec\u012bba par <strong>4.maija varas iest\u0101\u017eu noziedz\u012bgu<\/strong>, izmekl\u0113jamu un ties\u0101jamu r\u012bc\u012bbu ?!<\/em><\/span><\/p>\n<h2>Vakar, 21:06 <a href=\"http:\/\/m.nra.lv\/latvija\/kriminalzinas\/240479-ansis-ataols-berzins-atgriezies-latvija-un-ievietots-centralcietuma.htm\/komentari\">Atbild\u0113t<\/a><\/h2>\n<p><span style=\"color: #0000ff;\"><em><strong>Imants<\/strong><\/em><\/span><\/p>\n<p><span style=\"color: #0000ff;\"><em>\u0160eit <strong>LETA<\/strong> k\u0101rt\u0113jo reizi <strong>apmelo<\/strong> <strong><u>Latvijas pilsoni Ansi Ataolu B\u0113rzi\u0146u <\/u><\/strong>!!! <strong>Augst\u0101k\u0101 tiesa<\/strong> piesprie\u017eot nosac\u012bto sodu nor\u0101d\u012bja, ka nav vajadz\u012bga prob\u0101cijas dienesta uzraudz\u012bba !!! Prob\u0101cijas dienests ar savu <strong>&#8220;kabatas tiesne\u0161u&#8221;<\/strong> pal\u012bdz\u012bbu uzsp\u013c\u0101va <strong>Latvijas likumiem<\/strong> un ignor\u0113jot <strong><u>Augst\u0101k\u0101s tiesas l\u0113mumu piesprieda A. A. B\u0113rzi\u0146am cietumsodu<\/u><\/strong> !?!?!?<\/em><\/span><\/p>\n<p><span style=\"color: #0000ff;\"><em>T\u0101 ir paties\u012bba !!! \u00a0Varb\u016bt, ka gaid\u012bja kukuli, bet nesagaid\u012bju\u0161i uzsp\u013c\u0101va likumam ??? \u0160eit par\u0101d\u0101s paties\u0101s valsts <strong>Prezidenta, \u0122ener\u0101lprokurora <\/strong>un <strong>Augst\u0101k\u0101s tiesas<\/strong> priek\u0161s\u0113d\u0113t\u0101ja sejas !!! Visi nepilda savus valsts dienesta pien\u0101kumus &#8211; aizst\u0101v\u0113t likum\u012bbu un<strong> Latvijas pilso\u0146a ties\u012bbas, izliekoties, ka neko nesaprot&#8230;<\/strong><\/em><\/span><\/p>\n<hr \/>\n<hr \/>\n<hr \/>\n<hr \/>\n<p>Tie\u0161i par \u0161o noziedz\u012bgo tiesu un tiesne\u0161u darb\u012bbu run\u0101 ar\u012b tikko m\u012bklainos apst\u0101k\u013cos- nakt\u012b no savas m\u0101jas pazudus\u012b biju\u0161\u0101 prokurore <strong>Biruta Loze<\/strong>.<\/p>\n<p>Ieklausieties, kaut ar\u012b tiek run\u0101ts par peson\u012bgo <strong>LIETU,<\/strong> ko vi\u0146a saka par \u0161odenas tiesu sist\u0113mu<strong> Latvij\u0101<\/strong>:<\/p>\n<div class=\"video-container\"><iframe loading=\"lazy\" title=\"Protests pret politisko korupciju Latvij\u0101\" width=\"500\" height=\"375\" src=\"https:\/\/www.youtube.com\/embed\/rz2UPSlY8yA?start=171&#038;feature=oembed&#038;wmode=opaque\" frameborder=\"0\" allow=\"accelerometer; autoplay; clipboard-write; encrypted-media; gyroscope; picture-in-picture\" allowfullscreen><\/iframe><\/div>\n<p>Sarkano cionistu slepkavu banda ignor\u0113 visus, ne tikai <strong>MOR\u0100LES,<\/strong> bet ar\u012b <strong>krimin\u0101l- LIKUMUS<\/strong>. Tas tiek dar\u012bts apzin\u0101ti, lai taut\u0101 iedz\u012btu <strong><u>para- norm\u0101las bailes<\/u><\/strong>,- \u00a0at\u0146emt gribu c\u012bn\u012bties par<strong> PATIES\u012aBAS<\/strong> un <strong>Tiesiskuma atjauno\u0161anu Latvij\u0101<\/strong>. Tikko koment\u0113t\u0101js <strong>A. Balts<\/strong> piemin\u0113ja slepkavu <strong>Rihardu Bunku<\/strong>, kur\u0161 ar\u012b bija ieradies \u0161aj\u0101 pas\u0101kum\u0101 un bija vien\u012bgais, kas neizteica atbalstu <strong>A. A. B\u0113rzi\u0146am. <\/strong><\/p>\n<p><strong>Rihards Bunka<\/strong> ir \u017e\u012bds<em>(slepkavas A. Bunkas aud\u017eud\u0113ls)- <\/em><strong>Godma\u0146a &amp; Borovkova<\/strong> bandas pas\u016bt\u012bto slepkav\u012bbu realiz\u0113t\u0101js. \u0160is de\u0123ener\u0101ts <strong>RCC<\/strong> veica eksek\u016bcijas ar let\u0101liem izn\u0101kumiem.<\/p>\n<p>Vien\u012bgais sods, ko \u0161is slepkava \u201c<strong>sa\u0146\u0113ma<\/strong>\u201d, bija: <a href=\"http:\/\/pietiek.com\/raksti\/gadu_mija_klusi_nomainits_rigas_centralcietuma_drosibas_dalas_sefs\/komentari\">at\u013cauja str\u0101d\u0101t<strong> R\u012bgas Stradi\u0146a Universit\u0101t\u0113, <\/strong>kur izgl\u012btos topo\u0161os policistus<em><strong>(atv\u0113rt)<\/strong><\/em><\/a>\u2026 .<\/p>\n<p><strong>R. Bunka<\/strong> zem viltus izk\u0101rtnes-<a href=\"https:\/\/juristiem.wordpress.com\/\"> <strong>Latvijas Juristu Apvien\u012bba<\/strong><em>(skat\u012bt)<\/em>,<\/a> veic un organiz\u0113 \u0161odienas \u017e\u012bd<strong>Latvijas<\/strong> pretinieku slepkav\u012bbas.<\/p>\n<p><a href=\"https:\/\/sputniknewslv.com\/Latvia\/20180310\/7618796\/Vid-vaditaja-cirule-atrasta-mirusi.html\"><strong>Ilzes C\u012brules<\/strong><\/a> un <a href=\"http:\/\/jauns.lv\/raksts\/zinas\/274376-jau-teju-nedelu-mistiski-pazudusi-bijusi-prokurore-loze\"><strong>Birutas Lozes<\/strong> <\/a>likvid\u0113\u0161ana ir tikai da\u017eu p\u0113d\u0113jo dienu<strong> Borovkova &amp; Godma\u0146a<\/strong><em>(R. Bunkas izpild\u012bjum\u0101)<\/em> roku darbs. \u0160ie cionisti latvie\u0161us slepkavo masveid\u0101. Visi, kuri ir biju\u0161o noziegumu liecinieki- un pa\u0161reiz izsaka neapmierin\u0101t\u012bbu k\u0101d\u0101 jaut\u0101jum\u0101, tiek aizv\u0101kti no &#8220;skatuves&#8221;. Kaut vai <a href=\"https:\/\/tautastribunals.eu\/?p=41624\"><strong>K. Pupurs<\/strong><\/a> un Liep\u0101jas Pa\u0161vald\u012bbas policijas priek\u0161nieks <a href=\"https:\/\/tautastribunals.eu\/?p=42875\"><strong>Normuds D\u012b\u0137is<\/strong><\/a><em>(kaut ar\u012b pistole pie s\u0101niem, tom\u0113r izv\u0113l\u0113j\u0101s &#8220;pak\u0101rties. Vai nav interesanta kombin\u0101cija ? Protams, ka tika no &#8220;kol\u0113\u0123iem&#8221; pak\u0101rts. Lieki liecinieki nav vajadz\u012bgi. Lemberga LIET\u0100 13 licinieki nol\u0113ma &#8220;atvad\u012bties&#8221;).<\/em><\/p>\n<h2><a href=\"https:\/\/tautastribunals.eu\/?p=39910\"><em>(Lasi Astr\u012bdas Bab\u0101nes liec\u012bbas par \u0161o slepkavu- kriev\u017e\u012bdu izdzimu).<\/em><\/a><\/h2>\n<p><img decoding=\"async\" loading=\"lazy\" class=\"alignleft wp-image-44019\" src=\"https:\/\/tautastribunals.eu\/wp-content\/uploads\/2018\/03\/Latvija.Granti\u0146\u0161.Z\u012bverts.LRTT_.png\" alt=\"\" width=\"1868\" height=\"1266\" srcset=\"https:\/\/tautastribunals.eu\/wp-content\/uploads\/2018\/03\/Latvija.Granti\u0146\u0161.Z\u012bverts.LRTT_.png 1180w, https:\/\/tautastribunals.eu\/wp-content\/uploads\/2018\/03\/Latvija.Granti\u0146\u0161.Z\u012bverts.LRTT_-300x203.png 300w, https:\/\/tautastribunals.eu\/wp-content\/uploads\/2018\/03\/Latvija.Granti\u0146\u0161.Z\u012bverts.LRTT_-768x521.png 768w, https:\/\/tautastribunals.eu\/wp-content\/uploads\/2018\/03\/Latvija.Granti\u0146\u0161.Z\u012bverts.LRTT_-800x542.png 800w\" sizes=\"(max-width: 1868px) 100vw, 1868px\" \/>L\u016bk p\u0113c t\u0101diem principiem str\u0101d\u0101 1940.g. okupantu un m\u016bsu tautas slepkavu p\u0113cte\u010di<span style=\"color: #ff0000;\"><em>(Komunisms bija nekas vair\u0101k, k\u0101 mask\u0113ts j\u016bdaisma totalit\u0101risms). <\/em><\/span><\/p>\n<h2>\u0160\u012b j\u016bdaistu \u2013 nacistu banda ir piln\u012bb\u0101 p\u0101r\u0146\u0113musi <strong>Latviju<\/strong> !<\/h2>\n<p>Un,- !!!: ne tikai<strong> Latviju<\/strong>, bet <strong>Krieviju <\/strong>un<strong> ES<\/strong> !<\/p>\n<h3><span style=\"color: #ff0000;\">Kam\u0113r neb\u016bs no pasaules \u201c<strong>izdedzin\u0101ts<\/strong>\u201d judaisms- komunisms, <strong>MIERS NEB\u016aS<\/strong> !<\/span><\/h3>\n<p><img decoding=\"async\" loading=\"lazy\" class=\"alignleft wp-image-44028\" src=\"https:\/\/tautastribunals.eu\/wp-content\/uploads\/2018\/03\/4.-Raimonds-Bergmanis-Raimonds-V\u0113jonis-Suharenko-ebreji-R\u012bga-Saeima-\u0100bolti\u0146a.png\" alt=\"\" width=\"633\" height=\"41\" srcset=\"https:\/\/tautastribunals.eu\/wp-content\/uploads\/2018\/03\/4.-Raimonds-Bergmanis-Raimonds-V\u0113jonis-Suharenko-ebreji-R\u012bga-Saeima-\u0100bolti\u0146a.png 803w, https:\/\/tautastribunals.eu\/wp-content\/uploads\/2018\/03\/4.-Raimonds-Bergmanis-Raimonds-V\u0113jonis-Suharenko-ebreji-R\u012bga-Saeima-\u0100bolti\u0146a-300x19.png 300w, https:\/\/tautastribunals.eu\/wp-content\/uploads\/2018\/03\/4.-Raimonds-Bergmanis-Raimonds-V\u0113jonis-Suharenko-ebreji-R\u012bga-Saeima-\u0100bolti\u0146a-768x50.png 768w, https:\/\/tautastribunals.eu\/wp-content\/uploads\/2018\/03\/4.-Raimonds-Bergmanis-Raimonds-V\u0113jonis-Suharenko-ebreji-R\u012bga-Saeima-\u0100bolti\u0146a-800x52.png 800w\" sizes=\"(max-width: 633px) 100vw, 633px\" \/><\/p>\n<p>24.03.18\u00a0\u00a0\u00a0\u00a0\u00a0\u00a0 L. Granti\u0146\u0161<\/p>\n<h2><a href=\"http:\/\/www.la.lv\/dzejnieks-uldis-berzins-pec-notikusa-ar-delu-ataolu-citam-acim-raugos-uz-dzeju\/\"><span style=\"color: #0000ff;\">Der izlas\u012bt, k\u0101 APSKAIDROJAS pr\u0101ts, kad pats nok\u013c\u016bsti nelaim\u0113<em>(atv\u0113rt)<\/em>.<\/span><\/a><\/h2>\n<hr \/>\n<hr \/>\n<hr \/>\n<hr \/>\n<p>Ja m\u0113s noskat\u0101mies \u0161o<strong> VIDEO<\/strong>, tad jebkuram k\u013c\u016bst skaidrs, ka<strong> 4. maija kli\u0137e<\/strong> ir<strong> slepkavu banda<\/strong>, kura ir j\u0101aizvelk uz<strong> H\u0100GAS TRIBUN\u0100LU <\/strong>un p\u0113c tam visas pasaules priek\u0161\u0101 j\u0101no\u0161auj, tie\u0161i t\u0101, k\u0101 to dara <strong>\u0136\u012bn\u0101<\/strong>.<\/p>\n<p>Jurists <strong>Redisons<\/strong> saka, ka valsts varu sav\u0101s rok\u0101s ir p\u0101r\u0146\u0113musi &#8220;<strong>K\u0100DA GRUPA<\/strong>&#8221; !<\/p>\n<p>Kas tad ir \u0161\u012b<strong> GRUPA<\/strong> un, kur ir vi\u0146as <strong>m\u012btnes vieta- VALSTS<\/strong> ?<\/p>\n<p>Inform\u0113ju, ka <strong>Redisons<\/strong> ir<strong> Riharda Bunkas<\/strong> vad\u012btaj\u0101 <strong>LJA.<\/strong> P\u0113d\u0113j\u0101 laik\u0101 vi\u0146am ir nesaska\u0146as ar \u0161o slepkavu f\u012breru. Vi\u0146\u0161 tika padz\u012bts no <strong>LJB<\/strong> valdes.<\/p>\n<p>\u0160i <strong>Redisona<\/strong> runa ir nost\u0101\u0161an\u0101s pret <strong>Borovkova &amp; Godma\u0146a &amp; Bunkas bandu<\/strong>, kura ir vi\u0146a piemin\u0113t\u0101: <strong>K\u0100DA NOZIEDZ\u012aG\u0100 GRUPA.<\/strong><\/p>\n<p>Dom\u0101jams, ka tuv\u0101k\u0101 laik\u0101 <strong>Redisons<\/strong> &#8220;<strong>dosies ce\u013c\u0101 pie sava t\u0113va un m\u0101tes<\/strong>&#8221; !<\/p>\n<div class=\"video-container\"><iframe loading=\"lazy\" title=\"Ansis Ataols B\u0113rzi\u0146\u0161 Dienas Person\u012bba ar Veltu Puri\u0146u\" width=\"500\" height=\"281\" src=\"https:\/\/www.youtube.com\/embed\/nD2NQFrwd_w?feature=oembed&#038;wmode=opaque\" frameborder=\"0\" allow=\"accelerometer; autoplay; clipboard-write; encrypted-media; gyroscope; picture-in-picture\" allowfullscreen><\/iframe><\/div>\n","protected":false},"excerpt":{"rendered":"<p>Paldies par nov\u0113rojumu \u201ea\u201c ! a. saka: 2018. gada 22. M\u00e4rz um 20.50 Uhr\u00a0\u00a0(Bearbeiten) Kaut k\u0101 nemana Valdi Freimant\u0101lu\u2026 Okupantu un kolaboracionistu ties\u0101\u0161ana nevar notikt, ja Latvijas patriotiem Latvij\u0101 nav savas b\u0101zes \u2013 likum\u012bgas&#46;&#46;&#46;<\/p>\n","protected":false},"author":1,"featured_media":0,"comment_status":"open","ping_status":"open","sticky":false,"template":"","format":"standard","meta":[],"categories":[1],"tags":[],"_links":{"self":[{"href":"https:\/\/tautastribunals.eu\/index.php?rest_route=\/wp\/v2\/posts\/44008"}],"collection":[{"href":"https:\/\/tautastribunals.eu\/index.php?rest_route=\/wp\/v2\/posts"}],"about":[{"href":"https:\/\/tautastribunals.eu\/index.php?rest_route=\/wp\/v2\/types\/post"}],"author":[{"embeddable":true,"href":"https:\/\/tautastribunals.eu\/index.php?rest_route=\/wp\/v2\/users\/1"}],"replies":[{"embeddable":true,"href":"https:\/\/tautastribunals.eu\/index.php?rest_route=%2Fwp%2Fv2%2Fcomments&post=44008"}],"version-history":[{"count":33,"href":"https:\/\/tautastribunals.eu\/index.php?rest_route=\/wp\/v2\/posts\/44008\/revisions"}],"predecessor-version":[{"id":62465,"href":"https:\/\/tautastribunals.eu\/index.php?rest_route=\/wp\/v2\/posts\/44008\/revisions\/62465"}],"wp:attachment":[{"href":"https:\/\/tautastribunals.eu\/index.php?rest_route=%2Fwp%2Fv2%2Fmedia&parent=44008"}],"wp:term":[{"taxonomy":"category","embeddable":true,"href":"https:\/\/tautastribunals.eu\/index.php?rest_route=%2Fwp%2Fv2%2Fcategories&post=44008"},{"taxonomy":"post_tag","embeddable":true,"href":"https:\/\/tautastribunals.eu\/index.php?rest_route=%2Fwp%2Fv2%2Ftags&post=44008"}],"curies":[{"name":"wp","href":"https:\/\/api.w.org\/{rel}","templated":true}]}}