{"id":43794,"date":"2018-03-10T16:10:18","date_gmt":"2018-03-10T14:10:18","guid":{"rendered":"https:\/\/tautastribunals.eu\/?p=43794"},"modified":"2018-03-18T10:49:36","modified_gmt":"2018-03-18T08:49:36","slug":"satanistuhazarzidu-bandas-rituals-turpinas","status":"publish","type":"post","link":"https:\/\/tautastribunals.eu\/?p=43794","title":{"rendered":"S\u0101tanistu(haz\u0101r\u017e\u012bdu bandas) ritu\u0101ls turpin\u0101s"},"content":{"rendered":"<h2><span style=\"color: #003300;\"><img decoding=\"async\" loading=\"lazy\" class=\"alignleft wp-image-43795\" src=\"https:\/\/tautastribunals.eu\/wp-content\/uploads\/2018\/03\/komunisms.LRTT_.-Granti\u0146\u0161.Latvija-3.png\" alt=\"\" width=\"615\" height=\"98\" srcset=\"https:\/\/tautastribunals.eu\/wp-content\/uploads\/2018\/03\/komunisms.LRTT_.-Granti\u0146\u0161.Latvija-3.png 916w, https:\/\/tautastribunals.eu\/wp-content\/uploads\/2018\/03\/komunisms.LRTT_.-Granti\u0146\u0161.Latvija-3-300x48.png 300w, https:\/\/tautastribunals.eu\/wp-content\/uploads\/2018\/03\/komunisms.LRTT_.-Granti\u0146\u0161.Latvija-3-768x122.png 768w, https:\/\/tautastribunals.eu\/wp-content\/uploads\/2018\/03\/komunisms.LRTT_.-Granti\u0146\u0161.Latvija-3-800x128.png 800w\" sizes=\"(max-width: 615px) 100vw, 615px\" \/>Ceturdien, 12.04.2018. notiks k\u0101rt\u0113jais genoc\u012bda akts pret latvie\u0161u tautu.<\/span><\/h2>\n<p><span style=\"color: #003300;\">Ties\u0101<em>(nu nav t\u0101 nek\u0101da tiesa, bet kriev\u017eidu okupantu marione\u0161u banda) <\/em>j\u0101ierodas <strong><u>akt\u012bv\u0101s Atmodas aizs\u0101c\u0113jam, CTAG HELSINKI 86 dibin\u0101t\u0101jam, 2. \u0161\u0137iras TZO lielvirsniekam Linardam Granti\u0146am<\/u><\/strong> !<\/span><\/p>\n<p><span style=\"color: #003300;\">Tie, kuri p<\/span><span style=\"color: #003300;\"><img decoding=\"async\" loading=\"lazy\" class=\"alignleft wp-image-43820\" src=\"https:\/\/tautastribunals.eu\/wp-content\/uploads\/2018\/03\/Ansis-Ataols-B\u0113rzi\u0146\u0161.L.Granti\u0146\u0161.V.-Freimant\u0101ls1-800x496.jpg\" alt=\"\" width=\"139\" height=\"86\" srcset=\"https:\/\/tautastribunals.eu\/wp-content\/uploads\/2018\/03\/Ansis-Ataols-B\u0113rzi\u0146\u0161.L.Granti\u0146\u0161.V.-Freimant\u0101ls1-800x496.jpg 800w, https:\/\/tautastribunals.eu\/wp-content\/uploads\/2018\/03\/Ansis-Ataols-B\u0113rzi\u0146\u0161.L.Granti\u0146\u0161.V.-Freimant\u0101ls1-800x496-300x186.jpg 300w, https:\/\/tautastribunals.eu\/wp-content\/uploads\/2018\/03\/Ansis-Ataols-B\u0113rzi\u0146\u0161.L.Granti\u0146\u0161.V.-Freimant\u0101ls1-800x496-768x476.jpg 768w\" sizes=\"(max-width: 139px) 100vw, 139px\" \/><\/span><span style=\"color: #003300;\">ace\u013c roku pret <strong>L. Granti\u0146u<\/strong>, pace\u013c ar\u012b savu <strong><u>smirdo\u0161o asi\u0146aino komunist- cionistu \u0137etnu pret latvie\u0161u tautu<\/u><\/strong>.<\/span><\/p>\n<p>Vai tad tas, kas \u0161odien notiek ar <strong>Ansi Ataolu B\u0113rzi\u0146u<\/strong>, kad vi\u0146\u0161 tiek piekauts <strong>\u010cehijas cietum\u0101<\/strong> savas m\u0101tes acu priek\u0161\u0101, nav <a href=\"https:\/\/tautastribunals.eu\/?p=43677\"><strong>S\u0100TANISKS RITU\u0100LS<\/strong><em>(atv\u0113rt) <\/em><\/a>?<\/p>\n<hr \/>\n<hr \/>\n<hr \/>\n<hr \/>\n<p><span style=\"color: #003300;\"><img decoding=\"async\" loading=\"lazy\" class=\"alignleft wp-image-43815\" src=\"https:\/\/tautastribunals.eu\/wp-content\/uploads\/2018\/03\/5.Linards-Granti\u0146\u0161.Helsinki-86.LRTT_.Bariss.Bitenieks-2.png\" alt=\"\" width=\"101\" height=\"132\" srcset=\"https:\/\/tautastribunals.eu\/wp-content\/uploads\/2018\/03\/5.Linards-Granti\u0146\u0161.Helsinki-86.LRTT_.Bariss.Bitenieks-2.png 396w, https:\/\/tautastribunals.eu\/wp-content\/uploads\/2018\/03\/5.Linards-Granti\u0146\u0161.Helsinki-86.LRTT_.Bariss.Bitenieks-2-230x300.png 230w\" sizes=\"(max-width: 101px) 100vw, 101px\" \/>Man\u0101 medic\u012bnisk\u0101 izzi\u0146\u0101 nep\u0101rprotami ir pasac\u012bts, ka nevaru ierasties uz <a href=\"https:\/\/tautastribunals.eu\/?p=43513\"><strong>\u0161o<\/strong><em>(atv\u0113rt)<\/em> <strong>tiesas s\u0113di un ar\u012b uz turpm\u0101k\u0101m<\/strong><\/a><em>(cik noprotams, tad ar sapra\u0161anu \u0161iem &#8220;tiesu ekspertiem&#8221; ir lielas probl\u0113mas)<\/em> ? <\/span><\/p>\n<p><span style=\"color: #003300;\">Vizu\u0101lu inform\u0101ciju par \u0161o bandu un<strong> I. Ro\u0146a<\/strong> sac\u012bto par s\u0101taniskajiem meliem var ieg\u016bt \u0161eit:<a href=\"https:\/\/tautastribunals.eu\/?p=38863\">\u00a0https:\/\/tautastribunals.eu\/?p=38863<\/a><br \/>\n<\/span><\/p>\n<p><span style=\"color: #003300;\">B\u016btu l\u012bdz idiotiskumam smiekl\u012bgi iedom\u0101ties, ka es pie \u0161iem s\u0101tanistiem ierastos, ja ar\u012b man neb\u016btu \u0161\u012b izzi\u0146a. <\/span><\/p>\n<p><span style=\"color: #003300;\">Tad jau tas noz\u012bm\u0113tu, ka es atz\u012bstu savas tautas slepkavas par manas<strong> Dzimtenes<\/strong> saimniekiem.<\/span><\/p>\n<p><span style=\"color: #003300;\">Ja es ko daru, tad: <strong>\u201cEs nol\u0101du j\u016bs, Saul\u012bte, Mo\u013c\u0146ika<\/strong><em>(un visus tos v\u012btoli\u0146us, bunkas, borovkovus u. c., kuri \u00a0safabric\u0113ju\u0161i \u0161o krimin\u0101llietu)<\/em><strong> un j\u016bsu dzimtas, no Laiku s\u0101kuma l\u012bdz Laiku beig\u0101m, jo esiet manas tautas slepkavas !\u201d <\/strong><\/span><\/p>\n<p><span style=\"color: #008000;\"><em>(Nol\u0101d\u0113\u0161ana ir gar\u012bga c\u012b\u0146a. Nevajag klaus\u012bt melnsv\u0101r\u0161u murgiem, ka t\u0101dus v\u0101rdus &#8220;nedr\u012bkstot mut\u0113 \u0146emt&#8221;. T\u0101 ir sv\u0113t\u012bga gar\u012bg\u0101 c\u012b\u0146a pret visu \u013cauno. Baidoties no atrieb\u012bbas par saviem asins darbiem &#8220;krist\u012bg\u0101 bazn\u012bca&#8221; uz s\u0101rtiem sadedzin\u0101ja t\u016bksto\u0161iem viedos cilv\u0113kus)<\/em><\/span><\/p>\n<p><span style=\"color: #003300;\">Bet pien\u0101ks ar\u012b diena, kad j\u016bs manu parakstu las\u012bsiet zem sava <strong>\u201ckar\u0101tavu sprieduma\u201d! <\/strong><\/span><\/p>\n<p><span style=\"color: #003300;\">\u0160eit pla\u0161\u0101ks informat\u012bvais aprakts priek\u0161 tiem, kuri pirmo reizi ien\u0101k \u0161aj\u0101 i- vietn\u0113:<\/span><\/p>\n<p><span style=\"color: #003300;\">-Par <strong>\u201cekspertu\u201d- kriev\u017e\u012bdu Tre\u013cu,<\/strong> kur\u0161<strong> L. Granti\u0146u <\/strong>apvaino centienos<strong> \u201clikum\u012bg\u0101s\u201d <\/strong>komunist- cionistu<em>(o<\/em><\/span><span style=\"color: #003300;\"><img decoding=\"async\" loading=\"lazy\" class=\"alignleft wp-image-43818\" src=\"https:\/\/tautastribunals.eu\/wp-content\/uploads\/2018\/03\/KozlovskisMaiz\u012btisMe\u017evietsRasna\u010dsKalnmeiersGranti\u0146\u0161LRTT.png\" alt=\"\" width=\"416\" height=\"191\" srcset=\"https:\/\/tautastribunals.eu\/wp-content\/uploads\/2018\/03\/KozlovskisMaiz\u012btisMe\u017evietsRasna\u010dsKalnmeiersGranti\u0146\u0161LRTT.png 849w, https:\/\/tautastribunals.eu\/wp-content\/uploads\/2018\/03\/KozlovskisMaiz\u012btisMe\u017evietsRasna\u010dsKalnmeiersGranti\u0146\u0161LRTT-300x138.png 300w, https:\/\/tautastribunals.eu\/wp-content\/uploads\/2018\/03\/KozlovskisMaiz\u012btisMe\u017evietsRasna\u010dsKalnmeiersGranti\u0146\u0161LRTT-768x353.png 768w, https:\/\/tautastribunals.eu\/wp-content\/uploads\/2018\/03\/KozlovskisMaiz\u012btisMe\u017evietsRasna\u010dsKalnmeiersGranti\u0146\u0161LRTT-800x367.png 800w\" sizes=\"(max-width: 416px) 100vw, 416px\" \/><\/span><span style=\"color: #003300;\"><em>kupantu)<\/em> varas g\u0101\u0161an\u0101 <strong>Latvij\u0101<\/strong>: <a style=\"color: #003300;\" href=\"https:\/\/tautastribunals.eu\/?p=40534\"><span style=\"color: #0000ff;\">https:\/\/tautastribunals.eu\/?p=40534<\/span><\/a><\/span><\/p>\n<p><span style=\"color: #003300;\">-Par kiev\u017e\u012bdu- slepkavu <strong>Rihardu Bunku<\/strong>: <a style=\"color: #003300;\" href=\"https:\/\/tautastribunals.eu\/?p=40461\"><span style=\"color: #0000ff;\">https:\/\/tautastribunals.eu\/?p=40461<\/span><\/a><\/span><\/p>\n<p><span style=\"color: #003300;\">-Par tiesnesi <strong>Anitu Mo\u013c\u0146iku: <\/strong><a style=\"color: #003300;\" href=\"https:\/\/tautastribunals.eu\/?p=37717\"><span style=\"color: #0000ff;\">https:\/\/tautastribunals.eu\/?p=37717<\/span><\/a><\/span><\/p>\n<p><span style=\"color: #003300;\">-\u0160eit m\u0113s redzam, kam kalpo <strong>Latvijas vald\u012bba<\/strong> un <strong>repres\u012bv\u0101s valsts varas strukt\u016bras<\/strong>: <a style=\"color: #003300;\" href=\"https:\/\/tautastribunals.eu\/?p=33495\"><span style=\"color: #0000ff;\">https:\/\/tautastribunals.eu\/?p=33495<\/span><\/a> <\/span><\/p>\n<hr \/>\n<hr \/>\n<p><span style=\"color: #003300;\"><strong><img decoding=\"async\" loading=\"lazy\" class=\"alignleft wp-image-43807\" src=\"https:\/\/tautastribunals.eu\/wp-content\/uploads\/2018\/03\/I.-Par\u0101dnieks-un-R.-Bunka.-L.-Granti\u0146\u0161.LRTT_.1-768x576.jpg\" alt=\"\" width=\"409\" height=\"307\" srcset=\"https:\/\/tautastribunals.eu\/wp-content\/uploads\/2018\/03\/I.-Par\u0101dnieks-un-R.-Bunka.-L.-Granti\u0146\u0161.LRTT_.1-768x576.jpg 768w, https:\/\/tautastribunals.eu\/wp-content\/uploads\/2018\/03\/I.-Par\u0101dnieks-un-R.-Bunka.-L.-Granti\u0146\u0161.LRTT_.1-768x576-300x225.jpg 300w\" sizes=\"(max-width: 409px) 100vw, 409px\" \/><\/strong><\/span><\/p>\n<p>FOTO:<span style=\"color: #ff0000;\"><em> \u0160ie zv\u0113ri ir starp mums un v\u0113l patriotus t\u0113lo ! Piem: tas pats I. Par\u0101dnieks. \u0160eit redzamie ir nositami bez liekas tiesu ceremonijas.<\/em><\/span><\/p>\n<p><span style=\"color: #003300;\"><strong>L. Granti\u0146u<\/strong> uzskata par noziedznieku m\u016bsu tautas slepkavas, nevis latvie\u0161u tauta. <\/span><\/p>\n<p><span style=\"color: #003300;\">Pie m\u016bsu tautas slepkav\u0101m var dro\u0161i pieskait\u012bt ar\u012b tiesnesi <strong>Anitu Mo\u013c\u0146iku<\/strong>, prokurori <strong>Ilutu Saul\u012bti<\/strong><em>(video gan redzama k\u0101da izvirt\u012bga izskata Iluta Strauti\u0146a),<\/em> un ekspertus<strong> \u0112riku Tre\u013cu <\/strong>un <strong>Ilonu Veinbergu.<\/strong><\/span><\/p>\n<p><span style=\"color: #003300;\">Es jau pirms vair\u0101k k\u0101 gada pied\u0101v\u0101ju visiem manas <strong>LIETAS \u201cfabrikantiem\u201d<\/strong> publiski, ar <strong>LRTT i- vietnes<\/strong> pal\u012bdz\u012bbu, atsac\u012bties no \u0161\u012b nozieguma pret latvie\u0161u tautu, bet mans pied\u0101v\u0101jums netika akcept\u0113ts. <span style=\"color: #008000;\">(<strong><em><u>Pied\u0101v\u0101jums darbojas l\u012bdz 31.12.16.<\/u><\/em><\/strong><em> Piem\u0113ram: prokurorei <strong>Ilutai Saul\u012btei<\/strong>, ekspertiem <strong>Ilonai Kronbergai<\/strong> un <strong>\u0112rikam Tre\u013cam,<\/strong> tiesnes\u0113m <strong>A. Mo\u013c\u0146ikai <\/strong>un <strong>K. Kravecai<\/strong> un ar\u012b tiesas p\u0101rst\u0101vei \u0161aj\u0101 liet\u0101 <strong>Oksanai Hvostovai<\/strong>(interesanti, ka neviens no \u0161eit piemin\u0113tajiem nav latvietis)<\/em> <span style=\"color: #0000ff;\"><em><a style=\"color: #0000ff;\" href=\"https:\/\/tautastribunals.eu\/?p=35514\">https:\/\/tautastribunals.eu\/?p=35514<\/a> <\/em>)<\/span><\/span><\/span><\/p>\n<p><span style=\"color: #003300;\">Tie, kuri ties\u0101 <strong>L. Granti\u0146u,<\/strong> ties\u0101 latvie\u0161u tautu.<\/span><\/p>\n<p><span style=\"color: #003300;\">Nu neizspruks \u0161is <strong><u>cionistu- habadistu bars<\/u><\/strong> no taisn\u012bgas <strong>TIESAS<\/strong>.<\/span><\/p>\n<p><span style=\"color: #003300;\">\u0160\u012b <strong>TIESA<\/strong> jau tuvojas. Par to run\u0101 ar\u012b <strong>VIDEO<\/strong>, kas redzams raksta beig\u0101s<em>(haz\u0101r\u017e\u012bdiem draud kar\u0101tavas un <strong>Latvijas 4. maija kli\u0137e<\/strong> ir vis\u012bst\u0101k\u0101 haz\u0101r\u017e\u012bdu banda<\/em>).<\/span><\/p>\n<p><span style=\"color: #003300;\"><em>10.03.18\u00a0\u00a0\u00a0\u00a0\u00a0\u00a0\u00a0\u00a0\u00a0\u00a0 L. Granti\u0146\u0161<\/em><\/span><\/p>\n<hr \/>\n<hr \/>\n<hr \/>\n<hr \/>\n<h2><span style=\"color: #003300;\">P.S.<\/span><\/h2>\n<p><span style=\"color: #003300;\">Mums visiem reiz pien\u0101k diena, kad ir j\u0101atst\u0101j \u0161\u012b pasaule. <\/span><\/p>\n<p><span style=\"color: #003300;\"><strong>\u201cTaj\u0101 pasaul\u0113\u201d<\/strong> nevar nopirkt<strong> \u201csavu paties\u012bbu\u201d<\/strong>, k\u0101 tas iesp\u0113jams \u0161aj\u0101. <\/span><\/p>\n<p><span style=\"color: #003300;\">Alga tiek sa\u0146emta t\u0101da, k\u0101du esi peln\u012bjis:<span style=\"color: #008000;\"><em> \u201cM\u0101ra atkl\u0101j, ka pirms trim ned\u0113\u013c\u0101m slimn\u012bc\u0101 Intu piemekl\u0113jusi kl\u012bnisk\u0101 n\u0101ve. Kad reanim\u0101cij\u0101 \u201eatsaukta atpaka\u013c\u201d, M\u0101ra draudzenes meit\u0101 vairs nav atpazinusi \u201eveco Intu\u201d. \u201eP\u0113k\u0161\u0146i vi\u0146as \u010daula \u2013 lepnuma, liel\u012bbas un visvaren\u012bbas bru\u0146as \u2013 bija nost. Man\u0101 priek\u0161\u0101 bija trausls cilv\u0113ks ar kailu dv\u0113seli,\u201d aizl\u016bstot balsij, atkl\u0101j tuviniece. Tas, ko vi\u0146ai n\u0101cies dzird\u0113t no Intas, \u0161ok\u0113 un liek p\u0101rdom\u0101t dz\u012bvi mums katram. M\u0101ra past\u0101sta, ka Inta dal\u012bjusies izj\u016bt\u0101s, ko piedz\u012bvojusi kl\u012bnisk\u0101s n\u0101ves laik\u0101, un t\u0101s liecina, ka vi\u0146a redz\u0113jusi \u201eto\u201d pasauli&#8230; \u201eVi\u0146a visa no \u0161ausm\u0101m tr\u012bc\u0113ja, teica, ka redz\u0113tais ir tik briesm\u012bgs, ka nesp\u0113j to izst\u0101st\u012bt. Izmisusi vi\u0146a vaic\u0101ja, ko lai dara, lai tur neb\u016btu j\u0101atgrie\u017eas&#8230;\u201d atkl\u0101j M\u0101ra.\u201d<span style=\"color: #0000ff;\"> \u00a0<\/span><\/em><\/span><span style=\"color: #0000ff;\"><a style=\"color: #0000ff;\" href=\"http:\/\/jauns.lv\/raksts\/izklaide\/19140-patiesiba-kada-isteniba-bija-dzelzs-ledija-inta-fogele\">http:\/\/jauns.lv\/raksts\/izklaide\/19140-patiesiba-kada-isteniba-bija-dzelzs-ledija-inta-fogele<\/a><\/span><\/span><\/p>\n<p><span style=\"color: #003300;\">Varam jau netic\u0113t <strong>Intas <\/strong>teiktajam <strong>M\u0101rai<\/strong>, bet tas nenoz\u012bm\u0113, ka t\u0101 nav\u2026 . Bet laikam jau \u0161eit piemin\u0113tie ir tik apstulbin\u0101ti ar savu varen\u012bbu un godk\u0101ri, ka nav sp\u0113j\u012bgi izprast pat viselement\u0101r\u0101ko <strong>fiziku- Karmas Likumu<\/strong>. <\/span><\/p>\n<p><span style=\"color: #003300;\">Bet past\u0101v ar\u012b varb\u016bt\u012bba, ka \u0161iem noziedzniekiem nav cilv\u0113ka es\u012bbas <strong>MATRICA- DV\u0112SELE.<\/strong><\/span><\/p>\n<p><span style=\"color: #003300;\">Es, piem\u0113ram, nevaru pa\u0146emt to, kas nepieder man !<\/span><\/p>\n<p><span style=\"color: #003300;\">Es nem\u0101ku melot !<\/span><\/p>\n<p><span style=\"color: #003300;\">T\u0101tad, es un man l\u012bdz\u012bgie nepieder pie \u0161eit min\u0113to sugas, kuriem viss ir piln\u012bgi otr\u0101di, kuri<strong> nem\u0101k nemelo<\/strong>t un<strong> nem\u0101k nezagt<\/strong>.<\/span><\/p>\n<p><span style=\"color: #003300;\">\u0160eit piemin\u0113to suga ir citu dimensiju iem\u012btnieki-<strong> s\u0101tanisti- tums\u012bbas kreat\u016bras<\/strong>.<\/span><\/p>\n<hr \/>\n<hr \/>\n<hr \/>\n<hr \/>\n<p><iframe loading=\"lazy\" width=\"500\" height=\"375\" src=\"https:\/\/www.youtube.com\/embed\/p9BlGlzDTZc?feature=oembed&#038;wmode=opaque\" frameborder=\"0\" allow=\"autoplay; encrypted-media\" allowfullscreen><\/iframe><\/p>\n","protected":false},"excerpt":{"rendered":"<p>Ceturdien, 12.04.2018. notiks k\u0101rt\u0113jais genoc\u012bda akts pret latvie\u0161u tautu. Ties\u0101(nu nav t\u0101 nek\u0101da tiesa, bet kriev\u017eidu okupantu marione\u0161u banda) j\u0101ierodas akt\u012bv\u0101s Atmodas aizs\u0101c\u0113jam, CTAG HELSINKI 86 dibin\u0101t\u0101jam, 2. \u0161\u0137iras TZO lielvirsniekam Linardam Granti\u0146am !&#46;&#46;&#46;<\/p>\n","protected":false},"author":1,"featured_media":0,"comment_status":"open","ping_status":"open","sticky":false,"template":"","format":"standard","meta":[],"categories":[1],"tags":[],"_links":{"self":[{"href":"https:\/\/tautastribunals.eu\/index.php?rest_route=\/wp\/v2\/posts\/43794"}],"collection":[{"href":"https:\/\/tautastribunals.eu\/index.php?rest_route=\/wp\/v2\/posts"}],"about":[{"href":"https:\/\/tautastribunals.eu\/index.php?rest_route=\/wp\/v2\/types\/post"}],"author":[{"embeddable":true,"href":"https:\/\/tautastribunals.eu\/index.php?rest_route=\/wp\/v2\/users\/1"}],"replies":[{"embeddable":true,"href":"https:\/\/tautastribunals.eu\/index.php?rest_route=%2Fwp%2Fv2%2Fcomments&post=43794"}],"version-history":[{"count":29,"href":"https:\/\/tautastribunals.eu\/index.php?rest_route=\/wp\/v2\/posts\/43794\/revisions"}],"predecessor-version":[{"id":43963,"href":"https:\/\/tautastribunals.eu\/index.php?rest_route=\/wp\/v2\/posts\/43794\/revisions\/43963"}],"wp:attachment":[{"href":"https:\/\/tautastribunals.eu\/index.php?rest_route=%2Fwp%2Fv2%2Fmedia&parent=43794"}],"wp:term":[{"taxonomy":"category","embeddable":true,"href":"https:\/\/tautastribunals.eu\/index.php?rest_route=%2Fwp%2Fv2%2Fcategories&post=43794"},{"taxonomy":"post_tag","embeddable":true,"href":"https:\/\/tautastribunals.eu\/index.php?rest_route=%2Fwp%2Fv2%2Ftags&post=43794"}],"curies":[{"name":"wp","href":"https:\/\/api.w.org\/{rel}","templated":true}]}}