{"id":4373,"date":"2011-02-27T00:47:07","date_gmt":"2011-02-26T22:47:07","guid":{"rendered":"http:\/\/tautastribunals.eu\/?p=4373"},"modified":"2011-02-27T00:47:07","modified_gmt":"2011-02-26T22:47:07","slug":"a-balts-prezident-izmantojiet-belgijas-situaciju","status":"publish","type":"post","link":"https:\/\/tautastribunals.eu\/?p=4373","title":{"rendered":"A. Balts. Prezident, izmantojiet Be\u013c\u0123ijas situ\u0101ciju"},"content":{"rendered":"<p><span style=\"color: #008000\"><strong><img decoding=\"async\" loading=\"lazy\" class=\"alignleft size-full wp-image-4374\" src=\"http:\/\/tautastribunals.eu\/wp-content\/uploads\/2011\/02\/IMGP09747.jpg\" alt=\"IMGP0974\" width=\"84\" height=\"80\" \/><span style=\"color: #800000\">No LRTT pasta kast\u012btes<\/span><\/strong><\/span><\/p>\n<p><span style=\"color: #008000\"><strong>Prezident, VL\/TB,PS,JL<\/strong> deput\u0101ti un biedri\u00a0 izmantojiet\u00a0 <strong>Be\u013c\u0123ijas <\/strong>situ\u0101ciju un izpildiet\u00a0<strong> BEIDZOT PAMATPIEN\u0100KUMU <\/strong>pret m\u016bsu tautu, civiliz\u0113ti nov\u0113r\u0161ot okup\u0101cijas sekas!<\/p>\n<p>V\u0113los izteikt savas domas par notikumiem <strong>Be\u013c\u0123ij\u0101,<\/strong> t\u0101 ir situ\u0101cija, kas skar m\u016bs visai tie\u0161i. <strong>ES<\/strong> galvaspils\u0113t\u0101\u00a0 <strong>Brisel\u0113 <\/strong>briest pamat\u012bgas jukas,\u00a0 labi un seni kaimi\u0146i-fl\u0101mi un valo\u0146i <strong>TOM\u0112R <\/strong>nevar sadz\u012bvot, kaut nav vieni no vi\u0146iem okupanti un otri nesen\u0101 pag\u0101tn\u0113 okup\u0113tie, k\u0101 ir <strong>Latvij\u0101.<\/strong>\u00a0 Un kas neliet\u012bgi un nodev\u012bgi tiek saglab\u0101ts no m\u016bsu vad\u012bbas\u00a0 kangariem, gatavojot ko daudz slikt\u0101ku mums n\u0101kotn\u0113, k\u0101 to kas notiek tur\u012bgaj\u0101 un\u00a0 r\u0101maj\u0101 rietumu valst\u012b. <\/span><\/p>\n<p><span style=\"color: #008000\"><img decoding=\"async\" loading=\"lazy\" class=\"alignleft size-full wp-image-4375\" src=\"http:\/\/tautastribunals.eu\/wp-content\/uploads\/2011\/02\/imagesCAGMBC3S.jpg\" alt=\"imagesCAGMBC3S\" width=\"83\" height=\"147\" \/><\/span><\/p>\n<p><span style=\"color: #008000\"><strong><span style=\"color: #000000\">Foto:<\/span><\/strong> <span style=\"color: #3366ff\"><em>God. Balta kungs, vai J\u016bs tie\u0161\u0101m dom\u0101jat, ka \u0161is \u0113rm\u012bgais nelietis aizst\u0101v\u0113s latvie\u0161u tautu ? T\u0101d\u0101 grimas\u0113 seju var savilkt tikai un vien\u012bgi gar\u012bgi traum\u0113ts indiv\u012bds. Tie\u0161i t\u0101dus &#8220;gara traum\u0113tos&#8221; izmanto latvie\u0161u tautas ienaidnieki- krievu \u0161ovinisti un cionisti.<\/em><\/span><\/span><\/p>\n<p><span style=\"color: #008000\">Un kaut m\u016bsu <strong>TV -1<\/strong> t\u0101lredz\u012bgi vakar demonstr\u0113ja <strong>A.Zari\u0146a<\/strong> raid\u012bjumu ar sagatavotu smadze\u0146u skalojamo, ka vi\u0146u\u00a0 &#8211; fl\u0101mu un valo\u0146u konflikta iemesli esot ekonomiska rakstura, nevis nacion\u0101lu iemeslu d\u0113\u013c, tas neiztur pat pavir\u0161u kritiku. Jo apgalvojot\u00a0 raid\u012bjuma diktoram, ka fl\u0101mi pelnot vair\u0101k un t\u0101p\u0113c gribot nodal\u012bties, bet nevar\u0113ja noliegt mirkli v\u0113l\u0101k, ka valo\u0146i uzr\u0101dot strauj\u0101ku ekonomisko aug\u0161upeju utt. Bet ja pat \u0161ie p\u0101rtiku\u0161ie un visum\u0101 \u013coti draudz\u012bgie kaimi\u0146i nevar sadz\u012bvot, ko teikt mums un ko teikt br\u0101\u013ciem igau\u0146iem?<br \/>\nNav \u0161aubu, ka m\u016bsu okupantu p\u0101rpild\u012btaj\u0101 valst\u012b par\u0101d\u012bt , ka etniskas dabas\u00a0 konflikta c\u0113lo\u0146i ir noteico\u0161ie pat\u00a0 <strong>Be\u013c\u0123ij\u0101,<\/strong> ka tur\u00a0 tie\u0161i vienotas valsts valodas pras\u012bbas no fl\u0101mu vair\u0101kuma puses rada \u0161os nemierus, m\u016bsu <strong>k\u013ceckinu TV<\/strong> nedr\u012bkst atspogu\u013cot, jo taisn\u012bba promaskaviskajiem sp\u0113kiem ir\u00a0 b\u012bstama un ne tikai \u0161oreiz, bet vienm\u0113r!<br \/>\n\u0160\u012b situ\u0101cija<strong> Be\u013c\u0123ij\u0101<\/strong> ir j\u0101izmanto par iesp\u0113ju beidzot pacelt\u00a0 ska\u013c\u0101 un publisk\u0101 l\u012bmen\u012b <span style=\"text-decoration: underline\"><strong>Latvijas dekoloniz\u0101cijas<\/strong>\u00a0 steidzamu nepiecie\u0161am\u012bbu un l\u016bgt<strong>\u00a0 ES <\/strong>likumdev\u0113ju\u00a0 pal\u012bdz\u012bbu \u0161aj\u0101 likum\u012bgaj\u0101 proces\u0101.<\/span> Te nu var visu savu nacion\u0101lo degsmi darbos par\u0101d\u012bt\u00a0 partija <strong>VL\/TB<\/strong> un ar\u00a0 Vienot\u012bbas god\u012bgo deput\u0101tu atbalstu atbr\u012bvojot demokr\u0101tiski un likum\u012bgi<strong> LV<\/strong> no tiem, kas ir te sve\u0161i un naid\u012bgi!<\/span><\/p>\n<p><span style=\"color: #008000\"><em><span style=\"color: #000000\">26.02.11<\/span><\/em><\/span><\/p>\n","protected":false},"excerpt":{"rendered":"<p>No LRTT pasta kast\u012btes Prezident, VL\/TB,PS,JL deput\u0101ti un biedri\u00a0 izmantojiet\u00a0 Be\u013c\u0123ijas situ\u0101ciju un izpildiet\u00a0 BEIDZOT PAMATPIEN\u0100KUMU pret m\u016bsu tautu, civiliz\u0113ti nov\u0113r\u0161ot okup\u0101cijas sekas! V\u0113los izteikt savas domas par notikumiem Be\u013c\u0123ij\u0101, t\u0101 ir situ\u0101cija, kas&#46;&#46;&#46;<\/p>\n","protected":false},"author":6,"featured_media":0,"comment_status":"open","ping_status":"open","sticky":false,"template":"","format":"standard","meta":[],"categories":[1],"tags":[],"_links":{"self":[{"href":"https:\/\/tautastribunals.eu\/index.php?rest_route=\/wp\/v2\/posts\/4373"}],"collection":[{"href":"https:\/\/tautastribunals.eu\/index.php?rest_route=\/wp\/v2\/posts"}],"about":[{"href":"https:\/\/tautastribunals.eu\/index.php?rest_route=\/wp\/v2\/types\/post"}],"author":[{"embeddable":true,"href":"https:\/\/tautastribunals.eu\/index.php?rest_route=\/wp\/v2\/users\/6"}],"replies":[{"embeddable":true,"href":"https:\/\/tautastribunals.eu\/index.php?rest_route=%2Fwp%2Fv2%2Fcomments&post=4373"}],"version-history":[{"count":4,"href":"https:\/\/tautastribunals.eu\/index.php?rest_route=\/wp\/v2\/posts\/4373\/revisions"}],"predecessor-version":[{"id":4379,"href":"https:\/\/tautastribunals.eu\/index.php?rest_route=\/wp\/v2\/posts\/4373\/revisions\/4379"}],"wp:attachment":[{"href":"https:\/\/tautastribunals.eu\/index.php?rest_route=%2Fwp%2Fv2%2Fmedia&parent=4373"}],"wp:term":[{"taxonomy":"category","embeddable":true,"href":"https:\/\/tautastribunals.eu\/index.php?rest_route=%2Fwp%2Fv2%2Fcategories&post=4373"},{"taxonomy":"post_tag","embeddable":true,"href":"https:\/\/tautastribunals.eu\/index.php?rest_route=%2Fwp%2Fv2%2Ftags&post=4373"}],"curies":[{"name":"wp","href":"https:\/\/api.w.org\/{rel}","templated":true}]}}