{"id":43436,"date":"2018-02-10T11:29:14","date_gmt":"2018-02-10T09:29:14","guid":{"rendered":"http:\/\/188.68.49.144\/?p=43436"},"modified":"2018-02-10T12:15:19","modified_gmt":"2018-02-10T10:15:19","slug":"kadas-sarkanas-mumijasr-aksenoka-antilatviskuma-izpausmes","status":"publish","type":"post","link":"https:\/\/tautastribunals.eu\/?p=43436","title":{"rendered":"K\u0101das sarkan\u0101s m\u016bmijas(R. Aksenoka) antilatviskuma izpausmes"},"content":{"rendered":"<h2><strong><img decoding=\"async\" loading=\"lazy\" class=\"alignleft wp-image-43437\" src=\"http:\/\/188.68.49.144\/wp-content\/uploads\/2018\/02\/www.tautastribunals.eu-1411-2.png\" alt=\"\" width=\"620\" height=\"87\" srcset=\"https:\/\/tautastribunals.eu\/wp-content\/uploads\/2018\/02\/www.tautastribunals.eu-1411-2.png 950w, https:\/\/tautastribunals.eu\/wp-content\/uploads\/2018\/02\/www.tautastribunals.eu-1411-2-300x42.png 300w, https:\/\/tautastribunals.eu\/wp-content\/uploads\/2018\/02\/www.tautastribunals.eu-1411-2-768x108.png 768w, https:\/\/tautastribunals.eu\/wp-content\/uploads\/2018\/02\/www.tautastribunals.eu-1411-2-800x112.png 800w\" sizes=\"(max-width: 620px) 100vw, 620px\" \/><img decoding=\"async\" loading=\"lazy\" class=\"alignleft wp-image-43444\" src=\"http:\/\/188.68.49.144\/wp-content\/uploads\/2018\/02\/MIGLA-SARKAN\u0100-NOL\u0100D\u0112T\u0100REINIKS\u0100BOLTI\u0145A-1.png\" alt=\"\" width=\"622\" height=\"53\" srcset=\"https:\/\/tautastribunals.eu\/wp-content\/uploads\/2018\/02\/MIGLA-SARKAN\u0100-NOL\u0100D\u0112T\u0100REINIKS\u0100BOLTI\u0145A-1.png 986w, https:\/\/tautastribunals.eu\/wp-content\/uploads\/2018\/02\/MIGLA-SARKAN\u0100-NOL\u0100D\u0112T\u0100REINIKS\u0100BOLTI\u0145A-1-300x26.png 300w, https:\/\/tautastribunals.eu\/wp-content\/uploads\/2018\/02\/MIGLA-SARKAN\u0100-NOL\u0100D\u0112T\u0100REINIKS\u0100BOLTI\u0145A-1-768x65.png 768w, https:\/\/tautastribunals.eu\/wp-content\/uploads\/2018\/02\/MIGLA-SARKAN\u0100-NOL\u0100D\u0112T\u0100REINIKS\u0100BOLTI\u0145A-1-800x68.png 800w\" sizes=\"(max-width: 622px) 100vw, 622px\" \/>Rita Aksenoka <\/strong><\/h2>\n<p><span style=\"color: #ff0000;\"><strong><em>Dzimusi 1936. g. Str\u0101d\u0101jusi prokurat\u016br\u0101 da\u017e\u0101dos amatos no 1962. gada, 1976. gad\u0101 iecelta par LPSR prokurat\u016bras Izmekl\u0113\u0161anas p\u0101rvaldes priek\u0161nieka vietnieci. 90. gados Latvijas \u0122ener\u0101lprokurat\u016bras Sevi\u0161\u0137i svar\u012bgu lietu izmekl\u0113\u0161anas p\u0101rvaldes priek\u0161niece, v\u0113l\u0101k \u0123ener\u0101lprokurora pal\u012bdze. No 1995. l\u012bdz 2007. gadam str\u0101d\u0101jusi Valsts prezidenta kancelej\u0101 par Ap\u017e\u0113lo\u0161anas dienesta vad\u012bt\u0101ju.<\/em><\/strong><\/span><\/p>\n<hr \/>\n<hr \/>\n<hr \/>\n<hr \/>\n<h3><img decoding=\"async\" loading=\"lazy\" class=\"alignleft wp-image-43439\" src=\"http:\/\/188.68.49.144\/wp-content\/uploads\/2018\/02\/Aksenoka.png\" alt=\"\" width=\"152\" height=\"205\" srcset=\"https:\/\/tautastribunals.eu\/wp-content\/uploads\/2018\/02\/Aksenoka.png 439w, https:\/\/tautastribunals.eu\/wp-content\/uploads\/2018\/02\/Aksenoka-222x300.png 222w\" sizes=\"(max-width: 152px) 100vw, 152px\" \/>Protams, pietieko\u0161i vecs ieraksts, bet<strong> &#8220;FEISBUKA&#8221;<\/strong> tiek akt\u012bvi reklam\u0113ts ! Tas notiek ar vienu m\u0113r\u0137i, degrad\u0113t latvie\u0161u nacion\u0101lo apzi\u0146u. Padar\u012bt m\u016bs par iedzimtiem(\u0123en\u0113tiskiem) vain\u012bgajiem ! \u0160odien tas tiek veikts ik uz so\u013ca !<\/h3>\n<hr \/>\n<hr \/>\n<hr \/>\n<p>Visas beidzam\u0101s k\u0101rtis cionisti izsp\u0113l\u0113, lai p\u0113c iesp\u0113jas maz\u0101k n\u0101ko\u0161aj\u0101s v\u0113l\u0113\u0161an\u0101s b\u016btu j\u0101vilto v\u0113l\u0113\u0161anu izn\u0101kums. Viltots ir ticis visu laiku, bet n\u0101ko\u0161aj\u0101s v\u0113l\u0113\u0161an\u0101s var notikt v\u0113l\u0113t\u0101ju<strong> \u201cmasveida uzbrukums\u201d <\/strong>valdo\u0161aj\u0101m \u017euliku partij\u0101m un vilto\u0161ana var neizdoties.<\/p>\n<p>T\u0101p\u0113c tiek pat izvilktas pag\u0101tnes m\u016bmijas, kuras k\u0101 dad\u017ei aiz\u0137\u0113ru\u0161ies laiktelp\u0101.<\/p>\n<p>K\u0101p\u0113c \u0161\u012b sarkan\u0101 \u017eurka tika reanim\u0113ta ?<\/p>\n<p>T\u0101dus poste\u0146us<strong> Padomju sist\u0113m\u0101<\/strong> var\u0113ja dab\u016bt tikai ar <strong>KGB <\/strong>zi\u0146u.<\/p>\n<p>Un p\u0113c<strong>Atmodas<\/strong> laik\u0101 ar\u012b \u0161\u012b <strong>\u201cm\u016bmija\u201d<\/strong> ar\u012b atrad\u0101s<strong> \u201cposte\u0146os\u201d, <\/strong>kuros bez <strong>Maskavas<\/strong><em>(aiz Maskavas st\u0101v Izra\u0113la- starptautiskais cionisms) <\/em>zi\u0146as neviens atrasties nevar\u0113ja.<\/p>\n<p>Vis\u0101 \u0161\u012b intervija praktiski ir tuk\u0161a v\u0101vu\u013co\u0161ana, bet \u0161\u012b tuk\u0161\u0101 v\u0101vu\u013co\u0161ana bija vajadz\u012bga, lai pateiktu vienu vien\u012bgu teikumu.<\/p>\n<p>Mums ta\u010du no r\u012bta l\u012bdz vakaram\u00a0 <strong>4. maija izdzimte\u0146u banda,<\/strong> ar saviem <u>jebrejiskajiem \u017eurnalis<strong>te\u013ciem<\/strong><\/u> un <strong><u>tro\u013c\u013cu armiju internet\u0101,<\/u><\/strong> cen\u0161as iest\u0101st\u012bt, ka <strong><u>Latviju izzagu\u0161i esot pa\u0161i b\u0101leli\u0146i<\/u><\/strong><em>(latvie\u0161i).<\/em><\/p>\n<p>Kam par godu tika izvilkta \u0161\u012b<strong> \u201csarkan\u0101 kode\u201d <\/strong>no pag\u0101j\u012bbas atkritumiem ?<\/p>\n<p>Iev\u0113roj\u0101t, ka uzv\u0101rds neb\u016bt nav latvisks !!!<\/p>\n<p>Izvilka vi\u0146u tie, kuriem rokas aptraip\u012btas ar latvie\u0161u tautas asin\u012bm. \u0160\u012b vec\u0101 aizv\u0113sturisk\u0101 \u010dekas darbiniece ir viena no vi\u0146iem, no tiem, kuriem, k\u0101 jau piemin\u0113ju, rokas l\u012bdz padus\u0113m mirkst latvie\u0161u asin\u012bs.<\/p>\n<p>L\u016bk, \u0161\u012bs s\u0101tanisk\u0101s intervijas atsl\u0113gas teikums: <span style=\"color: #ff0000;\"><strong><em>\u201c<\/em><\/strong><strong><em>Es dom\u0101ju, ka ap\u0161audi pie Iek\u0161lietu ministrijas, kur\u0101s nogalin\u0101ja nevain\u012bgus cilv\u0113kus, izrais\u012bja m\u016bsu pa\u0161u tautie\u0161i.\u201d<\/em><\/strong><\/span><\/p>\n<p>Vai j\u016bs saprotat, ko \u0161\u012b noziedzniece ir izdar\u012bjusi ?<\/p>\n<p>Vi\u0146a ir apvainojusi latvie\u0161u tautu noziegum\u0101, kuru t\u0101 nav veikusi.<\/p>\n<h2>Vi\u0146a <strong>nezina,<\/strong> bet vi\u0146\u0101, l\u016bk, <strong><u>t\u0101 dom\u0101jot<\/u><\/strong> !!!<\/h2>\n<p>Par t\u0101du <strong>\u201cska\u013cu dom\u0101\u0161anu\u201d <\/strong>\u0161\u012b \u010dekas draza b\u016btu uz vietas j\u0101no\u0161auj, protams, p\u0113c karast\u0101vok\u013ca <strong>LIKUMA<\/strong>.<\/p>\n<p>Vi\u0146a atn\u0101ca, izdirs\u0101s visai latvie\u0161u tautai uz galvas<em>(sav\u0101d\u0101k tas nav pasak\u0101ms), <\/em>un pazuda, palika tikai pret\u012bg\u0101 kriev\u017e\u012bdisk\u0101 \u010dekas smirdo\u0146a.<\/p>\n<p>Bet varb\u016bt, ka esmu tom\u0113r p\u0101rpratis. Varb\u016bt vi\u0146a patie\u0161\u0101m run\u0101ja par saviem tautie\u0161iem, jo vi\u0146a, sprie\u017eot p\u0113c uzv\u0101rda, nav latviete.<\/p>\n<p>Ja vi\u0146a run\u0101 par saviem tautie\u0161iem <strong>Godmani, Borovkovu, Gorbunovu, Lindermani<\/strong><em>(\u0161ie bija tie \u0161\u0101v\u0113ji) <\/em>un vi\u0146iem piekomand\u0113to \u010dekas bandu, tad viss ir pareizi.<\/p>\n<p>Bet nedom\u0101ju gan, ka b\u016btu p\u0101rpratis, vi\u0146a to <strong><u>pasniedz k\u0101 latvisku akciju<\/u><\/strong>.<\/p>\n<p>L\u016bk, \u0161\u012b fr\u0101ze bija t\u0101, kuras d\u0113\u013c mums bija j\u0101lasa viss \u0161is stulbi pl\u0101t\u012bgais aizv\u0113sturisk\u0101s \u010dekas darbinieces murgs.<\/p>\n<h2>Saprati, latviet, tikai tu pie visa esi vain\u012bgs un ne sav\u0101d\u0101k !!!<\/h2>\n<p>Virsrakst\u0101 ta\u010du neliete pasac\u012bji: <strong>Es tagad esmu cit\u0101 dz\u012bv\u0113 ! <\/strong><\/p>\n<p>Ja esi cit\u0101 dz\u012bv\u0113, ko tad lien atpaka\u013c m\u016bs\u0113j\u0101 ?<\/p>\n<hr \/>\n<hr \/>\n<hr \/>\n<hr \/>\n<h2>Epilogs<\/h2>\n<p>T\u0101da k\u0101 \u0161\u012b <strong>noziedzniece Aksenoka<\/strong>, ir pilni <strong>Latvijas polit- gaite\u0146i<\/strong>, kuri pilda <strong>CI\u0100NAS GUDRO<\/strong> izstr\u0101d\u0101to programmu: <strong>bi\u010dkovi\u010di, kalnmeieri, maiz\u012b\u0161i, k\u016btri<\/strong>\u2026 . Vi\u0146a, k\u0101 augsti st\u0101vo\u0161a prokurat\u016bras darbiniece, ir klus\u0113jusi visus \u0161os garos p\u0113c<strong>Atmodas<\/strong> gadus. Redz\u0113jusi visus \u0161os noziegumus, kad tika izzagta <strong>latvie\u0161u tautas valsts<\/strong> un <strong>tauta padz\u012bta no savas sen\u010du zemes,<\/strong> bet inform\u0113jusi par to nav nevienu iest\u0101di un pie tautas p\u0113c pal\u012bdz\u012bbas ar\u012b nav griezusies !<\/p>\n<h2><span style=\"color: #ff0000;\">T\u0101tad, vi\u0146a un vi\u0146ai l\u012bdz\u012bgie ir \u0161\u012b nozieguma l\u012bdzdal\u012bbnieki.<\/span><\/h2>\n<p>Vi\u0146i ir ties\u0101jami ar <strong>NS<\/strong><em>(n\u0101vessodu)<\/em> un vi\u0146u \u0123imenes locek\u013ci, l\u012bdz radniec\u012bbas desmitajai pak\u0101pei, arest\u0113jami un iespund\u0113jami darba nometn\u0113s, lai atstr\u0101d\u0101tu savu noziedz\u012bgo radinieku paveiktos noziegumus.<\/p>\n<p>Tas t\u0101 ar\u012b notiks !<\/p>\n<p>Tas ir tikai laika jaut\u0101jums !<\/p>\n<p>10.02.18\u00a0\u00a0\u00a0\u00a0\u00a0\u00a0\u00a0 L. Granti\u0146\u0161<\/p>\n<hr \/>\n<hr \/>\n<hr \/>\n<h1 class=\"post-heading\"><a href=\"http:\/\/www.la.lv\/rita-aksenoka-tagad-esmu-cita-dzive\/\">Rita Aksenoka: Tagad esmu cit\u0101 dz\u012bv\u0113\u00a0<\/a><\/h1>\n<p><strong>\u2013 J\u016bsu p\u0101rvaldes izmekl\u0113\u0161an\u0101 bija, piem\u0113ram, omonie\u0161u lieta, ap\u0161audes R\u012bgas centr\u0101. Vai t\u0101 izmekl\u0113ta l\u012bdz galam? <\/strong><\/p>\n<p><span style=\"color: #ff0000;\"><em>\u2013 N\u0113, noteikti nav. P\u0113c vienas versijas, ap\u0161audes starp omonie\u0161iem un Iek\u0161lietu ministrijas darbiniekiem, kas bija nost\u0101ju\u0161ies neatkar\u012bg\u0101s Latvijas pus\u0113, izprovoc\u0113ja tre\u0161ais sp\u0113ks. M\u016bsu izmekl\u0113\u0161an\u0101 \u0161\u012b lieta bija tikai desmit dienas. Baidoties no jaun\u0101m sadursm\u0113m un asinspirts, ar Augst\u0101k\u0101s Padomes priek\u0161s\u0113d\u0113t\u0101ja A. Gorbunova un \u0123ener\u0101lprokurora J. Skrasti\u0146a r\u012bkojumu \u0161o lietu nodeva Maskavai. Toreiz pie manis n\u0101ca Andra Slapi\u0146a pieder\u012bgie, desmitiem citu cilv\u0113ku, kuri l\u016bdza neatdot \u0161o lietu. Bet man nebiju ties\u012bbu par to lemt. <strong>Es dom\u0101ju, ka ap\u0161audi pie Iek\u0161lietu ministrijas, kur\u0101s nogalin\u0101ja nevain\u012bgus cilv\u0113kus, izrais\u012bja m\u016bsu pa\u0161u tautie\u0161i<\/strong><\/em><\/span><strong>.<\/strong><\/p>\n","protected":false},"excerpt":{"rendered":"<p>Rita Aksenoka Dzimusi 1936. g. Str\u0101d\u0101jusi prokurat\u016br\u0101 da\u017e\u0101dos amatos no 1962. gada, 1976. gad\u0101 iecelta par LPSR prokurat\u016bras Izmekl\u0113\u0161anas p\u0101rvaldes priek\u0161nieka vietnieci. 90. gados Latvijas \u0122ener\u0101lprokurat\u016bras Sevi\u0161\u0137i svar\u012bgu lietu izmekl\u0113\u0161anas p\u0101rvaldes priek\u0161niece, v\u0113l\u0101k \u0123ener\u0101lprokurora&#46;&#46;&#46;<\/p>\n","protected":false},"author":1,"featured_media":0,"comment_status":"open","ping_status":"open","sticky":false,"template":"","format":"standard","meta":[],"categories":[1],"tags":[],"_links":{"self":[{"href":"https:\/\/tautastribunals.eu\/index.php?rest_route=\/wp\/v2\/posts\/43436"}],"collection":[{"href":"https:\/\/tautastribunals.eu\/index.php?rest_route=\/wp\/v2\/posts"}],"about":[{"href":"https:\/\/tautastribunals.eu\/index.php?rest_route=\/wp\/v2\/types\/post"}],"author":[{"embeddable":true,"href":"https:\/\/tautastribunals.eu\/index.php?rest_route=\/wp\/v2\/users\/1"}],"replies":[{"embeddable":true,"href":"https:\/\/tautastribunals.eu\/index.php?rest_route=%2Fwp%2Fv2%2Fcomments&post=43436"}],"version-history":[{"count":19,"href":"https:\/\/tautastribunals.eu\/index.php?rest_route=\/wp\/v2\/posts\/43436\/revisions"}],"predecessor-version":[{"id":43458,"href":"https:\/\/tautastribunals.eu\/index.php?rest_route=\/wp\/v2\/posts\/43436\/revisions\/43458"}],"wp:attachment":[{"href":"https:\/\/tautastribunals.eu\/index.php?rest_route=%2Fwp%2Fv2%2Fmedia&parent=43436"}],"wp:term":[{"taxonomy":"category","embeddable":true,"href":"https:\/\/tautastribunals.eu\/index.php?rest_route=%2Fwp%2Fv2%2Fcategories&post=43436"},{"taxonomy":"post_tag","embeddable":true,"href":"https:\/\/tautastribunals.eu\/index.php?rest_route=%2Fwp%2Fv2%2Ftags&post=43436"}],"curies":[{"name":"wp","href":"https:\/\/api.w.org\/{rel}","templated":true}]}}