{"id":43073,"date":"2018-03-07T16:42:11","date_gmt":"2018-03-07T14:42:11","guid":{"rendered":"http:\/\/188.68.49.144\/?p=43073"},"modified":"2018-03-07T20:20:40","modified_gmt":"2018-03-07T18:20:40","slug":"sab-izdzimums-arnolds-babris","status":"publish","type":"post","link":"https:\/\/tautastribunals.eu\/?p=43073","title":{"rendered":"SAB izdzimums Arnolds Babris(papildin\u0101ts ar video)"},"content":{"rendered":"<h2><a href=\"https:\/\/www.diena.lv\/raksts\/viedokli\/latvija\/bijusais-sab-darbinieks-pulim-atklat-vdk-kartoteku-saturu-nedrikst-14187939\"><span style=\"color: #000000;\"><img decoding=\"async\" loading=\"lazy\" class=\"alignleft wp-image-43772\" src=\"https:\/\/tautastribunals.eu\/wp-content\/uploads\/2018\/03\/www.tautastribunals.eu-1411-1.png\" alt=\"\" width=\"642\" height=\"90\" srcset=\"https:\/\/tautastribunals.eu\/wp-content\/uploads\/2018\/03\/www.tautastribunals.eu-1411-1.png 950w, https:\/\/tautastribunals.eu\/wp-content\/uploads\/2018\/03\/www.tautastribunals.eu-1411-1-300x42.png 300w, https:\/\/tautastribunals.eu\/wp-content\/uploads\/2018\/03\/www.tautastribunals.eu-1411-1-768x108.png 768w, https:\/\/tautastribunals.eu\/wp-content\/uploads\/2018\/03\/www.tautastribunals.eu-1411-1-800x112.png 800w\" sizes=\"(max-width: 642px) 100vw, 642px\" \/><\/span>Biju\u0161ais SAB darbinieksArnolds Babris: P\u016blim atkl\u0101t VDK kartot\u0113ku saturu nedr\u012bkst<\/a><\/h2>\n<h2><img decoding=\"async\" loading=\"lazy\" class=\"alignleft wp-image-43778\" src=\"https:\/\/tautastribunals.eu\/wp-content\/uploads\/2018\/03\/SAB.Arnolds-Babris.L.Granti\u0146\u0161.Maiz\u012btis.LRTT_.Godmanis.png\" alt=\"\" width=\"648\" height=\"231\" srcset=\"https:\/\/tautastribunals.eu\/wp-content\/uploads\/2018\/03\/SAB.Arnolds-Babris.L.Granti\u0146\u0161.Maiz\u012btis.LRTT_.Godmanis.png 519w, https:\/\/tautastribunals.eu\/wp-content\/uploads\/2018\/03\/SAB.Arnolds-Babris.L.Granti\u0146\u0161.Maiz\u012btis.LRTT_.Godmanis-300x107.png 300w\" sizes=\"(max-width: 648px) 100vw, 648px\" \/><span style=\"color: #000000;\">LRTT piebilde:<\/span><\/h2>\n<h3><em><span style=\"color: #000000;\"> Un, kuri tad t\u0101s PATIES\u0100S probl\u0113mas, noziedzniek &#8220;babri&#8221;, ir rad\u012bju\u0161i, ja ne \u010dekisti ar saviem stuka\u010diem ?! <\/span><\/em><\/h3>\n<h3><em><span style=\"color: #000000;\">P\u0113c tevis sac\u012bt\u0101, padibene Babri,\u00a0 izn\u0101k, ka P\u016aLIS visu &#8220;nolaidis uz grunti, vai ?\u00a0<\/span><\/em><\/h3>\n<h3><em><span style=\"color: #000000;\"> Kaut tu, s\u0101tana izdzimum Babri un visa tava dzimta, nol\u0101d\u0113ta no Laiku s\u0101kuma l\u012bdz Laiku beig\u0101m !<\/span><\/em><\/h3>\n<hr \/>\n<hr \/>\n<hr \/>\n<hr \/>\n<p>Ar biju\u0161o Satversmes aizsardz\u012bbas biroja (SAB) vado\u0161o darbinieku Arnoldu Babri sarun\u0101jas Rom\u0101ns Me\u013c\u0146iks.<\/p>\n<p><a href=\"https:\/\/www.diena.lv\/raksts\/viedokli\/latvija\/bijusais-sab-darbinieks-pulim-atklat-vdk-kartoteku-saturu-nedrikst-14187939\">https:\/\/www.diena.lv\/raksts\/viedokli\/latvija\/bijusais-sab-darbinieks-pulim-atklat-vdk-kartoteku-saturu-nedrikst-14187939<\/a><\/p>\n<hr \/>\n<hr \/>\n<hr \/>\n<hr \/>\n<p><img decoding=\"async\" loading=\"lazy\" class=\"alignleft wp-image-43775\" src=\"https:\/\/tautastribunals.eu\/wp-content\/uploads\/2018\/03\/Arnolds-Babris.L.-Granti\u0146\u0161.LRTT_.-Z\u012bverts.png\" alt=\"\" width=\"254\" height=\"318\" \/>Ir kaut kas pr\u0101tam neaptverams, ka viens latvietis var nosaukt savu tautu par <strong>P\u016aLI<\/strong> !<\/p>\n<p>FOTO: <span style=\"color: #ff0000;\"><em>Nu nav \u0161is s\u0101taniskais &#8220;lisina&#8221; nedz lodi, nedz cilpu peln\u012bjis, bet vecu lietotu \u0137ie\u0123eli ! Vi\u0146a purns jau izsaka vi\u0146a s\u0101tanisko b\u016bt\u012bbu. Ja vajadz\u0113tu cilv\u0113ciskot tikko izd&#8212;tu c\u0113rmi, tad \u0161o purnu var\u0113tu \u0146emt par matricu. Nebaidies, latviet, par \u0161iem krop\u013ciem iz\u0146irgties, jo vi\u0146i nav peln\u012bju\u0161i citu attieksmi. Tauta vi\u0146am ir P\u016aLIS, bet t\u0101s maks\u0101tos nodok\u013cus vi\u0146\u0161 rij aizg\u016btn\u0113m !<br \/>\n<\/em><\/span><\/p>\n<p>Protams, ka latvietis to ar\u012b nekad nedar\u012bs. Tas, ka \u0161im izdzimtenim<em>(arnolds babris)<\/em> ir latvisks <strong>\u201cnosaukums\u201d,<\/strong> neb\u016bt neliecina, ka vi\u0146\u0161 ir latviskas izcelsmes. Un ja v\u0113l zin\u0101m, ka vi\u0146\u0161 ir <strong>\u201cbiju\u0161ais\u201d SAB<\/strong> darbinieks, tad visp\u0101r atkr\u012bt jebk\u0101di min\u0113jumi, ka vi\u0146\u0161 var\u0113tu b\u016bt latvietis.<\/p>\n<p><strong>SAB<\/strong>s ir<strong> Izra\u0113las<\/strong> iest\u0101de un t\u0101s darbinieki<em>(nav biju\u0161ie darbinieki)<\/em> ir vi\u0146u cilv\u0113ki. M\u0113s esam tikai un <strong><u>vien\u012bgi gojas priek\u0161 t\u0101diem \u201cbabriem\u201d.<\/u><\/strong><\/p>\n<p>Kur\u0161 lasa \u0161o <strong>i- vietni<\/strong>, tas atceras ar\u012b v\u0113sturnieka <strong>I. Ro\u0146a<\/strong> sac\u012bto par <strong>J\u0101ni Ka\u017eoci\u0146u<\/strong> un kam vi\u0146\u0161 kalpoja, un kalpo v\u0113l \u0161odien. Un ar\u012b par tiem, kuri netie\u0161i ir saist\u012bti ar <strong>SAB<\/strong>u<em>(DP)<\/em>: <strong>J\u0101nis Reiniks, J\u0101nis Maiz\u012btis, K\u0101rlis Kangeris, Ivars Godmanis, Juris Lapinskis, Aivars Borovkovs, Aivars Garda, J\u016blijs Kr\u016bmi\u0146\u0161, Uldis Neiburgs, Aivars Stranga, Inesis Feldmanis, J\u0101nis Stradi\u0146\u0161<\/strong> un v\u0113l daudzi citi ar jauki skano\u0161iem latvie\u0161u <strong>\u201cnosaukumiem\u201d<em>(<\/em><\/strong><em>augst\u0101kais, vi\u0146i ir tikai 50%t\u012bgi latvie\u0161i, piem. J. Stradi\u0146\u0161- t\u0113vs s\u0113lis, bet m\u0101te Krievijas jebrejiete, bet liel\u0101ko tiesu tikai 25% un pat v\u0113l maz\u0101k) <\/em>!<\/p>\n<p>\u0160odienas <strong>Latvij\u0101 <\/strong>neviens latvietis neatrodas politiskaj\u0101 <strong>\u201cavangard\u0101\u201d.<\/strong><\/p>\n<p>Babra stulbums, k\u0101 jau tas kriev\u017e\u012bdam ir rakstur\u012bgs, s\u0101kas ar secin\u0101jumu, ka, ja atv\u0113r\u0161ot \u0161os <strong>\u201c\u010dekas maisus\u201d,<\/strong> s\u0101k\u0161oties raganu med\u012bbas un ciet\u0113ji b\u016b\u0161ot &#8220;nevain\u012bgi&#8221; <strong>stuka\u010du b\u0113rni\u0146i<\/strong> un <strong>mazb\u0113rni\u0146i.<\/strong><\/p>\n<p>To jau m\u0113s las\u012bj\u0101m tikko <strong><a href=\"https:\/\/tautastribunals.eu\/?p=43489\">\u201cfilozofa\u201d Agra Liepi\u0146a \u201cpo\u0113m\u0101\u201d(las\u012bt).<\/a> <\/strong><\/p>\n<p>Un iev\u0113roj\u0101t, k\u0101da vienota nost\u0101dne vi\u0146iem visiem \u0161aj\u0101 jaut\u0101jum\u0101 !<\/p>\n<p>Kur\u0161 b\u016bs tas, kas sac\u012bs, ka \u0161\u012b <strong>\u201cnost\u0101dne\u201d <\/strong>nen\u0101k no viena centra ? Un ja tas t\u0101, tad skaidrs, ka vi\u0146i visi baz\u016bn\u0113 \u010dekas asi\u0146ainaj\u0101 taur\u0113.<\/p>\n<p>Ja neviena post<strong>Padomju<\/strong> valsts neb\u016btu publiskojusi \u0161os arh\u012bvus, tad varb\u016bt k\u0101ds gar\u0101 apdal\u012btais var\u0113tu ar\u012b notic\u0113t \u0161\u012bm \u017e\u012bd- \u010dekistu gaud\u0101m.<\/p>\n<p>-Vai tad k\u0101d\u0101 valst\u012b, kur\u0101 atv\u0113rti \u0161ie <strong>\u201cmaisi\u201d, <\/strong>ir notiku\u0161as raganu med\u012bbas ?<\/p>\n<p>Atbilde ir viennoz\u012bm\u012bga: <strong>N A V<\/strong> !<\/p>\n<p>T\u0101tad, \u0161is izdzimtenis latvie\u0161us uzskata par iz\u0146\u0113mumu,- par atrieb\u012bgiem un asinsk\u0101riem rad\u012bjumiem. Katr\u0101 gad\u012bjum\u0101 par t\u0101diem vi\u0146\u0161 m\u016bs grib patais\u012bt. Par t\u0101diem m\u016bs \u0161ie ci\u0101nas bo\u013c\u0161evistiskie slepkavas m\u016bs ir tais\u012bju\u0161i visus \u0161os garos p\u0113ckara gadus. M\u0113s esot liel\u0101ki <strong>&#8220;\u017e\u012bdu \u0161\u0101v\u0113ji&#8221;<\/strong> par v\u0101cu nacistiem !<\/p>\n<p>M\u0113s esot \u017e\u012bdu b\u0113rni\u0146us aiz k\u0101j\u0101m gr\u0101bu\u0161i un gar pried\u0113m \u0161\u0137aid\u012bju\u0161i&#8230;. .<\/p>\n<h2><a href=\"http:\/\/www.la.lv\/rumbulas-tragedija-pratam-neaptverama\/\">https:\/\/tautastribunals.eu\/?p=35768<\/a><\/h2>\n<p>Kaut gan <strong>A. Gr\u016btups<\/strong> dokument\u0101li pier\u0101d\u012bja, ka neviens latvietis nevienu \u017e\u012bdu nav no\u0161\u0101vis, jo t\u0101du patva\u013cu v\u0101cu nacisti no latvie\u0161u puses pat sap\u0146os nepie\u013c\u0101va&#8230;. .<\/p>\n<p>-B\u016btu ar\u012b smiekl\u012bgi iedom\u0101ties, ka \u0161im slepkav- purnam <strong>A. Babrim<\/strong> interes\u0113tu <strong>stuk\u0101\u010du<\/strong> un vi\u0146u <strong>\u201cmazb\u0113rni\u0146u\u201d<\/strong> liktenis.<\/p>\n<p>Vi\u0146a sk\u016btais pauris nor\u0101da par vi\u0146a \u0123en\u0113tiskaj\u0101m tieksm\u0113m\u2026 .<\/p>\n<p>\u0160im <strong>\u201csk\u016btenim- \u017eopamordam<\/strong>\u201d, un visiem \u0161eit piemin\u0113tajiem de\u0123ener\u0101tiem, ir bailes par savu likteni- par asinsdarbiem, ko vi\u0146i veiku\u0161i p\u0113c<strong>Atmdas <\/strong>period\u0101: Tie ir t\u016bksto\u0161os skait\u0101mi noslepkavotie latvie\u0161u patrioti un uz\u0146\u0113m\u0113ji, un simtos t\u016bksto\u0161os padz\u012bto latvie\u0161u no savas T\u0113vzemes. Tie ir tot\u0101l\u0101 nabadz\u012bba iedz\u012btie vecie \u013caudis- pension\u0101ri !<\/p>\n<p>\u0160eit piemin\u0113tie<em>(un ne tikai)<\/em> ir \u0101rpr\u0101ta noziedznieki pret cilv\u0113ci, nemaz jau nerun\u0101jot par latvie\u0161u tautu.<\/p>\n<p>\u0160ie babrveid\u012bgie hidras, kuriem latvie\u0161u tauta ir <strong>P\u016aLIS<\/strong>, ir nositami k\u0101 s\u0113rgas aps\u0113sti \u017eurkas.<\/p>\n<p>Vi\u0146i to ar\u012b apzin\u0101s, k\u0101ds gals vi\u0146us sagaida.<\/p>\n<p>-T\u0101p\u0113c jau \u0161\u012b <strong>i- vietne<\/strong> eksist\u0113, lai aizvilktu \u0161os <strong><u>sarkan- zilos<\/u><\/strong> vamp\u012brus uz kar\u0101tav\u0101m !<\/p>\n<p>-T\u0101p\u0113c vi\u0146iem t\u0101ds \u0101rpr\u0101ta naids ir uz \u0161o <strong>i- vietni <\/strong>un t\u0101s <strong>Saimnieku<\/strong><em>(\u012astais saimnieks neb\u016bt nav Granti\u0146\u0161. Vi\u0146i zina ar\u012b \u012bsto Saimnieku) \u00a0<\/em>!<\/p>\n<p>07.03.18\u00a0\u00a0\u00a0\u00a0\u00a0\u00a0\u00a0\u00a0\u00a0\u00a0\u00a0 L. Granti\u0146\u0161<\/p>\n<hr \/>\n<hr \/>\n<hr \/>\n<hr \/>\n<h2><span style=\"color: #0000ff;\">\u0160eit da\u017ei &#8220;tautas viedok\u013ci&#8221; par \u0161o de\u0123ener\u0101tu:<\/span><\/h2>\n<p><span style=\"color: #0000ff;\">\u201eKur m\u0113s esam non\u0101ku\u0161i ka \u0161arikovu spiras savu smirdo\u0161o muti v\u0101rsta uz Latvijas tautu !\u201c<\/span><\/p>\n<p><span style=\"color: #0000ff;\">\u201eK\u0101 no raksta noprotams, net\u012b\u0161\u0101m atkl\u0101ta atbild\u012bgas valsts iest\u0101des \u2013 SAB \u2013 principi\u0101la attieksme pret t\u0101 d\u0113v\u0113to \u201etautu\u201c \u2013 m\u0113s \\\u0161iem kungiem esam tikai \u201ep\u016blis\u201c, stulbs, truls un dom\u0101t nesp\u0113j\u012bgs. Paldies, kungi, tad k\u013c\u016bst saprotamas \u0161\u012b kantora darb\u012bbas. Rets gad\u012bjums \u2013 nevil\u0161a atkl\u0101t\u012bba. Nu ko. Miez\u012b\u0161a kungs? \u201c<\/span><\/p>\n<p><span style=\"color: #0000ff;\">\u201eSo noladeto izdzimteni Arnoldu Babri, kurs, visticamak ir cekistu pecnacejs ir jatbrivo no Latvija spilsonibas, jo sis izdzimtensi sanem algu un sanem visus labumus, privlegijas no disputa sastradatas naudas. Kapec vispar sadi izdzimteni kads ir sis Babris, Vikene vareja ienemt Latvijas valsti valsts amatus un sanest lielas pensijas un privlegijas kadas sanem sie noladetie kropli, Latvijas valsts izlaupitaji un latviesu tautas slepkavas Babris, Vikene\u2026? No kura laika kaut kadi izdzimtensi Babris bus lemejs par to, vai atvert cekas mais svai ne? Navi Babrim, navi Vikenei, kuri piesedz, ienemot valsts amatus, Latvijas valsts nodevejus, latviesu tautas iznicinatajus!\u201c<\/span><\/p>\n<hr \/>\n<hr \/>\n<hr \/>\n<hr \/>\n<h2><span style=\"color: #ff0000;\">Pielikums-papildin\u0101jums<\/span><\/h2>\n<p>Haz\u0101ru mafijai- <strong>4. maija bandai<\/strong> draud <strong>Nirnberga 2<\/strong><\/p>\n<p>Un \u0161eit savu <strong>&#8220;roku&#8221;<\/strong> ir stingri pielikusi ar\u012b <strong>LCTAG HELSINKI 86<\/strong> ar saviem zi\u0146ojumiem par \u0161\u012bs bandas asinsdarbiem Latvij\u0101.<\/p>\n<p>T\u0101p\u0113c jau ar\u012b t\u0101ds \u0101rpr\u0101ta naids uz <strong>LRTT.<\/strong><\/p>\n<p><iframe loading=\"lazy\" width=\"500\" height=\"375\" src=\"https:\/\/www.youtube.com\/embed\/p9BlGlzDTZc?feature=oembed&#038;wmode=opaque\" frameborder=\"0\" allow=\"autoplay; encrypted-media\" allowfullscreen><\/iframe><\/p>\n","protected":false},"excerpt":{"rendered":"<p>Biju\u0161ais SAB darbinieksArnolds Babris: P\u016blim atkl\u0101t VDK kartot\u0113ku saturu nedr\u012bkst LRTT piebilde: Un, kuri tad t\u0101s PATIES\u0100S probl\u0113mas, noziedzniek &#8220;babri&#8221;, ir rad\u012bju\u0161i, ja ne \u010dekisti ar saviem stuka\u010diem ?! P\u0113c tevis sac\u012bt\u0101, padibene Babri,\u00a0&#46;&#46;&#46;<\/p>\n","protected":false},"author":1,"featured_media":0,"comment_status":"open","ping_status":"open","sticky":false,"template":"","format":"standard","meta":[],"categories":[1],"tags":[],"_links":{"self":[{"href":"https:\/\/tautastribunals.eu\/index.php?rest_route=\/wp\/v2\/posts\/43073"}],"collection":[{"href":"https:\/\/tautastribunals.eu\/index.php?rest_route=\/wp\/v2\/posts"}],"about":[{"href":"https:\/\/tautastribunals.eu\/index.php?rest_route=\/wp\/v2\/types\/post"}],"author":[{"embeddable":true,"href":"https:\/\/tautastribunals.eu\/index.php?rest_route=\/wp\/v2\/users\/1"}],"replies":[{"embeddable":true,"href":"https:\/\/tautastribunals.eu\/index.php?rest_route=%2Fwp%2Fv2%2Fcomments&post=43073"}],"version-history":[{"count":21,"href":"https:\/\/tautastribunals.eu\/index.php?rest_route=\/wp\/v2\/posts\/43073\/revisions"}],"predecessor-version":[{"id":43789,"href":"https:\/\/tautastribunals.eu\/index.php?rest_route=\/wp\/v2\/posts\/43073\/revisions\/43789"}],"wp:attachment":[{"href":"https:\/\/tautastribunals.eu\/index.php?rest_route=%2Fwp%2Fv2%2Fmedia&parent=43073"}],"wp:term":[{"taxonomy":"category","embeddable":true,"href":"https:\/\/tautastribunals.eu\/index.php?rest_route=%2Fwp%2Fv2%2Fcategories&post=43073"},{"taxonomy":"post_tag","embeddable":true,"href":"https:\/\/tautastribunals.eu\/index.php?rest_route=%2Fwp%2Fv2%2Ftags&post=43073"}],"curies":[{"name":"wp","href":"https:\/\/api.w.org\/{rel}","templated":true}]}}