{"id":43033,"date":"2018-01-05T18:29:11","date_gmt":"2018-01-05T16:29:11","guid":{"rendered":"http:\/\/188.68.49.144\/?p=43033"},"modified":"2021-11-02T10:31:17","modified_gmt":"2021-11-02T08:31:17","slug":"par-nozelojamiem-vestures-viltotajiem","status":"publish","type":"post","link":"https:\/\/tautastribunals.eu\/?p=43033","title":{"rendered":"Par no\u017e\u0113lojamiem v\u0113stures viltot\u0101jiem !"},"content":{"rendered":"<h1><img decoding=\"async\" loading=\"lazy\" class=\"alignleft wp-image-43040\" src=\"http:\/\/188.68.49.144\/wp-content\/uploads\/2018\/01\/Za\u013c\u0161-tautastribunals.eu_.png\" alt=\"\" width=\"1793\" height=\"251\" srcset=\"https:\/\/tautastribunals.eu\/wp-content\/uploads\/2018\/01\/Za\u013c\u0161-tautastribunals.eu_.png 950w, https:\/\/tautastribunals.eu\/wp-content\/uploads\/2018\/01\/Za\u013c\u0161-tautastribunals.eu_-300x42.png 300w, https:\/\/tautastribunals.eu\/wp-content\/uploads\/2018\/01\/Za\u013c\u0161-tautastribunals.eu_-768x108.png 768w, https:\/\/tautastribunals.eu\/wp-content\/uploads\/2018\/01\/Za\u013c\u0161-tautastribunals.eu_-800x112.png 800w\" sizes=\"(max-width: 1793px) 100vw, 1793px\" \/>Par v\u0113stures viltot\u0101jiem<\/h1>\n<p>\u0160aj\u0101 rakst\u0101 b\u016bs runa par diviem, bet t\u0101du ir vesels l\u0113rums. V\u0113sture tiek viltota visaugst\u0101kaj\u0101, proti, valsts l\u012bmen\u012b. <strong>Latvij\u0101 valdo\u0161\u0101 \u017e\u012bd- komunistu, cionistu kli\u0137e<\/strong><em>(okup\u0101cijas noziedz\u012bg\u0101 re\u017e\u012bma aizst\u0101ve)<\/em> apzin\u0101s, ka t\u0101 ir ne tikai nelikum\u012bga, bet noziedz\u012bga un t\u0101p\u0113c tiek dar\u012bts viss, lai sevi patais\u012btu par<strong> likum\u012bgiem<\/strong>.<\/p>\n<p>M\u016bsu uzdevums, <strong>pirms ierodas visu LIETU k\u0101rtot\u0101js<\/strong>, ir visus vi\u0146u noziegumus- melus dar\u012bt zin\u0101mus tautai. K\u0101 jau citos rakstos esmu sac\u012bjis, \u0161o noziedz\u012bgo darbu veic ar\u012b t\u0101 saucamie \u201c<strong>disidenti un latvie\u0161u kult\u016bras darbinieki<\/strong>\u201d.<\/p>\n<p>K\u013c\u016bst pavisam nel\u0101gi ap d\u016b\u0161u, ja lasi <strong><u>t\u0101dus latvju tautas \u201cpatriotus\u201d<\/u><\/strong><em><u>(<\/u>gribot negribot j\u0101liek p\u0113di\u0146\u0101s<\/em>) k\u0101 <strong>E. M\u0101rtu\u017eu<\/strong> un <strong>J\u0101ni V\u0113veri<\/strong>.<\/p>\n<hr \/>\n<p><strong>J\u0101nis\u00a0 V\u0113veris:<\/strong><\/p>\n<p><strong><img decoding=\"async\" loading=\"lazy\" class=\"alignleft wp-image-43065\" src=\"http:\/\/188.68.49.144\/wp-content\/uploads\/2018\/01\/J\u0101nis-V\u0113veris.LRTT_.L.Granti\u0146\u0161.M\u0101rtu\u017ea.png\" alt=\"\" width=\"227\" height=\"272\" \/><span style=\"color: #0000ff;\"><em>\u201cSilaraups aizbrauca izp\u0113t\u012bt, kas notiek Liep\u0101j\u0101. Tur iepazinies ar Linardu Granti\u0146u, Raimondu Bitenieku un M\u0101rti\u0146u Barisu un uzreiz iest\u0101jies grup\u0101. Vi\u0146\u0161 atbrauca jau k\u0101 &#8220;Helsinki 86&#8221; biedrs.\u201d<\/em><\/span><\/strong><\/p>\n<p><a href=\"https:\/\/www.vestnesis.lv\/ta\/id\/18583\">https:\/\/www.vestnesis.lv\/ta\/id\/18583<\/a><\/p>\n<p>Ja lasa t\u0101das <strong>\u201cbr\u012bv\u012bbas c\u012bn\u012bt\u0101ju atmi\u0146as\u201d,<\/strong> tad liekas, ka esi iek\u016blies kaut k\u0101d\u0101 absurdisma realit\u0101t\u0113, <u>kur\u0101 v\u0113sture tiek trakt\u0113ta p\u0113c izdzert\u0101 alkohola daudzuma<\/u>\u2026. .<\/p>\n<p>Var\u0113tu jau par<strong> V\u0113vera<\/strong> sacer\u0113jumu pasmaid\u012bt<em>, <span style=\"color: #ff0000;\">k\u0101<strong> Silaraups<\/strong> brauca <strong>&#8220;p\u0113t\u012bt&#8221; Liep\u0101ju,<\/strong><\/span><\/em>\u00a0 ja vien tas nesk\u0101rtu nopietnas lietas,- <strong>latvie\u0161u tautas Atmodu<\/strong>. Nev\u0113los izteikties par <strong>V\u0113vera <\/strong>sac\u012bto, kas neattiecas uz <strong>H- 86,<\/strong> jo neko nezinu par to, bet kas attiec\u0101s uz saist\u012bbu ar<strong> H-86, <\/strong>tad viss vi\u0146a teiktais ir vienk\u0101r\u0161i fant\u0101zijas- v\u0113lamais uzdots par \u012bsten\u012bbu \u2026 . Ja vi\u0146\u0161 par \u0161o periodu izsak\u0101s tik neadekv\u0101ti<em>(mel\u012bgi, kas neatbilst re\u0101lajiem notikumiem<\/em>), tad, k\u0101p\u0113c lai vi\u0146am tic\u0113tu par visu p\u0101r\u0113jo ?<\/p>\n<p><strong>J\u0101nis V\u0113veris<\/strong> bija kop\u0101 ar <strong>Juri Ziemeli<\/strong> un veica <strong>H- 86<\/strong> \u0161\u0137el\u0161anu,- t\u0101tad, pieskait\u0101ms pie tautas nodev\u0113jiem. Visi tie disidenti, kuri tika nos\u016bt\u012bti uz polit- zonu, bija salauzti un darboj\u0101s \u010dekas uzdevum\u0101. Tie, kuri nesal\u016bza, tikai aizs\u016bt\u012bti pie <strong>krimin\u0101listem likvid\u0113\u0161anai vai iespund\u0113ti psihiatrisk\u0101s iest\u0101d\u0113s<\/strong>.Piem: Kap\u0113c <strong>\u0122edertu Melngaili<\/strong> neaizs\u016bt\u012bja uz polit-zonu ?<\/p>\n<p>T\u0101p\u0113c, ka vi\u0146\u0161 nesal\u016bza !<\/p>\n<p>Kap\u0113c t\u0101ds<strong> &#8220;politiskais&#8221;<\/strong> ieslodz\u012btais k\u0101 <strong>J\u0101nis Ro\u017ekalns<\/strong> slepeni apmekl\u0113 manu dz\u012bves vietu <strong>V\u0101cija<\/strong> un fotograf\u0113 to <a href=\"http:\/\/188.68.49.144\/?p=39964\">http:\/\/188.68.49.144\/?p=39964<\/a> ? Vai tad t\u0101 nav slepkav\u012bbas piegatavo\u0161ana ?<\/p>\n<p>Tie, kuri parakst\u012bja \u010dekistu sagatavoto tekstu:<span style=\"color: #ff0000;\"> <strong>&#8220;Atz\u012bstu sevi par vain\u012bgu un padar\u012bto no\u017e\u0113loju&#8221;<\/strong><\/span>, savu dv\u0113seli p\u0101rdeva <strong>S\u0101tanam<\/strong>. Vi\u0146i p\u0101rst\u0101ja b\u016bt par cilv\u0113kiem. No <strong>homo- sapiens<\/strong> p\u0101rvert\u0101s par <strong>homo- s\u0101tanikos<\/strong>. Vi\u0146u cilv\u0113cisk\u0101 programma tika aizst\u0101ta ar s\u0101tanisko !<\/p>\n<p>Mani, kad <strong>H- 86<\/strong> krimn\u0101llieta jau bija nosl\u0113gta, divus m\u0113ne\u0161us ik p\u0101rdienas bru\u0146ots konvojs transport\u0113ja no \u010dekas pagraba uz p\u0113d\u0113jo st\u0101vu pie sevi\u0161\u0137i svar\u012bgo lietu izmekl\u0113t\u0101ja<strong> J\u0101\u0146a Vilovi\u010da Stik\u0101na<\/strong> viena m\u0113r\u0137a d\u0113\u013c, piespiest mani parakst\u012b \u0161o s\u0101tanisko tekstu.<\/p>\n<p>Neparakst\u012bju !<\/p>\n<p>Parakst\u012bju citu:<strong><span style=\"color: #ff0000;\"> &#8220;Sevi par vain\u012bgu neatz\u012bstu un padar\u012bto neno\u017e\u0113loju.&#8221;<\/span><\/strong><\/p>\n<hr \/>\n<p><strong>Eva M\u0101rtu\u017ea: <\/strong><\/p>\n<p><strong><img decoding=\"async\" loading=\"lazy\" class=\"alignleft wp-image-43061\" src=\"http:\/\/188.68.49.144\/wp-content\/uploads\/2018\/01\/E.M\u0101rtu\u017ea.L.Granti\u0146\u0161.LRTT_.J.peters.jpg\" alt=\"\" width=\"232\" height=\"232\" srcset=\"https:\/\/tautastribunals.eu\/wp-content\/uploads\/2018\/01\/E.M\u0101rtu\u017ea.L.Granti\u0146\u0161.LRTT_.J.peters.jpg 200w, https:\/\/tautastribunals.eu\/wp-content\/uploads\/2018\/01\/E.M\u0101rtu\u017ea.L.Granti\u0146\u0161.LRTT_.J.peters-150x150.jpg 150w\" sizes=\"(max-width: 232px) 100vw, 232px\" \/>Ar M\u0101rtu\u017eas<\/strong> kundzi lietas jau ir daudz nopietn\u0101kas. Runa ir par vi\u0146as darbu: <strong>\u201cP\u0112TERA ZV\u0112RESTS\u201d.<\/strong> \u0160is darbs ir smags v\u0113stures viltojums, n\u0101kotnes v\u0113sturnieku maldin\u0101\u0161anai. Tas, kur\u0161 kaut mazliet saprot, k\u0101 tiek p\u0113t\u012bta v\u0113sture un uzzin\u0101ti pag\u0101tnes notikumi, tas ar\u012b saprat\u012bs, ka \u0161aj\u0101 gr\u0101mat\u0101 sac\u012btais, kas attiecas uz<strong> J. Peteru<\/strong>, nav pavir\u0161\u012bba, bet <strong><u>apzin\u0101ta maldin\u0101\u0161ana<\/u><\/strong>. Tas ir ticis pasniegts \u013coti neuzkr\u012bto\u0161\u0101 veid\u0101, t\u0101, k\u0101 vienk\u0101r\u0161ais las\u012bt\u0101js pat nepamana. Paties\u012bbas nodev\u012bba ir notikusi vispret\u012bg\u0101k\u0101 veid\u0101, jo<span style=\"color: #ff0000;\"><strong> m\u016bsu tautas nodev\u0113js ir pasniegts k\u0101 v\u0113sturisk\u0101 mantojuma gl\u0101b\u0113js<\/strong><\/span>.<\/p>\n<p>\u0160is <strong>\u201cnodev\u012bbas akts\u201d<\/strong><em>(slavinot komunistu Peteru) <\/em>ir veikts savt\u012bgos nol\u016bkos, lai ieg\u016btu izdev\u0113ju un cenzoru labv\u0113l\u012bbu un, protams, l\u012bdz ar to ar\u012b sevi ierindotu <strong>4. maija kli\u0137es <\/strong>elit\u0101raj\u0101 sabiedr\u012bbas da\u013c\u0101.<\/p>\n<p>Ja v\u0113l\u0113j\u0101s piemin\u0113t <strong>Atmodu,<\/strong> tad bija j\u0101piemin t\u0101s <strong>aizs\u0101c\u0113ji <\/strong>un <strong>latvie\u0161u tauta<\/strong>, kura ar savu masveid\u012bbu un salied\u0113t\u012bbu sagr\u0101va <strong>Padomju imp\u0113riju<\/strong>, t\u0101 piln\u012bb\u0101 sajaucot <strong>cionistu <\/strong>nodomus- kriev\u017e\u012bdiem p\u0101r\u0146emt visu sav\u0101 var\u0101. Vi\u0146i v\u0113l \u0161odien no visa t\u0101 nav atj\u0113gu\u0161ies, bet ar t\u0101diem k\u0101 <strong>J\u0101nis Peters<\/strong> un <strong>Eva M\u0101rtu\u017ea<\/strong>, cen\u0161as visu labot. Vai tas izdosies,- maz ticams, bet \u013caunumu v\u0113l daudz uzsp\u0113s nodar\u012bt.<\/p>\n<p><strong><span style=\"color: #ff0000;\">M\u016bsu katra uzdevums ir visiem \u0161iem komunistu- cionistu pl\u0101niem likt \u0161\u0137\u0113r\u0161\u013cus, bez \u017e\u0113last\u012bbas celt gaism\u0101 visas neliet\u012bbas.<\/span><\/strong><\/p>\n<p><img decoding=\"async\" loading=\"lazy\" class=\"alignleft wp-image-43042\" src=\"http:\/\/188.68.49.144\/wp-content\/uploads\/2018\/01\/Eva-M\u0101rtu\u017ea.L.-Granti\u0146\u0161.LRTT_.Bord\u0101ns.jpg\" alt=\"\" width=\"1949\" height=\"857\" srcset=\"https:\/\/tautastribunals.eu\/wp-content\/uploads\/2018\/01\/Eva-M\u0101rtu\u017ea.L.-Granti\u0146\u0161.LRTT_.Bord\u0101ns.jpg 882w, https:\/\/tautastribunals.eu\/wp-content\/uploads\/2018\/01\/Eva-M\u0101rtu\u017ea.L.-Granti\u0146\u0161.LRTT_.Bord\u0101ns-300x132.jpg 300w, https:\/\/tautastribunals.eu\/wp-content\/uploads\/2018\/01\/Eva-M\u0101rtu\u017ea.L.-Granti\u0146\u0161.LRTT_.Bord\u0101ns-768x338.jpg 768w, https:\/\/tautastribunals.eu\/wp-content\/uploads\/2018\/01\/Eva-M\u0101rtu\u017ea.L.-Granti\u0146\u0161.LRTT_.Bord\u0101ns-800x352.jpg 800w\" sizes=\"(max-width: 1949px) 100vw, 1949px\" \/>Par <strong>J\u0101ni Peteru<\/strong>, l\u016bk, kas bija j\u0101saka:<\/p>\n<p><span style=\"color: #ff0000;\"><strong>-Komunists J\u0101nis Peters<\/strong>,<\/span> pirmaj\u0101 okup\u0101cijas varas apjukuma br\u012bd\u012b, neatkar\u012bbas pus\u0113 nost\u0101j\u0101s aiz bail\u0113m no tautas atrieb\u012bbas- god\u012bgi nopeln\u012bt\u0101m kar\u0101tav\u0101m.<\/p>\n<p><span style=\"color: #ff0000;\"><strong>-Komunists J\u0101nis Peters<\/strong><\/span> bija visakt\u012bv\u0101kais <strong>Atmodas pretinieks,<\/strong> kur\u0161 darboj\u0101s <strong><u>PSRS CK<\/u><\/strong><u> <strong>dro\u0161\u012bbas org\u0101nu stingr\u0101 uzraudz\u012bb\u0101- Izra\u0113las uzraudz\u012bb\u0101<\/strong><\/u><strong>.<\/strong><\/p>\n<p><span style=\"color: #ff0000;\"><strong>-Komunists J\u0101nis Peters<\/strong><\/span> veica visu, lai vara nenon\u0101ktu latvie\u0161u tautas rok\u0101s. Ar vi\u0146a zi\u0146u, un pat <strong><u>vi\u0146a nor\u0101d\u012bjumiem, tika slepkavoti un iebaid\u012bti latvie\u0161u patrioti<\/u><\/strong>.<\/p>\n<p><span style=\"color: #ff0000;\"><strong>-Komunists J\u0101nis Peters<\/strong><\/span> bija tas, kur\u0161 sa\u0161\u0137\u0113la <strong>H- 86<\/strong> aizs\u0101kto <strong>Atmodu<\/strong>. Vi\u0146\u0161 tautu atr\u0101va no <strong><u>m\u016bsu br\u012bv\u012bbas simbola, Br\u012bv\u012bbas pieminek\u013ca <\/u><\/strong>un aizveda to uz kapiem.<\/p>\n<h2><span style=\"color: #ff0000;\">-Tas bija vis\u012bst\u0101kais <strong>Meln\u0101s ma\u0123ijas ritu\u0101ls<\/strong> !<\/span><\/h2>\n<p><span style=\"color: #ff0000;\"><strong>-Komunists J\u0101nis Peters<\/strong><\/span> bija tas, kur\u0161 p\u0113c <strong>Maskavas pav\u0113les<\/strong> nomain\u012bja nacion\u0101li dom\u0101jo\u0161o <strong>Gun\u0101ru Priedi<\/strong>.<\/p>\n<p><span style=\"color: #ff0000;\"><strong>-Komunists J\u0101nis Peters<\/strong><\/span> bija tas, kur\u0161 aizliedza public\u0113t <strong>Laimo\u0146a Pura<\/strong><em>(Strazdi\u0146a)<\/em> p\u0113d\u0113jos darbus !<\/p>\n<p><span style=\"color: #ff0000;\"><strong>-Komunists J\u0101nis Peters<\/strong><\/span> bija tas, kur\u0161 aizliedza ekraniz\u0113t m\u016bsu p\u0113ckara ra\u017een\u0101k\u0101 klasi\u0137a <strong>Laimo\u0146a Pura<\/strong><em>(Strazdi\u0146a)<\/em><strong> DEGO\u0160IE PILSKALNI. <\/strong>T\u0101tad, \u0161im cionistu izdzimumam, ir \u0101rpr\u0101ta bailes no m\u016bsu<strong> sen\u0101s un varen\u0101s v\u0113stures <\/strong>!!! \u0160aj\u0101 sakar\u0101 gribas piemin\u0113t \u00a0cionistes <strong>VVF<\/strong> aizliegumu izdot <strong>O\u013c\u0123erta Zi\u013cicka<\/strong> rakstu darbu: <span style=\"color: #0000ff;\"><strong><em>\u201e\u013baujiet jel atvases dz\u012bt!\u201d<\/em><\/strong><em> las\u012bt\u0101ji jau vair\u0101kus gadus var\u0113ju\u0161i iepaz\u012bties internet\u0101. Diem\u017e\u0113l piln\u0101 apjom\u0101 darbs nav izdots. Tas ir komunistisk\u0101 re\u017e\u012bma repres\u0113t\u0101 v\u0113sturnieka (politisku mot\u012bvu d\u0113\u013c izsl\u0113gts no \u013be\u0146ingradas universit\u0101tes V\u0113stures fakult\u0101tes) m\u016b\u017ea darbs, kas ietver autora dzimtas, piecu paaud\u017eu, seno zin\u0161u (m\u016bsdienu valod\u0101 \u2013 zin\u0101\u0161anu) apkopojumu. Neatkar\u012bgs, fundament\u0101ls, \u0100ziju, Eiropu u.c. vietas aptvero\u0161s p\u0113t\u012bjums par k\u0101dreiz di\u017eo Baltu civiliz\u0101ciju, s\u0101kot no Pirmsledus laikmeta l\u012bdz t.s. him\u0113risko etnosu, m\u016bsdienu tautu izveidei un agres\u012bvai izplat\u012bbai. Profesion\u0101lie v\u0113sturnieki \u0161\u0101du p\u0113t\u012bjumu baltiem paliku\u0161i par\u0101d\u0101. Gr\u0101mata br\u012bdina m\u016bs nepie\u013caut piln\u012bgu Baltu civiliz\u0101cijas boj\u0101eju. Nedaudz\u0101s v\u0113l dz\u012bv\u0101s relikt\u0101s baltu tautas, t.sk. latvie\u0161i, ierakst\u0101mas cilv\u0113ces kult\u016bras Sarkanaj\u0101 gr\u0101mat\u0101. Mums, latvie\u0161iem, vispirms pa\u0161iem j\u0101apzin\u0101s sava vieta pasaules v\u0113stur\u0113 un augst\u0101 misija nosarg\u0101t sevi, l\u012bdz ar to Baltu civiliz\u0101ciju.<\/em><\/span><\/p>\n<p><span style=\"color: #ff0000;\"><strong>-Komunists J\u0101nis Peters<\/strong> <\/span>aizliedz <strong>Laimoni Puru<\/strong> d\u0113v\u0113t par latvie\u0161u klasi\u0137i !<\/p>\n<p><span style=\"color: #ff0000;\"><strong>-Komunists J\u0101nis Peters<\/strong> <\/span>aizliedza<strong> Laimonim Puram pie\u0161\u0137irt m\u016b\u017ea stipendiju Latvijas rakstniec\u012bb\u0101<\/strong> !<\/p>\n<p><strong><u>Vai j\u016bs<\/u><\/strong> variet st\u0101d\u012bties priek\u0161\u0101, ka <strong><u>m\u016b\u017ea stipendiju Latvijas rakstniec\u012bb\u0101<\/u><\/strong> pie\u0161\u0137\u012bra krievu komunistam un \u010dekas sadarbonim, bet ne <strong>L. Puram <\/strong>?<\/p>\n<p><a href=\"http:\/\/188.68.49.144\/?p=34873\"><em><span style=\"color: #ff0000;\">Paskaidro\u0161u, k\u0101p\u0113c es sac\u012bju, ka Vi\u0146\u0161 <strong>agres\u012bv\u0101 <\/strong>veid\u0101 tiek aizmirsts<\/span><strong><span style=\"color: #0000ff;\"><span style=\"color: #ff0000;\">(atv\u0113rt)<\/span><\/span><\/strong><\/em><\/a><\/p>\n<p><span style=\"color: #0000ff;\"><em>K\u0101dam(<\/em><em>v\u0101rds netiks min\u0113ts<\/em><em>) latvie\u0161u jaunajam rakstniekam tiek jaut\u0101ts: no k\u0101 vi\u0146\u0161 ir sm\u0113lies iedvesmu attiec\u012bgajam darbam ? Vi\u0146\u0161 atbild\u0113ja, ka no trim klasi\u0137iem, no kuriem viens ir <strong>Laimonis Purs.<\/strong><\/em><\/span><\/p>\n<p><span style=\"color: #0000ff;\"><em>Un, kas notiek p\u0113c gr\u0101matas izdo\u0161anas !?<\/em><\/span><\/p>\n<p><span style=\"color: #0000ff;\"><em>Par p\u0101rsteigumu pa\u0161am rakstniekam, p\u0113c gr\u0101matas izdo\u0161anas no p\u0113cv\u0101rda ir pazudis teksts, kur\u0101 autors <strong>Laimoni Puru<\/strong> nod\u0113v\u0113 par klasi\u0137i. Un k\u0101 v\u0113l\u0101k izr\u0101d\u012bj\u0101s, tas noticis p\u0113c <strong>Ja\u0146isa Peterisa<\/strong> <\/em><em>(J\u0101\u0146a Petera)<\/em><em> nor\u0101d\u012bjuma.<\/em><\/span><\/p>\n<p><span style=\"color: #0000ff;\"><em>Lo\u0123ika jau <strong>\u201cm\u016bsu\u201d Peterisam Ja\u0146isam<\/strong> ir dzel\u017eaina. Ja <strong>L. Purs<\/strong> tiek uzskat\u012bts par <strong>KLASI\u0136I<\/strong>, tad kauna traips visai <strong>\u201cvado\u0161ajai <\/strong>rakst<strong>NIEKU brand\u017eaii\u201d, <\/strong>ka <strong>KLASI\u0136IM<\/strong> ir j\u0101pavada savas m\u016b\u017ea p\u0113d\u0113j\u0101s dienas nabadz\u012bba un pamest\u012bb\u0101.<\/em><\/span><\/p>\n<p><span style=\"color: #0000ff;\"><em>Vai k\u0101ds ir dzird\u0113jis, ka <strong>Peters, Z\u0101l\u012bte, Skulme, Hanbergs, Pauls, Kalni\u0146\u0161, L\u012bce<\/strong> vai k\u0101ds cits no \u0161\u012bs <strong><u>sarkano drazu plej\u0101des<\/u><\/strong>, kuru nopelni ir ne vair\u0101k k\u0101 ka\u0137im <strong>\u201cmelns aiz naga\u201d <\/strong>latvie\u0161u literat\u016br\u0101 un m\u0101ksl\u0101, b\u016btu painteres\u0113jies par tur pat jau simtgadnieku <strong>L. Puru<\/strong> ?<\/em><\/span><\/p>\n<p><span style=\"color: #0000ff;\"><em>Protams, ka n\u0113, jo visiem latvie\u0161u tautas nodev\u0113jiem, ka sunim kauls r\u012bkl\u0113 ir iespr\u016bdis <strong>L. Pura \u201cAizejot atskaties\u201d<\/strong> !<\/em><\/span><\/p>\n<p><span style=\"color: #ff0000;\"><strong>-Komunists J\u0101nis Peters<\/strong> <\/span>ar<span style=\"color: #ff0000;\"><strong> komunisti M\u0101ru Z\u0101l\u012bti<\/strong><\/span> konsult\u0113ja <strong>VDK<\/strong> sadaboni<strong> Vairu V\u012b\u0137i Freibergu<\/strong> valodas jaut\u0101jum\u0101<em>(Visi tr\u012bs \u010dekas cilv\u0113ki- vis\u012bst\u0101kie provokatori izmoc\u012btaj\u0101 latvie\u0161u tautas \u0137ermen\u012b)<\/em>.\u00a0 <a href=\"http:\/\/188.68.49.144\/?p=15230\">Tie\u0161i p\u0113c \u0161o divu<strong>VDK <\/strong>darbinieku ieteikuma<strong> VVF \u201cm\u012bkstin\u0101ja\u201d<\/strong> valodas<strong> Likumu<\/strong><em>(atv\u0113rt) <\/em>!!!\u00a0<\/a> Praktiski tas noz\u012bm\u0113ja nostumt latvie\u0161u valodu \u0137\u0113\u0137a<em>(virtuves)<\/em> l\u012bmeni.Vai tad \u0161odiena nepar\u0101da, kur novesta m\u016bsu valoda pa\u0161u zem\u0113 ?<\/p>\n<p>Latvie\u0161u tautas v\u0113stur\u0113 nav meln\u0101ka un pret\u012bg\u0101ka nodev\u0113ja par komunistu, <strong>VDK darboni<\/strong><em>(stuka\u010du)<\/em> <strong>J\u0101ni Peteru.<\/strong><\/p>\n<p>Visa<strong> E. M\u0101rtu\u017eas piemin\u0113t\u0101 Latvijas Tautas fronte<\/strong> sast\u0101v\u0113ja 100%t\u012bgi no komunistiem- \u010dekas akt\u012bviem darbiniekiem !<\/p>\n<p>Saist\u012bt to ar <strong>Atmodu<\/strong> ir noziegums.<\/p>\n<h2><span style=\"color: #ff0000;\"><strong>LTF<\/strong> bija Atmodas kapra\u010di- latvie\u0161u tautas kapra\u010di !<\/span><\/h2>\n<h3>Latviet !!!, vai to visu nezin\u0101ja <strong>Eva M\u0101rtu\u017ea<\/strong> ?<\/h3>\n<p>Zin\u0101ja !<\/p>\n<p><img decoding=\"async\" loading=\"lazy\" class=\"alignleft wp-image-43080\" src=\"http:\/\/188.68.49.144\/wp-content\/uploads\/2018\/01\/J\u0101nis-Peters.E.-M\u0101rtu\u017ea.LRTT_.jpg\" alt=\"\" width=\"253\" height=\"352\" srcset=\"https:\/\/tautastribunals.eu\/wp-content\/uploads\/2018\/01\/J\u0101nis-Peters.E.-M\u0101rtu\u017ea.LRTT_.jpg 408w, https:\/\/tautastribunals.eu\/wp-content\/uploads\/2018\/01\/J\u0101nis-Peters.E.-M\u0101rtu\u017ea.LRTT_-216x300.jpg 216w\" sizes=\"(max-width: 253px) 100vw, 253px\" \/>Un k\u0101 v\u0113l zin\u0101ja !<\/p>\n<p>Vi\u0146a noteikti var v\u0113l papildin\u0101t \u0161o sarakstu !<\/p>\n<p>V\u0113sturnieki, lai restaur\u0113tu v\u0113sturi, liek kop\u0101 neskait\u0101mus, vi\u0146iem pieejamos v\u0113sturiskus fragmentus. Kas notiks ar n\u0101kotnes v\u0113sturniekiem, kad vi\u0146i v\u0113l\u0113sies ieg\u016bt patiesas zi\u0146as par m\u016bsu tautas<strong> Atmodu<\/strong> ?<\/p>\n<p>Izstud\u0113jot <strong>E. M\u0101rtu\u017eas \u201cP\u0112TERA ZV\u0112RESTUS\u201d<\/strong> un v\u0113l k\u0101da kli\u0137ei uztic\u012bga <strong>&#8220;film\u0113t\u0101ja&#8221; Askolda Saul\u012b\u0161a puspaties\u012bbas sav\u0101rst\u012bjumu<a href=\"https:\/\/www.youtube.com\/watch?v=qFDYaNCHvdY\"> &#8220;Atmodas antalo\u0123ija<\/a><\/strong><a href=\"https:\/\/www.youtube.com\/watch?v=qFDYaNCHvdY\"><em>(atv\u0113rt)<\/em><\/a><strong><a href=\"https:\/\/www.youtube.com\/watch?v=qFDYaNCHvdY\">&#8220;<\/a>,<\/strong> n\u0101ks pie secin\u0101juma, ka komunists <strong>J\u0101nis Peters<\/strong>, kur\u0161 devis zv\u0113restu <strong>Komunistiskajai partijai<\/strong><em>(izn\u012bcin\u0101t latvie\u0161u tautu), <\/em>ir <strong>Atmodas galven\u0101 person\u012bba<\/strong>.<\/p>\n<p><strong>\u201cP\u0112TERA ZV\u0112RESTS\u201d<\/strong> var\u0113ja piln\u012bgi iztikt bez komunista <strong>J\u0101\u0146a Petera<\/strong> piemin\u0113\u0161anas.<\/p>\n<p>Vi\u0146\u0161 tur ir k\u0101 hemoro\u012bds vesela cilv\u0113ka paka\u013c\u0101, piln\u012bgi nevajadz\u012bgs<em>(v\u0113sturiski piln\u012bgi provokat\u012bvs un mel\u012bgs teksts)<\/em>.<\/p>\n<p>Kas tad b\u016btu j\u0101dara <strong>E. M\u0101rtu\u017eai,<\/strong> lai visu to kaut cik labotu ?<\/p>\n<p>J\u0101atz\u012bst, ka gr\u0101mata un pieskait\u0101ma pie dezinformat\u012bvas literat\u016bras. B\u016bt\u012bb\u0101 iz\u0146emama no apgroz\u012bbas un ar\u012b no las\u012bt\u0101ju gr\u0101matu plauktiem, atmaks\u0101jot gr\u0101matas v\u0113rt\u012bbu. Slikt\u0101k\u0101 gad\u012bjum\u0101 ir j\u0101izdruk\u0101 pielikums, kur\u0101 <strong>\u201capskaidrots\u201d <\/strong>\u0161is noziedz\u012bgais teksts ar \u0161aj\u0101 <strong>i- vietn\u0113 min\u0113tajiem paskaidrojumiem<\/strong> par noziedznieku <strong>Peteru<\/strong>, un pievienojams 142.lapaspusei.<\/p>\n<p><strong>LRTT <\/strong>vietnes \u012bpa\u0161nieks- administrators<em>(Linards Granti\u0146\u0161)<\/em> <strong>J\u016bs <\/strong>uzskata par v\u0113stures viltot\u0101ju, kurai reiz b\u016bs j\u0101raksta tautai paskaidrojums un j\u0101l\u016bdz piedo\u0161ana.<\/p>\n<p>Tas ir veikts savt\u012bgu iemeslu d\u0113\u013c un t\u0101p\u0113c ir defin\u0113jams k\u0101 krimin\u0101lnoziegums.<\/p>\n<p>Vai smirdo\u0161ais latvie\u0161u tautas nodev\u0113js, komunists un stuka\u010ds <strong>J. Peters<\/strong> bija to v\u0113rts ?<\/p>\n<p>Katrs m\u0113s esam savas dz\u012bves kal\u0113js un ar\u012b sava kapa rac\u0113js. Es neko neesmu \u0161aj\u0101 rakst\u0101 pats no sevis izdom\u0101jis, bet vienk\u0101r\u0161i saslauc\u012bjis kop\u0101 informat\u012bvaj\u0101 telpa izkais\u012bt\u0101s <strong>Paties\u012bbas drumstalas.<\/strong><\/p>\n<p>Tie\u0161i t\u0101pat k\u0101<strong> J\u016bs, M\u0101rtu\u017eas kundze,<\/strong> to dar\u012bj\u0101t<strong> \u201cP\u0112TERA ZV\u0112REST\u0100\u201d<\/strong>.<\/p>\n<p>\u017d\u0113l, ka t\u0101 viss ir san\u0101cis, jo bez<strong> Petera<\/strong> gr\u0101mata var\u0113ja ierindoties ne slikt\u0101 viet\u0101.<\/p>\n<p>\u0160is niec\u012bgais darvas piliens ir saboj\u0101jis<strong> J\u016bsu &#8220;gar\u012bgo seju&#8221;, M\u0101rtu\u017eas kundze<\/strong> !<\/p>\n<p>05.01.18\u00a0\u00a0\u00a0\u00a0\u00a0\u00a0\u00a0\u00a0\u00a0\u00a0\u00a0\u00a0\u00a0 L. Granti\u0146\u0161<\/p>\n","protected":false},"excerpt":{"rendered":"<p>Par v\u0113stures viltot\u0101jiem \u0160aj\u0101 rakst\u0101 b\u016bs runa par diviem, bet t\u0101du ir vesels l\u0113rums. V\u0113sture tiek viltota visaugst\u0101kaj\u0101, proti, valsts l\u012bmen\u012b. Latvij\u0101 valdo\u0161\u0101 \u017e\u012bd- komunistu, cionistu kli\u0137e(okup\u0101cijas noziedz\u012bg\u0101 re\u017e\u012bma aizst\u0101ve) apzin\u0101s, ka t\u0101 ir&#46;&#46;&#46;<\/p>\n","protected":false},"author":1,"featured_media":0,"comment_status":"open","ping_status":"open","sticky":false,"template":"","format":"standard","meta":[],"categories":[1],"tags":[],"_links":{"self":[{"href":"https:\/\/tautastribunals.eu\/index.php?rest_route=\/wp\/v2\/posts\/43033"}],"collection":[{"href":"https:\/\/tautastribunals.eu\/index.php?rest_route=\/wp\/v2\/posts"}],"about":[{"href":"https:\/\/tautastribunals.eu\/index.php?rest_route=\/wp\/v2\/types\/post"}],"author":[{"embeddable":true,"href":"https:\/\/tautastribunals.eu\/index.php?rest_route=\/wp\/v2\/users\/1"}],"replies":[{"embeddable":true,"href":"https:\/\/tautastribunals.eu\/index.php?rest_route=%2Fwp%2Fv2%2Fcomments&post=43033"}],"version-history":[{"count":37,"href":"https:\/\/tautastribunals.eu\/index.php?rest_route=\/wp\/v2\/posts\/43033\/revisions"}],"predecessor-version":[{"id":61147,"href":"https:\/\/tautastribunals.eu\/index.php?rest_route=\/wp\/v2\/posts\/43033\/revisions\/61147"}],"wp:attachment":[{"href":"https:\/\/tautastribunals.eu\/index.php?rest_route=%2Fwp%2Fv2%2Fmedia&parent=43033"}],"wp:term":[{"taxonomy":"category","embeddable":true,"href":"https:\/\/tautastribunals.eu\/index.php?rest_route=%2Fwp%2Fv2%2Fcategories&post=43033"},{"taxonomy":"post_tag","embeddable":true,"href":"https:\/\/tautastribunals.eu\/index.php?rest_route=%2Fwp%2Fv2%2Ftags&post=43033"}],"curies":[{"name":"wp","href":"https:\/\/api.w.org\/{rel}","templated":true}]}}