{"id":42875,"date":"2017-12-26T01:27:46","date_gmt":"2017-12-25T23:27:46","guid":{"rendered":"http:\/\/188.68.49.144\/?p=42875"},"modified":"2021-02-12T22:56:45","modified_gmt":"2021-02-12T20:56:45","slug":"muziba-brivpratigi-devies-bandits-policijas-forma-n-dikis","status":"publish","type":"post","link":"https:\/\/tautastribunals.eu\/?p=42875","title":{"rendered":"M\u016b\u017e\u012bb\u0101 &#8220;br\u012bvpr\u0101t\u012bgi&#8221; devies band\u012bts policijas form\u0101 N. D\u012b\u0137is"},"content":{"rendered":"<p><img decoding=\"async\" loading=\"lazy\" class=\"alignleft wp-image-42876\" src=\"http:\/\/188.68.49.144\/wp-content\/uploads\/2017\/12\/www.tautastribunals.eu-1411-4.png\" alt=\"\" width=\"2871\" height=\"402\" srcset=\"https:\/\/tautastribunals.eu\/wp-content\/uploads\/2017\/12\/www.tautastribunals.eu-1411-4.png 950w, https:\/\/tautastribunals.eu\/wp-content\/uploads\/2017\/12\/www.tautastribunals.eu-1411-4-300x42.png 300w, https:\/\/tautastribunals.eu\/wp-content\/uploads\/2017\/12\/www.tautastribunals.eu-1411-4-768x108.png 768w, https:\/\/tautastribunals.eu\/wp-content\/uploads\/2017\/12\/www.tautastribunals.eu-1411-4-800x112.png 800w\" sizes=\"(max-width: 2871px) 100vw, 2871px\" \/>M\u016b\u017e\u012bb\u0101 <strong>\u201edevies\u201c<\/strong> band\u012bts <strong>Normunds D\u012b\u0137is,<\/strong> par <a href=\"http:\/\/188.68.49.144\/?p=125\">kuru reiz st\u0101st\u012bja(<em>atv\u0113rt)<\/em> <strong>A. Pr\u016bsis<\/strong><\/a> !<\/p>\n<p><em>(<span style=\"color: #ff0000;\">Uzman\u012bbu!<\/span> No <strong>A. Pr\u016b\u0161a<\/strong> min\u0113t\u0101 saraksta var sv\u012btrot <strong>Bri\u0137i,<\/strong> kur\u0161 ar\u012b krita ne\u017e\u0113last\u012bb\u0101 un tika <strong>&#8220;deport\u0113ts&#8221;<\/strong> no <strong>Liep\u0101jas<\/strong>)<\/em><\/p>\n<p><a href=\"https:\/\/www.liepajniekiem.lv\/zinas\/sabiedriba\/papildinats-muziba-devies-pasvaldibas-policijas-prieksnieks-normunds-dikis-211918\">https:\/\/www.liepajniekiem.lv\/zinas\/sabiedriba\/papildinats-muziba-devies-pasvaldibas-policijas-prieksnieks-normunds-dikis-211918<\/a><\/p>\n<h2><img decoding=\"async\" loading=\"lazy\" class=\"alignleft wp-image-42888\" src=\"http:\/\/188.68.49.144\/wp-content\/uploads\/2017\/12\/Normunds-D\u012b\u0137is.Uldis-NovickisPr\u016bsis.LRTT_.png\" alt=\"\" width=\"544\" height=\"372\" srcset=\"https:\/\/tautastribunals.eu\/wp-content\/uploads\/2017\/12\/Normunds-D\u012b\u0137is.Uldis-NovickisPr\u016bsis.LRTT_.png 448w, https:\/\/tautastribunals.eu\/wp-content\/uploads\/2017\/12\/Normunds-D\u012b\u0137is.Uldis-NovickisPr\u016bsis.LRTT_-300x206.png 300w\" sizes=\"(max-width: 544px) 100vw, 544px\" \/>Band\u012bts ?<\/h2>\n<h2>\u00a0Protams, ka band\u012bts !<\/h2>\n<p><strong>\u201cNormunds D\u012b\u0137is Liep\u0101jas pils\u0113tas Pa\u0161vald\u012bbas policij\u0101 str\u0101d\u0101ja kop\u0161 t\u0101s izveido\u0161anas 1990.\u00a0gad\u0101, bet par Pa\u0161vald\u012bbas policijas priek\u0161nieku \u2013 kop\u0161 1999.\u00a0gada oktobra\u201d,<\/strong> st\u0101sta vi\u0146a vietnieks <strong>Uldis Novickis<\/strong>, bet, t\u016bl\u012bt ar\u012b piebilst: <strong>\u201cN.\u00a0D\u012b\u0137a aizie\u0161ana vi\u0146saul\u0113 nek\u0101d\u0101 gad\u012bjum\u0101 nav saist\u0101ma ar vi\u0146a profesion\u0101lo darb\u012bbu policijas priek\u0161nieka amat\u0101.\u201d <\/strong><\/p>\n<p>Un tagad, nabaga latviet, mazliet piebremz\u0113 pie \u0161\u012b teksta un padom\u0101 ! K\u0101 \u0161is <strong>m\u016bl\u0101ps,<\/strong> kura v\u0101rds ir <strong>Uldis Novickis<\/strong>, var apgalvot, ka<strong> D\u012b\u0137a \u201cpak\u0101r\u0161an\u0101s\u201d <\/strong>nu piln\u012bgi nek\u0101d\u0101 gad\u012bjum\u0101 nav saist\u012bta ar vi\u0146a profesion\u0101lo darb\u012bbu policij\u0101 ? Vai vi\u0146\u0161 ir k\u0101ds ekstrasenss vai pare\u0123is, ka var t\u0101das lietas apgalvot ? Vai varb\u016bt vi\u0146\u0161 bij\u0101 kl\u0101t <strong>Normunda<\/strong> <strong>D\u012b\u0137a \u201cm\u016b\u017e\u012bbas ce\u013ca\u201d<\/strong> uzs\u0101k\u0161anas br\u012bd\u012b ?<\/p>\n<p>\u0160eit nav j\u0101b\u016bt nek\u0101dam di\u017eam anal\u012bti\u0137im un psihologam, lai sapratu, ka tie\u0161i \u0161is teksts piln\u012bb\u0101 nor\u0101da uz noziegumu. <strong>Normunds D\u012b\u0137is<\/strong> ir noziedznieks l\u012bdz kaulu smadzen\u0113m un<span style=\"color: #ff0000;\"> uz<strong> &#8220;m\u016b\u017e\u012bbu&#8221;<\/strong> vi\u0146\u0161 labpr\u0101t\u012bgi nedev\u0101s.<\/span><\/p>\n<p><strong>&#8220;Kol\u0113\u0123i&#8221;<\/strong> mazliet piepal\u012bdz\u0113ja&#8230; .<\/p>\n<p>Vi\u0146\u0161 ir neskait\u0101mu <strong>Seska &amp; Aizezera<\/strong> bandas pastr\u0101d\u0101to noziegumu <strong>liecinieks un dal\u012bbnieks<\/strong>.<\/p>\n<p>Vai iev\u0113roj\u0101t, cik ilgi vi\u0146\u0161 atrad\u0101s \u0161aj\u0101 amat\u0101 ? Tas vien jau run\u0101 savu valodu.<\/p>\n<p><img decoding=\"async\" loading=\"lazy\" class=\"alignleft wp-image-42886\" src=\"http:\/\/188.68.49.144\/wp-content\/uploads\/2017\/12\/Uldis-Novickis.Pr\u016bsis-N.-D\u012b\u0137is.LRTT_-1.png\" alt=\"\" width=\"555\" height=\"378\" srcset=\"https:\/\/tautastribunals.eu\/wp-content\/uploads\/2017\/12\/Uldis-Novickis.Pr\u016bsis-N.-D\u012b\u0137is.LRTT_-1.png 711w, https:\/\/tautastribunals.eu\/wp-content\/uploads\/2017\/12\/Uldis-Novickis.Pr\u016bsis-N.-D\u012b\u0137is.LRTT_-1-300x204.png 300w\" sizes=\"(max-width: 555px) 100vw, 555px\" \/>\u0160odien <strong><u>Liep\u0101jas krimin\u0101l\u0101s varas strukt\u016br\u0101s<\/u><\/strong> notiek p\u0101rgrup\u0113\u0161an\u0101s. Tas viss, protams, ka tiek kori\u0123\u0113ts no <strong>R\u012bgas: Borovkova \u2013 Godma\u0146a \u2013 Bunkas <\/strong>slepkavu kantora uzraudz\u012bb\u0101. Slepkavam <strong>U. Seskam<\/strong>, par uztic\u012bgu kalpo\u0161anu <strong><u>kriev\u017e\u012bdiem- Latvijas izlaup\u012bt\u0101jiem<\/u><\/strong>, tiek g\u0101d\u0101ts k\u0101ds svar\u012bg\u0101ks postenis<em>(iesp\u0113jams, ka ar\u012b \u201cm\u016b\u017e\u012bba\u201d, jo esot smagi slims, ar\u012b smagi atkar\u012bgs sp\u0113\u013cu autom\u0101tu cien\u012bt\u0101js un t\u0101di vairs sevi\u0161\u0137i nav cien\u012bti taj\u0101s aprind\u0101s).<\/em> T\u0101 sac\u012bt, tiek nov\u0101kti visi latviskie elementi. S\u0101k domin\u0113t \u017e\u012bdiskais <strong>\u201celements\u201d- rjabcevi, ansi\u0146i, hodarovi\u010di, age\u0161ini<\/strong>\u2026 ..<\/p>\n<p>Toni nosaka opoz\u012bcijas aizmugure- sinagogisti, <strong>Metalurga izlaup\u012bt\u0101ji<\/strong>.<\/p>\n<p>Kas attiecas uz <strong>Viln\u012bti,<\/strong> vi\u0146\u0161 ir nekas vair\u0101k k\u0101 politiska anekdote\u2026. .<\/p>\n<p>Par visiem noziegumiem reiz b\u016bs j\u0101atbild. Ja t\u0101ds <strong>Sesks, Aizezers<\/strong> vai <strong>Kesenfelds<\/strong> b\u016bs kritu\u0161i par upuriem sav\u0101s <strong>\u201crazbork\u0101s\u201d,<\/strong> tad atbild\u0113s vi\u0146u \u0123imenes locek\u013ci un radinieki. Viss b\u016bs j\u0101atmaks\u0101 atpaka\u013c. Un <strong>kriev\u017e\u012bdi, Latvijas galvenie izlaup\u012bt\u0101ji<\/strong>, lai ar\u012b necer uz m\u016b\u017e\u012bgu <strong>\u201cizdo\u0161anos\u201d.<\/strong><\/p>\n<p>Lai dies\u2019 vi\u0146us pasarga, kad <strong>Krievij\u0101<\/strong> ar vi\u0146iem tiks sl\u0113gti r\u0113\u0137ini\u2026 .<\/p>\n<p>Nu neb\u016bs kur vi\u0146iem mukt\u2026 .<\/p>\n<p>26.12.17\u00a0\u00a0\u00a0\u00a0\u00a0 LRTT<\/p>\n","protected":false},"excerpt":{"rendered":"<p>M\u016b\u017e\u012bb\u0101 \u201edevies\u201c band\u012bts Normunds D\u012b\u0137is, par kuru reiz st\u0101st\u012bja(atv\u0113rt) A. Pr\u016bsis ! (Uzman\u012bbu! No A. Pr\u016b\u0161a min\u0113t\u0101 saraksta var sv\u012btrot Bri\u0137i, kur\u0161 ar\u012b krita ne\u017e\u0113last\u012bb\u0101 un tika &#8220;deport\u0113ts&#8221; no Liep\u0101jas) https:\/\/www.liepajniekiem.lv\/zinas\/sabiedriba\/papildinats-muziba-devies-pasvaldibas-policijas-prieksnieks-normunds-dikis-211918 Band\u012bts ? \u00a0Protams,&#46;&#46;&#46;<\/p>\n","protected":false},"author":1,"featured_media":0,"comment_status":"open","ping_status":"open","sticky":false,"template":"","format":"standard","meta":[],"categories":[1],"tags":[],"_links":{"self":[{"href":"https:\/\/tautastribunals.eu\/index.php?rest_route=\/wp\/v2\/posts\/42875"}],"collection":[{"href":"https:\/\/tautastribunals.eu\/index.php?rest_route=\/wp\/v2\/posts"}],"about":[{"href":"https:\/\/tautastribunals.eu\/index.php?rest_route=\/wp\/v2\/types\/post"}],"author":[{"embeddable":true,"href":"https:\/\/tautastribunals.eu\/index.php?rest_route=\/wp\/v2\/users\/1"}],"replies":[{"embeddable":true,"href":"https:\/\/tautastribunals.eu\/index.php?rest_route=%2Fwp%2Fv2%2Fcomments&post=42875"}],"version-history":[{"count":13,"href":"https:\/\/tautastribunals.eu\/index.php?rest_route=\/wp\/v2\/posts\/42875\/revisions"}],"predecessor-version":[{"id":59589,"href":"https:\/\/tautastribunals.eu\/index.php?rest_route=\/wp\/v2\/posts\/42875\/revisions\/59589"}],"wp:attachment":[{"href":"https:\/\/tautastribunals.eu\/index.php?rest_route=%2Fwp%2Fv2%2Fmedia&parent=42875"}],"wp:term":[{"taxonomy":"category","embeddable":true,"href":"https:\/\/tautastribunals.eu\/index.php?rest_route=%2Fwp%2Fv2%2Fcategories&post=42875"},{"taxonomy":"post_tag","embeddable":true,"href":"https:\/\/tautastribunals.eu\/index.php?rest_route=%2Fwp%2Fv2%2Ftags&post=42875"}],"curies":[{"name":"wp","href":"https:\/\/api.w.org\/{rel}","templated":true}]}}