{"id":42842,"date":"2017-12-24T11:14:20","date_gmt":"2017-12-24T09:14:20","guid":{"rendered":"http:\/\/188.68.49.144\/?p=42842"},"modified":"2017-12-24T14:36:04","modified_gmt":"2017-12-24T12:36:04","slug":"lai-kas-mainitos-ir-japauz-patiesiba","status":"publish","type":"post","link":"https:\/\/tautastribunals.eu\/?p=42842","title":{"rendered":"Lai kas main\u012btos, ir j\u0101pau\u017e Paties\u012bba"},"content":{"rendered":"<p><img decoding=\"async\" loading=\"lazy\" class=\"alignleft wp-image-42843\" src=\"http:\/\/188.68.49.144\/wp-content\/uploads\/2017\/12\/www.tautastribunals.eu-1411-3.png\" alt=\"\" width=\"643\" height=\"90\" srcset=\"https:\/\/tautastribunals.eu\/wp-content\/uploads\/2017\/12\/www.tautastribunals.eu-1411-3.png 950w, https:\/\/tautastribunals.eu\/wp-content\/uploads\/2017\/12\/www.tautastribunals.eu-1411-3-300x42.png 300w, https:\/\/tautastribunals.eu\/wp-content\/uploads\/2017\/12\/www.tautastribunals.eu-1411-3-768x108.png 768w, https:\/\/tautastribunals.eu\/wp-content\/uploads\/2017\/12\/www.tautastribunals.eu-1411-3-800x112.png 800w\" sizes=\"(max-width: 643px) 100vw, 643px\" \/>T\u0101dus koment\u0101rus, kuri izsaka <strong>LIETU \u012aSTENO B\u016aT\u012aBU<\/strong>, nevar atst\u0101t pagald\u0113, bet j\u0101liek uz galda visredzam\u0101kaj\u0101 viet\u0101.<\/p>\n<h2><strong>Koment\u0101ri k\u0101dam idiotiskam P. Krilova rakstam.<\/strong><\/h2>\n<p><a href=\"https:\/\/pietiek.com\/raksti\/krievijas_propagandas_portals_vdk_maisu_noslepums,_jeb_kapec_latvija_sero_neatkaribas_svetkos\">https:\/\/pietiek.com\/raksti\/krievijas_propagandas_portals_vdk_maisu_noslepums,_jeb_kapec_latvija_sero_neatkaribas_svetkos<\/a><\/p>\n<p>Piln\u012bgi nesaprotams, k\u0101p\u0113c <strong>Lato Lapsa<\/strong> to p\u0101rpublic\u0113ja ? Vai tad nepietiek ar<strong> A. Pried\u012b\u0161a <\/strong>\u017e\u013curg\u0101m ?<\/p>\n<p>Grib\u0113ju ierakst\u012bt koment\u0101ru, bet <strong>L. Lapsa<\/strong> ir uzlicis aizliegumu v\u0101rdam \u2013 <strong>KRIEV\u017d\u012aDS.<\/strong> T\u0101tad,- kriev\u017e\u012bds viet\u0101 ir j\u0101lieto<strong> KRIEVS<\/strong>, bet tas ta\u010du neatbilst paties\u012bbai.<\/p>\n<p>Piem\u0113rs nav t\u0101lu j\u0101mekl\u0113. Kas tad ir tie, kuri<strong> Latvija<\/strong> aizst\u0101v krievu valodu ? Vai tie visi nav \u201c<strong>jebreji<\/strong>\u201d ? K\u0101p\u0113c man vi\u0146i b\u016btu j\u0101d\u0113v\u0113 par krieviem ? Vai t\u0101d\u0101 veid\u0101 es \u201c<strong>nekurin\u0101tu<\/strong>\u201d nacion\u0101lo naidu, jo apvainotu krievus tur, kur vi\u0146u nav, bet tas nenoz\u012bm\u0113, ka es nost\u0101jos<strong> krievu imp\u0113ristu pus\u0113<\/strong> ? Es tikai v\u0113los visu salikt pa plauktiem.<\/p>\n<p>K\u0101p\u0113c <strong>L. Lapsa<\/strong> veic \u0161o divk\u0101r\u0161o, tr\u012bsk\u0101r\u0161o<em>(velns sazini cik k\u0101r\u0161o)<\/em> sp\u0113li ?<\/p>\n<p><strong><u>Otrais koment\u0113t\u0101js<\/u><\/strong><em>(Nevardarb\u012bga preto\u0161an\u0101s) <\/em><strong>\u201ciespraudis\u201d <\/strong>k\u0101du nekompetentu fr\u0101zi: <strong>\u201cASV projektu, ko sauc par ES\u201d<\/strong>.<\/p>\n<p><strong>ES <\/strong>ir <strong>Francijas<\/strong> un <strong>V\u0101cijas<\/strong> projekts, bet<strong> Krieviju <\/strong>iek\u013caut<strong> ES<\/strong>, <strong>Izra\u0113las cionistu<\/strong> projekts, bet <u>viss p\u0101r\u0113jais \u0161\u012b koment\u0113t\u0101ja sac\u012btais ir kaila<strong> Paties\u012bba<\/strong><\/u> !<\/p>\n<p>Nekas pasaul\u0113 nemain\u012bsies, kam\u0113r <strong><u>komunisti- \u010dekisti netiks fiziski izn\u012bcin\u0101ti<\/u><\/strong>, jo vi\u0146i ir \u013caun\u0101ki par m\u0113ra baci\u013ciem.<\/p>\n<p>24.12.17\u00a0\u00a0\u00a0\u00a0\u00a0\u00a0 LRTT<\/p>\n<p><img decoding=\"async\" loading=\"lazy\" class=\"alignleft size-full wp-image-42845\" src=\"http:\/\/188.68.49.144\/wp-content\/uploads\/2017\/12\/Prezidenti.ZatlersB\u0113rzi\u0146\u0161UlmanisV\u0113jonis.Granti\u0146\u0161.LRTT-Kopie.png\" alt=\"\" width=\"628\" height=\"266\" srcset=\"https:\/\/tautastribunals.eu\/wp-content\/uploads\/2017\/12\/Prezidenti.ZatlersB\u0113rzi\u0146\u0161UlmanisV\u0113jonis.Granti\u0146\u0161.LRTT-Kopie.png 628w, https:\/\/tautastribunals.eu\/wp-content\/uploads\/2017\/12\/Prezidenti.ZatlersB\u0113rzi\u0146\u0161UlmanisV\u0113jonis.Granti\u0146\u0161.LRTT-Kopie-300x127.png 300w\" sizes=\"(max-width: 628px) 100vw, 628px\" \/><\/p>\n<hr \/>\n<p><span style=\"color: #ff0000;\"><strong>Edge<\/strong><\/span><\/p>\n<p><em><span style=\"color: #0000ff;\">Viss \u0123eni\u0101lais ir vienk\u0101r\u0161s (ja ir vismaz viens grunt\u012bgs sponsors)!<\/span><\/em><br \/>\n<em><span style=\"color: #0000ff;\"> <strong><u>Dainis \u012av\u0101ns:<\/u><\/strong> &#8220;Nesen muzej\u0101[LTF] bija atn\u0101cis biju\u0161ais <strong>ASV<\/strong> konsuls<strong> \u013be\u0146ingrad\u0101 <\/strong>(Sanktp\u0113terburg\u0101).Vi\u0146\u0161 bija bijis <strong>LTF <\/strong>dibin\u0101\u0161anas laik\u0101 <strong>Latvij\u0101<\/strong>. Izstaig\u0101ja muzeja ekspoz\u012bciju, nepasakot, kas vi\u0146\u0161 ir, un atst\u0101ja ierakstu atsauksmju gr\u0101mat\u0101: <strong>\u201cTas, kas toreiz lik\u0101s sapnis, tagad ir neticami piepild\u012bjies.\u201d <\/strong>Pasaul\u0113 iev\u0113rojam\u0101kais <u>nevardarb\u012bg\u0101s preto\u0161an\u0101s p\u0113tnieks<\/u>, neskait\u0101mu gr\u0101matu autors <strong>D\u017e\u012bns \u0160\u0101rps<\/strong> par <strong>Latvijas atmodu<\/strong> ir teicis: <strong>\u201cT\u0101s bija j\u016bsu c\u012b\u0146as un uzvaras, un nevienam j\u016bs neesat par to pateic\u012bbu par\u0101d\u0101.\u201d <\/strong>Esmu laim\u012bgs cilv\u0113ks. <strong>Saruna <\/strong>ar <strong>Daini \u012av\u0101nu<\/strong> 60. dzim\u0161anas dienas priek\u0161vakar\u0101 (la.lv)<\/span><\/em><\/p>\n<p><span style=\"color: #ff0000;\"><strong><u>Nevardarb\u012bga preto\u0161an\u0101s<\/u><\/strong>&#8211;<\/span><\/p>\n<p><span style=\"color: #0000ff;\"><em>pa\u0161izn\u012bcin\u0101\u0161an\u0101s. Sapnis ir tam <strong>ASV <\/strong>pilsonim piepild\u012bjies. Jo vi\u0146am absol\u016bti sve\u0161as latvie\u0161u tautas intereses.<\/em><\/span><\/p>\n<p><span style=\"color: #0000ff;\"><em> Vi\u0146am k\u0101<strong> ASV<\/strong> pilsonim ir saprotama un tuva taut\u012bbu sajauk\u0161an\u0101s, \u017e\u012bdu tirgus un ASV pl\u0101ni. <\/em><\/span><\/p>\n<p><span style=\"color: #0000ff;\"><em> P\u0113c veiksm\u012bgas <strong>PSRS<\/strong> sagr\u0101ves n\u0101ko\u0161ais solis ar <strong>ASV<\/strong> projektu, ko sauc par <strong>ES, <\/strong>ir iek\u013caut <strong>Krieviju ES<\/strong> sast\u0101v\u0101, kas nav neiesp\u0113jami.<strong> Krievija <\/strong>ir drauds visai <strong>Eiropai<\/strong> un<strong> Rietumu<\/strong> civiliz\u0101cijai. To var tikai nesaprast t\u0101di, kas nav dz\u012bvoju\u0161i <strong>Latvij\u0101<\/strong>. <u>40 procentus<\/u> un , dom\u0101ju jau, ka <u>vair\u0101k nek\u0101 50,<\/u> <strong>Latvij\u0101 <\/strong><u>sast\u0101da krievu okupanti<\/u>. Un turpina <strong><u>krievu nacistu ideolo\u0123iju<\/u><\/strong>, s\u0101kot ar valodas nem\u0101c\u012b\u0161anos. Un <strong>Putina <\/strong>iedvesmotu p\u0101rliec\u012bbu &#8211; krievu nacistisko p\u0101rliec\u012bbu.<\/em><\/span><\/p>\n<p><span style=\"color: #0000ff;\"><em> Kas tad ir t\u0101 \u0161\u0137ira, kas p\u0101rvalda latvie\u0161u tautu un <strong>Latviju<\/strong>, un bez aiz\u0137er\u0161an\u0101s run\u0101 krieviski un pa\u0161i ir du\u0101las dabas? Tie ir biju\u0161ie komunisti un \u010dekisti, <strong>VDK <\/strong>darbinieki, cilv\u0113ki, kuru iek\u0161\u0113j\u0101 pasaule k\u0101 latvie\u0161iem ir pabeigti sakrop\u013cota.<strong><u> Vi\u0146u privil\u0113\u0123ija nav tas, ka vi\u0146i run\u0101 krieviski, bet gan tas, ka vi\u0146i run\u0101 latviski un p\u0101rvalda vi\u0146iem piln\u012bgi sve\u0161u zemi -Latviju.<\/u><\/strong><\/em><\/span><\/p>\n<p><span style=\"color: #0000ff;\"><em> \u0160ie <strong>PSRS <\/strong>ideolo\u0123ijas sakrop\u013cotie cilv\u0113ki nes neizm\u0113rojamu \u013caunumu latvie\u0161u tautai. Un turpina \u0161o savu sakrop\u013co\u0161anu jaun\u0101kaj\u0101m paaudz\u0113m, sakrop\u013cojot to dom\u0101\u0161anu.<\/em><\/span><\/p>\n<p><span style=\"color: #0000ff;\"><em> <strong>PSRS <\/strong>totalit\u0101risms, komunistu p\u0101rliec\u012bba sav\u0101s privil\u0113\u0123ij\u0101s, no kur\u0101m nav atteiku\u0161ies, \u010dekistu nodev\u012bg\u0101 daba, <strong>VDK<\/strong> darbo\u0146u latvie\u0161u tautas sp\u012bdzin\u0101\u0161anas un sakrop\u013co\u0161anas prieks iepretim tai ideolo\u0123ijai, ko sev\u012b nesa latvie\u0161u lielsaimnieki un nenop\u0113rkamie m\u0101kslinieki, kult\u016bras darbinieki. <\/em><\/span><\/p>\n<p><span style=\"color: #0000ff;\"><em> Ja grib att\u012br\u012bt <strong>Latviju<\/strong> un latvie\u0161u sabiedr\u012bbu, visi krievu okupanti j\u0101deport\u0113, un reiz\u0113 ar visiem biju\u0161ajiem <strong>VDK<\/strong> darbiniekiem, \u010dekistiem un komunistiem. <\/em><\/span><\/p>\n<p><span style=\"color: #0000ff;\"><em><strong><u>Vai vi\u0146i j\u0101no\u0161auj.<\/u><\/strong> <\/em><\/span><\/p>\n<p><span style=\"color: #0000ff;\"><em> Kas tad paliktu p\u0101ri?<\/em><\/span><\/p>\n<p><span style=\"color: #0000ff;\"><em>Padom\u0101jiet par to, cik m\u016bsu, nesalauzto, palicis?<\/em><\/span><\/p>\n","protected":false},"excerpt":{"rendered":"<p>T\u0101dus koment\u0101rus, kuri izsaka LIETU \u012aSTENO B\u016aT\u012aBU, nevar atst\u0101t pagald\u0113, bet j\u0101liek uz galda visredzam\u0101kaj\u0101 viet\u0101. Koment\u0101ri k\u0101dam idiotiskam P. Krilova rakstam. https:\/\/pietiek.com\/raksti\/krievijas_propagandas_portals_vdk_maisu_noslepums,_jeb_kapec_latvija_sero_neatkaribas_svetkos Piln\u012bgi nesaprotams, k\u0101p\u0113c Lato Lapsa to p\u0101rpublic\u0113ja ? Vai tad nepietiek&#46;&#46;&#46;<\/p>\n","protected":false},"author":1,"featured_media":0,"comment_status":"open","ping_status":"open","sticky":false,"template":"","format":"standard","meta":[],"categories":[1],"tags":[],"_links":{"self":[{"href":"https:\/\/tautastribunals.eu\/index.php?rest_route=\/wp\/v2\/posts\/42842"}],"collection":[{"href":"https:\/\/tautastribunals.eu\/index.php?rest_route=\/wp\/v2\/posts"}],"about":[{"href":"https:\/\/tautastribunals.eu\/index.php?rest_route=\/wp\/v2\/types\/post"}],"author":[{"embeddable":true,"href":"https:\/\/tautastribunals.eu\/index.php?rest_route=\/wp\/v2\/users\/1"}],"replies":[{"embeddable":true,"href":"https:\/\/tautastribunals.eu\/index.php?rest_route=%2Fwp%2Fv2%2Fcomments&post=42842"}],"version-history":[{"count":9,"href":"https:\/\/tautastribunals.eu\/index.php?rest_route=\/wp\/v2\/posts\/42842\/revisions"}],"predecessor-version":[{"id":42864,"href":"https:\/\/tautastribunals.eu\/index.php?rest_route=\/wp\/v2\/posts\/42842\/revisions\/42864"}],"wp:attachment":[{"href":"https:\/\/tautastribunals.eu\/index.php?rest_route=%2Fwp%2Fv2%2Fmedia&parent=42842"}],"wp:term":[{"taxonomy":"category","embeddable":true,"href":"https:\/\/tautastribunals.eu\/index.php?rest_route=%2Fwp%2Fv2%2Fcategories&post=42842"},{"taxonomy":"post_tag","embeddable":true,"href":"https:\/\/tautastribunals.eu\/index.php?rest_route=%2Fwp%2Fv2%2Ftags&post=42842"}],"curies":[{"name":"wp","href":"https:\/\/api.w.org\/{rel}","templated":true}]}}