{"id":42353,"date":"2017-11-20T19:43:29","date_gmt":"2017-11-20T17:43:29","guid":{"rendered":"http:\/\/tautastribunals.eu\/?p=42353"},"modified":"2022-12-18T13:37:40","modified_gmt":"2022-12-18T11:37:40","slug":"tiesnese-signe-kalnina-vai-sinaja-bergelmann","status":"publish","type":"post","link":"https:\/\/tautastribunals.eu\/?p=42353","title":{"rendered":"&#8220;Tiesnese&#8221; Signe Kalni\u0146a vai &#8220;sinaja bergelmann&#8221; ?"},"content":{"rendered":"<p><a href=\"http:\/\/tautastribunals.eu\/wp-content\/uploads\/2017\/11\/TAUTAS-TRIBUN\u0100LSlATVIJA-L.-Granti\u0146\u0161LRTT.PNG\"><img decoding=\"async\" loading=\"lazy\" class=\"alignleft  wp-image-42354\" title=\"TAUTAS TRIBUN\u0100LS,lATVIJA, L. Granti\u0146\u0161,LRTT\" src=\"http:\/\/tautastribunals.eu\/wp-content\/uploads\/2017\/11\/TAUTAS-TRIBUN\u0100LSlATVIJA-L.-Granti\u0146\u0161LRTT.PNG\" alt=\"TAUTAS TRIBUN\u0100LS,lATVIJA, L. Granti\u0146\u0161,LRTT\" width=\"1747\" height=\"228\" srcset=\"https:\/\/tautastribunals.eu\/wp-content\/uploads\/2017\/11\/TAUTAS-TRIBUN\u0100LSlATVIJA-L.-Granti\u0146\u0161LRTT.PNG 1154w, https:\/\/tautastribunals.eu\/wp-content\/uploads\/2017\/11\/TAUTAS-TRIBUN\u0100LSlATVIJA-L.-Granti\u0146\u0161LRTT-300x39.PNG 300w, https:\/\/tautastribunals.eu\/wp-content\/uploads\/2017\/11\/TAUTAS-TRIBUN\u0100LSlATVIJA-L.-Granti\u0146\u0161LRTT-800x104.PNG 800w\" sizes=\"(max-width: 1747px) 100vw, 1747px\" \/><\/a><a href=\"http:\/\/tautastribunals.eu\/wp-content\/uploads\/2017\/11\/MIGLA-SARKAN\u0100-NOL\u0100D\u0112T\u0100REINIKS\u0100BOLTI\u0145A9.PNG\"><img decoding=\"async\" loading=\"lazy\" class=\"alignleft  wp-image-42355\" title=\"MIGLA SARKAN\u0100- NOL\u0100D\u0112T\u0100,REINIKS,\u0100BOLTI\u0145A\" src=\"http:\/\/tautastribunals.eu\/wp-content\/uploads\/2017\/11\/MIGLA-SARKAN\u0100-NOL\u0100D\u0112T\u0100REINIKS\u0100BOLTI\u0145A9.PNG\" alt=\"MIGLA SARKAN\u0100- NOL\u0100D\u0112T\u0100,REINIKS,\u0100BOLTI\u0145A\" width=\"2058\" height=\"175\" srcset=\"https:\/\/tautastribunals.eu\/wp-content\/uploads\/2017\/11\/MIGLA-SARKAN\u0100-NOL\u0100D\u0112T\u0100REINIKS\u0100BOLTI\u0145A9.PNG 986w, https:\/\/tautastribunals.eu\/wp-content\/uploads\/2017\/11\/MIGLA-SARKAN\u0100-NOL\u0100D\u0112T\u0100REINIKS\u0100BOLTI\u0145A9-300x25.PNG 300w, https:\/\/tautastribunals.eu\/wp-content\/uploads\/2017\/11\/MIGLA-SARKAN\u0100-NOL\u0100D\u0112T\u0100REINIKS\u0100BOLTI\u0145A9-800x68.PNG 800w\" sizes=\"(max-width: 2058px) 100vw, 2058px\" \/><\/a><a href=\"http:\/\/topraksti.lv\/notikumi\/latvija\/par-karosanu-daesh-rindas-broceniekam-piespriez-10-gadus-cietuma-luk-kadus-vardus-pec-sprieduma-vins-veltija\/2\/\">http:\/\/topraksti.lv\/notikumi\/latvija\/par-karosanu-daesh-rindas-broceniekam-piespriez-10-gadus-cietuma-luk-kadus-vardus-pec-sprieduma-vins-veltija\/2\/<\/a><\/p>\n<p>Paskatoties uz \u0161o \u201c<strong>signi kalni\u0146u<\/strong>\u201d, kura sevi uzskata par tiesnesi, <strong><span style=\"text-decoration: underline;\"><span style=\"color: #ff0000;\">p\u0101r\u0146em neiedom\u0101jams pret\u012bgums <\/span><\/span><\/strong>!<\/p>\n<p><span style=\"color: #ff0000;\"><strong><span style=\"text-decoration: underline;\">Pirmk\u0101rt-<\/span><\/strong><\/span><\/p>\n<p>M\u0113s cilv\u0113ku v\u0113rt\u0113jam p\u0113c vi\u0146a izskata, bet<strong><span style=\"text-decoration: underline;\"> otrk\u0101rt-<\/span><\/strong>, p\u0113c vi\u0146a runas un<strong><span style=\"text-decoration: underline;\"> tre\u0161k\u0101rt-<\/span><\/strong> p\u0113c darbiem. Ja visas \u0161\u012bs tr\u012bs komponentes ir negat\u012bvas, tad t\u0101ds rad\u012bjums cilv\u0113ka zemapzi\u0146\u0101 akumul\u0113jas k\u0101 <span style=\"text-decoration: underline;\"><strong>preteklis- izdzimtenis<\/strong><\/span>.<\/p>\n<p>Es \u0161eit min\u0113\u0161u <strong>piem\u0113ru<\/strong>, kas liks saprast par manis iepriek\u0161 sac\u012bto.<\/p>\n<p><span style=\"color: #ff0000;\"><span style=\"text-decoration: underline;\"><strong>Un t\u0101:<\/strong><\/span><\/span><\/p>\n<p>J\u016bs redzat vienu veci vai veceni kur\u0161\/kura p\u0113c pirm\u0101 acu uzmetiena rada antip\u0101tijas, pat sava veida pret\u012bgumu, bet, kad tuv\u0101k ar vi\u0146u saskaraties,<span style=\"text-decoration: underline;\"> dzirdat vi\u0146a labv\u0113l\u012bg\u0101s, cilv\u0113ka cie\u0146ai atbilsto\u0161\u0101s runas<\/span>, kad redzat vi\u0146a <span style=\"text-decoration: underline;\">izpal\u012bdz\u012bbu- v\u0113lmi jebkuram pal\u012bdz\u0113t<\/span>, tad notiek br\u012bnums, jo <strong><span style=\"text-decoration: underline;\">J\u016aSU zemapzi\u0146a vi\u0146u nov\u0113rt\u0113<\/span><\/strong><em><span style=\"text-decoration: underline;\">(akumul\u0113)<\/span><\/em><span style=\"color: #ff0000;\"><span style=\"text-decoration: underline;\"><span style=\"color: #000000;\"><strong> pozit\u012bvi<\/strong><\/span><span style=\"color: #ff0000;\"><span style=\"color: #000000;\"> un<\/span><strong><span style=\"color: #000000;\"> \u0161is cilv\u0113ks jums<\/span><\/strong><\/span><span style=\"color: #ff0000;\"><strong> liekas m\u012b\u013c\u0161 un tuvs<\/strong>. <\/span><\/span><\/span><\/p>\n<p><strong>Vi\u0146a izskats vairs nesp\u0113l\u0113 piln\u012bgi nek\u0101du lomu\u2026 .<\/strong><\/p>\n<p><strong><span style=\"color: #ff0000;\"><a href=\"http:\/\/tautastribunals.eu\/wp-content\/uploads\/2017\/11\/Signe-Kalni\u0146a.-Izra\u0113la.-Granti\u0146\u0161.LRTT.PNG\"><img decoding=\"async\" loading=\"lazy\" class=\"alignleft  wp-image-42364\" title=\"Signe Kalni\u0146a. Izra\u0113la. Granti\u0146\u0161.LRTT\" src=\"http:\/\/tautastribunals.eu\/wp-content\/uploads\/2017\/11\/Signe-Kalni\u0146a.-Izra\u0113la.-Granti\u0146\u0161.LRTT.PNG\" alt=\"Signe Kalni\u0146a. Izra\u0113la. Granti\u0146\u0161.LRTT\" width=\"2063\" height=\"1058\" srcset=\"https:\/\/tautastribunals.eu\/wp-content\/uploads\/2017\/11\/Signe-Kalni\u0146a.-Izra\u0113la.-Granti\u0146\u0161.LRTT.PNG 606w, https:\/\/tautastribunals.eu\/wp-content\/uploads\/2017\/11\/Signe-Kalni\u0146a.-Izra\u0113la.-Granti\u0146\u0161.LRTT-300x153.PNG 300w\" sizes=\"(max-width: 2063px) 100vw, 2063px\" \/><\/a>Piln\u012bgi pret\u0113jais ir noticis ar \u0161o tiesnesi<\/span><\/strong><em><span style=\"color: #ff0000;\"><span style=\"color: #000000;\">(visas tr\u012bs komponentes<span style=\"text-decoration: underline;\">, izskats, darbi <\/span>un <span style=\"text-decoration: underline;\">runas,<\/span> ir ngat\u012bvas)<\/span><\/span><\/em><strong><span style=\"color: #ff0000;\">. <\/span><\/strong>No zemapzi\u0146as tiek izmests \u012bsts vulk\u0101nisks izvirdums. Pirmais jau \u201c<strong>tr\u0101pa<\/strong>\u201d \u0161is tiesneses<em>(noziedznieces mantij\u0101) <\/em>izskats. Tas vair\u0101k l\u012bdzin\u0101s haz\u0101rietei, kurai ar<strong> \u201csigni kalni\u0146u\u201d <\/strong>nav nek\u0101ds sakars, bet vair\u0101k ar <strong>Sinaju Bergelmann<\/strong>.<\/p>\n<p>Visu pirms jau bija j\u0101uzdod jaut\u0101jums,- k\u0101p\u0113c <strong>M\u0101rti\u0146\u0161 Gr\u012bnbergs<\/strong> dev\u0101s uz<strong> S\u012briju<\/strong> ?<\/p>\n<p><strong>&#8220;Sinaja Bergelmann&#8221;<\/strong> \u0161\u012b jaut\u0101juma viet\u0101<strong> VI\u0145AM &#8220;iesm\u0113r\u0113ja&#8221;<\/strong> desmit gadus&#8230; .<\/p>\n<p>Vai nevar\u0113ja b\u016bt t\u0101, ka \u0161is jaunais cilv\u0113ks izv\u0113l\u0113j\u0101s \u0161o ce\u013cu k\u0101 <span style=\"text-decoration: underline;\"><strong>protestu pret cionistu- komunistu laup\u012bt\u0101ju bandu,<\/strong><\/span> kura izlaupa vi\u0146a dzimteni- <strong>Latviju <\/strong>?<\/p>\n<p>Un te tad ar\u012b m\u0113s non\u0101kam pie <strong>atsl\u0113gas t\u0113mas<\/strong>. <strong>M\u0101rti\u0146\u0161, <\/strong>k\u0101 redzam un dzirdam <strong>VIDEO<\/strong>, skaidri un nep\u0101rprotami defin\u0113, ka <strong><span style=\"text-decoration: underline;\">\u0161odienas Latvija ir noziedznieku un laup\u012bt\u0101ju parad\u012bze<\/span><\/strong>. Tam piekrit\u012bs 99,9% etniskie latvie\u0161i !!! Par to ne\u0161aub\u0101s ar\u012b tiesnese <strong>\u201cbergelmann\u201d<\/strong><em>(Signe Kalni\u0146a) <\/em>un t\u0101p\u0113c \u0161im jaunajam latvietim, par biedin\u0101jumu citiem, bija <strong>\u201cj\u0101pie\u0161\u0137ir\u201d<\/strong> \u0161is <span style=\"text-decoration: underline;\">n\u0101v\u0113jo\u0161ais sods<\/span>.<\/p>\n<p><span style=\"color: #000000;\"><span style=\"text-decoration: underline;\">Es min\u0113\u0161u<em>(atkal)<\/em> <strong>netie\u0161u piem\u0113ru<\/strong>: <\/span><\/span><\/p>\n<p><strong>Latvijas ELB<\/strong> galva <strong>J\u0101nis Vanags<\/strong>, par <strong><span style=\"text-decoration: underline;\">godu Latvijas 99. jubilejai<\/span><\/strong>, saka ko pr\u0101tam neaptveramu:<strong> \u201dTauta m\u012bl savus miljon\u0101rus, kuri par t\u0101diem k\u013cuvu\u0161i smag\u0101 darb\u0101\u201d <\/strong><a href=\"http:\/\/jauns.lv\/raksts\/zinas\/260936-arhibiskaps-vanags-tauta-mil-savus-miljonarus-kuri-par-tadiem-kluvusi-smaga-darba\">http:\/\/jauns.lv\/raksts\/zinas\/260936-arhibiskaps-vanags-tauta-mil-savus-miljonarus-kuri-par-tadiem-kluvusi-smaga-darba<\/a> . Kad \u0161o zi\u0146u izlas\u012bju, tad mekl\u0113ju \u0161\u012bs <strong>\u201czi\u0146as\u201d <\/strong>datumu. Biju p\u0101rliecin\u0101ts, ka <strong><span style=\"text-decoration: underline;\">tas ir 1. apr\u012b\u013ca joks<\/span><\/strong>, bet nek\u0101 nebija, t\u0101 bija sac\u012bta 18.11.2017. gad\u0101.<\/p>\n<p><span style=\"text-decoration: underline;\"><strong>T\u0101tad, uzman\u012bbu, latviet !!!<\/strong><\/span>,<\/p>\n<p>visa \u0161\u012b \u017e\u012bd- komunistu banda<em>(godma\u0146i, kargini, krup\u0146ikovi, zaharjini, borovkovi, b\u0113rzi\u0146i u. d. c),<\/em> p\u0113c arhib\u012bskapa <strong>J\u0101\u0146a Vanaga<\/strong> sac\u012bt\u0101, kura apzogot latvie\u0161u tautu peldas miljonos, tiek no latvie\u0161u tautas m\u012bl\u0113ta ?!<\/p>\n<p><strong>Vai tad tas nav murgs !?<\/strong><\/p>\n<p><a href=\"http:\/\/tautastribunals.eu\/wp-content\/uploads\/2017\/11\/LRTT.-Granti\u0146\u0161.-M\u0101rti\u0146\u0161-Gr\u012bnbergs..PNG\"><img decoding=\"async\" loading=\"lazy\" class=\"alignleft  wp-image-42368\" title=\"LRTT. Granti\u0146\u0161. M\u0101rti\u0146\u0161 Gr\u012bnbergs.\" src=\"http:\/\/tautastribunals.eu\/wp-content\/uploads\/2017\/11\/LRTT.-Granti\u0146\u0161.-M\u0101rti\u0146\u0161-Gr\u012bnbergs..PNG\" alt=\"LRTT. Granti\u0146\u0161. M\u0101rti\u0146\u0161 Gr\u012bnbergs.\" width=\"1527\" height=\"727\" srcset=\"https:\/\/tautastribunals.eu\/wp-content\/uploads\/2017\/11\/LRTT.-Granti\u0146\u0161.-M\u0101rti\u0146\u0161-Gr\u012bnbergs..PNG 692w, https:\/\/tautastribunals.eu\/wp-content\/uploads\/2017\/11\/LRTT.-Granti\u0146\u0161.-M\u0101rti\u0146\u0161-Gr\u012bnbergs.-300x142.PNG 300w\" sizes=\"(max-width: 1527px) 100vw, 1527px\" \/><\/a><a href=\"http:\/\/tautastribunals.eu\/wp-content\/uploads\/2017\/11\/izra\u0113la.godmanis.borovkovs.skangale.LRTT.-Granti\u0146\u0161.PNG\"><img decoding=\"async\" loading=\"lazy\" class=\"alignleft  wp-image-42376\" title=\"izra\u0113la.godmanis.borovkovs.skangale.LRTT. Granti\u0146\u0161\" src=\"http:\/\/tautastribunals.eu\/wp-content\/uploads\/2017\/11\/izra\u0113la.godmanis.borovkovs.skangale.LRTT.-Granti\u0146\u0161.PNG\" alt=\"izra\u0113la.godmanis.borovkovs.skangale.LRTT. Granti\u0146\u0161\" width=\"1463\" height=\"902\" srcset=\"https:\/\/tautastribunals.eu\/wp-content\/uploads\/2017\/11\/izra\u0113la.godmanis.borovkovs.skangale.LRTT.-Granti\u0146\u0161.PNG 863w, https:\/\/tautastribunals.eu\/wp-content\/uploads\/2017\/11\/izra\u0113la.godmanis.borovkovs.skangale.LRTT.-Granti\u0146\u0161-300x184.PNG 300w, https:\/\/tautastribunals.eu\/wp-content\/uploads\/2017\/11\/izra\u0113la.godmanis.borovkovs.skangale.LRTT.-Granti\u0146\u0161-800x492.PNG 800w\" sizes=\"(max-width: 1463px) 100vw, 1463px\" \/><\/a>Vai tad patie\u0161\u0101m k\u0101ds var notic\u0113t, ka t\u0101ds <strong>Vanags<\/strong> to visu sac\u012bjis labpr\u0101t\u012bgi ? N\u0113, tam neviens netic\u0113s, bet vi\u0146am tas j\u0101saka, jo sav\u0101d\u0101k tiks atkl\u0101tas vi\u0146a neliet\u012bbas pret tautu, bazn\u012bcu un <strong>Dievu<\/strong>.<\/p>\n<p>\u0160is m\u0113sls, kura v\u0101rds ir <strong>J\u0101nis Vanags<\/strong>, ir sasm\u0113r\u0113jies \u00a0<a href=\"http:\/\/tautastribunals.eu\/?p=666\">http:\/\/tautastribunals.eu\/?p=666<\/a> nodev\u012bbas m\u0113slos l\u012bdz padus\u0113m un t\u0101p\u0113c veiks neliet\u012bbu p\u0113c neliet\u012bbas, nodev\u012bbu p\u0113c nodev\u012bbas, lai tikai viss tas nen\u0101ktu gaism\u0101\u2026 .<\/p>\n<h2>Jaut\u0101jums ?<\/h2>\n<p>Kuram tad nu ir taisn\u012bba,- <strong>J\u0101nim Vanagam<\/strong> vai <strong>M\u0101rti\u0146am Grinbergam<\/strong> ?<\/p>\n<p>L\u016bk, latviet, tas tad ar\u012b ir <a href=\"http:\/\/tautastribunals.eu\/?p=40866\"><strong><span style=\"text-decoration: underline;\">\u017e\u012bdisms- cionisms<\/span>-Antikrists(atv\u0113rt)<\/strong><\/a> vis\u0101 sav\u0101 spo\u017eum\u0101 un melu varen\u012bb\u0101, kas ir p\u0101r\u0146\u0113mis m\u016bsu <strong>Dzimteni <\/strong>!<\/p>\n<p>\u0160im jaunajam latvietim, kura v\u0101rds ir <strong>M\u0101rti\u0146\u0161 Gr\u012bnbergs,<\/strong> pien\u0101kas pateic\u012bba par paveikto, jo vi\u0146\u0161, k\u0101 neviens cits, ir veicis <strong><span style=\"text-decoration: underline;\">islamistu fundament\u0101listu atmasko\u0161anu<\/span><\/strong>.<\/p>\n<p>Bet tas nedr\u012bkst\u0113ja notikt, jo aiz visa t\u0101 st\u0101v cionisms, kur\u0161 ir \u0161\u012b <strong><span style=\"text-decoration: underline;\">noziedz\u012bg\u0101 fundament\u0101lisma rad\u012bt\u0101js, veicin\u0101t\u0101js un finans\u0113t\u0101js<\/span><\/strong>.<\/p>\n<p>T\u0101pat ar\u012b m\u016bsu <strong>T\u0113vzemes izlaup\u012b\u0161anu<\/strong> veic tie\u0161i <strong>cionisti- komunisti<\/strong>, kuri str\u0101d\u0101 <strong>Izra\u0113las vad\u012bb\u0101<\/strong>.<\/p>\n<p>Gan jau \u0161\u012b tiesnese, par pas\u016bt\u012bjumu <strong>\u201cties\u0101m\u201d, <\/strong>par genoc\u012bdu pret latvie\u0161u tautu<strong>,<\/strong> pati non\u0101ks aiz rest\u0113m, kop\u0101 ar pas\u016bt\u012bjumu pieg\u0101d\u0101t\u0101ju- kriev\u017e\u012bdu <strong>Rihardu Bunku &amp; Co<\/strong>.<\/p>\n<p><a href=\"http:\/\/tautastribunals.eu\/?p=39910\">Lasiet <strong>Astr\u012bdas Bab\u0101nes<\/strong> liec\u012bbas<strong><em>(atv\u0113rt)<\/em><\/strong>.<\/a><\/p>\n<p>Nekas nepaliks apsl\u0113pts, kas netiktu atkl\u0101ts.<\/p>\n<p>20.11.17\u00a0\u00a0\u00a0 L. Granti\u0146\u0161<\/p>\n","protected":false},"excerpt":{"rendered":"<p>http:\/\/topraksti.lv\/notikumi\/latvija\/par-karosanu-daesh-rindas-broceniekam-piespriez-10-gadus-cietuma-luk-kadus-vardus-pec-sprieduma-vins-veltija\/2\/ Paskatoties uz \u0161o \u201csigni kalni\u0146u\u201d, kura sevi uzskata par tiesnesi, p\u0101r\u0146em neiedom\u0101jams pret\u012bgums ! Pirmk\u0101rt- M\u0113s cilv\u0113ku v\u0113rt\u0113jam p\u0113c vi\u0146a izskata, bet otrk\u0101rt-, p\u0113c vi\u0146a runas un tre\u0161k\u0101rt- p\u0113c darbiem. Ja visas \u0161\u012bs&#46;&#46;&#46;<\/p>\n","protected":false},"author":1,"featured_media":0,"comment_status":"open","ping_status":"open","sticky":false,"template":"","format":"standard","meta":[],"categories":[1],"tags":[],"_links":{"self":[{"href":"https:\/\/tautastribunals.eu\/index.php?rest_route=\/wp\/v2\/posts\/42353"}],"collection":[{"href":"https:\/\/tautastribunals.eu\/index.php?rest_route=\/wp\/v2\/posts"}],"about":[{"href":"https:\/\/tautastribunals.eu\/index.php?rest_route=\/wp\/v2\/types\/post"}],"author":[{"embeddable":true,"href":"https:\/\/tautastribunals.eu\/index.php?rest_route=\/wp\/v2\/users\/1"}],"replies":[{"embeddable":true,"href":"https:\/\/tautastribunals.eu\/index.php?rest_route=%2Fwp%2Fv2%2Fcomments&post=42353"}],"version-history":[{"count":37,"href":"https:\/\/tautastribunals.eu\/index.php?rest_route=\/wp\/v2\/posts\/42353\/revisions"}],"predecessor-version":[{"id":63352,"href":"https:\/\/tautastribunals.eu\/index.php?rest_route=\/wp\/v2\/posts\/42353\/revisions\/63352"}],"wp:attachment":[{"href":"https:\/\/tautastribunals.eu\/index.php?rest_route=%2Fwp%2Fv2%2Fmedia&parent=42353"}],"wp:term":[{"taxonomy":"category","embeddable":true,"href":"https:\/\/tautastribunals.eu\/index.php?rest_route=%2Fwp%2Fv2%2Fcategories&post=42353"},{"taxonomy":"post_tag","embeddable":true,"href":"https:\/\/tautastribunals.eu\/index.php?rest_route=%2Fwp%2Fv2%2Ftags&post=42353"}],"curies":[{"name":"wp","href":"https:\/\/api.w.org\/{rel}","templated":true}]}}