{"id":42061,"date":"2017-11-04T15:34:34","date_gmt":"2017-11-04T13:34:34","guid":{"rendered":"http:\/\/tautastribunals.eu\/?p=42061"},"modified":"2017-11-04T21:43:01","modified_gmt":"2017-11-04T19:43:01","slug":"saka-tiesnese-sandra-brike","status":"publish","type":"post","link":"https:\/\/tautastribunals.eu\/?p=42061","title":{"rendered":"Saka tiesnese Sandra Bri\u0137e"},"content":{"rendered":"<h2><a href=\"http:\/\/tautastribunals.eu\/wp-content\/uploads\/2017\/11\/www.tautastribunals.eu-1411.png\"><img decoding=\"async\" loading=\"lazy\" class=\"alignleft size-full wp-image-42064\" title=\"www.tautastribunals.eu-1411\" src=\"http:\/\/tautastribunals.eu\/wp-content\/uploads\/2017\/11\/www.tautastribunals.eu-1411.png\" alt=\"www.tautastribunals.eu-1411\" width=\"650\" height=\"91\" srcset=\"https:\/\/tautastribunals.eu\/wp-content\/uploads\/2017\/11\/www.tautastribunals.eu-1411.png 950w, https:\/\/tautastribunals.eu\/wp-content\/uploads\/2017\/11\/www.tautastribunals.eu-1411-300x42.png 300w, https:\/\/tautastribunals.eu\/wp-content\/uploads\/2017\/11\/www.tautastribunals.eu-1411-800x112.png 800w\" sizes=\"(max-width: 650px) 100vw, 650px\" \/><\/a><a href=\"http:\/\/tautastribunals.eu\/wp-content\/uploads\/2017\/11\/Sandra-Bri\u0137e-L.-Granti\u0146\u0161.-LRTT.Rasna\u010ds.PNG\"><img decoding=\"async\" loading=\"lazy\" class=\"alignleft size-full wp-image-42082\" title=\"Sandra Bri\u0137e, L. Granti\u0146\u0161. LRTT.Rasna\u010ds\" src=\"http:\/\/tautastribunals.eu\/wp-content\/uploads\/2017\/11\/Sandra-Bri\u0137e-L.-Granti\u0146\u0161.-LRTT.Rasna\u010ds.PNG\" alt=\"Sandra Bri\u0137e, L. Granti\u0146\u0161. LRTT.Rasna\u010ds\" width=\"143\" height=\"191\" srcset=\"https:\/\/tautastribunals.eu\/wp-content\/uploads\/2017\/11\/Sandra-Bri\u0137e-L.-Granti\u0146\u0161.-LRTT.Rasna\u010ds.PNG 266w, https:\/\/tautastribunals.eu\/wp-content\/uploads\/2017\/11\/Sandra-Bri\u0137e-L.-Granti\u0146\u0161.-LRTT.Rasna\u010ds-226x300.PNG 226w\" sizes=\"(max-width: 143px) 100vw, 143px\" \/><\/a>Labdien !<\/h2>\n<p>T\u0101 k\u0101 man nav zin\u0101ms, k\u0101 mans iesniegums <a href=\"http:\/\/tautastribunals.eu\/?p=34317\">http:\/\/tautastribunals.eu\/?p=34317<\/a> valsts amatperson\u0101m nok\u013cuva l\u012bdz<strong> Jums,<\/strong> ilgi dom\u0101ju, vai turpin\u0101t \u0161o t\u0113mu, lai vismaz pasarg\u0101tu savu \u0123imeni, jo represijas no valsts amatpersonu puses <strong><span style=\"text-decoration: underline;\">pret mani turpin\u0101s<\/span><\/strong>, un no t\u0101m <strong><span style=\"text-decoration: underline;\">cie\u0161 ar\u012b mana \u0123imene<\/span><\/strong>.<\/p>\n<p>Tom\u0113r, kad atkal cilv\u0113ki v\u0113l\u0113s ar <strong><span style=\"text-decoration: underline;\">cer\u012bb\u0101m par lab\u0101ku dz\u012bvi,<\/span><\/strong> un <strong><span style=\"text-decoration: underline;\">taisn\u012bba <\/span><\/strong>ir t\u0101, ka m\u0113s <strong>Latvij\u0101 <\/strong>esam <strong>\u201dnoraku\u0161i\u201d<\/strong> savu <strong><span style=\"text-decoration: underline;\">b\u0113rnu n\u0101kotni,<\/span><\/strong> un pat tiem, kas <strong>\u201dnorok\u201d <\/strong>b\u0113rni stud\u0113 \u0101rzem\u0113s, es tom\u0113r m\u0113\u0123in\u0101\u0161u v\u0113lreiz notic\u0113t tam, ka <strong>Latvij\u0101 <\/strong>ir iesp\u0113jams ko main\u012bt uz labo pusi.<\/p>\n<p>Lai b\u016btu skaidr\u012bba, tad ne <strong>Valsts Prezidents<\/strong>, ne ar\u012b <strong>Ties\u012bbsargs<\/strong> uz tiesu sist\u0113mas probl\u0113m\u0101m nerea\u0123\u0113ja un neuzskat\u012bja par vajadz\u012bgu man pat person\u012bgi atbild\u0113t, lai gan <strong>Valsts Prezidentam<\/strong> doto zv\u0113restu joproj\u0101m neesmu lauzusi, un vienm\u0113r centusies b\u016bt god\u012bga, atbild\u012bga, objekt\u012bva.<\/p>\n<p><strong>Saeimas deput\u0101ti,<\/strong> iz\u0146emot da\u017eus, <strong><span style=\"text-decoration: underline;\">pat necent\u0101s<\/span><\/strong> un necen\u0161as iedzi\u013cin\u0101ties tiesu sist\u0113mas probl\u0113m\u0101s, un k\u0101ds bija patiesais iemesls, un kam es trauc\u0113ju ar sav\u0101m amb\u012bcij\u0101m un drosmi pateikt par notieko\u0161o tiesu sist\u0113m\u0101.<\/p>\n<p>Dro\u0161i vien <strong><span style=\"text-decoration: underline;\">DP kontrol\u0113 katru J\u016bsu <\/span><\/strong>soli, <strong><span style=\"text-decoration: underline;\">ar\u012b manu<\/span><\/strong>, bet es jau sen j\u016btos k\u0101 <strong>Sta\u013cina re\u017e\u012bm\u0101<\/strong>, tikai viss tiek piekopts ar <strong><span style=\"text-decoration: underline;\">smalk\u0101k\u0101m metod\u0113m<\/span><\/strong>.<\/p>\n<p>Cilv\u0113ki, \u012bpa\u0161i zino\u0161i \u0161ai valstij nav vajadz\u012bgi.<\/p>\n<p>Nesen k\u0101da psiholo\u0123e teica, ka <strong>Latvijas cilv\u0113kiem pietr\u016bkst amb\u012bciju<\/strong>, un apm\u0113ram v\u0113l t\u0101, ka vec\u0101ki b\u0113rniem m\u0101ca lab\u0101k klus\u0113t, neizteikt viedokli un pak\u013cauties visam, ko liek ietekm\u012bg\u0101kie, l\u012bdz ar ko valstij nav att\u012bst\u012bbas. Bet ko deva manas amb\u012bcijas 2004.gad\u0101, kad kandid\u0113ju uz <strong>Liep\u0101jas tiesas priek\u0161s\u0113d\u0113t\u0101ja amatu<\/strong>, kur atkl\u0101ts konkurss nebija izsludin\u0101ts, bet daudziem tiesas priek\u0161s\u0113d\u0113t\u0101jiem bija beidzies termi\u0146\u0161, bet <strong>divi kandid\u0101ti uz vienu vietu bija tikai Liep\u0101jas tiesai<\/strong>, jo <strong><span style=\"text-decoration: underline;\">man bija drosme<\/span><\/strong>. Ar ko beidz\u0101s, kad kandid\u0113ju- iesniedzu iesniegumu uz <strong>Kurzemes apgabaltiesu<\/strong>, kad tikm\u0113r pa kluso jau apstiprin\u0101ja citu kandid\u0101tu, k\u0101das tur tikai notika <strong><span style=\"text-decoration: underline;\">manipul\u0101cijas ar punktu skait\u012b\u0161anu utt., lai es tur netiktu, jo es ar savu atkl\u0101tumu tur nebiju v\u0113lama<\/span><\/strong>.<\/p>\n<p>Ko man deva manas amb\u012bcijas, kad nor\u0101d\u012bju uz tiesu sist\u0113mas, lietu izskat\u012b\u0161anas probl\u0113m\u0101m un tiesu praksi, kur pa lielam neiedzi\u013cin\u0101s, neskaita cilv\u0113kiem piedz\u012btos sant\u012bmus, attiecas nihilistiski pret ties\u012bbu norm\u0101m, cilv\u0113kties\u012bb\u0101m ties\u012bbu principiem, starptautisk\u0101m ties\u012bbu norm\u0101m, kuras pa\u0161i ir akcept\u0113ju\u0161i utt.<\/p>\n<p>Tas viss beidz\u0101s ar <strong><span style=\"text-decoration: underline;\">represij\u0101m, apmelo\u0161anu, viltojumu<\/span><\/strong>,<em>(faktu sagroz\u012btu dokumentu sast\u0101d\u012b\u0161anu<\/em>), pres\u0113 izsludin\u0101tiem meliem utt.<\/p>\n<p>L\u012bdz iest\u0101\u0161an\u0101s E<strong>iropas Savien\u012bb\u0101 <\/strong>mums bija pastiprin\u0101tas apm\u0101c\u012bbas, kuras apmekl\u0113ja tikai da\u013ca tiesne\u0161u. Tur pasniedza labas lietas un bija cer\u012bba, ka senie demokr\u0101tijas principi tiks iedz\u012bvin\u0101ti ar\u012b <strong>Latvij\u0101<\/strong>, bet t\u0101 nav noticis \u2013 viss ir aizmirsts un <strong>\u2018\u2019sagriezts ar k\u0101j\u0101m gais\u0101\u201d,<\/strong> demokr\u0101tija ir p\u0101rprasta un <strong>\u201dgavil\u0113\u201d<\/strong> <strong><span style=\"text-decoration: underline;\">tiesiskais nihilisms<\/span><\/strong>, interpret\u0113jot ties\u012bbu normas k\u0101 pat\u012bk vai k\u0101 vajag.<\/p>\n<p>Atz\u012bstu, ka es k\u0101 jurists, \u012bpa\u0161i <strong><span style=\"text-decoration: underline;\">sava darba pirms\u0101kumos, esmu pie\u013c\u0101vusi ar\u012b k\u013c\u016bdas<\/span><\/strong>, bet tas ir t\u0101p\u0113c, ka iesp\u0113jamo zin\u0101\u0161anu tr\u016bkuma d\u0113\u013c, <strong><span style=\"text-decoration: underline;\">pak\u013c\u0101vos augst\u0101ku amatpersonu ietekmei un ieteikumiem,<\/span><\/strong> bet, kad s\u0101ku justies dro\u0161i par to, ko daru un saku, mani neviens nesp\u0113ja ietekm\u0113t.<\/p>\n<p>Es sm\u0113jos, ka mani nevar saliekt, bet tikai salauzt, tad laikam manu vesel\u012bbu ir salauzu\u0161i.<\/p>\n<p>Lai gan padomju laik\u0101 ieg\u016bto izgl\u012bt\u012bbu piel\u012bdzin\u0101ja ma\u0123istra gr\u0101dam, es tom\u0113r 2003.gad\u0101 papildus ieguvu ma\u0123istra gr\u0101du ties\u012bbu zin\u0101tn\u0113s, k\u0101 ar\u012b cik vien iesp\u0113jams papildus apmekl\u0113ju visas tiesne\u0161u apm\u0101c\u012bbas, kas man\u0101 <strong>CV<\/strong> ir uzskait\u012btas uz vair\u0101k\u0101m lap\u0101m. Ar\u012b tas man nedeva ce\u013cu karjerai, jo uz priek\u0161u \u0101tr\u0101k tika tiesne\u0161i, kuriem <strong><span style=\"text-decoration: underline;\">pat nav ma\u0123istra gr\u0101ds<\/span><\/strong> un ar maz\u0101ku praksi, jo galvenais ir <strong>\u2018\u2019sav\u0113jo izb\u012bd\u012b\u0161anas princips\u201d.<\/strong> \u0160aj\u0101 laik\u0101 ieg\u016bts ma\u0123istra gr\u0101ds pat nebija da\u013cai <strong>Augst\u0101k\u0101s tiesas tiesne\u0161u,<\/strong> vi\u0146i bija ar maz\u0101ku profesion\u0101lo st\u0101\u017eu, vi\u0146iem nerosin\u0101ja disciplin\u0101rlietas, <strong><span style=\"text-decoration: underline;\">lai gan starptautiskaj\u0101s ties\u0101s vi\u0146u d\u0113l zaud\u0113tas daudzas pr\u0101vas<\/span><\/strong> un vi\u0146u <strong>\u2018\u2019smagsvars\u201d <\/strong>bija noteico\u0161ais vis\u0101s komisij\u0101s, k\u0101 ar\u012b vi\u0146u attieksme un politika ir noteico\u0161\u0101 tiesu sist\u0113mas sak\u0101rto\u0161an\u0101, bet mani k\u0101 zem\u0101k\u0101s instances tiesne\u0161a sniegtie ierosin\u0101jumi <strong><span style=\"text-decoration: underline;\">tika ignor\u0113ti, pat izsmieti<\/span><\/strong>.<\/p>\n<p><a href=\"http:\/\/tautastribunals.eu\/wp-content\/uploads\/2017\/11\/Dzintars-Rasna\u010ds-Granti\u0146\u0161-Levits-LRTT-Kopie.PNG\"><img decoding=\"async\" loading=\"lazy\" class=\"alignleft size-full wp-image-42080\" title=\"Dzintars-Rasna\u010ds-Granti\u0146\u0161-Levits-LRTT - Kopie\" src=\"http:\/\/tautastribunals.eu\/wp-content\/uploads\/2017\/11\/Dzintars-Rasna\u010ds-Granti\u0146\u0161-Levits-LRTT-Kopie.PNG\" alt=\"Dzintars-Rasna\u010ds-Granti\u0146\u0161-Levits-LRTT - Kopie\" width=\"252\" height=\"344\" srcset=\"https:\/\/tautastribunals.eu\/wp-content\/uploads\/2017\/11\/Dzintars-Rasna\u010ds-Granti\u0146\u0161-Levits-LRTT-Kopie.PNG 419w, https:\/\/tautastribunals.eu\/wp-content\/uploads\/2017\/11\/Dzintars-Rasna\u010ds-Granti\u0146\u0161-Levits-LRTT-Kopie-220x300.PNG 220w\" sizes=\"(max-width: 252px) 100vw, 252px\" \/><\/a><\/p>\n<p>FOTO: <span style=\"color: #ff0000;\"><em>Vai tad \u0161\u012bs kreat\u016bras(Dz. Rasna\u010ds) \u017eesti un m\u012bmika nerun\u0101 skaidr\u0101k par v\u0101rdiem ?<\/em><\/span><\/p>\n<p>Kad <strong>Augst\u0101k\u0101s tiesas<\/strong> tiesnesim <strong>A.Gu\u013c\u0101nam Saeimas<\/strong> juridiskaj\u0101 komisija jaut\u0101ju, ko es t\u0101du esmu izdar\u012bjusi, ka j\u0101atce\u013c no amata, tad vi\u0146\u0161 atbild\u0113ja apm\u0113ram t\u0101- <strong><span style=\"text-decoration: underline;\">ka es dezorganiz\u0113jot visu tiesu sist\u0113mu.<\/span><\/strong><\/p>\n<p>Es p\u0113d\u0113jos gadus, redzot to <strong><span style=\"text-decoration: underline;\">stulbumu, melus, izlik\u0161anos par taisn\u012bgu tiesu <\/span><\/strong>utt., vienk\u0101r\u0161i tiesne\u0161u e vid\u0113, sapulc\u0113s semin\u0101ros teicu, ko dom\u0101ju par notieko\u0161o, un, ka ir iesp\u0113jas to dar\u012bt cit\u0101d\u0101k \u2013 lab\u0101k, t\u0101, lai, <strong><span style=\"text-decoration: underline;\">tiesa iev\u0113rotu cilv\u0113kties\u012bbas un ties\u012bbu principus.<\/span><\/strong><\/p>\n<p>Es dom\u0101ju, ka to var sak\u0101rtot ar likuma izmai\u0146\u0101m, da\u013cu tiesu augst\u0101ko amatpersonu nomai\u0146u, bet <span style=\"text-decoration: underline;\">tiesu sist\u0113ma pat no iek\u0161ienes vairs nav sp\u0113j\u012bga to izdar\u012bt<\/span>, <strong><span style=\"text-decoration: underline;\">t\u0101d\u0113\u013c ar\u012b vair\u0101kk\u0101rt\u012bgi kandid\u0113ju uz Saeimu.<\/span><\/strong><\/p>\n<p>Uzskatu, ka tiesas sist\u0113mas lejupsl\u012bde s\u0101k\u0101s ar 1998.gadu, kad par <strong>Tieslietu ministru k\u013cuva Dz.Rasna\u010ds<\/strong>, bet tad v\u0113l tiesne\u0161i tiesne\u0161u konferenc\u0113, vi\u0146am uzst\u0101joties, <span style=\"text-decoration: underline;\">sp\u0113ja sist k\u0101jas pret zemi, plaud\u0113t, lai to p\u0101rtrauktu.<\/span><br \/>\nKad jau sapratu, ka <strong><span style=\"text-decoration: underline;\">disciplin\u0101rlietas tiek organiz\u0113tas speci\u0101li<\/span><\/strong>, centos izteikties pres\u0113, bet presi neielaida s\u0113d\u0113s, lai gan es to v\u0113l\u0113jos un t\u0101 bija vien\u012bg\u0101 iesp\u0113ja par\u0101d\u012bt paties\u012bbu, mani n\u0101ca aizst\u0101v\u0113t vienas arodbiedr\u012bbas l\u012bderis, to ar\u012b neielaida, tad es g\u0101ju ar diktofonu, atkl\u0101ti to uzliekot uz galda, bet jaut\u0101jumu nebija un sod\u012bja.<\/p>\n<p>Kad l\u0113ma par manis atcel\u0161anu par div\u0101m liet\u0101m, tr\u012bs reizes aicin\u0101ja mani pa\u0146emt l\u012bdzi somu, baidoties, ka <strong>tur ir diktofons<\/strong>, presi neielaida, lai gan es pati to l\u016bdzu, jo atkl\u0101t\u012bba par notieko\u0161o man ir vien\u012bg\u0101 iesp\u0113ja aizst\u0101v\u0113ties.<\/p>\n<p>Lai mani atceltu no amata, ierosin\u0101t\u0101s disciplin\u0101rlietas samain\u012bja viet\u0101m \u2013 pirmo,- ko bija ierosin\u0101jis <strong>Liep\u0101jas tiesas priek\u0161s\u0113d\u0113t\u0101js<\/strong> <strong>I. Jaun\u0123el\u017ee<\/strong> par to, ka es str\u012bd\u012bg\u0101 liet\u0101, kura<span style=\"text-decoration: underline;\"> k\u0101 man teica, tika speci\u0101li pies\u016bt\u012bta no R\u012bgas<\/span> un nok\u013cuva pie manis bez re\u0123istr\u0101cijas <strong>Liep\u0101jas ties\u0101<\/strong>, \u2013 es sevi atstat\u012bju ar l\u0113mumu no lietas izskat\u012b\u0161anas, par ko ar\u012b<strong> Saeima <\/strong>mani atc\u0113la no amata, jo samain\u012bja ar<strong> Tieslietu ministra Dz. Rasna\u010da <\/strong>ierosin\u0101to par to, ka es neesmu sevi atstat\u012bjusi no lietas izskat\u012b\u0161anas, skatot m\u0101ju apsaimniekot\u0101ja lietas, lai gan noraid\u012bjums nebija pieteikts. Tas t\u0101p\u0113c, ka no <strong>Dz. Rasna\u010da <\/strong>ierosin\u0101t\u0101s disciplin\u0101rlietas var\u0113ja <strong>\u201dizspiest\u201d<\/strong> <strong><span style=\"text-decoration: underline;\">tikai br\u012bdin\u0101jumu<\/span><\/strong>, lai gan<strong> Dz. Rasna\u010ds <\/strong>pats pres\u0113 bija pateicis, ka disciplin\u0101rsod\u012btiem tiesne\u0161iem nevajag skat\u012bt \u013coti str\u012bd\u012bgas lietas.<\/p>\n<p>Pieteicu pie ministra <strong><span style=\"text-decoration: underline;\">viz\u012bti vismaz piecas reizes<\/span><\/strong>, bet nepie\u0146\u0113ma, laikam baid\u012bj\u0101s no diktofona(<em>joks<\/em>). Tas, ka mani j\u0101atce\u013c no amata jau bija nolemts iepriek\u0161 un nel\u012bdz\u0113ja pat advok\u0101ts, jo manus iesniegtos <strong><span style=\"text-decoration: underline;\">dokumentus nepie\u0146\u0113ma, nev\u0113rt\u0113ja un da\u017ei no komisijas locek\u013ciem par manu nopietno attieksmi pat sm\u012bk\u0146\u0101ja.<\/span><\/strong><\/p>\n<p><a href=\"http:\/\/tautastribunals.eu\/wp-content\/uploads\/2017\/11\/Ilgvars-Jaun\u0123el\u017ee.PNG\"><img decoding=\"async\" loading=\"lazy\" class=\"alignleft size-full wp-image-42075\" title=\"Ilgvars Jaun\u0123el\u017ee\" src=\"http:\/\/tautastribunals.eu\/wp-content\/uploads\/2017\/11\/Ilgvars-Jaun\u0123el\u017ee.PNG\" alt=\"Ilgvars Jaun\u0123el\u017ee\" width=\"351\" height=\"153\" srcset=\"https:\/\/tautastribunals.eu\/wp-content\/uploads\/2017\/11\/Ilgvars-Jaun\u0123el\u017ee.PNG 547w, https:\/\/tautastribunals.eu\/wp-content\/uploads\/2017\/11\/Ilgvars-Jaun\u0123el\u017ee-300x131.PNG 300w\" sizes=\"(max-width: 351px) 100vw, 351px\" \/><\/a><\/p>\n<p>FOTO: <span style=\"color: #ff0000;\"><em>Cik gan no\u017e\u0113lojams ir \u0161\u012bs &#8220;zemes t\u0101rps(de\u0123ener\u0101ts)&#8221;, kur\u0161 pats sevi nol\u0113mis kar\u0101tav\u0101m !<\/em><\/span><\/p>\n<p>Tai pat laik\u0101, kad tiesnesis <strong>A. Lapi\u0146\u0161 <\/strong>k\u0101du laiku atpaka\u013c atstat\u012bj\u0101s no vair\u0101k\u0101m liet\u0101m ar vien\u012bgo motiv\u0101ciju, ka nav laika t\u0101s skat\u012bt, priek\u0161s\u0113d\u0113t\u0101js <strong>I. Jaun\u0123el\u017ee<\/strong> disciplin\u0101rlietas neierosin\u0101ja, un, kad vesel\u012bbas probl\u0113mu d\u0113\u013c divas stundas atpras\u012bjos un <strong>A. Lapi\u0146am<\/strong> bija mani j\u0101atvieto, tad <strong>A. Lapi\u0146\u0161, <\/strong>dom\u0101jams<strong> I. Jaun\u0123el\u017ees <\/strong>uzdevum\u0101 rakst\u012bja s\u016bdz\u012bbu,<strong><span style=\"text-decoration: underline;\"> ka es nolaid\u012bgi esmu atst\u0101jusi darbu<\/span><\/strong>.<\/p>\n<p>Eiropas rekomend\u0101cijas, ka tiesne\u0161iem j\u0101\u013cauj pier\u0101d\u012bt sava nevain\u012bba ar visiem iesp\u0113jamiem pier\u0101d\u012bjumiem, <strong>Latvij\u0101<\/strong> nedarbojas. Ir tikai <strong>meli, meli\u2026un <\/strong>izlik\u0161an\u0101s, ka te darbojas demokr\u0101tijas principi un starptautisk\u0101s ties\u012bbu normas.<\/p>\n<p>Tas pats notiek liel\u0101 da\u013c\u0101, skatot lietas ties\u0101. <strong>M\u0101ju apsaimniekot\u0101ji<\/strong> rakst\u012bja daudzas s\u016bdz\u012bbas, jo es iedzi\u013cin\u0101jos lietu b\u016bt\u012bb\u0101 vi\u0146u pras\u012bb\u0101s, un man bija gan noraido\u0161i un liela da\u013ca da\u013c\u0113ji apmierin\u0101ti spriedumi, kaut ar\u012b atbild\u0113t\u0101ji nebija sniegu\u0161i paskaidrojumus un nepiedal\u012bj\u0101s tiesas s\u0113d\u0113s. Es redz\u0113ju k\u0101 da\u017ei m\u0101ju apsaimniekot\u0101ji raksta form\u0101las <span style=\"text-decoration: underline;\">pras\u012bbas par par\u0101du, kuru esam\u012bba nav pier\u0101d\u012bta<\/span>. S\u016bdz\u012bbas rakst\u012bja ar\u012b tie, kam <strong><span style=\"text-decoration: underline;\">sve\u0161i tiesiskie l\u012bdzek\u013ci un kuri pie\u0137erti bl\u0113d\u012bb\u0101s<\/span><\/strong>. T\u0101, disciplin\u0101rliet\u0101, kur\u0101 man samazin\u0101ja algu par 10% un sod\u012bja pat darba nesp\u0113jas laik\u0101, es biju uzrakst\u012bjusi blakus l\u0113mumu, lai p\u0101rbauda izdot\u0101s pilnvaras tiesiskumu, kur tika <strong><span style=\"text-decoration: underline;\">p\u0101rst\u0101v\u0113ta persona, kura nesp\u0113j izteikt viedokli,<\/span><\/strong> bija p\u0101rdots t\u0101s <strong><span style=\"text-decoration: underline;\">\u012bpa\u0161ums pa\u0161ai pilnvarotai personai<\/span><\/strong>, bet es atkal \u201dieb\u0101zu savu degunu\u201d kur nav v\u0113lams\u2026 Uzaicin\u0101ju pat prokuroru, cerot, ka tas uzs\u0101ks p\u0101rbaudi, bet <strong><span style=\"text-decoration: underline;\">tai viet\u0101 prokurors izr\u012bkoj\u0101s pret\u0113ji, deklar\u0113jot, ka viss ir tiesiski<\/span><\/strong>.<\/p>\n<p>Nevis es aizsk\u0101ru personas cilv\u0113kties\u012bbas, bet centos t\u0101s aizst\u0101v\u0113t, jo persona<strong><span style=\"text-decoration: underline;\"> bija inval\u012bds un nesp\u0113ja izteikt savu viedokli ne mutiski, ne rakstiski<\/span><\/strong>, ne ar <strong>konkludent\u0101m darb\u012bb\u0101m<\/strong> <em>(<a href=\"https:\/\/lv.wikipedia.org\/wiki\/Gribas_izteikums\">https:\/\/lv.wikipedia.org\/wiki\/Gribas_izteikums<\/a>)<\/em> , <strong><span style=\"text-decoration: underline;\">tad k\u0101 vi\u0146a var\u0113ja izdot pilnvaru<\/span><\/strong> ?!<\/p>\n<p><strong>Saeimas Juridisk\u0101 komisij\u0101 I. Jau\u0123el\u017ee<\/strong> apgalvoja, ka es p\u0101rk\u0101pu \u0161aj\u0101 gad\u012bjum\u0101 cilv\u0113kties\u012bbas, bet <strong><span style=\"text-decoration: underline;\">es nepielaidu personu uz ap\u0161aub\u0101mas pilnvaras pamata<\/span><\/strong>, un konkr\u0113t\u0101 laul\u012bbas \u0161\u0137ir\u0161anas liet\u0101, saska\u0146\u0101 ar likumu bija j\u0101piedal\u0101s pa\u0161ai personai, un vi\u0146a beig\u0101s atn\u0101ca, <strong><span style=\"text-decoration: underline;\">tikai nesp\u0113ja izteikt viedokli.<\/span><\/strong> T\u0101s ir p\u0113d\u0113j\u0101s disciplin\u0101rlietas un tikpat absurdi safabric\u0113tas ir ar\u012b iepriek\u0161\u0113j\u0101s, bet <strong><span style=\"text-decoration: underline;\">taj\u0101s eso\u0161os pier\u0101d\u012bjumus visas komisijas ignor\u0113ja,<\/span><\/strong> jo <strong><span style=\"text-decoration: underline;\">mani bija j\u0101soda p\u0113c iesp\u0113jas vair\u0101k par uzdr\u012bkst\u0113\u0161anos, viedok\u013ca izteik\u0161anu, ierosin\u0101jumiem<\/span><\/strong>, kas<strong><span style=\"text-decoration: underline;\"> nav \u0113rti tiesu sist\u0113m\u0101 ies\u0113du\u0161\u0101s amatperson\u0101m ar liel\u0101ku varu nek\u0101 p\u0101r\u0113jiem tiesne\u0161iem<\/span><\/strong>.<\/p>\n<p>Mani nevar\u0113ja ietekm\u0113t citiem l\u012bdzek\u013ciem, tad atrada v\u0101jo vietu \u2013 <strong><span style=\"text-decoration: underline;\">s\u016bdz\u012bbu rakst\u012b\u0161anu par mani un disciplin\u0101rsod\u012b\u0161anu<\/span><\/strong>.<\/p>\n<p><strong>Tad k\u0101, pie \u0161\u0101da tiesisk\u0101 nihilisma tiesu sist\u0113m\u0101, visp\u0101r ir iesp\u0113jama objekt\u012bva lietas izskat\u012b\u0161ana un taisn\u012bgs nol\u0113mums ?!<\/strong><\/p>\n<p><strong> <\/strong><\/p>\n<p><strong> <\/strong><\/p>\n<p>Skumji, ka tiesne\u0161i tagad prasa liel\u0101kas algas, bet ignor\u0113 tiesu sist\u0113mas sak\u0101rto\u0161anu un izaugsmi. Ja <strong>Augst\u0101k\u0101s tiesas tiesne\u0161iem<\/strong> ir vair\u0101k k\u0101 \u010detri t\u016bksto\u0161i, bet atdeve ir t\u0101da, ka atbilsto\u0161a judikat\u016bra iztr\u016bkst, <strong><span style=\"text-decoration: underline;\">Latvija zaud\u0113 lietas starptautiskaj\u0101 ties\u0101<\/span><\/strong> un <strong>Augst\u0101k\u0101 tiesa<\/strong> ar savu<strong> \u2018\u2019svaru\u201d <\/strong>nosaka tiesu sist\u0113mas politiku, <strong><span style=\"text-decoration: underline;\">kura degrad\u0113 tiesu sist\u0113mu nevis att\u012bsta<\/span><\/strong>.<\/p>\n<p>Piekr\u012btu, ka pirm\u0101s instances tiesne\u0161iem ir par zemu algas, ka \u0161\u0137\u0113res ar <strong>apgabaltiesu un Augst\u0101ko tiesu <\/strong>ir par lielu, <strong>bet tom\u0113r alga nav noteico\u0161\u0101,<\/strong> lai taisn\u012bgi spriestu tiesu, bet <strong><span style=\"text-decoration: underline;\">ideja par tiesisku valsti<\/span><\/strong>.<\/p>\n<p>Piem\u0113ram, lai neb\u016btu \u0161\u012b <strong>\u201dies\u0113d\u0113\u0161an\u0101s kr\u0113slos\u201d<\/strong> un liel\u0101k\u0101 var\u0101,<strong> Zviedrij\u0101 pirm\u0101s instances tiesne\u0161i rot\u0113 ar apgabaltiesne\u0161iem <\/strong>un <strong>algas ir gandr\u012bz vien\u0101das<\/strong>. Tas dod ar\u012b tiesu praksi, lai tie, kas augst\u0101k, ar\u012b <strong>\u201dnolaistos uz zemes\u201d,<\/strong> jo <strong><span style=\"text-decoration: underline;\">liel\u0101k\u0101 prakse ir pirm\u0101s instances ties\u0101, jo tur ir visu veidu lietas<\/span><\/strong>.<\/p>\n<p>Ar\u012b priek\u0161s\u0113d\u0113t\u0101ji rot\u0113 un algas starp\u012bba simboliska, jo <strong>vi\u0146iem j\u0101organiz\u0113 darbs nevis j\u0101demonstr\u0113 vara. <\/strong>To man izst\u0101st\u012bja zviedru kol\u0113\u0123i apm\u0113ram pirms k\u0101diem 10 gadiem k\u0101d\u0101 semin\u0101r\u0101, kad pusdienoj\u0101m pie viena galda.<\/p>\n<p>Es ierosin\u0101ju, p\u0113c katriem <strong>pieciem gadiem<\/strong> rot\u0101ciju, bet pie\u0146\u0113ma par <strong>10 gadiem,<\/strong> bet Liep\u0101jas tiesas priek\u0161s\u0113d\u0113t\u0101js <strong>I. Jaun\u0123el\u017ee<\/strong> par priek\u0161s\u0113d\u0113t\u0101ju <strong>Liep\u0101jas ties\u0101<\/strong> ir no <strong><span style=\"text-decoration: underline;\">1999.gada un pirms tam bija priek\u0161s\u0113d\u0113t\u0101js Liep\u0101jas rajona ties\u0101. <\/span><\/strong>Te vad\u012bba piem\u0113roja <strong>\u201dpareizo\u201d<\/strong> likuma interpret\u0101ciju \u2013 <strong><span style=\"text-decoration: underline;\">s\u0101kt skait\u012bt no likuma pie\u0146em\u0161anas<\/span><\/strong>. Kad es <strong>Augst\u0101k\u0101m amatperson\u0101m<\/strong> zi\u0146oju par notieko\u0161o<strong> Liep\u0101jas ties\u0101, <\/strong>t.sk. par psiholo\u0123isko teroru, pazemo\u0161anu, lik\u0161anu tr\u012bs dienu laik\u0101 p\u0101rkvalific\u0113ties no civilliet\u0101m uz krimin\u0101lliet\u0101m ar piektdien\u0101 noliktu r\u012bkojumu uz galda utt., tad <strong>Augst\u0101k\u0101s amatpersonas<span style=\"text-decoration: underline;\"> nevis nomain\u012bja Liep\u0101jas tiesas priek\u0161s\u0113d\u0113t\u0101ju,<\/span><\/strong> bet 2015.gada j\u016bnij\u0101 <strong>k\u0101 balvu<\/strong> par k\u0101rt\u0113jo manu disciplin\u0101rlietu <strong><span style=\"text-decoration: underline;\">pagarin\u0101ja vi\u0146a termi\u0146u uz v\u0113l pieciem gadiem<\/span><\/strong>.<br \/>\nTas l\u016bk ir tikai maza da\u013ci\u0146a no tiesu sist\u0113m\u0101 notieko\u0161\u0101, jo visu laiku esmu v\u0101kusi<em> materi\u0101lus<\/em> par tiesu sist\u0113mas v\u0113sturi, stagn\u0101ciju, nev\u0113l\u0113\u0161anos to uzlabot utt. , un t\u0101 ir k\u0101 <strong><span style=\"text-decoration: underline;\">smaga krava iestigusi dub\u013cos<\/span><\/strong>, kas vairs <span style=\"text-decoration: underline;\">pa\u0161as sp\u0113kiem ar \u0161\u0101du vad\u012bbu un politiku neizr\u0101psies un neatt\u012br\u012bsies,<\/span> jo <strong>\u201ddub\u013ci jau ies\u016bku\u0161ies \u0101d\u0101\u201d. <\/strong><\/p>\n<p>Diem\u017e\u0113l sekas tam visam ir t\u0101das, ka <span style=\"color: #ff0000;\"><strong><span style=\"text-decoration: underline;\">tiek grauta demokr\u0101tiskas valsts iek\u0101rta<\/span><\/strong>,<strong><span style=\"text-decoration: underline;\"> apdraud\u0113ta iek\u0161\u0113j\u0101 un \u0101r\u0113j\u0101 dro\u0161\u012bba, cilv\u0113ki j\u016btas apdraud\u0113ti, nedro\u0161i \u0161aj\u0101 valst\u012b, v\u012blu\u0161ies par valsti, par t\u0101s nesp\u0113ju vi\u0146us aizsarg\u0101t, ir no t\u0101s aizbrauku\u0161i un aizbrauc. <\/span><\/strong><\/span><\/p>\n<p>Ar\u012b es k\u0101 <strong>Latvijas pilsone<\/strong> esmu cietusi no <strong>Latvijas amatpersonu patva\u013cas<\/strong> un visat\u013caut\u012bbas, bet saka, ja tu cilv\u0113kam dari labu, kad vi\u0146\u0161 to nezin<em> (tas ir par maniem da\u013c\u0113ji apmierin\u0101t\u0101m pras\u012bb\u0101m, kur atbild\u0113t\u0101js nebija<\/em>), tas ar labu n\u0101ks atpaka\u013c. Man ir biju\u0161i momenti, kad gribas aizbraukt no valsts, atteikties pat no pilson\u012bbas, jo <strong><span style=\"text-decoration: underline;\">valsts tevi k\u0101 pilsoni neaizsarg\u0101<\/span><\/strong> no izplat\u012btiem meliem un safabric\u0113t\u0101m liet\u0101m, bet<strong><span style=\"text-decoration: underline;\"> mani b\u0113rni ir izv\u0113l\u0113ju\u0161ies palikt Latvij\u0101<\/span><\/strong>, kas noz\u012bm\u0113, ka man\u0101 vecum\u0101 vairs nav kur braukt.<\/p>\n<p>Es daudzreiz esmu redz\u0113jusi to laim\u012bgo cilv\u0113ku sejas, kas dz\u012bvo un str\u0101d\u0101 \u0101rzem\u0113s, un rodas jaut\u0101jums, k\u0101d\u0113\u013c m\u016bsu valsts nem\u012bl savus cilv\u0113kus?!<br \/>\nEs ceru uz konstrukt\u012bviem dialogiem nevis uz cilv\u0113ku <strong>\u201dapsp\u013caud\u012b\u0161anu\u201d <\/strong>k\u0101 tas da\u017ek\u0101rt notiek koment\u0101ros.<\/p>\n<p><em>Ar cie\u0146u, Sandra Bri\u0137e<\/em><\/p>\n<p><em> <\/em><\/p>\n<p><em> <\/em><\/p>\n<p><a href=\"http:\/\/tautastribunals.eu\/wp-content\/uploads\/2017\/11\/MIGLA-SARKAN\u0100-NOL\u0100D\u0112T\u0100REINIKS\u0100BOLTI\u0145A.PNG\"><img decoding=\"async\" loading=\"lazy\" class=\"alignleft size-full wp-image-42067\" title=\"MIGLA SARKAN\u0100- NOL\u0100D\u0112T\u0100,REINIKS,\u0100BOLTI\u0145A\" src=\"http:\/\/tautastribunals.eu\/wp-content\/uploads\/2017\/11\/MIGLA-SARKAN\u0100-NOL\u0100D\u0112T\u0100REINIKS\u0100BOLTI\u0145A.PNG\" alt=\"MIGLA SARKAN\u0100- NOL\u0100D\u0112T\u0100,REINIKS,\u0100BOLTI\u0145A\" width=\"633\" height=\"53\" srcset=\"https:\/\/tautastribunals.eu\/wp-content\/uploads\/2017\/11\/MIGLA-SARKAN\u0100-NOL\u0100D\u0112T\u0100REINIKS\u0100BOLTI\u0145A.PNG 986w, https:\/\/tautastribunals.eu\/wp-content\/uploads\/2017\/11\/MIGLA-SARKAN\u0100-NOL\u0100D\u0112T\u0100REINIKS\u0100BOLTI\u0145A-300x25.PNG 300w, https:\/\/tautastribunals.eu\/wp-content\/uploads\/2017\/11\/MIGLA-SARKAN\u0100-NOL\u0100D\u0112T\u0100REINIKS\u0100BOLTI\u0145A-800x68.PNG 800w\" sizes=\"(max-width: 633px) 100vw, 633px\" \/><\/a><\/p>\n<h2>LRTT p\u0113cv\u0101rds:<\/h2>\n<p>J\u0101, ir labi, ka v\u0113laties v\u0113lreiz notic\u0113t <strong>TAISN\u012aGUMA UZVARAI,<\/strong> bet tad pa\u0161am ir j\u0101pieliek p\u016bles, lai \u0161\u012b <strong>TIC\u012aBA<\/strong> \u012bstenotos. Cik noprotams, tad J\u016bs, <strong>Sandra Bri\u0137e<\/strong>,\u00a0 <strong><span style=\"text-decoration: underline;\">esiet gatava \u0161\u012bs p\u016bles pielikt<\/span><\/strong>, jo v\u0113r\u0161aties tie\u0161i <strong><span style=\"text-decoration: underline;\">pie t\u0101<\/span><\/strong>, kur\u0161 aizs\u0101ka latvie\u0161u tautas atbr\u012bvo\u0161an\u0101s procesu no s\u0101taniskajiem bo\u013c\u0161eviku slepkav\u0101m.<\/p>\n<p>C\u012b\u0146a ir nevienl\u012bdz\u012bga, jo maz\u0101 latvie\u0161u tauta ir vien\u012bg\u0101, kura st\u0101v pret\u012b starptautiskajai cionistu bandai- <strong>ANTIKRISTAM<\/strong>. <strong> <\/strong><\/p>\n<p><strong>Helsinki- 86<\/strong> un t\u0101s dibin\u0101t\u0101ja v\u0101rds ir noblo\u0137\u0113ts glob\u0101l\u0101 l\u012bmeni- <strong>ANO, ES, NATO <\/strong>un vis\u0101s <strong>ES <\/strong>valstu p\u0101rvaldes strukt\u016br\u0101s.<\/p>\n<p><strong>Latvijas Cilv\u0113kties\u012bbu Aizst\u0101v\u0113\u0161anas<\/strong> grupa <strong>H- 86<\/strong> ir vien\u012bg\u0101, kura ir nacion\u0101la p\u0113c <strong>B\u016aT\u012aBAS<\/strong> un neseko cionistu nor\u0101d\u012bjumiem<strong>. H- 86<\/strong> savu darb\u012bbu balsta uz <strong>Starptautiskiem LIKUMIEM<\/strong> un <strong>SATVERSM<\/strong>I<em>(Konstit\u016bciju). <\/em>Tie\u0161i tas nav pie\u0146emams <strong>cionistiem<\/strong>, kuri noziedz\u012bgi ignor\u0113 visus starptautiski pie\u0146emtos <strong>LIKUMUS<\/strong><em>(Konvencijas),<\/em> kas attiec\u0101s uz <strong>TAUTU TIES\u012aB\u0100M<\/strong> un <strong>Tiesiskumu<\/strong> k\u0101 t\u0101du. Visus politiskos procesus <strong>Latvij\u0101<\/strong><em>(valsts izlaup\u012b\u0161anu, cit\u0101d\u0101k dom\u0101jo\u0161o slepkavo\u0161anu, r\u016bpniec\u012bbas izn\u012bcin\u0101\u0161anu, k\u0101 rezult\u0101t\u0101 tauta spiesta izce\u013cot)<\/em> nosaka <strong>D\u0101vida Zvaigznes \u201cpiel\u016bdz\u0113ji\u201d<\/strong><em>(S\u0101tana piel\u016bdz\u0113ji). <\/em><\/p>\n<h2><strong>Bri\u0137es kundze,<\/strong> t\u0101 ir c\u012b\u0146a uz dz\u012bv\u012bbu un n\u0101vi !<\/h2>\n<p>&#8211;<strong>LRTT &amp; H- 86<\/strong> ir gandar\u012bts, ka <strong><span style=\"text-decoration: underline;\">vi\u0146a pus\u0113 <\/span><\/strong>bija t\u0101di m\u016bsu tautas <strong>Gar\u012bg\u0101s elites p\u0101rst\u0101vji<\/strong> k\u0101: literat\u016bras klasi\u0137is <strong>Laimonis Purs<\/strong><em>(Strazdi\u0146\u0161), <\/em>pr\u0101vests <strong>Adrejs Kavacis, <\/strong>profesors- v\u0113sturnieks <strong>Indulis Ronis,<\/strong> kuri p\u0113d\u0113j\u0101 gada laik\u0101 k\u013cuvu\u0161i par cionistu- <strong>komunistu upuriem- brut\u0101li noslepkavoti<\/strong><em>(k\u0101 un k\u0101p\u0113c, tas aprakst\u012bts \u0161aj\u0101 i- vietn\u0113).<\/em><\/p>\n<p>-M\u0101kslinieks <strong>Vilis Vizulis<\/strong> ar\u012b grib\u0113ja <strong>LRTT i- vietnei<\/strong> sniegt inform\u0101ciju par <strong>Aizsardz\u012bbas Ministrijas l\u012bdzek\u013cu izlaup\u012b\u0161anu<\/strong>, kuri bija dom\u0101ti aizsardz\u012bbai, bet p\u0113c ned\u0113\u013cas uz ielas <strong>sa\u013cima uz m\u016b\u017eu<\/strong>.<\/p>\n<p>-Atcer\u0113simies, ka pirms n\u0101ves <strong>Andris Gr\u016btups<\/strong> grib\u0113ja ko \u013coti svar\u012bgu pasac\u012bt latvie\u0161u tautai, bet nepasp\u0113ja, jo <strong>\u201cno\u0161\u0101v\u0101s\u201d.<\/strong><\/p>\n<p>-Popul\u0101rais m\u016bzi\u0137is<strong> Aivars Br\u012bze<\/strong> pazi\u0146oja, ka gatavo patriotisku<strong> mj\u016bziklu <\/strong>latvie\u0161u tautas jaunatnei, bet nepaguva, jo <strong>\u201csaaukst\u0113j\u0101s\u201d <\/strong>un nomira\u2026 .<\/p>\n<p>-Medic\u012bnas m\u0101su asoci\u0101cijas priek\u0161s\u0113d\u0113t\u0101ja <strong>Jolanta Z\u0101l\u012bte<\/strong> nepaklaus\u012bja <strong>\u201cv\u0113rt\u012bgiem\u201d<\/strong> nor\u0101d\u012bjumiem, k\u0101 rezult\u0101t\u0101 <strong>\u201cizl\u0113ma ar vis\u0101m dr\u0113b\u0113m ziemas laik\u0101 Daugav\u0101 izpeld\u0113ties\u201d.<\/strong><\/p>\n<p><strong><span style=\"text-decoration: underline;\">T\u0101das slepkav\u012bbas ir skait\u0101mas t\u016bksto\u0161os<\/span><\/strong><em>(neskait\u0101mi latvie\u0161u taut\u012bbas biznesme\u0146i miru\u0161i no \u201csirds nepeitiekam\u012bbas\u201d un vi\u0146u vietu ie\u0146\u0113mu\u0161i godma\u0146- zah\u0101rjinveid\u012bgie jebreji- kriev\u017e\u012bdi)<\/em> tikai p\u0113c<strong>Atmodas <\/strong>laik\u0101 vien, bet ja m\u0113s s\u0101ksim analiz\u0113t slepkav\u012bbas s\u0101kot no 1918. g., tad cilv\u0113ks ar nestabil\u0101ku psihi var nok\u013c\u016bt attiec\u012bg\u0101 iest\u0101d\u0113<em>(J. Rainis ta\u010du ar\u012b tika noind\u0113ts <a href=\"http:\/\/medhistrigensia.mvm.lv\/2015\/09\/rainis-un-vina-arsti\/\">http:\/\/medhistrigensia.mvm.lv\/2015\/09\/rainis-un-vina-arsti\/<\/a> ).<\/em><\/p>\n<p>\u017d\u012bda <strong>Z. Meierovica <\/strong>izdar\u012bbas, par kur\u0101m neuzsp\u0113ja uzrakst\u012bt <strong>Indulis Ronis<\/strong>&#8230; .<\/p>\n<p>Un, vai tad <strong>Astr\u012bdas Bab\u0101nes<\/strong> uzdr\u012bkst\u0113\u0161an\u0101s<strong> LIECIN\u0100T \u00a0<a href=\"http:\/\/tautastribunals.eu\/?p=39910\">http:\/\/tautastribunals.eu\/?p=39910<\/a> <\/strong>nav pieskait\u0101mas pie<strong> varo\u0146darba <\/strong>?<\/p>\n<p>Cilv\u0113ks, kur\u0161 p\u0101rvarot bailes <strong>PATIES\u012aBU<\/strong> nov\u0113rt\u0113 d\u0101rg\u0101ku par savu <strong><span style=\"text-decoration: underline;\">dz\u012bv\u012bbu<\/span><\/strong>, ieiet <strong>APZI\u0145AS AUGST\u0100KAJ\u0100 PAK\u0100P\u0112<\/strong>. T\u0101ds cilv\u0113ks <strong>OTRAJAI N\u0100VEI <\/strong>vairs nav pak\u013cauts, jo ir iztur\u0113jis <strong>DIEVI\u0136\u0100S EVOL\u016aCIJAS<\/strong><em>(selekcijas)<\/em>p\u0101rbaud\u012bjumu. <span style=\"text-decoration: underline;\">Vai tad nav sac\u012bts ?:<\/span><strong> \u201cJo, kas grib izgl\u0101bt savu dz\u012bv\u012bbu, tas to zaud\u0113s; un, kas savu dz\u012bv\u012bbu zaud\u0113 Manis<\/strong><em>(PATIES\u012aBAS)<strong> <\/strong><\/em><strong>d\u0113\u013c, tas to mantos.\u201d<\/strong><\/p>\n<p>Un, cik reizes <strong>L. Granti\u0146u<\/strong> \u0161\u012b s\u0101tanistu sist\u0113ma, kura \u0161odien ir pie varas un veic pr\u0101tam neiedom\u0101jamu genoc\u012bdu pret latvie\u0161u tautu, ir centusies vi\u0146u noslepkavot ? P\u0113d\u0113jais man zin\u0101mais m\u0113\u0123in\u0101jums ir \u0161\u0101 gada j\u016blij\u0101, kuru <strong>\u201cizstr\u0101d\u0101ja\u201d <\/strong>ar <strong>\u201cdisidenta\u201d J\u0101\u0146a Ro\u017ekalna<\/strong> l\u012bdzdal\u012bbu un kas tika atkl\u0101ts.<\/p>\n<p><strong>Br\u012bv\u012bba<\/strong>&#8211; kas ir <strong>PATIES\u012aBAS<\/strong> neat\u0146emama sast\u0101vda\u013ca, ir visd\u0101rg\u0101k\u0101 <strong>MANTA,<\/strong> kura p\u0113rkas tikai ar asin\u012bm,- ar \u013coti daudz asin\u012bm !<\/p>\n<p>Neskatoties uz <strong>J\u016bsu <\/strong>iepriek\u0161\u0113j\u0101m k\u013c\u016bd\u0101m, k\u0101<strong> J\u016bs <\/strong>pati sak\u0101t,<strong> J\u016bs<\/strong>, <strong>Sandra Bri\u0137e,<\/strong> esiet laipni l\u016bgta <strong>Augst\u0101kaj\u0101 L\u012bg\u0101<\/strong>, kuras biedri \u0161aj\u0101 p\u0113cv\u0101rd\u0101 ir min\u0113ti.<\/p>\n<p>Neviena <strong>Patiesa Liec\u012bba<\/strong> nez\u016bd, t\u0101 non\u0101k <strong>KARMAS BI\u0136ER\u012a,<\/strong> kas reiz tiks izliets p\u0101r m\u016bsu tautas bend\u0113m: <strong>komunistiem- cionistiem<\/strong> !!!<\/p>\n<p>Uzvara reiz pieder\u0113s mums, bet, no katra mums, ir <span style=\"text-decoration: underline;\"><strong>atkar\u012bgs upuru daudzums<\/strong><\/span>.<\/p>\n<p>Run\u0101jot <strong>Paties\u012bbu <\/strong>m\u0113s samazin\u0101m upuru skaitu un tas <strong>Gar\u012bgaj\u0101 Pasaul\u0113 <\/strong>tiek v\u0113rt\u0113ts visaugst\u0101k !!!<\/p>\n<p>04.11.17\u00a0\u00a0\u00a0\u00a0\u00a0 L. Granti\u0146\u0161<\/p>\n<p><strong>FOTO: <\/strong><span style=\"color: #ff0000;\"><em>Vai j\u016bs zin\u0101t, ka neviens no \u0161iem izdzimumem nav latvietis ? Tie\u0161i pret \u0161iem izdzimumiem, kuri uzdevu\u0161ies par latvie\u0161iem, bet t\u0101di nav, mums ir j\u0101c\u012bn\u0101s. Vi\u0146i ir tie, kuri tautas un demokr\u0101tijas v\u0101rd\u0101 veic genoc\u012bdu pret m\u016bsu tautu.<br \/>\n<\/em><\/span><\/p>\n<p><a href=\"http:\/\/tautastribunals.eu\/wp-content\/uploads\/2017\/11\/\u0160adurski-KazlovskisRasna\u010ds.L.-Granti\u0146\u0161.-LRTT.PNG\"><img decoding=\"async\" loading=\"lazy\" class=\"alignleft size-full wp-image-42096\" title=\"\u0160adurski, Kazlovskis,Rasna\u010ds.L. Granti\u0146\u0161. LRTT\" src=\"http:\/\/tautastribunals.eu\/wp-content\/uploads\/2017\/11\/\u0160adurski-KazlovskisRasna\u010ds.L.-Granti\u0146\u0161.-LRTT.PNG\" alt=\"\u0160adurski, Kazlovskis,Rasna\u010ds.L. Granti\u0146\u0161. LRTT\" width=\"632\" height=\"386\" srcset=\"https:\/\/tautastribunals.eu\/wp-content\/uploads\/2017\/11\/\u0160adurski-KazlovskisRasna\u010ds.L.-Granti\u0146\u0161.-LRTT.PNG 733w, https:\/\/tautastribunals.eu\/wp-content\/uploads\/2017\/11\/adurski-KazlovskisRasna\u010ds.L.-Granti\u0146\u0161.-LRTT-300x182.PNG 300w\" sizes=\"(max-width: 632px) 100vw, 632px\" \/><\/a><\/p>\n","protected":false},"excerpt":{"rendered":"<p>Labdien ! T\u0101 k\u0101 man nav zin\u0101ms, k\u0101 mans iesniegums http:\/\/tautastribunals.eu\/?p=34317 valsts amatperson\u0101m nok\u013cuva l\u012bdz Jums, ilgi dom\u0101ju, vai turpin\u0101t \u0161o t\u0113mu, lai vismaz pasarg\u0101tu savu \u0123imeni, jo represijas no valsts amatpersonu puses pret&#46;&#46;&#46;<\/p>\n","protected":false},"author":1,"featured_media":0,"comment_status":"open","ping_status":"open","sticky":false,"template":"","format":"standard","meta":[],"categories":[1],"tags":[],"_links":{"self":[{"href":"https:\/\/tautastribunals.eu\/index.php?rest_route=\/wp\/v2\/posts\/42061"}],"collection":[{"href":"https:\/\/tautastribunals.eu\/index.php?rest_route=\/wp\/v2\/posts"}],"about":[{"href":"https:\/\/tautastribunals.eu\/index.php?rest_route=\/wp\/v2\/types\/post"}],"author":[{"embeddable":true,"href":"https:\/\/tautastribunals.eu\/index.php?rest_route=\/wp\/v2\/users\/1"}],"replies":[{"embeddable":true,"href":"https:\/\/tautastribunals.eu\/index.php?rest_route=%2Fwp%2Fv2%2Fcomments&post=42061"}],"version-history":[{"count":43,"href":"https:\/\/tautastribunals.eu\/index.php?rest_route=\/wp\/v2\/posts\/42061\/revisions"}],"predecessor-version":[{"id":42107,"href":"https:\/\/tautastribunals.eu\/index.php?rest_route=\/wp\/v2\/posts\/42061\/revisions\/42107"}],"wp:attachment":[{"href":"https:\/\/tautastribunals.eu\/index.php?rest_route=%2Fwp%2Fv2%2Fmedia&parent=42061"}],"wp:term":[{"taxonomy":"category","embeddable":true,"href":"https:\/\/tautastribunals.eu\/index.php?rest_route=%2Fwp%2Fv2%2Fcategories&post=42061"},{"taxonomy":"post_tag","embeddable":true,"href":"https:\/\/tautastribunals.eu\/index.php?rest_route=%2Fwp%2Fv2%2Ftags&post=42061"}],"curies":[{"name":"wp","href":"https:\/\/api.w.org\/{rel}","templated":true}]}}