{"id":41890,"date":"2017-10-24T19:45:01","date_gmt":"2017-10-24T16:45:01","guid":{"rendered":"http:\/\/tautastribunals.eu\/?p=41890"},"modified":"2017-10-24T19:47:00","modified_gmt":"2017-10-24T16:47:00","slug":"v-freimantals-klusesana-ir-bordana-kunga-%e2%80%9cstipra-karts%e2%80%9d","status":"publish","type":"post","link":"https:\/\/tautastribunals.eu\/?p=41890","title":{"rendered":"V. Freimant\u0101ls. Klus\u0113\u0161ana ir Bord\u0101na kunga \u201cstipr\u0101 k\u0101rts\u201d"},"content":{"rendered":"<p><span style=\"color: #003300;\"><a href=\"http:\/\/tautastribunals.eu\/wp-content\/uploads\/2017\/10\/Valdis-Freimant\u0101lsL.Granti\u0146\u0161.LRTT33.PNG\"><img decoding=\"async\" loading=\"lazy\" class=\"alignleft size-full wp-image-41891\" title=\"Valdis-Freimant\u0101lsL.Granti\u0146\u0161.LRTT3\" src=\"http:\/\/tautastribunals.eu\/wp-content\/uploads\/2017\/10\/Valdis-Freimant\u0101lsL.Granti\u0146\u0161.LRTT33.PNG\" alt=\"Valdis-Freimant\u0101lsL.Granti\u0146\u0161.LRTT3\" width=\"633\" height=\"178\" \/><\/a>Dzi\u013c\u0101k\u0101 pateic\u012bba koment\u0113t\u0101jam<strong> \u201cPar noziegumiem pret cilv\u0113ci\u201d,<\/strong> <em>(p\u0101rliecino\u0161ajiem, public\u0113tajiem materi\u0101liem) <\/em>!<\/span><\/p>\n<p><span style=\"color: #003300;\"> <\/span><\/p>\n<p><span style=\"color: #0000ff;\"><a href=\"http:\/\/tautastribunals.eu\/?p=41183&amp;cpage=1#comment-24548\">http:\/\/tautastribunals.eu\/?p=41183&amp;cpage=1#comment-24548<\/a><\/span><\/p>\n<p><span style=\"color: #003300;\"> <\/span><\/p>\n<p><span style=\"color: #003300;\">Tie par\u0101da apst\u0101k\u013cus padomju nomenklat\u016bras trako\u0161anas laik\u0101 <strong>Latvij\u0101.<\/strong><\/span><\/p>\n<p><span style=\"color: #003300;\"> <\/span><\/p>\n<p><span style=\"color: #003300;\">Patie\u0161\u0101m, nebija nevienas dz\u012bves jomas, kur \u010dekas asi\u0146ain\u0101s rokas nepl\u0113stu \u0101r\u0101 no civiliz\u0113t\u0101s pasaules gr\u0101mat\u0101m lapas !<\/span><\/p>\n<p><span style=\"color: #003300;\"> <\/span><\/p>\n<p><span style=\"color: #003300;\">Un to dar\u012bja t\u016bksto\u0161iem apmaks\u0101ti <strong>\u201cspeci\u0101listi\u201d!<\/strong><em> (augstas raudzes nelie\u0161i).<\/em><\/span><\/p>\n<p><span style=\"color: #003300;\"> <\/span><\/p>\n<p><span style=\"color: #003300;\">\u0160odienas <strong><span style=\"text-decoration: underline;\">Latvij\u0101 komunistu un \u010dekistu hidra<\/span><\/strong> ir pac\u0113lusi galvu un atjaunojusies piln\u012bb\u0101 !<\/span><\/p>\n<p><span style=\"color: #003300;\"> <\/span><\/p>\n<p><span style=\"color: #003300;\">\u0160ie civiliz\u0101cijas un hum\u0101nisma ienaidnieki ir <strong><span style=\"text-decoration: underline;\">apvienoju\u0161ies varen\u0101 politmafij\u0101 ar m\u0113r\u0137i likvid\u0113t \u201cLatvijas Kult\u016bru\u201d <\/span><\/strong>!<\/span><\/p>\n<p><span style=\"color: #003300;\"> <\/span><\/p>\n<p><span style=\"color: #003300;\">1993. gada 18. febru\u0101ra nakt\u012b <strong>R\u012bgas Latvie\u0161u Biedr\u012bbas<\/strong> nam\u0101, ap 30 teroristu noziedz\u012bg\u0101 grupa, izlaup\u012bja manas nacion\u0101l\u0101s m\u0101kslas galerijas<strong> \u201cLatvijas Kult\u016bra<\/strong>\u201d nenov\u0113rt\u0113jam\u0101s kolekcijas v\u0113rt\u012bbas.<\/span><\/p>\n<p><span style=\"color: #003300;\"> <\/span><\/p>\n<p><span style=\"color: #003300;\">Mana priv\u0101tkolekcija ar 10 000 ekspon\u0101tiem tika atz\u012bta par kait\u012bgu un nev\u0113lamu <strong>R\u012bgas Latvie\u0161u Biedr\u012bbai<\/strong> un <strong>\u201cLIKVID\u0112JAMU\u201d.<\/strong> <em>(pat Latvijas pirm\u0101 prezidenta<strong> J\u0101\u0146a \u010cakstes <\/strong>kr\u016b\u0161ut\u0113ls ar visiem ziediem pie t\u0101 tika iznests un izmests no M\u0101mu\u013cas k\u0101 kait\u012bgs un neatbilsto\u0161s \u010dekas TERORISTU pl\u0101niem).<\/em><\/span><\/p>\n<p><span style=\"color: #003300;\"> <\/span><\/p>\n<p><span style=\"color: #003300;\">Glu\u017ei t\u0101pat k\u0101 likum\u012bgie, <strong>R\u012bgas Latvie\u0161u Biedr\u012bbas<\/strong> 1992. gada 18. j\u016blija kopsapulc\u0113 atjaunotie <strong><span style=\"text-decoration: underline;\">R\u012bgas Latvie\u0161u Biedr\u012bbas 1938. gada stat\u016bti.<\/span><\/strong> <em>(aizliegti un likvid\u0113ti)!<\/em><\/span><\/p>\n<p><span style=\"color: #003300;\"> <\/span><\/p>\n<p><span style=\"color: #003300;\">M\u0113s sastopamies ar komunistu un \u010dekistu neierobe\u017eotu patva\u013cu !<\/span><\/p>\n<p><span style=\"color: #003300;\"> <\/span><\/p>\n<h2><span style=\"color: #003300;\">Komunisms 4. maija Latvij\u0101 ir A T D Z I M I S !<\/span><\/h2>\n<p><span style=\"color: #003300;\"> <\/span><\/p>\n<p><span style=\"color: #003300;\">Tas vaj\u0101 latvie\u0161us un apspie\u017e br\u012bvo domu<em> (cenz\u016bra visos masu m\u0113dijos).<\/em><\/span><\/p>\n<p><span style=\"color: #003300;\"> <\/span><\/p>\n<p><span style=\"color: #003300;\"><strong>Pretlatvisk\u0101 hidra piem\u0113rojusies jaunajiem apst\u0101k\u013ciem<\/strong> un gremo latvie\u0161u \u0123imenes, grau\u017e latvie\u0161u kult\u016bru !<\/span><\/p>\n<p><span style=\"color: #003300;\"> <\/span><\/p>\n<p><span style=\"color: #003300;\">Br\u012bnos, ka <strong>Gaidis Graudi\u0146s <\/strong>un <strong>Edmunds Cirvelis<\/strong> nekoment\u0113 manus rakstus <strong>Tautas tribun\u0101l\u0101<\/strong>, jo mani person\u012bgi paz\u012bst. <em>(ar Edmundu Cirveli kop\u0101 str\u0101d\u0101jam \u201c1. Auto Remontu R\u016bpn\u012bc\u0101\u201d, Margrietas iel\u0101, P\u0101rdaugav\u0101).<\/em><\/span><\/p>\n<p><span style=\"color: #003300;\"> <\/span><\/p>\n<p><span style=\"color: #003300;\">Tagad ir pien\u0101cis \u012bstais laiks atmaskot<strong> \u201csarkan\u0101s hidras\u201d<\/strong> band\u012btu saimi !<\/span><\/p>\n<p><span style=\"color: #003300;\"> <\/span><\/p>\n<p><span style=\"color: #003300;\">Dzi\u013ca pateic\u012bba ari koment\u0113t\u0101jam <strong>\u201cir vajadz\u012bga otra Nirnberga\u201d.<\/strong><\/span><\/p>\n<p><span style=\"color: #003300;\"> <\/span><\/p>\n<p><span style=\"color: #003300;\">M\u0113s bezsp\u0113c\u012bgi noskat\u0101mies k\u0101 <strong><span style=\"text-decoration: underline;\">komunistu un \u010dekistu band\u012bti izvaro Dzimteni<\/span><\/strong> !<\/span><\/p>\n<p><span style=\"color: #003300;\"> <\/span><\/p>\n<p><span style=\"color: #003300;\">L\u016bk, k\u0101d\u0113\u013c <strong>Helsinku 86 darb\u012bba Latvij\u0101<\/strong> ir<strong> \u201cvilt\u012bg\u0101m metod\u0113m\u201d <\/strong>reduc\u0113ta un apkarota !<em> (K\u0101d\u0113\u013c paties\u0101s v\u0113rt\u012bbas <strong>SAMAIN\u012aTAS<\/strong> ar melu putru, ko iebaro ikvienam ofici\u0101l\u0101 Latvijas prese, radio un TV).<\/em><\/span><\/p>\n<p><span style=\"color: #003300;\"> <\/span><\/p>\n<p><span style=\"color: #003300;\">L\u016bk, k\u0101d\u0113\u013c popul\u0101ri, taut\u0101 m\u012bl\u0113ti latvie\u0161i <strong>\u201cklus\u0113 kabatlakati\u0146\u0101\u201d !<\/strong><\/span><\/p>\n<p><span style=\"color: #003300;\"> <\/span><\/p>\n<p><span style=\"color: #003300;\">Jo bailes no izr\u0113\u0137in\u0101\u0161an\u0101s liedz run\u0101t !<\/span><\/p>\n<p><span style=\"color: #003300;\"> <\/span><\/p>\n<p><span style=\"color: #003300;\">Komunisms ir atdzimis <strong>Latvij\u0101 <\/strong>sevi\u0161\u0137i rieb\u012bg\u0101 veid\u0101 !<\/span><\/p>\n<p><span style=\"color: #003300;\"> <\/span><\/p>\n<p><span style=\"color: #003300;\">Tautas sirdsapzi\u0146a tiek brad\u0101ta k\u0101j\u0101m un apsp\u013caud\u012bta !<\/span><\/p>\n<p><span style=\"color: #003300;\"> <\/span><\/p>\n<p><span style=\"color: #003300;\">Krietn\u0101kie latvie\u0161i pazemoti un sp\u012bdzin\u0101ti.<\/span><\/p>\n<p><span style=\"color: #003300;\"> <\/span><\/p>\n<p><span style=\"color: #003300;\">V\u0113l joproj\u0101m <strong><span style=\"text-decoration: underline;\">elles ma\u0161\u012bna \u2013 komunistu un \u010dekistu vad\u012bb\u0101 ma\u013c latvie\u0161u likte\u0146us<\/span><\/strong> !<\/span><\/p>\n<p><span style=\"color: #003300;\"> <\/span><\/p>\n<p><span style=\"color: #003300;\">V\u0113l joproj\u0101m varu savas asi\u0146ainaj\u0101s \u0137etn\u0101s tur tie, kuri arest\u0113ja un sp\u012bdzin\u0101ja <strong>Linardu Granti\u0146u <\/strong>! <em>(kuri aps\u016bdz Granti\u0146u un grib vi\u0146u ties\u0101t glu\u017ei t\u0101pat k\u0101 ties\u0101ja R\u012bgas Latvie\u0161u Biedr\u012bbas priek\u0161nieku Ilm\u0101ru Drulli, kur\u0161 1992. gada 18. j\u016blija pilnsapulc\u0113 \u201cA T V \u0112 R A\u201d M\u0101mu\u013cas durvis visiem latvie\u0161iem pla\u0161i va\u013c\u0101.<br \/>\nKur\u0161 tautai atdeva NOSLEPENOTOS R\u012bgas Latvie\u0161u Biedr\u012bbas 1938. gada stat\u016btus).<\/em><\/span><\/p>\n<p><span style=\"color: #003300;\"> <\/span><\/p>\n<p><span style=\"color: #003300;\">T\u0101pat ties\u0101ja god\u012bgo patriotu \u2013 <strong>R\u012bgas Latvie\u0161u Biedr\u012bbas<\/strong> apsardzes priek\u0161nieku <strong>Vili Kal\u0113ju, <\/strong>kura seju 19. febru\u0101ra r\u012bt\u0101 1993. gad\u0101 <strong>S A \u0160 \u0136 A I D \u012a J A<\/strong> \u010detru p\u0101r\u0123\u0113rbto policistu pistoles spalu un steku sitieni! <em>(par to liecin\u0101ja asin\u012bm ap\u0161\u013cac\u012bt\u0101s R\u012bgas Latvie\u0161u Biedr\u012bbas durvis un asi\u0146ainais sniegs uz trotu\u0101ra. Par to liecin\u0101ja se\u0161as \u0161uves uz 64 gadus vec\u0101 Vi\u013ca Kal\u0113ja sejas!)<\/em><\/span><\/p>\n<p><span style=\"color: #003300;\"> <\/span><\/p>\n<p><span style=\"color: #003300;\"><strong>Tiesnese Cence<\/strong> ievad\u012bja komunistu un <strong>KGB<\/strong>istu attaisno\u0161anas praksi <strong>4. maija valst\u012b<\/strong> un sa\u0146\u0113ma asinsnaudu par saviem pakalpojumiem <strong>\u010cEKAI.<\/strong><\/span><\/p>\n<p><span style=\"color: #003300;\"> <\/span><\/p>\n<p><span style=\"color: #003300;\">Par to <strong>Bord\u0101ns <\/strong>klus\u0113 !<\/span><\/p>\n<p><span style=\"color: #003300;\"> <\/span><\/p>\n<p><span style=\"color: #003300;\">Vi\u0146\u0161 klus\u0113 ari par to, ka <strong>Iek\u0161lietu ministrijas<\/strong> pistoles \u0161\u0101va <strong>M\u0101mu\u013c\u0101 <\/strong>atjaunot\u0101s <strong>R\u012bgas Latvie\u0161u Biedr\u012bbas<\/strong> izdz\u012b\u0161anas laik\u0101 no <strong>M\u0101mulas.<\/strong><\/span><\/p>\n<p><span style=\"color: #003300;\"> <\/span><\/p>\n<p><span style=\"color: #003300;\">P\/S<\/span><\/p>\n<p><span style=\"color: #003300;\"> <\/span><\/p>\n<p><span style=\"color: #003300;\"><strong>Bord\u0101na partija <\/strong>v\u0113l nav man sniegusi atbildi uz manu iesniegumu <strong>JKP <\/strong>!<br \/>\n<\/span> <span style=\"color: #003300;\"><em>(par nekustam\u0101 \u012bpa\u0161uma nodok\u013ca piepras\u012b\u0161anu un izspie\u0161anu no latvie\u0161u \u0123imenem, kuras nav pametu\u0161as Dzimteni, kuru ien\u0101kumi nesasniedz pat iztikas minimuma p\u0101rtikas da\u013cu)<\/em> !!!<\/span><\/p>\n<p><span style=\"color: #003300;\"> <\/span><\/p>\n<p><span style=\"color: #003300;\">Un otrs jaut\u0101jums man\u0101 iesniegum\u0101 ir par <strong>R\u012bgas Latvie\u0161u Biedr\u012bbas<\/strong> prettiesisko, brut\u0101lo likvid\u0101ciju 1993. gada 18. febru\u0101ra nakt\u012b \u2013 likum\u012bgo 1938. gada stat\u016btu aizlieg\u0161anu ! <em>(Bord\u0101ns ir viltus biedr\u012bbas valdes loceklis).<\/em><\/span><\/p>\n<p><span style=\"color: #003300;\"> <\/span><\/p>\n<p><span style=\"color: #003300;\">Izskat\u0101s, ka klus\u0113\u0161ana ir <strong>JKP <\/strong>un <strong>Bord\u0101na kunga \u201cstipr\u0101 k\u0101rts\u201d <\/strong>!<\/span><\/p>\n<p><span style=\"color: #003300;\"> <\/span><\/p>\n<p><span style=\"color: #003300;\"> <\/span><\/p>\n<p><span style=\"color: #003300;\"> <\/span><\/p>\n<h2><span style=\"color: #003300;\"><a href=\"http:\/\/tautastribunals.eu\/wp-content\/uploads\/2017\/10\/MIGLA-SARKAN\u0100-NOL\u0100D\u0112T\u0100REINIKS\u0100BOLTI\u0145A2.PNG\"><img decoding=\"async\" loading=\"lazy\" class=\"alignleft size-full wp-image-41899\" title=\"MIGLA SARKAN\u0100- NOL\u0100D\u0112T\u0100,REINIKS,\u0100BOLTI\u0145A\" src=\"http:\/\/tautastribunals.eu\/wp-content\/uploads\/2017\/10\/MIGLA-SARKAN\u0100-NOL\u0100D\u0112T\u0100REINIKS\u0100BOLTI\u0145A2.PNG\" alt=\"MIGLA SARKAN\u0100- NOL\u0100D\u0112T\u0100,REINIKS,\u0100BOLTI\u0145A\" width=\"628\" height=\"55\" srcset=\"https:\/\/tautastribunals.eu\/wp-content\/uploads\/2017\/10\/MIGLA-SARKAN\u0100-NOL\u0100D\u0112T\u0100REINIKS\u0100BOLTI\u0145A2.PNG 986w, https:\/\/tautastribunals.eu\/wp-content\/uploads\/2017\/10\/MIGLA-SARKAN\u0100-NOL\u0100D\u0112T\u0100REINIKS\u0100BOLTI\u0145A2-300x25.PNG 300w\" sizes=\"(max-width: 628px) 100vw, 628px\" \/><\/a><a href=\"http:\/\/tautastribunals.eu\/wp-content\/uploads\/2017\/10\/Bord\u0101nsLevits.-Granti\u0146\u0161.LRTT.PNG\"><img decoding=\"async\" loading=\"lazy\" class=\"alignleft size-full wp-image-41910\" title=\"Bord\u0101ns,Levits. Granti\u0146\u0161.LRTT\" src=\"http:\/\/tautastribunals.eu\/wp-content\/uploads\/2017\/10\/Bord\u0101nsLevits.-Granti\u0146\u0161.LRTT.PNG\" alt=\"Bord\u0101ns,Levits. Granti\u0146\u0161.LRTT\" width=\"630\" height=\"332\" srcset=\"https:\/\/tautastribunals.eu\/wp-content\/uploads\/2017\/10\/Bord\u0101nsLevits.-Granti\u0146\u0161.LRTT.PNG 775w, https:\/\/tautastribunals.eu\/wp-content\/uploads\/2017\/10\/Bord\u0101nsLevits.-Granti\u0146\u0161.LRTT-300x158.PNG 300w\" sizes=\"(max-width: 630px) 100vw, 630px\" \/><\/a>Admina piebilde:<br \/>\n<\/span><\/h2>\n<p><span style=\"color: #003300;\"> <\/span><\/p>\n<p><span style=\"color: #003300;\">-M\u0113s uzzin\u0101sim \u0161o \u010detru p\u0101r\u0123\u0113rbto uzv\u0101rdus un sod\u012bsim tur, kur tos satiksim.<\/span><\/p>\n<p><span style=\"color: #003300;\"> <\/span><\/p>\n<p><span style=\"color: #003300;\">-Protams, ka par visu to<strong> Bord\u0101ns<\/strong> klus\u0113s, jo vi\u0146\u0161 ir no <strong>E. Levita<\/strong> bandas.<\/span><\/p>\n<p><span style=\"color: #003300;\"> <\/span><\/p>\n<p><span style=\"color: #003300;\"><strong>-Bord\u0101na partija<\/strong> Tev atbildi nesniegs, ja nu vien\u012bgi, tad<strong> Vi\u013ca Kal\u0113ja<\/strong> gaum\u0113.<\/span><\/p>\n<p><span style=\"color: #003300;\">24.10.17<br \/>\n<\/span><\/p>\n","protected":false},"excerpt":{"rendered":"<p>Dzi\u013c\u0101k\u0101 pateic\u012bba koment\u0113t\u0101jam \u201cPar noziegumiem pret cilv\u0113ci\u201d, (p\u0101rliecino\u0161ajiem, public\u0113tajiem materi\u0101liem) ! http:\/\/tautastribunals.eu\/?p=41183&amp;cpage=1#comment-24548 Tie par\u0101da apst\u0101k\u013cus padomju nomenklat\u016bras trako\u0161anas laik\u0101 Latvij\u0101. Patie\u0161\u0101m, nebija nevienas dz\u012bves jomas, kur \u010dekas asi\u0146ain\u0101s rokas nepl\u0113stu \u0101r\u0101 no civiliz\u0113t\u0101s pasaules&#46;&#46;&#46;<\/p>\n","protected":false},"author":1,"featured_media":0,"comment_status":"open","ping_status":"open","sticky":false,"template":"","format":"standard","meta":[],"categories":[1],"tags":[],"_links":{"self":[{"href":"https:\/\/tautastribunals.eu\/index.php?rest_route=\/wp\/v2\/posts\/41890"}],"collection":[{"href":"https:\/\/tautastribunals.eu\/index.php?rest_route=\/wp\/v2\/posts"}],"about":[{"href":"https:\/\/tautastribunals.eu\/index.php?rest_route=\/wp\/v2\/types\/post"}],"author":[{"embeddable":true,"href":"https:\/\/tautastribunals.eu\/index.php?rest_route=\/wp\/v2\/users\/1"}],"replies":[{"embeddable":true,"href":"https:\/\/tautastribunals.eu\/index.php?rest_route=%2Fwp%2Fv2%2Fcomments&post=41890"}],"version-history":[{"count":22,"href":"https:\/\/tautastribunals.eu\/index.php?rest_route=\/wp\/v2\/posts\/41890\/revisions"}],"predecessor-version":[{"id":41914,"href":"https:\/\/tautastribunals.eu\/index.php?rest_route=\/wp\/v2\/posts\/41890\/revisions\/41914"}],"wp:attachment":[{"href":"https:\/\/tautastribunals.eu\/index.php?rest_route=%2Fwp%2Fv2%2Fmedia&parent=41890"}],"wp:term":[{"taxonomy":"category","embeddable":true,"href":"https:\/\/tautastribunals.eu\/index.php?rest_route=%2Fwp%2Fv2%2Fcategories&post=41890"},{"taxonomy":"post_tag","embeddable":true,"href":"https:\/\/tautastribunals.eu\/index.php?rest_route=%2Fwp%2Fv2%2Ftags&post=41890"}],"curies":[{"name":"wp","href":"https:\/\/api.w.org\/{rel}","templated":true}]}}