{"id":41807,"date":"2017-10-22T13:23:42","date_gmt":"2017-10-22T10:23:42","guid":{"rendered":"http:\/\/tautastribunals.eu\/?p=41807"},"modified":"2017-10-22T13:23:42","modified_gmt":"2017-10-22T10:23:42","slug":"v-freimantals-amatus-ienem-pilnigi-neatbilstosi-personazi","status":"publish","type":"post","link":"https:\/\/tautastribunals.eu\/?p=41807","title":{"rendered":"V. Freimant\u0101ls. Amatus ie\u0146em piln\u012bgi neatbilsto\u0161i person\u0101\u017ei"},"content":{"rendered":"<h3><span style=\"color: #003300;\"><a href=\"http:\/\/tautastribunals.eu\/wp-content\/uploads\/2017\/10\/Valdis-Freimant\u0101lsL.Granti\u0146\u0161.LRTT32.PNG\"><img decoding=\"async\" loading=\"lazy\" class=\"alignleft size-full wp-image-41816\" title=\"Valdis-Freimant\u0101lsL.Granti\u0146\u0161.LRTT3\" src=\"http:\/\/tautastribunals.eu\/wp-content\/uploads\/2017\/10\/Valdis-Freimant\u0101lsL.Granti\u0146\u0161.LRTT32.PNG\" alt=\"Valdis-Freimant\u0101lsL.Granti\u0146\u0161.LRTT3\" width=\"633\" height=\"179\" srcset=\"https:\/\/tautastribunals.eu\/wp-content\/uploads\/2017\/10\/Valdis-Freimant\u0101lsL.Granti\u0146\u0161.LRTT32.PNG 744w, https:\/\/tautastribunals.eu\/wp-content\/uploads\/2017\/10\/Valdis-Freimant\u0101lsL.Granti\u0146\u0161.LRTT32-300x85.PNG 300w\" sizes=\"(max-width: 633px) 100vw, 633px\" \/><\/a><\/span><span style=\"color: #003300;\">V\u0113l par paraz\u012btiem papildin\u0101jums:<br \/>\n<\/span><\/h3>\n<p><span style=\"color: #003300;\"> <\/span><\/p>\n<p><span style=\"color: #003300;\"><strong><span style=\"text-decoration: underline;\">4.maija valsti vada<\/span><\/strong> un atbild\u012bgus amatus ie\u0146em piln\u012bgi neatbilsto\u0161i cilv\u0113ki. <em>(Varai vajadz\u012bgie cilv\u0113ki \u2013 bez savas iniciat\u012bvas, sav\u0101m dom\u0101m un savas p\u0101rliec\u012bbas).<\/em><\/span><\/p>\n<p><span style=\"color: #003300;\"> <\/span><\/p>\n<p><span style=\"color: #003300;\"><strong><span style=\"text-decoration: underline;\">T\u0101dus komunistu un \u010dekistu politisk\u0101 mafija atrod un ieb\u012bda amatos !<\/span><\/strong><\/span><\/p>\n<p><span style=\"color: #003300;\"> <\/span><\/p>\n<p><span style=\"color: #003300;\"><strong>Latvijas<\/strong> uz\u0146\u0113mumu re\u0123istra priek\u0161nieks bija <strong>Maris Gulbis.<\/strong><\/span><\/p>\n<p><span style=\"color: #003300;\"> <\/span><\/p>\n<p><span style=\"color: #003300;\">Tikos ar vi\u0146u p\u0113c <strong>R\u012bgas Latvie\u0161u Biedr\u012bbas <\/strong>brut\u0101las izn\u012bcin\u0101\u0161anas 1993. gada 18. febru\u0101ra nakt\u012b un izskaidroju, ka nedr\u012bkst re\u0123istr\u0101 atrasties re\u0123istr\u0113ta <strong>R\u012bgas Latvie\u0161u Biedr\u012bba<\/strong>, kura neatz\u012bst un apkaro likum\u012bgos <strong><span style=\"text-decoration: underline;\">RLB 1938.gada stat\u016btus<\/span><\/strong> !<\/span><\/p>\n<p><span style=\"color: #003300;\"> <\/span><\/p>\n<p><span style=\"color: #003300;\">Uz\u0146\u0113mumu un sabiedrisko organiz\u0101ciju re\u0123istra galven\u0101 amatpersona to <strong>\u201cnesaprata\u201d<\/strong> ! <em>(Un manu iesniegumu ignor\u0113ja, ari m\u016bsu sarunai par to nepiegrieza nek\u0101du v\u0113r\u012bbu).<\/em><\/span><\/p>\n<p><span style=\"color: #003300;\"> <\/span><\/p>\n<p><span style=\"color: #003300;\">Kad vi\u0146\u0161 nodibin\u0101ja savu partiju <strong>\u201cJaunie demokr\u0101ti\u201d,<\/strong> iesniedzu juridisku dokumentu no varm\u0101c\u012bgi izn\u012bcin\u0101t\u0101s un no <strong>R\u012bgas<\/strong> <strong>Latvie\u0161u Biedr\u012bbas<\/strong> nama izdz\u012bt\u0101s, atjaunot\u0101s <strong>R\u012bgas Latvie\u0161u Biedr\u012bbas <\/strong>ofici\u0101lu iesniegumu<strong> \u201cJauno demokr\u0101tu partijai\u201d. <\/strong><em>(Ari to Maris Gulbis ignor\u0113ja un nepiev\u0113rsa nek\u0101du uzman\u012bbu nelikum\u012bgajai re\u0123istr\u0101cijai un pretlatviskajam viltus RLB garam).<\/em><\/span><\/p>\n<p><span style=\"color: #003300;\"> <\/span><\/p>\n<p><span style=\"color: #003300;\"><strong><span style=\"text-decoration: underline;\">B\u016bdams iek\u0161lietu ministrs,<\/span><\/strong> vi\u0146\u0161 neatzina likum\u012bgos<strong> RLB <span style=\"text-decoration: underline;\">1938. gada stat\u016btus<\/span><\/strong> un pat nesauca pie atbild\u012bbas tos <span style=\"text-decoration: underline;\">\u010detrus iek\u0161lietu ministrijas policistus<\/span>, kuri <strong>SITA <\/strong>un <strong>\u0160\u0100VA \u201cM\u0101mu\u013c\u0101\u201d<\/strong> likum\u012bgi atjaunot\u0101s <strong><span style=\"text-decoration: underline;\">R\u012bgas Latvie\u0161u Biedr\u012bbas<\/span><\/strong> biedrus 1993. gada 19. febru\u0101ra r\u012bt\u0101.<em> (T\u0101 nepie\u013caujot ikgad\u0113j\u0101s R\u012bgas Latvie\u0161u Biedr\u012bbas atskaites un p\u0101rv\u0113l\u0113\u0161anas 20. febru\u0101ra 1993. gada kopsapulci). <\/em>Tas ir v\u0113rt\u0113jams k\u0101 milit\u0101ra sp\u0113ka pielietojums sabiedrisk\u0101s, tradicion\u0101l\u0101s, atjaunot\u0101s <strong><span style=\"text-decoration: underline;\">R\u012bgas Latvie\u0161u Biedr\u012bbas prettiesisk\u0101 izn\u012bcin\u0101\u0161an\u0101<\/span><\/strong>.<\/span><\/p>\n<p><span style=\"color: #003300;\"> <\/span><\/p>\n<p><span style=\"color: #003300;\">Atg\u0101dinu, ka man\u0101 sagatavotaj\u0101 atskaites p\u0101rv\u0113l\u0113\u0161anas <strong>\u201cB\u0113rnu un kult\u016bras aizst\u0101v\u012bbas komisijas\u201d<\/strong> zi\u0146ojum\u0101 bija paredz\u0113ts likt <strong>R\u012bgas Latvie\u0161u Biedr\u012bbas<\/strong> kopsapulcei balsot par <span style=\"text-decoration: underline;\">cilv\u0113kties\u012bbu aizst\u0101v\u012bbas grupas <strong>Helsinki 86 <\/strong>programmas <\/span>pie\u0146em\u0161anu par likum\u012bgi atjaunot\u0101s <strong>R\u012bgas Latvie\u0161u Biedr\u012bbas<\/strong> darb\u012bbas pamatu !<\/span><\/p>\n<p><span style=\"color: #003300;\"> <\/span><\/p>\n<p><span style=\"color: #003300;\">No t\u0101 izriet, ka komunistu un \u010dekistu<\/span><span style=\"color: #003300;\"><a href=\"http:\/\/tautastribunals.eu\/wp-content\/uploads\/2017\/10\/gulbis-maris1-cionists.L.-Granti\u0146\u0161.Freimant\u0101ls.LRTT1.jpg\"><img decoding=\"async\" loading=\"lazy\" class=\"alignleft size-full wp-image-41835\" title=\"gulbis-maris1-cionists.L. Granti\u0146\u0161.Freimant\u0101ls.LRTT\" src=\"http:\/\/tautastribunals.eu\/wp-content\/uploads\/2017\/10\/gulbis-maris1-cionists.L.-Granti\u0146\u0161.Freimant\u0101ls.LRTT1.jpg\" alt=\"gulbis-maris1-cionists.L. Granti\u0146\u0161.Freimant\u0101ls.LRTT\" width=\"322\" height=\"216\" \/><\/a><\/span><span style=\"color: #003300;\"> <strong>Helsinku 86<\/strong> grupas milit\u0101r\u0101 likvid\u0101cija <strong><span style=\"text-decoration: underline;\">Latvij\u0101 notika 1993. gada 18.febru\u0101ra nakt\u012b<em>. <\/em><\/span><\/strong><em>(Lai nepie\u013cautu Mer\u0137e\u013ca iel\u0101 13 izveidot STABILU un past\u0101v\u012bgu, visai tautai vienl\u012bdz\u012bgi pieejamo cilv\u0113kties\u012bbu aizst\u0101v\u012bbas centru \u2013 b\u0101zi).<\/em><\/span><\/p>\n<p><span style=\"color: #003300;\"> <\/span><\/p>\n<p><span style=\"color: #003300;\">Jo <strong><span style=\"text-decoration: underline;\">cilv\u0113kties\u012bbu aizst\u0101v\u012bbai Latvij\u0101<\/span><\/strong> ir nepiecie\u0161ama b\u0101ze, dro\u0161a tik\u0161an\u0101s vieta ar z\u0101l\u0113m sapul\u010du organiz\u0113\u0161anai. <em>(Galvenais, lai \u0161\u012b vieta b\u016btu zin\u0101ma visiem un pieejama visiem. Lai t\u0101 b\u016btu dro\u0161a un reprezentabla ! Un, lai t\u0101s atra\u0161an\u0101s vieta b\u016btu <strong>N E M A I N \u012a G A<\/strong> t\u0101pat ka br\u0101\u013cu kapi un br\u012bv\u012bbas piemineklis)<\/em><\/span><\/p>\n<h1><span style=\"color: #000000;\"><strong><a href=\"http:\/\/tautastribunals.eu\/wp-content\/uploads\/2017\/10\/MIGLA-SARKAN\u0100-NOL\u0100D\u0112T\u0100REINIKS\u0100BOLTI\u0145A1.PNG\"><img decoding=\"async\" loading=\"lazy\" class=\"alignleft size-full wp-image-41821\" title=\"MIGLA SARKAN\u0100- NOL\u0100D\u0112T\u0100,REINIKS,\u0100BOLTI\u0145A\" src=\"http:\/\/tautastribunals.eu\/wp-content\/uploads\/2017\/10\/MIGLA-SARKAN\u0100-NOL\u0100D\u0112T\u0100REINIKS\u0100BOLTI\u0145A1.PNG\" alt=\"MIGLA SARKAN\u0100- NOL\u0100D\u0112T\u0100,REINIKS,\u0100BOLTI\u0145A\" width=\"633\" height=\"53\" srcset=\"https:\/\/tautastribunals.eu\/wp-content\/uploads\/2017\/10\/MIGLA-SARKAN\u0100-NOL\u0100D\u0112T\u0100REINIKS\u0100BOLTI\u0145A1.PNG 986w, https:\/\/tautastribunals.eu\/wp-content\/uploads\/2017\/10\/MIGLA-SARKAN\u0100-NOL\u0100D\u0112T\u0100REINIKS\u0100BOLTI\u0145A1-300x25.PNG 300w, https:\/\/tautastribunals.eu\/wp-content\/uploads\/2017\/10\/MIGLA-SARKAN\u0100-NOL\u0100D\u0112T\u0100REINIKS\u0100BOLTI\u0145A1-800x68.PNG 800w\" sizes=\"(max-width: 633px) 100vw, 633px\" \/><\/a>Admina piebilde: <\/strong><\/span><\/h1>\n<p><strong><a href=\"http:\/\/tautastribunals.eu\/wp-content\/uploads\/2017\/10\/Suharenko.U\u0161akovs.BergmanisV\u0113jonis.PNG\"><img decoding=\"async\" loading=\"lazy\" class=\"alignleft size-full wp-image-41824\" title=\"Suharenko.U\u0161akovs.Bergmanis,V\u0113jonis\" src=\"http:\/\/tautastribunals.eu\/wp-content\/uploads\/2017\/10\/Suharenko.U\u0161akovs.BergmanisV\u0113jonis.PNG\" alt=\"Suharenko.U\u0161akovs.Bergmanis,V\u0113jonis\" width=\"633\" height=\"196\" srcset=\"https:\/\/tautastribunals.eu\/wp-content\/uploads\/2017\/10\/Suharenko.U\u0161akovs.BergmanisV\u0113jonis.PNG 1045w, https:\/\/tautastribunals.eu\/wp-content\/uploads\/2017\/10\/Suharenko.U\u0161akovs.BergmanisV\u0113jonis-300x92.PNG 300w, https:\/\/tautastribunals.eu\/wp-content\/uploads\/2017\/10\/Suharenko.U\u0161akovs.BergmanisV\u0113jonis-800x246.PNG 800w\" sizes=\"(max-width: 633px) 100vw, 633px\" \/><\/a>FOTO<\/strong>: <span style=\"color: #ff0000;\"><em>\u0160is foto izsaka visu \u0161odienas <strong>Latvijas b\u016bt\u012bbu<\/strong> ! Kuriem kalpo \u0161ie de\u0123ener\u0101ti, ja valsts pa\u0161as svar\u012bg\u0101k\u0101s amatpersonas- prezidents un <strong>Aizsardz\u012bbas minists<\/strong>, kad<strong> VALSTS SKAIT\u0100S ATDAL\u012aTA NO BAZN\u012aCAS<\/strong>, atrodas pa\u0161\u0101 s\u0101tanistu-<strong> Antikrista midzen\u012b- SINAGOG\u0100<\/strong> !!! <\/em><\/span><\/p>\n<h2><span style=\"color: #ff0000;\">T\u0101l\u0101k jau vairs nav kur iet un zem\u0101k nav kur krist !!!<\/span><\/h2>\n<p><span style=\"text-decoration: underline;\">==============================================================================<\/span><\/p>\n<h2><span style=\"color: #000000;\">Labi pasac\u012bts, Freimant\u0101la kungs ! <\/span><\/h2>\n<p><span style=\"color: #000000;\">Tie\u0161i t\u0101d\u0101 veid\u0101,<strong>Freimant\u0101la kungs<\/strong>, k\u0101 <strong>J\u016bs<\/strong> to dar\u0101t, ir j\u0101velk gaism\u0101 visi tie biju\u0161ie marionetes- paraz\u012bti, kuri atkal cen\u0161as iel\u012bst varas <strong>\u201ckr\u0113jum\u0101\u201d.<\/strong><\/span><\/p>\n<p><span style=\"color: #000000;\">\u0160oreiz tas ir paraz\u012bts- kriev\u017e\u012bdu ieb\u012bdenis <strong>M\u0101ris Gulbis,<\/strong> kur\u0161 toreiz skaistiem v\u0101rdiem ieguva tautas uztic\u012bbu. <\/span><\/p>\n<p><span style=\"color: #000000;\">T\u0101da <strong>Gulbja vieta ir kar\u0101tav\u0101s<\/strong>, jo vi\u0146\u0161, apzinoties sevi k\u0101 marioneti, <strong><span style=\"text-decoration: underline;\">ir at\u013c\u0101vis kriev\u017e\u012bdu okupantiem \u00a0izmantot SEVI pret latvie\u0161u tautu- pret m\u016bsu tautas augst\u0101kaj\u0101m mor\u0101les v\u0113rt\u012bb\u0101m- PATIES\u012aBU <\/span><\/strong>! <\/span><\/p>\n<p><span style=\"color: #000000;\">Protams, ka te jau nav runa tikai par \u0161o \u201c<strong>gulbi<\/strong>\u201d, bet par visu <strong>4. maija kriev\u017e\u012bdu kolaboracionistu bandu. <\/strong><\/span><\/p>\n<p><span style=\"color: #000000;\"> <\/span><\/p>\n<p><span style=\"color: #000000;\">M\u0113s ta\u010du redzam, k\u0101 \u0161odien par izsmieklu ir k\u013cuvu\u0161i visi <strong>\u201cLatvijas prezidenti\u201d, <\/strong>un cik rij\u012bgi vi\u0146i v\u0113l \u0161odien pieprasa sev luksus lietas, neskatoties uz to, ka vi\u0146i visi ir miljon\u0101ri. <\/span><\/p>\n<p><span style=\"color: #000000;\">J\u0101, <strong>MILJON\u0100RI IR VISI,<\/strong> es nep\u0101rsac\u012bjos !!!<\/span><\/p>\n<p><span style=\"color: #ff0000;\"><a href=\"https:\/\/www.pietiek.com\/raksti\/aizsardzibas_ministrija_stomas_par_jauno_luksusauto_anonimajam_eksprezidentam_eksprezidentei\">https:\/\/www.pietiek.com\/raksti\/aizsardzibas_ministrija_stomas_par_jauno_luksusauto_anonimajam_eksprezidentam_eksprezidentei<\/a><\/span><\/p>\n<p><span style=\"color: #000000;\"> <\/span><\/p>\n<p><span style=\"color: #000000;\">T\u0101 saucam\u0101 <strong>Tautas Fronte<\/strong>, kura p\u0113c savas ideolo\u0123isk\u0101s b\u0101zes ir <strong><span style=\"text-decoration: underline;\">cionisma- j\u016bdaima sekot\u0101ji !!! <\/span><\/strong><\/span><\/p>\n<p><span style=\"color: #000000;\"> <\/span><\/p>\n<h2><span style=\"color: #000000;\">T\u0101tad: latvie\u0161u tautas slepkavas !<\/span><\/h2>\n<p><span style=\"color: #000000;\"> <\/span><\/p>\n<p><span style=\"color: #000000;\">Gar\u012bg\u0101 valod\u0101 run\u0101jot- s\u0101tanisti, <strong>Antikrista avangards <\/strong>!<\/span><\/p>\n<p><span style=\"color: #000000;\">22.10.17\u00a0\u00a0\u00a0 L. Granti\u0146\u0161<\/span><\/p>\n","protected":false},"excerpt":{"rendered":"<p>V\u0113l par paraz\u012btiem papildin\u0101jums: 4.maija valsti vada un atbild\u012bgus amatus ie\u0146em piln\u012bgi neatbilsto\u0161i cilv\u0113ki. (Varai vajadz\u012bgie cilv\u0113ki \u2013 bez savas iniciat\u012bvas, sav\u0101m dom\u0101m un savas p\u0101rliec\u012bbas). T\u0101dus komunistu un \u010dekistu politisk\u0101 mafija atrod un&#46;&#46;&#46;<\/p>\n","protected":false},"author":1,"featured_media":0,"comment_status":"open","ping_status":"open","sticky":false,"template":"","format":"standard","meta":[],"categories":[1],"tags":[],"_links":{"self":[{"href":"https:\/\/tautastribunals.eu\/index.php?rest_route=\/wp\/v2\/posts\/41807"}],"collection":[{"href":"https:\/\/tautastribunals.eu\/index.php?rest_route=\/wp\/v2\/posts"}],"about":[{"href":"https:\/\/tautastribunals.eu\/index.php?rest_route=\/wp\/v2\/types\/post"}],"author":[{"embeddable":true,"href":"https:\/\/tautastribunals.eu\/index.php?rest_route=\/wp\/v2\/users\/1"}],"replies":[{"embeddable":true,"href":"https:\/\/tautastribunals.eu\/index.php?rest_route=%2Fwp%2Fv2%2Fcomments&post=41807"}],"version-history":[{"count":41,"href":"https:\/\/tautastribunals.eu\/index.php?rest_route=\/wp\/v2\/posts\/41807\/revisions"}],"predecessor-version":[{"id":41853,"href":"https:\/\/tautastribunals.eu\/index.php?rest_route=\/wp\/v2\/posts\/41807\/revisions\/41853"}],"wp:attachment":[{"href":"https:\/\/tautastribunals.eu\/index.php?rest_route=%2Fwp%2Fv2%2Fmedia&parent=41807"}],"wp:term":[{"taxonomy":"category","embeddable":true,"href":"https:\/\/tautastribunals.eu\/index.php?rest_route=%2Fwp%2Fv2%2Fcategories&post=41807"},{"taxonomy":"post_tag","embeddable":true,"href":"https:\/\/tautastribunals.eu\/index.php?rest_route=%2Fwp%2Fv2%2Ftags&post=41807"}],"curies":[{"name":"wp","href":"https:\/\/api.w.org\/{rel}","templated":true}]}}