{"id":41794,"date":"2017-10-20T10:13:58","date_gmt":"2017-10-20T07:13:58","guid":{"rendered":"http:\/\/tautastribunals.eu\/?p=41794"},"modified":"2017-10-20T10:13:58","modified_gmt":"2017-10-20T07:13:58","slug":"v-freimantals-iztirisim-latviju-no-parazitiem","status":"publish","type":"post","link":"https:\/\/tautastribunals.eu\/?p=41794","title":{"rendered":"V. Freimant\u0101ls. Izt\u012br\u012bsim Latviju no paraz\u012btiem"},"content":{"rendered":"<p><span style=\"color: #003300;\"><strong><span style=\"text-decoration: underline;\"><a href=\"http:\/\/tautastribunals.eu\/wp-content\/uploads\/2017\/10\/Valdis-Freimant\u0101lsL.Granti\u0146\u0161.LRTT31.PNG\"><img decoding=\"async\" loading=\"lazy\" class=\"alignleft size-full wp-image-41796\" title=\"Valdis-Freimant\u0101lsL.Granti\u0146\u0161.LRTT3\" src=\"http:\/\/tautastribunals.eu\/wp-content\/uploads\/2017\/10\/Valdis-Freimant\u0101lsL.Granti\u0146\u0161.LRTT31.PNG\" alt=\"Valdis-Freimant\u0101lsL.Granti\u0146\u0161.LRTT3\" width=\"634\" height=\"179\" srcset=\"https:\/\/tautastribunals.eu\/wp-content\/uploads\/2017\/10\/Valdis-Freimant\u0101lsL.Granti\u0146\u0161.LRTT31.PNG 744w, https:\/\/tautastribunals.eu\/wp-content\/uploads\/2017\/10\/Valdis-Freimant\u0101lsL.Granti\u0146\u0161.LRTT31-300x85.PNG 300w\" sizes=\"(max-width: 634px) 100vw, 634px\" \/><\/a><\/span><\/strong><\/span><\/p>\n<h2><span style=\"color: #003300;\">Atbilde rakstam:<\/span><\/h2>\n<h2><a title=\"Kas kop\u012bgs Lato Lapsam ar Arturu Pried\u012bti ? permalink\" rel=\"bookmark\" href=\"http:\/\/tautastribunals.eu\/?p=41755\">Kas kop\u012bgs Lato Lapsam ar Arturu Pried\u012bti ? <\/a><\/h2>\n<p><span style=\"color: #003300;\"><strong><span style=\"text-decoration: underline;\">Divi dom\u0101t\u0101ji<\/span><\/strong>, <strong><span style=\"text-decoration: underline;\">divi akt\u012bvi sabiedr\u012bbas p\u0101rst\u0101vji<\/span><\/strong>, kuri nepiev\u0113r\u0161 savu uzman\u012bbu <strong>R\u012bgas Latvie\u0161u Biedr\u012bbas <\/strong>brut\u0101lajai, prettiesiskajai izn\u012bcin\u0101\u0161anai 1993. gada 18. febru\u0101ra nakt\u012b.<\/span><\/p>\n<p><span style=\"color: #003300;\"> <\/span><\/p>\n<p><span style=\"color: #003300;\"><span style=\"text-decoration: underline;\"><strong>Abiem<\/strong><\/span>, ac\u012bmredzot, ir svar\u012bg\u0101kas t\u0113mas par ko run\u0101t !<\/span><\/p>\n<p><span style=\"color: #003300;\"> <\/span><\/p>\n<p><span style=\"color: #003300;\"><strong><span style=\"text-decoration: underline;\">Abi<\/span><\/strong> aizraut\u012bgi sprie\u017e par citiem jaut\u0101jumiem un apiet komunistu un \u010dekistu <strong>Latvijas <\/strong>p\u0101rvald\u012b\u0161anas pamatmeto\u017eu analiz\u0113\u0161anu!<\/span><\/p>\n<p><span style=\"color: #003300;\"> <\/span><\/p>\n<p><span style=\"color: #003300;\"><strong><span style=\"text-decoration: underline;\">Abi <\/span><\/strong>nesaprot, ka visu <strong><span style=\"text-decoration: underline;\">latvie\u0161u biedr\u012bbu likvid\u0101cija 1940. gad\u0101 bija galvenais noteikums latvie\u0161u valsts izn\u012bcin\u0101\u0161an\u0101 !<\/span><\/strong><\/span><\/p>\n<p><span style=\"color: #003300;\"> <\/span><\/p>\n<p><span style=\"color: #003300;\"><strong><span style=\"text-decoration: underline;\">Abi<\/span><\/strong> noklus\u0113 par cilv\u0113ku biedro\u0161an\u0101s noz\u012bmi Latvij\u0101!<\/span><\/p>\n<p><span style=\"color: #003300;\"> <\/span><\/p>\n<p><span style=\"color: #003300;\"><strong><span style=\"text-decoration: underline;\">Abiem<\/span><\/strong> \u0161\u0137iet mazsvar\u012bgs tas fakts, ka <strong><span style=\"text-decoration: underline;\">Latvija<\/span><\/strong><span style=\"text-decoration: underline;\"> bija unik\u0101la valsts ar visaugst\u0101ko demokr\u0101tijas pieredzi pasaul\u0113<\/span>, jo praktiski visos apdz\u012bvoto vietu centros bija visiem pieejam\u0101s viet\u0101s respektabli <strong>KOLEKT\u012aVAS ANAL\u012aTIKAS CENTRI<\/strong>.<\/span><\/p>\n<p><span style=\"color: #003300;\"> <\/span><\/p>\n<p><span style=\"color: #003300;\"><strong><span style=\"text-decoration: underline;\">Tas abiem<\/span><\/strong> izgl\u012btotajiem kungiem ir pasl\u012bd\u0113jis gar\u0101m!<\/span><\/p>\n<p><span style=\"color: #003300;\"> <\/span><\/p>\n<p><span style=\"color: #003300;\">Vai v\u0113l k\u0101d\u0101 valst\u012b ir bijusi \u0161\u0101da prakse? <em>(Tas m\u016bsu gai\u0161os blogerus nepavisam neinteres\u0113).<\/em><\/span><\/p>\n<p><span style=\"color: #003300;\"> <\/span><\/p>\n<p><span style=\"color: #003300;\">Vi\u0146u intere\u0161u loks ietver sev\u012b konkr\u0113tus p\u0113t\u0101mus person\u0101\u017eus, apejot latvisk\u0101s KULT\u016aRAS vienk\u0101r\u0161u visp\u0101rin\u0101jumu. <em>(Saskat\u012bt latvisk\u0101s kult\u016bras \u012bpatn\u012bbas).<\/em><\/span><\/p>\n<p><span style=\"color: #003300;\"> <\/span><\/p>\n<p><span style=\"color: #003300;\"><strong><span style=\"text-decoration: underline;\">Abi<\/span><\/strong> aug\u0161min\u0113tie zin\u012bbu v\u012bri un \u010daklie publicisti, s\u0137iet nesaprot un noteikti N E L E P O J \u0100 S ar latvisk\u0101s kult\u016bras sasniegto ! <em>(Pasaules civiliz\u0101cijas kontekst\u0101).<\/em><\/span><\/p>\n<p><span style=\"color: #003300;\"> <\/span><\/p>\n<p><span style=\"color: #003300;\"><strong><span style=\"text-decoration: underline;\">Abi<\/span><\/strong> kungi ir stipri rezerv\u0113ti sav\u0101 nov\u0113rt\u0113jum\u0101 par Latvie\u0161u uzdro\u0161in\u0101\u0161anos, totalit\u0101r\u0101s komunistu despotijas laik\u0101, apvienoties <strong>Helsinku 86 cilv\u0113kties\u012bbu aizst\u0101v\u012bbas, <\/strong>starptautiski redzam\u0101, noz\u012bm\u012bga kust\u012bb\u0101. <em>(Kas deva iz\u0161\u0137iro\u0161u triecienu sarkan\u0101 m\u0113ra imp\u0113rijai).<\/em><\/span><\/p>\n<p><span style=\"color: #003300;\"> <\/span><\/p>\n<p><span style=\"color: #003300;\"><strong><span style=\"text-decoration: underline;\">Abi <\/span><\/strong>kungi neiest\u0101j\u0101s par biedro\u0161an\u0101s ties\u012bbu lieguma atcel\u0161anu <strong>Latvijas 4. maija valsts <\/strong>tieslietu ministrijas noziedz\u012bgaj\u0101, pretlatviskaj\u0101 darb\u012bb\u0101, <strong><span style=\"text-decoration: underline;\">kura nepie\u013cauj<\/span><\/strong> atjaunot\u0101s <strong>R\u012bgas Latvie\u0161u Biedr\u012bbas likum\u012bgo darb\u012bbu p\u0113c 1993. gada 18. febru\u0101ra nakts <\/strong>!<\/span><\/p>\n<p><span style=\"color: #003300;\"> <\/span><\/p>\n<p><span style=\"color: #003300;\"><strong><span style=\"text-decoration: underline;\">Abi<\/span><\/strong><strong> \u201cteor\u0113ti\u0137i\u201d <\/strong>pat nenojau\u0161, ka eso\u0161o komunistu un \u010dekistu teroristu grup\u0113jumu nedr\u012bkst saukt par <strong>R\u012bgas Latvie\u0161u Biedr\u012bbu,<\/strong> jo vi\u0146u darb\u012bba kategoriski aizliedz turpin\u0101t 1992. gada 18. j\u016blija kopsapulc\u0113 atjaunoto 1938. gada stat\u016btu likum\u012bgo darb\u012bbu <strong>Mer\u0137e\u013ca iela 13<em>.<\/em><\/strong><em> (Mamu\u013c\u0101 \u2013 latvie\u0161u biedr\u012bbu dv\u0113sel\u0113).<\/em><\/span><\/p>\n<p><span style=\"color: #003300;\"> <\/span><\/p>\n<p><span style=\"color: #003300;\"><strong><span style=\"text-decoration: underline;\">Vai abi<\/span><\/strong> kungi sevi neuzskata par latvie\u0161iem?<\/span><\/p>\n<p><span style=\"color: #003300;\"> <\/span><\/p>\n<p><span style=\"color: #003300;\">Vai vi\u0146u individu\u0101l\u0101 var\u0113\u0161ana ir j\u0101uzskata par kolekt\u012bvas anal\u012btikas <strong>V I S P \u0100 R \u0112 J U<\/strong> noliegumu?<\/span><\/p>\n<p><span style=\"color: #003300;\"> <\/span><\/p>\n<p><span style=\"color: #003300;\">J\u0101, vi\u0146i noliedz kolekt\u012bvas anal\u012btikas sp\u0113ku un <strong><span style=\"text-decoration: underline;\">nesaredz nek\u0101du vajadz\u012bbu <\/span><\/strong>atjaunot visas <strong><span style=\"text-decoration: underline;\">1940. gad\u0101 izn\u012bcin\u0101t\u0101s latvie\u0161u biedr\u012bbas.<\/span><\/strong> <em>(Atcer\u0113simies, ka visus latvie\u0161u biedr\u012bbu akt\u012bvistus komunisti nogalin\u0101ja 1940. gad\u0101 bez tiesas un \u017e\u0113last\u012bbas \u2013 un 1949. gad\u0101 izs\u016bt\u012bja t\u0101s \u0123imenes, kuras zin\u0101ja un var\u0113ja liecin\u0101t par zv\u0113r\u012bgo, pretlatvisko, visaptvero\u0161o Latvie\u0161u Biedr\u012bbu IZN\u012aCIN\u0100\u0160ANU).<\/em><\/span><\/p>\n<p><span style=\"color: #003300;\"> <\/span><\/p>\n<p><span style=\"color: #003300;\"><strong><span style=\"text-decoration: underline;\">Abu <\/span><\/strong>kungu individu\u0101lais pienesums demokr\u0101tijas un likum\u012bbas atjauno\u0161an\u0101 Latvij\u0101, neap\u0161aub\u0101mi, var b\u016bt lab\u0101ks.<\/span><\/p>\n<p><span style=\"color: #003300;\"> <\/span><\/p>\n<p><span style=\"color: #003300;\">V\u0113lu veiksmi visiem, kuri uzdro\u0161in\u0101s \u0161aust\u012bt politband\u012btu pretlatvisko darb\u012bbu!<\/span><\/p>\n<p><span style=\"color: #003300;\"> <\/span><\/p>\n<p><span style=\"color: #003300;\">Atjaunosim visas izn\u012bcin\u0101t\u0101s latvie\u0161u biedr\u012bbas !<\/span><\/p>\n<p><span style=\"color: #003300;\"> <\/span><\/p>\n<p><span style=\"color: #003300;\"><strong><span style=\"text-decoration: underline;\">Izt\u012br\u012bsim Dzimteni<\/span><\/strong> no politiskajiem paraz\u012btiem !<\/span><\/p>\n<p><span style=\"color: #003300;\"> <\/span><\/p>\n<p><span style=\"color: #003300;\">Aicinu izveidot neform\u0101las <strong>Helsinku 86 lok\u0101las grupas vis\u0101 Latvij\u0101<\/strong>, visas apdz\u012bvot\u0101s viet\u0101s ! <em>(To sarkanie baroni nevar liegt nevienam \u2013 t\u0101s ir latvie\u0161u ties\u012bbas, t\u0101s ir visu \u0123ime\u0146u ties\u012bbas).<\/em><\/span><\/p>\n<p><span style=\"color: #003300;\"> <\/span><\/p>\n<p><span style=\"color: #003300;\"><strong>Cilv\u0113kties\u012bbas Latvij\u0101<\/strong> it k\u0101 past\u0101v! <em>(Tikai varturi izkrop\u013co t\u0101s l\u012bdz nepaz\u012b\u0161anai).<\/em><\/span><\/p>\n<p><span style=\"color: #003300;\"> <\/span><\/p>\n<p><span style=\"color: #003300;\"><strong>LRTT<\/strong> aizst\u0101v ikviena ties\u012bbas biedroties un aizst\u0101v\u0113t savas \u0123imenes!<\/span><\/p>\n<p><span style=\"color: #003300;\"> <\/span><\/p>\n<p><span style=\"color: #003300;\">Partokr\u0101tijas genoc\u012bds pret latvie\u0161iem ir vilt\u012bgs, lieno\u0161s un posto\u0161s!<\/span><\/p>\n<p><span style=\"color: #003300;\"> <\/span><\/p>\n<p><span style=\"color: #003300;\">Izm\u0113z\u012bsim kolekt\u012bvi sarkanos m\u0113ra baci\u013cus! <em>(Individu\u0101li tas neizdosies nevienam!)<\/em><\/span><\/p>\n<p><span style=\"color: #003300;\"> <\/span><\/p>\n<h2><span style=\"color: #003300;\"><a href=\"http:\/\/tautastribunals.eu\/wp-content\/uploads\/2017\/10\/Liec\u012bbas.LRTT.H-86.LatvijaSaeimaGranti\u0146\u0161BitenieksBarissUrbanovi\u010dsKozlovskis.1.PNG\"><img decoding=\"async\" loading=\"lazy\" class=\"alignleft size-full wp-image-41795\" title=\"Liec\u012bbas.LRTT.H-86.LatvijaSaeimaGranti\u0146\u0161BitenieksBarissUrbanovi\u010dsKozlovskis.1\" src=\"http:\/\/tautastribunals.eu\/wp-content\/uploads\/2017\/10\/Liec\u012bbas.LRTT.H-86.LatvijaSaeimaGranti\u0146\u0161BitenieksBarissUrbanovi\u010dsKozlovskis.1.PNG\" alt=\"Liec\u012bbas.LRTT.H-86.LatvijaSaeimaGranti\u0146\u0161BitenieksBarissUrbanovi\u010dsKozlovskis.1\" width=\"629\" height=\"144\" srcset=\"https:\/\/tautastribunals.eu\/wp-content\/uploads\/2017\/10\/Liec\u012bbas.LRTT.H-86.LatvijaSaeimaGranti\u0146\u0161BitenieksBarissUrbanovi\u010dsKozlovskis.1.PNG 834w, https:\/\/tautastribunals.eu\/wp-content\/uploads\/2017\/10\/Liec\u012bbas.LRTT.H-86.LatvijaSaeimaGranti\u0146\u0161BitenieksBarissUrbanovi\u010dsKozlovskis.1-300x68.PNG 300w, https:\/\/tautastribunals.eu\/wp-content\/uploads\/2017\/10\/Liec\u012bbas.LRTT.H-86.LatvijaSaeimaGranti\u0146\u0161BitenieksBarissUrbanovi\u010dsKozlovskis.1-800x183.PNG 800w\" sizes=\"(max-width: 629px) 100vw, 629px\" \/><\/a>Admina piebilde:<\/span><\/h2>\n<p><span style=\"color: #003300;\"> <\/span><\/p>\n<p><span style=\"color: #003300;\">\u0160odien, <strong>Valdi<\/strong>, neviens vairs t\u0101d\u0101 <strong>\u201cform\u0101\u201d,<\/strong> k\u0101 tas notika <strong>Atmodas laik\u0101,<\/strong> nevienosies, jo tos, kuri vienojas, vienk\u0101r\u0161i nogalina, izputina vai iebied\u0113<em>(to dara \u201cpatrioti\u201d DP uzdevum\u0101)<\/em> ar brut\u0101liem arestiem. Piem\u0113rs <strong>esmu es <\/strong>un <strong>Ansis Ataols B\u0113rzi\u0146\u0161. <\/strong><\/span><\/p>\n<p><span style=\"color: #003300;\"> <\/span><\/p>\n<p><span style=\"color: #003300;\">Cilv\u0113ki vienk\u0101r\u0161i gaida uz br\u012bdi, kad ar \u0161iem <strong>laup\u012bt\u0101jiem<\/strong> var\u0113s fiziski nok\u0101rtot r\u0113\u0137inus. T\u0101 ar\u012b ir visvienk\u0101r\u0161\u0101k\u0101 <strong>LO\u0122IKA.<\/strong> Ja nevar ar labu, tad tas j\u0101dara ar varu. M\u016bsu uzdevums, <strong>Valdi<\/strong>, ir <strong>nor\u0101d\u012bt uz m\u0113r\u0137i.<\/strong> Tie\u0161i to dara <strong>LRTT vietne,<\/strong> atkl\u0101ti nor\u0101da uz <strong><span style=\"text-decoration: underline;\">noziedzniekiem<\/span><\/strong> !<\/span><\/p>\n<p><span style=\"color: #003300;\"> <\/span><\/p>\n<p><span style=\"color: #003300;\">Un vi\u0146i to saprot !<\/span><\/p>\n<p><span style=\"color: #003300;\"> <\/span><\/p>\n<p><span style=\"color: #003300;\">T\u0101p\u0113c jau ar\u012b tik briesm\u012bgs naids uz mums. Un neizmirsti, <strong>Valdi,<\/strong> ka tavu draugu pulk\u0101 ir <strong>H- 86, LRTT<\/strong> un <strong>L. Granti\u0146a<\/strong> liel\u0101kie ienaidnieki:<strong> Garda, Lapinskis, Andersons, Muzikante, Inkins,\u2026 <\/strong>.Tie\u0161i vi\u0146i <strong>KGB<\/strong><em>(DP)<\/em> uzdevum\u0101 \u0161\u0137\u0113la, teroriz\u0113ja un iebaid\u012bja <strong>LRTT<\/strong> biedrus. Vi\u0146iem tiks izpild\u012bts <strong>ASM<\/strong> !<\/span><\/p>\n<p><span style=\"color: #003300;\"> <\/span><\/p>\n<p><span style=\"color: #003300;\">Nodev\u0113jiem nodev\u0113ju tiesa !!!<\/span><\/p>\n<p><span style=\"color: #003300;\"> <\/span><\/p>\n<p><span style=\"color: #003300;\">M\u0113s noteikti <strong><span style=\"text-decoration: underline;\">izt\u012br\u012bsim savu Dzimteni<\/span><\/strong> ne tikai no politiskajiem, bet no visa veida paraz\u012btiem !<\/span><\/p>\n<p><span style=\"color: #003300;\"> <\/span><\/p>\n<p><span style=\"color: #003300;\"> 20.10.17 \u00a0 \u00a0 L.Granti\u0146\u0161<\/span><\/p>\n","protected":false},"excerpt":{"rendered":"<p>Atbilde rakstam: Kas kop\u012bgs Lato Lapsam ar Arturu Pried\u012bti ? Divi dom\u0101t\u0101ji, divi akt\u012bvi sabiedr\u012bbas p\u0101rst\u0101vji, kuri nepiev\u0113r\u0161 savu uzman\u012bbu R\u012bgas Latvie\u0161u Biedr\u012bbas brut\u0101lajai, prettiesiskajai izn\u012bcin\u0101\u0161anai 1993. gada 18. febru\u0101ra nakt\u012b. Abiem, ac\u012bmredzot, ir&#46;&#46;&#46;<\/p>\n","protected":false},"author":1,"featured_media":0,"comment_status":"open","ping_status":"open","sticky":false,"template":"","format":"standard","meta":[],"categories":[1],"tags":[],"_links":{"self":[{"href":"https:\/\/tautastribunals.eu\/index.php?rest_route=\/wp\/v2\/posts\/41794"}],"collection":[{"href":"https:\/\/tautastribunals.eu\/index.php?rest_route=\/wp\/v2\/posts"}],"about":[{"href":"https:\/\/tautastribunals.eu\/index.php?rest_route=\/wp\/v2\/types\/post"}],"author":[{"embeddable":true,"href":"https:\/\/tautastribunals.eu\/index.php?rest_route=\/wp\/v2\/users\/1"}],"replies":[{"embeddable":true,"href":"https:\/\/tautastribunals.eu\/index.php?rest_route=%2Fwp%2Fv2%2Fcomments&post=41794"}],"version-history":[{"count":10,"href":"https:\/\/tautastribunals.eu\/index.php?rest_route=\/wp\/v2\/posts\/41794\/revisions"}],"predecessor-version":[{"id":41806,"href":"https:\/\/tautastribunals.eu\/index.php?rest_route=\/wp\/v2\/posts\/41794\/revisions\/41806"}],"wp:attachment":[{"href":"https:\/\/tautastribunals.eu\/index.php?rest_route=%2Fwp%2Fv2%2Fmedia&parent=41794"}],"wp:term":[{"taxonomy":"category","embeddable":true,"href":"https:\/\/tautastribunals.eu\/index.php?rest_route=%2Fwp%2Fv2%2Fcategories&post=41794"},{"taxonomy":"post_tag","embeddable":true,"href":"https:\/\/tautastribunals.eu\/index.php?rest_route=%2Fwp%2Fv2%2Ftags&post=41794"}],"curies":[{"name":"wp","href":"https:\/\/api.w.org\/{rel}","templated":true}]}}