{"id":41127,"date":"2017-09-13T23:15:23","date_gmt":"2017-09-13T20:15:23","guid":{"rendered":"http:\/\/tautastribunals.eu\/?p=41127"},"modified":"2021-11-20T12:59:39","modified_gmt":"2021-11-20T10:59:39","slug":"vdk-izpereto-disidentu-bara-anonesanas-svetvakars","status":"publish","type":"post","link":"https:\/\/tautastribunals.eu\/?p=41127","title":{"rendered":"VDK izper\u0113to disidentu bara onan\u0113\u0161anas &#8220;sv\u0113tvakars&#8221;"},"content":{"rendered":"<h2><span style=\"color: #003300;\"> Sveiks, Linard ! <\/span><\/h2>\n<p><span style=\"color: #003300;\"> <strong>D. \u012av\u0101ns<\/strong> mani ir uzaicin\u0101jis 23.mart\u0101 <strong>LTF<\/strong> muzej\u0101 piedal\u012bties semin\u0101r\u0101 par <strong>H-86<\/strong> k\u0101 pretimst\u0101v\u0113t\u0101ju grupas locek\u013ciem <strong>Ro\u017ekalnam<\/strong> un <strong>Pupuram<\/strong>. Pirmais taj\u0101 nekad nav sast\u0101v\u0113jis, otrais izsl\u0113gts no grupas 1988. g. pavasar\u012b par m\u0113\u0123in\u0101jumu izmantot esam\u012bbu grup\u0101, lai var\u0113tu bez sare\u017e\u0123\u012bjumiem emigr\u0113t. <\/span><\/p>\n<p><span style=\"color: #003300;\">K\u0101 vi\u0146us politiski izn\u012bcin\u0101tu man ir pietieko\u0161i materi\u0101lu.<\/span><\/p>\n<p><span style=\"color: #003300;\">Tom\u0113r punktu visam pieliktu <strong>Pupura v\u0113stule Tev,<\/strong> kur\u0101 bija \u013coti <strong><span style=\"text-decoration: underline;\">daudz necenz\u0113tu lamuv\u0101rdu, ieskaitot s\u016bk\u0101\u0161anu<\/span><\/strong> u.t.t.. Par no\u017e\u0113lu v\u0113stuli neesmu saglab\u0101jis.<\/span><\/p>\n<p><span style=\"color: #003300;\">\u0145emi v\u0113r\u0101, ka \u0161is subjekts m\u0113\u0123in\u0101s atkal n\u0101ko\u0161gad start\u0113t no<strong> NA<\/strong> Saeima v\u0113l\u0113\u0161an\u0101s.<\/span><\/p>\n<p><span style=\"color: #003300;\">\u0160\u012bs person\u0101\u017eas <strong>p\u0113d\u0113j\u0101 gad\u0101 tiek populariz\u0113tas.<\/strong> Dom\u0101ju, ka <strong>Tev <\/strong>skaidrs, kuriem sp\u0113kiem tas ir izdev\u012bgi.<\/span><\/p>\n<p><span style=\"color: #003300;\">Ja<strong> Tu <\/strong>var\u0113tu to v\u0113stuli man ats\u016bt\u012bt ar <strong>Pupuru<\/strong> k\u0101 iesp\u0113jamo <strong>Tr\u012bszvaig\u017e\u0146u orde\u0146a<\/strong> n\u0113s\u0101t\u0101ju vai deput\u0101tu b\u016btu uz visiem laikiem pielikts punkts. Ar\u012b ar t.s. disidentu <strong>Ro\u017ekalnu.<\/strong><\/span><\/p>\n<p><span style=\"color: #003300;\">Labi b\u016btu, ja tai saiet\u0101 b\u016btu <strong>Raimonds Bitenieks<\/strong>.<\/span><\/p>\n<p><span style=\"color: #003300;\"> Visu to lab\u0101ko . Juris. <\/span><\/p>\n<p><span style=\"color: #003300;\"> <a href=\"http:\/\/tautastribunals.eu\/wp-content\/uploads\/2017\/09\/Za\u013c\u0161-tautastribunals.eu3.png\"><img decoding=\"async\" loading=\"lazy\" class=\"alignleft  wp-image-41128\" title=\"Za\u013c\u0161, tautastribunals.eu\" src=\"http:\/\/tautastribunals.eu\/wp-content\/uploads\/2017\/09\/Za\u013c\u0161-tautastribunals.eu3.png\" alt=\"Za\u013c\u0161, tautastribunals.eu\" width=\"2678\" height=\"373\" srcset=\"https:\/\/tautastribunals.eu\/wp-content\/uploads\/2017\/09\/Za\u013c\u0161-tautastribunals.eu3.png 950w, https:\/\/tautastribunals.eu\/wp-content\/uploads\/2017\/09\/Za\u013c\u0161-tautastribunals.eu3-300x42.png 300w, https:\/\/tautastribunals.eu\/wp-content\/uploads\/2017\/09\/Za\u013c\u0161-tautastribunals.eu3-800x112.png 800w\" sizes=\"(max-width: 2678px) 100vw, 2678px\" \/><\/a><\/span><\/p>\n<p><span style=\"color: #003300;\">Es, protams,<strong> Jurim Vidi\u0146am<\/strong> attiec\u012bg\u0101s nor\u0101des aizs\u016bt\u012bju.<\/span><\/p>\n<p><span style=\"color: #003300;\"><span style=\"text-decoration: underline;\">============================================================================<\/span><br \/>\n<\/span><\/p>\n<p><span style=\"color: #003300;\"><strong><span style=\"text-decoration: underline;\">Vai j\u016bs 23. mart\u0101<\/span><\/strong>, kad san\u0101c\u0101t <strong>H-86<\/strong> atceres sar\u012bkojum\u0101 ar klusuma br\u012bdi pagodin\u0101j\u0101t m\u016bsu tautas upurus ?<\/span><\/p>\n<p><span style=\"color: #003300;\"><strong><span style=\"text-decoration: underline;\">Vai j\u016bs ar klusuma br\u012bdi<\/span><\/strong> pagodin\u0101j\u0101t pirmos <strong>helsinkie\u0161us,<\/strong> kuri <strong><span style=\"text-decoration: underline;\">miru\u0161i nabadz\u012bb\u0101<\/span><\/strong> un pat bez <strong>v\u0113sts pazudu\u0161i<\/strong> ?<\/span><\/p>\n<p><span style=\"color: #003300;\"><strong><span style=\"text-decoration: underline;\">Vai j\u016bs atcer\u0113j\u0101ties<\/span><\/strong> mani, kad es s\u0113d\u0113ju <strong>\u0160\u0137irotavas nometn\u0113 <\/strong>1987\/88. g. ar lauztiem kauliem pie krimin\u0101listiem par <strong>14. j\u016bniju <\/strong>?<\/span><\/p>\n<p><span style=\"color: #003300;\"><strong><span style=\"text-decoration: underline;\">Vai j\u016bs atcer\u0113j\u0101ties<\/span><\/strong>, ka mani pirms diviem gadiem atkal zv\u0113r\u012bgi- asi\u0146aini ar lauztiem kauliem arest\u0113ja un iemeta <strong>R\u012bgas centr\u0101lcietum\u0101,<\/strong> tie\u0161i tad, kad j\u016bs varen pla\u0161i st\u0101st\u012bj\u0101t par veiktajiem <strong>&#8220;varo\u0146darbiem&#8221; Latvijas telev\u012bzijai<\/strong> raid\u012bjum\u0101 \u201c<strong>Melu laboratorija<\/strong>\u201d ?<\/span><\/p>\n<p><span style=\"color: #003300;\"><strong><span style=\"text-decoration: underline;\">Vai j\u016bs pie\u0146\u0113m\u0101t rezol\u016bciju,<\/span><\/strong> par noziedz\u012bg\u0101s krimin\u0101llietas izbeig\u0161anu pret mani un neliet\u012bgo elementu sod\u012b\u0161anu, kuri \u0161o <strong>LIETU<\/strong> safabric\u0113ja ?<\/span><\/p>\n<p><span style=\"color: #003300;\"><strong><span style=\"text-decoration: underline;\">Vai j\u016bs\/tu pateic\u0101t\/pateici atkl\u0101ti<\/span><\/strong>, ka tie\u0161i tautas fronte ar komunistiem priek\u0161gal\u0101 ir \u0161odien <strong>Latviju praktiski izn\u012bcin\u0101ju\u0161i<\/strong> ?<\/span><\/p>\n<p><span style=\"color: #003300;\"><strong><span style=\"text-decoration: underline;\">Vai j\u016bs uzrakst\u012bj\u0101t rezol\u016bciju<\/span><\/strong><strong> ES<\/strong> un <strong>ANO <\/strong>par noziegumiem, kuri pa\u0161laik tiek veikti pret valsti un tautu ?<\/span><\/p>\n<p><span style=\"color: #003300;\"><strong><span style=\"text-decoration: underline;\">Ja j\u016bs to neizdar\u012bj\u0101t,<\/span><\/strong> tad esiet noziedz\u012bgi pabiras, kuri dz\u012bvo un pl\u0101t\u0101s ar citu paveikto !<\/span><\/p>\n<p><span style=\"color: #003300;\"><strong><span style=\"text-decoration: underline;\">Ja j\u016bs to neizdar\u012bj\u0101t,<\/span><\/strong> tad <strong>esiet nol\u0101d\u0113ti no Laiku s\u0101kuma l\u012bdz Laiku beig\u0101m<\/strong> !<\/span><\/p>\n<p><span style=\"color: #003300;\"><strong><span style=\"text-decoration: underline;\">J\u016bs esiet manas tautas bendes- j\u016bs neesat latvie\u0161i<\/span><\/strong>&#8230;. .<\/span><\/p>\n<p><span style=\"color: #003300;\">Protams, ka uz \u0161o v\u0113stuli ar \u0161iem jaut\u0101jumiem vairs no <strong>Jura Vidi\u0146a<\/strong> atbildi nesa\u0146\u0113mu.<\/span><\/p>\n<p><span style=\"color: #003300;\"><span style=\"text-decoration: underline;\">===========================================================================<\/span><br \/>\n<\/span><\/p>\n<h1><span style=\"color: #003300;\"><em><a href=\"https:\/\/www.facebook.com\/100014863931974\/videos\/185182655320531\/\">pirms aptuveni<\/a><\/em><a href=\"https:\/\/www.facebook.com\/100014863931974\/videos\/185182655320531\/\"><strong>(atv\u0113rt) <\/strong><\/a><em><a href=\"https:\/\/www.facebook.com\/100014863931974\/videos\/185182655320531\/\">6 m\u0113ne\u0161iem<\/a> \u00b7 <\/em><\/span><\/h1>\n<h2><span style=\"text-decoration: underline;\"><strong><span style=\"color: #003300;\"><em>Ko atceramies par helsinkie\u0161iem?<\/em><\/span><\/strong><\/span><\/h2>\n<p><em>23.mart\u0101 Latvijas Tautas Frontes muzej\u0101 notika atmi\u0146u vakars par Latvijas cilv\u0113kties\u012bbu aizst\u0101v\u012bbas grupu Helsinki-86. \u0160aj\u0101 vakar\u0101 tika st\u0101st\u012bts par m\u016bsu tautas br\u012bv\u012bbas c\u012bn\u012bt\u0101jiem &#8211; tie\u0161i vi\u0146i deva impulsu procesam, kas vainagoj\u0101s ar Latvijas un Baltijas valstu neatkar\u012bbas atg\u016b\u0161anu. Vair\u0101ku stundu garum\u0101 apmekl\u0113t\u0101jiem bija iesp\u0113jams klaus\u012bties Helsinki-86 dal\u012bbnieku atmi\u0146u st\u0101stus. Ievadv\u0113rt\u0113jumu sniedza Tautas Frontes priek\u0161s\u0113d\u0113t\u0101js <a href=\"https:\/\/www.facebook.com\/pages\/Dainis-%C4%AAv%C4%81ns\/111252865591972\">Dainis \u012av\u0101ns<\/a>, ar sav\u0101m atmi\u0146\u0101m dal\u012bj\u0101s ar\u012b J\u0101nis Ro\u017ekalns, Juris Vidi\u0146\u0161, <a href=\"https:\/\/www.facebook.com\/konstantins.pupurs\">Konstantins Pupurs<\/a>. Savs st\u0101st\u0101mais bija ar\u012b operatoram Raitim Valteram un Kara muzeja speci\u0101listam J\u0101nim Maur\u012btim. <\/em><\/p>\n<p><span style=\"color: #003300;\">J\u0101, \u0161eit skat\u0101ms un las\u0101ms piln\u012bgs \u201c<strong>gar\u012bgais on\u0101nisms<\/strong><em>(masturb\u0101cija)\u201d<\/em>, kur salas\u012bju\u0161ies vienkopus \u010dekas rad\u012btie disidenti. Notiek savu <strong><span style=\"text-decoration: underline;\">nebiju\u0161o varo\u0146darbu<\/span><\/strong> cildin\u0101\u0161ana. Nekas netiek run\u0101ts par \u0161odienas <strong>Latvijas valsts vad\u012bt\u0101ju noziegumiem<\/strong>.<\/span><\/p>\n<p><span style=\"color: #003300;\">To, kur\u0161 nodibin\u0101ja <strong>H- 86<\/strong> un <strong>inic\u0113ja 14. j\u016bniju<\/strong> un l\u012bdz ar to ar\u012b <strong>latvie\u0161u tautas Atmodu<\/strong>, pat neuzskat\u012bja par vajadz\u012bbu form\u0101li uzaicin\u0101t piedal\u012bties \u0161aj\u0101 \u201c<strong>atmi\u0146u vakar\u0101<\/strong>\u201d.<\/span><\/p>\n<p><span style=\"color: #003300;\">Protams, teor\u0113tiski man sen jau nebija j\u0101b\u016bt dz\u012bvam, bet prakse tom\u0113r mazliet \u201c<strong>aizkav\u0113jas<\/strong>\u201d.<\/span><\/p>\n<p><span style=\"color: #003300;\"> Nekas no t\u0101, par ko jaut\u0101ju <strong>Vidi\u0146am,<\/strong> netika izdar\u012bts. <\/span><\/p>\n<p><span style=\"color: #003300;\">Visi papriec\u0101ju\u0161ies, kor\u012bti nomasturb\u0113ju\u0161i, apmierin\u0101ti izkl\u012bda pa sav\u0101m<strong>, 4. maija kli\u0137es <\/strong>sar\u016bp\u0113taj\u0101m \u201c<strong>ligzdi\u0146\u0101m<\/strong>\u201d.<\/span><\/p>\n<p><span style=\"color: #003300;\">Bet varb\u016bt, ka viena da\u013ca no vi\u0146iem tom\u0113r kaut ko \u201c<strong>apsprieda<\/strong>\u201d ? K\u0101p\u0113c <strong>Ro\u017ekalns<\/strong> ierad\u0101s <strong>V\u0101cij\u0101 <\/strong>un slepus fotograf\u0113ja manu dz\u012bvesvietu ? Laikam jau vajag pabeigt to, ko <strong>Pupuram <\/strong>neizdev\u0101s paveikt\u2026 . <a href=\"http:\/\/tautastribunals.eu\/?p=39964\">http:\/\/tautastribunals.eu\/?p=39964<\/a><\/span><\/p>\n<p><span style=\"color: #003300;\"> Un k\u0101da sagad\u012b\u0161an\u0101s. Tie\u0161i, kad veidoju \u0161o rakstu(10.09.17. pulkst.13,30) sa\u0146\u0113mu zi\u0146u, ka <strong>K. Pupurs \u201caizg\u0101jis uz turieni\u201d,<\/strong> kur cent\u0101s aizraid\u012bt mani\u2026 . Es vi\u0146am <strong>TAISAUL\u0112 <\/strong>nev\u0113lu ne labu un ar\u012b ne \u013caunu, tikai to, ko peln\u012bjis, jo nogalin\u0101t savu pretinieku neatbilst<strong> Dievi\u0161\u0137\u0101s\u00a0 Evol\u016bcijas principam<\/strong><em>(pats tiksi nogalin\u0101ts).<\/em><\/span><\/p>\n<p><span style=\"color: #003300;\"><em>13.09.17\u00a0\u00a0\u00a0\u00a0\u00a0 L. Granti\u0146\u0161<br \/>\n<\/em><\/span><\/p>\n","protected":false},"excerpt":{"rendered":"<p>Sveiks, Linard ! D. \u012av\u0101ns mani ir uzaicin\u0101jis 23.mart\u0101 LTF muzej\u0101 piedal\u012bties semin\u0101r\u0101 par H-86 k\u0101 pretimst\u0101v\u0113t\u0101ju grupas locek\u013ciem Ro\u017ekalnam un Pupuram. Pirmais taj\u0101 nekad nav sast\u0101v\u0113jis, otrais izsl\u0113gts no grupas 1988. g. pavasar\u012b&#46;&#46;&#46;<\/p>\n","protected":false},"author":1,"featured_media":0,"comment_status":"open","ping_status":"open","sticky":false,"template":"","format":"standard","meta":[],"categories":[1],"tags":[],"_links":{"self":[{"href":"https:\/\/tautastribunals.eu\/index.php?rest_route=\/wp\/v2\/posts\/41127"}],"collection":[{"href":"https:\/\/tautastribunals.eu\/index.php?rest_route=\/wp\/v2\/posts"}],"about":[{"href":"https:\/\/tautastribunals.eu\/index.php?rest_route=\/wp\/v2\/types\/post"}],"author":[{"embeddable":true,"href":"https:\/\/tautastribunals.eu\/index.php?rest_route=\/wp\/v2\/users\/1"}],"replies":[{"embeddable":true,"href":"https:\/\/tautastribunals.eu\/index.php?rest_route=%2Fwp%2Fv2%2Fcomments&post=41127"}],"version-history":[{"count":17,"href":"https:\/\/tautastribunals.eu\/index.php?rest_route=\/wp\/v2\/posts\/41127\/revisions"}],"predecessor-version":[{"id":61231,"href":"https:\/\/tautastribunals.eu\/index.php?rest_route=\/wp\/v2\/posts\/41127\/revisions\/61231"}],"wp:attachment":[{"href":"https:\/\/tautastribunals.eu\/index.php?rest_route=%2Fwp%2Fv2%2Fmedia&parent=41127"}],"wp:term":[{"taxonomy":"category","embeddable":true,"href":"https:\/\/tautastribunals.eu\/index.php?rest_route=%2Fwp%2Fv2%2Fcategories&post=41127"},{"taxonomy":"post_tag","embeddable":true,"href":"https:\/\/tautastribunals.eu\/index.php?rest_route=%2Fwp%2Fv2%2Ftags&post=41127"}],"curies":[{"name":"wp","href":"https:\/\/api.w.org\/{rel}","templated":true}]}}