{"id":41094,"date":"2017-09-11T19:20:09","date_gmt":"2017-09-11T16:20:09","guid":{"rendered":"http:\/\/tautastribunals.eu\/?p=41094"},"modified":"2017-12-10T12:39:41","modified_gmt":"2017-12-10T10:39:41","slug":"tava-vieta-janson-ir-hagas-tribunals-karatavas","status":"publish","type":"post","link":"https:\/\/tautastribunals.eu\/?p=41094","title":{"rendered":"Tava vieta, Jurij Janson, ir H\u0101gas Tribun\u0101ls + kar\u0101tavas"},"content":{"rendered":"<h3><span style=\"color: #ff0000;\"><a href=\"http:\/\/tautastribunals.eu\/wp-content\/uploads\/2017\/09\/Za\u013c\u0161-tautastribunals.eu2.png\"><img decoding=\"async\" loading=\"lazy\" class=\"alignleft size-full wp-image-41097\" title=\"Za\u013c\u0161, tautastribunals.eu\" src=\"http:\/\/tautastribunals.eu\/wp-content\/uploads\/2017\/09\/Za\u013c\u0161-tautastribunals.eu2.png\" alt=\"Za\u013c\u0161, tautastribunals.eu\" width=\"635\" height=\"88\" srcset=\"https:\/\/tautastribunals.eu\/wp-content\/uploads\/2017\/09\/Za\u013c\u0161-tautastribunals.eu2.png 950w, https:\/\/tautastribunals.eu\/wp-content\/uploads\/2017\/09\/Za\u013c\u0161-tautastribunals.eu2-300x42.png 300w, https:\/\/tautastribunals.eu\/wp-content\/uploads\/2017\/09\/Za\u013c\u0161-tautastribunals.eu2-800x112.png 800w\" sizes=\"(max-width: 635px) 100vw, 635px\" \/><\/a>Iev\u0113roj\u0101t, ka visi \u0161ie kriev\u017e\u012bdu okupantu ielikte\u0146i run\u0101 tautas un demokr\u0101tijas v\u0101rd\u0101 !?<br \/>\n<\/span><\/h3>\n<p><strong>Es nezinu nevienu latvieti, kur\u0161 b\u016btu \u0161os okupantu ielikte\u0146u drazas pilnvarojis run\u0101t vi\u0146u v\u0101rd\u0101, protams, ar\u012b man\u0101.<\/strong><\/p>\n<p>=========================================================================<\/p>\n<p><strong><a href=\"http:\/\/tautastribunals.eu\/wp-content\/uploads\/2017\/09\/Juris-JansonsRihards-BunkaL.-Granti\u0146\u0161Rasna\u010ds.LRTT..jpg\"><img decoding=\"async\" loading=\"lazy\" class=\"alignleft size-full wp-image-41112\" title=\"Juris Jansons,Rihards Bunka,L. Granti\u0146\u0161,Rasna\u010ds.LRTT.\" src=\"http:\/\/tautastribunals.eu\/wp-content\/uploads\/2017\/09\/Juris-JansonsRihards-BunkaL.-Granti\u0146\u0161Rasna\u010ds.LRTT..jpg\" alt=\"Juris Jansons,Rihards Bunka,L. Granti\u0146\u0161,Rasna\u010ds.LRTT.\" width=\"639\" height=\"387\" srcset=\"https:\/\/tautastribunals.eu\/wp-content\/uploads\/2017\/09\/Juris-JansonsRihards-BunkaL.-Granti\u0146\u0161Rasna\u010ds.LRTT..jpg 600w, https:\/\/tautastribunals.eu\/wp-content\/uploads\/2017\/09\/Juris-JansonsRihards-BunkaL.-Granti\u0146\u0161Rasna\u010ds.LRTT.-300x182.jpg 300w\" sizes=\"(max-width: 639px) 100vw, 639px\" \/><\/a><\/strong><\/p>\n<p>FOTO: <span style=\"color: #ff0000;\"><em>\u0160is foto vairs neprasa koment\u0101rus. Tas, kur\u0161 ir kop\u0101 ar slepkavu <strong>Rihardu Bunku,<\/strong> tiks ar\u012b ties\u0101ts k\u0101 slepkava&#8230; .<\/em><\/span><\/p>\n<p><strong>Jurijs<\/strong><em>(itk\u0101 Juris)<\/em> <strong>Jansons pau\u017e: <\/strong><span style=\"color: #0000ff;\"><em>\u201cJaundzimu\u0161u b\u0113rnu re\u0123istr\u0113\u0161ana bez pilson\u012bbas nav pie\u013caujama, jo tas ir b\u0113rna ties\u012bbu uz pilson\u012bbu p\u0101rk\u0101pums, uzskata ties\u012bbsargs Juris Jansons. Jansons \u0161odien diskusij\u0101 par <strong>nepilso\u0146a statusa<\/strong> pie\u0161\u0137ir\u0161anas izbeig\u0161anu Latvij\u0101 nor\u0101d\u012bja, ka ikviena b\u0113rna ties\u012bbas uz pilson\u012bbu ir nostiprin\u0101tas gan starptautiskajos ties\u012bbu aktos, gan ar\u012b iestr\u0101d\u0101tas Latvijas nacion\u0101lajos ties\u012bbu aktos. L\u012bdz ar to iesp\u0113jams secin\u0101t, ka sp\u0113k\u0101 eso\u0161ais ties\u012bbu regul\u0113jums b\u0113rnam, kas ir dzimis Latvijas teritorij\u0101, garant\u0113 ties\u012bbas ieg\u016bt k\u0101das valsts pilson\u012bbu.\u201d<\/em><\/span><\/p>\n<p>Kas tad ir \u0161\u012bs <strong>\u201cjuris jansons\u201d, <\/strong>kur\u0161 iedom\u0101jas- uzdro\u0161in\u0101s<em>(bez referenduma)<\/em> paust tik svar\u012bgu<strong> \u201cviedokli\u201d<\/strong> ? Izlasot \u0161\u012b <strong>Riharda Bunkas <\/strong>noziedz\u012bg\u0101s organiz\u0101cijas biedra <strong>J. Jansona <\/strong><span style=\"text-decoration: underline;\"><strong>\u201cstarptautisko\u201d<\/strong> statusu<\/span><em>(nu vienk\u0101r\u0161i \u0123\u0113nijs)<\/em>, mati ce\u013cas st\u0101vus un rokas nolai\u017eas <strong>&#8220;bezsp\u0113c\u012bb\u0101&#8221;<\/strong> !!!<\/p>\n<p>Las\u0101m:<span style=\"color: #0000ff;\"> <em>\u201c<\/em><strong><em>09.2015Ties\u012bbsargs Juris Jansons tiek iev\u0113l\u0113ts Eiropas Ombudu instit\u016bta vald\u0113<\/em><\/strong><\/span><\/p>\n<p>&nbsp;<\/p>\n<p><span style=\"color: #0000ff;\"><em>\u0160odien, 21. septembr\u012b Ties\u012bbsargs Juris Jansons tika nomin\u0113ts un iev\u0113l\u0113ts Eiropas Ombudu Instit\u016bta vald\u0113 (<\/em><em><a href=\"http:\/\/www.eoi.at\/\">The European Ombudsman Institute)<\/a><\/em><em>. <\/em><\/span><\/p>\n<p>&nbsp;<\/p>\n<p><em><span style=\"color: #0000ff;\">Eiropas Ombudu instit\u016bts ir neatkar\u012bga bezpe\u013c\u0146as organiz\u0101cija, kuras m\u0113r\u0137is ir veicin\u0101t ombuda instit\u016bciju konceptu un veicin\u0101t pieredzes apmai\u0146u starp ombudu instit\u016bcij\u0101m valsts, Eiropas un starptautisk\u0101 l\u012bmen\u012b. Organiz\u0101cijas darbs ietver sev\u012b ar\u012b atbalstu un sadarb\u012bbu ar starptautiskaj\u0101m ombudu instit\u016bcij\u0101m, k\u0101 ar\u012b cit\u0101m re\u0123ion\u0101laj\u0101m, nacion\u0101laj\u0101m un starptautiskaj\u0101m organiz\u0101cij\u0101m. Eiropas Ombudu instit\u016bts ir <\/span><span style=\"color: #0000ff;\">organiz\u0101cija ar senu v\u0113sturi un ir dibin\u0101ta 1982. gad\u0101. Organiz\u0101cijas dibin\u0101t\u0101ji ir vair\u0101ki profesori no Insbrukas universit\u0101tes (Prof. Dr.\u00a0Hans Klecatsky, Prof. Dr.\u00a0Fritz Reichert-Facilides\u00a0un Prof.\u00a0Dr. Norbert Wimmer), k\u0101 ar\u012b Austrijas Ombudu valdes p\u0101rst\u0101vji. S\u0101kotn\u0113ji tika nolemts dibin\u0101t zin\u0101tnisko asoci\u0101ciju (Eiropas ombudu akad\u0113miju), kuras galvenais m\u0113r\u0137is b\u016btu p\u0113t\u012bt Ombudu instit\u016bcijas un to darb\u012bbu Eirop\u0101. Laika gait\u0101 organiz\u0101cijas strukt\u016bra main\u012bj\u0101s un pilnveidoj\u0101s un 1988. gad\u0101 ofici\u0101li tika dibin\u0101ta organiz\u0101cija &#8220;Eiropas Ombudu instit\u016bts&#8221;.<\/span><\/em><\/p>\n<p>T\u0101tad, ja \u0161is<span style=\"text-decoration: underline;\"><span style=\"color: #000000;\"> <em><strong>ombudists <\/strong><\/em><\/span><\/span>saka, ka<strong><span style=\"color: #000000;\"> okupanti ir Latvijas pamatiedz\u012bvot\u0101ji, <\/span><\/strong>tad nek\u0101ds referendums, ka: <strong>\u201c vai latvie\u0161i okupantus atz\u012bst par Latvijas pamatiedz\u012bvot\u0101jiem\u201d, <\/strong>nav vajadz\u012bgs.<\/p>\n<p>Kur\u0161 tad \u0161o <strong><span style=\"text-decoration: underline;\">karikat\u016brperson\u0101\u017eu<\/span><\/strong>, kura v\u0101rds ir <strong>Jura Jansons,<\/strong> ieteica <strong>Eiropas Ombudu instit\u012bcijai <\/strong>?<\/p>\n<p>Nu, protams, ka tie pa\u0161i <strong>kriev\u017e\u012bdu okupanti<\/strong> un <strong>vi\u0146u p\u0113cte\u010di<\/strong>, <span style=\"color: #ff0000;\">kuri <\/span><span style=\"text-decoration: underline;\"><span style=\"color: #ff0000;\">noba\u017e\u012bju\u0161ies par savu <strong>\u201clikum\u012bgo\u201d<\/strong> pieder\u012bbu <strong>Latvijas valstij<\/strong><\/span> !!!<\/span><\/p>\n<p>V\u0113l jo vair\u0101k, \u0161ie <strong>kargin- godma\u0146veid\u012bgie<\/strong> v\u0113las b\u016bt ne tikai pieder\u012bgi<strong> \u201cLatvijas tautai\u201d, <\/strong>bet<span style=\"color: #ff0000;\"> <strong><span style=\"text-decoration: underline;\">virsgani p\u0101r latvie\u0161u tautu<\/span><\/strong><\/span><span style=\"text-decoration: underline;\">\u2026 <\/span>.<\/p>\n<p>Person\u012bgi paz\u012bstu \u0161o <strong>\u010dekistu ielikteni Jansonu<\/strong>, jo bija ieradies pie manis <strong>R\u012bgas Centr\u0101lcietum\u0101<\/strong>, kad pirms diviem gadiem tiku no \u017e\u012bd- \u010dekistiem zv\u0113rveid\u012bgi arest\u0113ts par to, ka biju dibin\u0101jis<strong> H- 86 grupu <\/strong>un v\u0113l\u0113jos tikties ar \u0161odienas<strong> \u201cmarionet- prezidentosu\u201d, Pleskavas<\/strong> pij\u0101ku<em>(dz\u0113r\u0101ju)<\/em> <strong>V\u0113jo\u0146isu Raimondsu<\/strong>.<\/p>\n<p>Par \u0161o kriev\u017e\u012bdu ielikteni- debilantu s\u012bk\u0101k las\u012bt<a href=\" http:\/\/tautastribunals.eu\/?p=30419\"> <strong>\u0160EIT.<\/strong><\/a><\/p>\n<p>\u0160oreiz atk\u0101rtoti daudz nerakst\u012b\u0161u par \u0161o <span style=\"text-decoration: underline;\"><strong>izdzimumu<\/strong><\/span><em>(cits v\u0101rds \u0161im \u0123en\u0113tiskajam un gara kroplim nav piem\u0113rojams, t\u0101p\u0113c vi\u0146\u0161 ar\u012b tiek no kriev\u017e\u012bdu varzas visur nomin\u0113ts),<\/em> jo par vi\u0146u rakst\u012bju <strong><a href=\" http:\/\/tautastribunals.eu\/?p=28154\">\u201cpaskaidrojumu<\/a><\/strong><a href=\" http:\/\/tautastribunals.eu\/?p=28154\"><em>(atv\u0113rt)<\/em><\/a><strong><a href=\" http:\/\/tautastribunals.eu\/?p=28154\">\u201d<\/a> <\/strong>savam advok\u0101tam <strong>P\u0101velam<\/strong> <strong>Rebenokam<\/strong>.<\/p>\n<p>Tie, kuri ir las\u012bju\u0161i <a href=\"http:\/\/tautastribunals.eu\/?p=39910\"><strong>Astr\u012bdas Bab\u0101nes<\/strong><em>(atv\u0113rt)<\/em> liec\u012bbas<\/a>, zina, kas ir <strong>Rihards Bunka<\/strong>. Un ja \u0161\u012b noziedznieka bar\u0101 ir<strong> \u201cties\u012bbsargs\u201d J. Jansons<\/strong>, tad ir saprotams, k\u0101 un kuras <strong>\u201ctautas\u201d<\/strong><em>(s\u0101tanisk\u0101s sektas) <\/em><span style=\"text-decoration: underline;\"><strong>ties\u012bbas <\/strong><\/span>vi\u0146\u0161 aizst\u0101v\\aizst\u0101v\u0113s !!!<\/p>\n<p>Pajaut\u0101 ar\u012b tu, latviet, ar <strong><span style=\"text-decoration: underline;\">k\u0101d\u0101m ties\u012bb\u0101m \u0161\u012bs de\u0123ener\u0101ts<\/span><\/strong>, kura v\u0101rds ir <strong>Juris Jansons<\/strong>, run\u0101 par <strong><span style=\"text-decoration: underline;\">\u0161o zemi un tautu, kuras v\u0101rds ir Latvija, <\/span><\/strong>tav\u0101 un tavu sen\u010du izlieto asins v\u0101rd\u0101 ?<\/p>\n<p>\u0160i nelie\u0161a vieta ir: <strong>H\u0101gas Tribun\u0101ls= Kar\u0101tavas !<\/strong><\/p>\n<p>11.09.17\u00a0\u00a0\u00a0\u00a0\u00a0\u00a0 L. Granti\u0146\u0161<\/p>\n<h1><strong><span style=\"color: #ff0000;\">SARKANO IZDZIMTE\u0145U KLO\u0100KA<\/span><\/strong><\/h1>\n<h2><strong><span style=\"color: #ff0000;\"><em><a href=\"http:\/\/tautastribunals.eu\/wp-content\/uploads\/2017\/09\/A.Pried\u012btis.L.Granti\u0146\u0161.Latvija.LRTT.PNG\"><img decoding=\"async\" loading=\"lazy\" class=\"alignleft  wp-image-41117\" title=\"A.Pried\u012btis.L.Granti\u0146\u0161.Latvija.LRTT\" src=\"http:\/\/tautastribunals.eu\/wp-content\/uploads\/2017\/09\/A.Pried\u012btis.L.Granti\u0146\u0161.Latvija.LRTT.PNG\" alt=\"A.Pried\u012btis.L.Granti\u0146\u0161.Latvija.LRTT\" width=\"631\" height=\"357\" srcset=\"https:\/\/tautastribunals.eu\/wp-content\/uploads\/2017\/09\/A.Pried\u012btis.L.Granti\u0146\u0161.Latvija.LRTT.PNG 708w, https:\/\/tautastribunals.eu\/wp-content\/uploads\/2017\/09\/A.Pried\u012btis.L.Granti\u0146\u0161.Latvija.LRTT-300x169.PNG 300w\" sizes=\"(max-width: 631px) 100vw, 631px\" \/><\/a><a href=\"http:\/\/tautastribunals.eu\/?p=40866\">Kas notiks ar &#8220;ebrejiem&#8221;, kad pasaule uzzin\u0101s(atv\u0113rt)&#8230; <\/a><\/em><\/span><\/strong><\/h2>\n<p><span style=\"color: #ff0000;\">Tu redz&#8217; tikai, cik maz\u0101 latvie\u0161u tauta ir b\u012bstama pasaulei !<\/span><\/p>\n<p><span style=\"color: #ff0000;\">T\u0101p\u0113c jau laikam ar\u012b <strong>H- 86<\/strong> un<strong> L. Granti\u0146a<\/strong> v\u0101rds ir noblo\u0137\u0113ts <strong>ANO<\/strong>, un <strong>ES<\/strong>. <\/span><\/p>\n<p><span style=\"color: #ff0000;\">Pareizi, <strong>Pried\u012bt<\/strong>, dom\u0101. Latvie\u0161i b\u016bs tie, kuri sasit\u012bs j\u016bsu nol\u0101d\u0113to pasaules haz\u0101ru<em>(kriev\u017e\u012bdu)<\/em> mafiju<em><strong>, <\/strong><\/em>kura uzdodas par <strong>&#8220;dievizredz\u0113tajiem&#8221;,<\/strong> bet ir nekas vair\u0101k k\u0101 viena s\u0101taniska sekta.<\/span><\/p>\n<h2><span style=\"color: #ff0000;\">N\u0101vi s\u0101tanistiem !<\/span><\/h2>\n<h3><span style=\"color: #ff0000;\"><span style=\"color: #000000;\">Kriev\u017e\u012bdisk\u0101 Krievija.<\/span><span style=\"color: #000000;\"> T\u0101du v\u0113las redz\u0113t A. Pried\u012btis un, protams, ar\u012b &#8220;ties\u012bbsargs&#8221;<\/span><\/span><span style=\"color: #ff0000;\"><span style=\"color: #000000;\">, Latviju <\/span><\/span> <span style=\"color: #ff0000;\"><em><span style=\"color: #000000;\">: <\/span><\/em><\/span><strong><span style=\"color: #ff0000;\"><a href=\"https:\/\/www.youtube.com\/watch?v=AhQEyNZun2E\">https:\/\/www.youtube.com\/watch?v=AhQEyNZun2E<\/a><\/span><\/strong><\/h3>\n","protected":false},"excerpt":{"rendered":"<p>Iev\u0113roj\u0101t, ka visi \u0161ie kriev\u017e\u012bdu okupantu ielikte\u0146i run\u0101 tautas un demokr\u0101tijas v\u0101rd\u0101 !? Es nezinu nevienu latvieti, kur\u0161 b\u016btu \u0161os okupantu ielikte\u0146u drazas pilnvarojis run\u0101t vi\u0146u v\u0101rd\u0101, protams, ar\u012b man\u0101. ========================================================================= FOTO: \u0160is foto&#46;&#46;&#46;<\/p>\n","protected":false},"author":1,"featured_media":0,"comment_status":"open","ping_status":"open","sticky":false,"template":"","format":"standard","meta":[],"categories":[1],"tags":[],"_links":{"self":[{"href":"https:\/\/tautastribunals.eu\/index.php?rest_route=\/wp\/v2\/posts\/41094"}],"collection":[{"href":"https:\/\/tautastribunals.eu\/index.php?rest_route=\/wp\/v2\/posts"}],"about":[{"href":"https:\/\/tautastribunals.eu\/index.php?rest_route=\/wp\/v2\/types\/post"}],"author":[{"embeddable":true,"href":"https:\/\/tautastribunals.eu\/index.php?rest_route=\/wp\/v2\/users\/1"}],"replies":[{"embeddable":true,"href":"https:\/\/tautastribunals.eu\/index.php?rest_route=%2Fwp%2Fv2%2Fcomments&post=41094"}],"version-history":[{"count":41,"href":"https:\/\/tautastribunals.eu\/index.php?rest_route=\/wp\/v2\/posts\/41094\/revisions"}],"predecessor-version":[{"id":42647,"href":"https:\/\/tautastribunals.eu\/index.php?rest_route=\/wp\/v2\/posts\/41094\/revisions\/42647"}],"wp:attachment":[{"href":"https:\/\/tautastribunals.eu\/index.php?rest_route=%2Fwp%2Fv2%2Fmedia&parent=41094"}],"wp:term":[{"taxonomy":"category","embeddable":true,"href":"https:\/\/tautastribunals.eu\/index.php?rest_route=%2Fwp%2Fv2%2Fcategories&post=41094"},{"taxonomy":"post_tag","embeddable":true,"href":"https:\/\/tautastribunals.eu\/index.php?rest_route=%2Fwp%2Fv2%2Ftags&post=41094"}],"curies":[{"name":"wp","href":"https:\/\/api.w.org\/{rel}","templated":true}]}}