{"id":40906,"date":"2017-08-31T20:03:52","date_gmt":"2017-08-31T17:03:52","guid":{"rendered":"http:\/\/tautastribunals.eu\/?p=40906"},"modified":"2017-08-31T20:05:04","modified_gmt":"2017-08-31T17:05:04","slug":"par-kremla-kalpu-nodeveju-juri-vectiranu","status":"publish","type":"post","link":"https:\/\/tautastribunals.eu\/?p=40906","title":{"rendered":"Par Krem\u013ca kalpu- nodev\u0113ju Juri Vectir\u0101nu"},"content":{"rendered":"<h2><span style=\"text-decoration: underline;\"><span style=\"color: #003300;\"><a href=\"http:\/\/tautastribunals.eu\/wp-content\/uploads\/2017\/08\/Za\u013c\u0161-tautastribunals.eu46.png\"><img decoding=\"async\" loading=\"lazy\" class=\"alignleft size-full wp-image-40907\" title=\"Za\u013c\u0161-tautastribunals.eu4\" src=\"http:\/\/tautastribunals.eu\/wp-content\/uploads\/2017\/08\/Za\u013c\u0161-tautastribunals.eu46.png\" alt=\"Za\u013c\u0161-tautastribunals.eu4\" width=\"646\" height=\"90\" srcset=\"https:\/\/tautastribunals.eu\/wp-content\/uploads\/2017\/08\/Za\u013c\u0161-tautastribunals.eu46.png 950w, https:\/\/tautastribunals.eu\/wp-content\/uploads\/2017\/08\/Za\u013c\u0161-tautastribunals.eu46-300x42.png 300w, https:\/\/tautastribunals.eu\/wp-content\/uploads\/2017\/08\/Za\u013c\u0161-tautastribunals.eu46-800x112.png 800w\" sizes=\"(max-width: 646px) 100vw, 646px\" \/><\/a>Valdis Freimant\u0101ls:<\/span><\/span><\/h2>\n<p><span style=\"color: #003300;\">Tikko uzzin\u0101ju, ka <strong>Juris Vectir\u0101ns<\/strong> person\u012bgi, <strong><span style=\"text-decoration: underline;\">b\u016bdams Dro\u0161\u012bbas policijas \u0161efs<\/span><\/strong>, organiz\u0113jis <strong>R\u012bgas Latvie\u0161u Biedr\u012bbas<\/strong> teroristisko likvid\u0101cijas akciju <span style=\"text-decoration: underline;\">1993. gada 18. febru\u0101ra nakt\u012b<\/span> !<\/span><\/p>\n<p><span style=\"color: #003300;\"> <\/span><\/p>\n<p><span style=\"color: #003300;\">L\u016bdzu inform\u0113t <strong>Tautas tribun\u0101lu<\/strong> visus, kuriem ir zin\u0101ma vi\u0146a saist\u012bba ar \u0161o <strong>K R I M I N \u0100 L N O Z I E G U M U <\/strong>!<\/span><\/p>\n<p><span style=\"color: #003300;\"> <\/span><\/p>\n<p><span style=\"color: #003300;\">Tas ir p\u0101rsteigums \u2013 pat gr\u016bti notic\u0113t, ka bru\u0146oto sp\u0113ku pav\u0113lnieks, <strong>\u201dSaeimas un prezidenta apsardzes priek\u0161nieks\u201d<\/strong> <strong>PERSON\u012aGI<\/strong> organiz\u0113jis <strong>R\u012bgas Latvie\u0161u Biedr\u012bbas<\/strong> bru\u0146ot\u0101s likvid\u0101cijas <strong>T E R O R A <\/strong>aktu <span style=\"text-decoration: underline;\">1993.gada 18.febru\u0101ra nakt\u012b<\/span> !<\/span><\/p>\n<p><span style=\"color: #003300;\"> <\/span><\/p>\n<p><span style=\"color: #003300;\">Rezult\u0101ts \u2013 1938, gada likum\u012bgo stat\u016btu aizlieg\u0161ana un <strong>M\u0101mu\u013cas \u201cizsl\u0113g\u0161ana \u201d<\/strong> no sabiedriskas dz\u012bves, pielai\u017eot tikai komunistu un \u010dekistu <strong>\u201cspeci\u0101listus\u201d<\/strong> darboties <strong>R\u012bgas Latvie\u0161u Biedr\u012bbas <\/strong>nam\u0101 !<\/span><\/p>\n<p><span style=\"color: #003300;\"><span style=\"text-decoration: underline;\">=============================================================================<\/span><br \/>\n<\/span><\/p>\n<p><span style=\"color: #003300;\"> <\/span><\/p>\n<h2><span style=\"text-decoration: underline;\"><span style=\"color: #ff0000;\">Vi\u0146u purni ir j\u0101zina !<\/span><\/span><\/h2>\n<p><span style=\"color: #003300;\">K\u0101p\u0113c mums ir noteikti j\u0101zina \u0161o nodev\u0113ju<em><strong> purni<\/strong><\/em> ? <\/span><\/p>\n<p><span style=\"color: #003300;\"><strong>LRTT<\/strong> public\u0113 \u0161os <em><strong>purnus <\/strong><\/em>ar tekstu,<strong><span style=\"text-decoration: underline;\"> lai n\u0101kotn\u0113 pagl\u0101btu daudzu t\u016bksto\u0161u latvie\u0161u dz\u012bv\u012bbas<\/span><\/strong>. \u0160ie <em><strong>purni <\/strong><\/em>b\u016bs tie, kuri \u017e\u012bd<strong>Krievijas<\/strong> agresijas gad\u012bjum\u0101 \u0161aus mums mugur\u0101. T\u0101p\u0113c, latviet<strong>, X<\/strong> stund\u0101 vairs daudz nespriedel\u0113, ja redzi \u0161os <em><strong>purnus,<\/strong><\/em> negaidi, bet g\u0101z virs\u016b.<\/span><\/p>\n<h2><span style=\"color: #003300;\">Nekas nepaliek apsl\u0113pts un viss reiz n\u0101k atkl\u0101t\u012bb\u0101.<\/span><\/h2>\n<p><span style=\"color: #003300;\"> <\/span><\/p>\n<p><span style=\"color: #003300;\"><strong><a href=\"http:\/\/tautastribunals.eu\/wp-content\/uploads\/2017\/08\/Juris-Vectir\u0101ns.Freimant\u0101lsGranti\u0146\u0161.LRTT.PNG\"><img decoding=\"async\" loading=\"lazy\" class=\"alignleft size-full wp-image-40915\" title=\"Juris Vectir\u0101ns.Freimant\u0101ls,Granti\u0146\u0161.LRTT\" src=\"http:\/\/tautastribunals.eu\/wp-content\/uploads\/2017\/08\/Juris-Vectir\u0101ns.Freimant\u0101lsGranti\u0146\u0161.LRTT.PNG\" alt=\"Juris Vectir\u0101ns.Freimant\u0101ls,Granti\u0146\u0161.LRTT\" width=\"387\" height=\"268\" \/><\/a>J. Vectir\u0101ns<\/strong> ir veicis \u0101rpr\u0101ta noziegumu. <\/span><\/p>\n<p><span style=\"color: #003300;\">Tas ir uzbrukums visiem mums, visam latviskajam un m\u016bsu tautai.<\/span><\/p>\n<p><span style=\"color: #003300;\"> <\/span><\/p>\n<p><span style=\"color: #003300;\">Tas netika dar\u012bts, lai nostiprin\u0101tu <strong>Tiesiskumu Latvij\u0101,<\/strong> bet tie\u0161i pret\u0113ji, lai latvie\u0161u tautai izsistu pamatus zem k\u0101j\u0101m. Tas tika dar\u012bts p\u0113c \u0101rvalstu specdienestu ieteikuma. K\u0101da <strong>\u201csist\u0113ma\u201d<\/strong> aiz visa t\u0101 st\u0101v, nav j\u0101min.<\/span><\/p>\n<p><span style=\"color: #003300;\"> <\/span><\/p>\n<p><span style=\"color: #003300;\">T\u0101tad,-augst\u0101k\u0101s raudzes <strong>NODEV\u012aBA<\/strong> !<\/span><\/p>\n<p><span style=\"color: #003300;\"> <\/span><\/p>\n<p><span style=\"color: #003300;\">Labi, ka tas viss ir n\u0101cis atkl\u0101t\u012bba. Sods \u0161im tautas nodev\u0113jam un okupantu iztaponim nekur neizpaliks.<\/span><\/p>\n<p><span style=\"color: #003300;\"> <\/span><\/p>\n<h2><span style=\"color: #003300;\"><span style=\"color: #ff0000;\">T\u0101diem ir tikai viens sods- <strong>N\u0100VES SODS<\/strong> !<\/span><br \/>\n<\/span><\/h2>\n<p><span style=\"color: #003300;\"> <\/span><\/p>\n<p><span style=\"color: #003300;\">T\u0101di <strong>Latvijas zemi<\/strong> nedr\u012bkst brad\u0101t un vi\u0146i ar\u012b nebrad\u0101s.<\/span><\/p>\n<p><span style=\"color: #003300;\"> <\/span><\/p>\n<p><span style=\"color: #003300;\">Lai ar\u012b cik vareni vi\u0146i \u0161odien j\u016btas, vi\u0146u stundas ir skait\u012btas.<\/span><\/p>\n<p><span style=\"color: #003300;\"><a href=\"http:\/\/tautastribunals.eu\/wp-content\/uploads\/2017\/08\/OsvencimaVectir\u0101ns-Granti\u0146\u0161.LRTT.PNG\"><img decoding=\"async\" loading=\"lazy\" class=\"alignleft size-full wp-image-40926\" title=\"Osvencima,Vectir\u0101ns, Granti\u0146\u0161.LRTT\" src=\"http:\/\/tautastribunals.eu\/wp-content\/uploads\/2017\/08\/OsvencimaVectir\u0101ns-Granti\u0146\u0161.LRTT.PNG\" alt=\"Osvencima,Vectir\u0101ns, Granti\u0146\u0161.LRTT\" width=\"637\" height=\"524\" srcset=\"https:\/\/tautastribunals.eu\/wp-content\/uploads\/2017\/08\/OsvencimaVectir\u0101ns-Granti\u0146\u0161.LRTT.PNG 523w, https:\/\/tautastribunals.eu\/wp-content\/uploads\/2017\/08\/OsvencimaVectir\u0101ns-Granti\u0146\u0161.LRTT-300x246.PNG 300w\" sizes=\"(max-width: 637px) 100vw, 637px\" \/><\/a>31.08.17\u00a0\u00a0\u00a0\u00a0\u00a0\u00a0\u00a0\u00a0\u00a0\u00a0\u00a0\u00a0\u00a0\u00a0\u00a0\u00a0\u00a0\u00a0\u00a0\u00a0 L. Granti\u0146\u0161<\/span><\/p>\n","protected":false},"excerpt":{"rendered":"<p>Valdis Freimant\u0101ls: Tikko uzzin\u0101ju, ka Juris Vectir\u0101ns person\u012bgi, b\u016bdams Dro\u0161\u012bbas policijas \u0161efs, organiz\u0113jis R\u012bgas Latvie\u0161u Biedr\u012bbas teroristisko likvid\u0101cijas akciju 1993. gada 18. febru\u0101ra nakt\u012b ! L\u016bdzu inform\u0113t Tautas tribun\u0101lu visus, kuriem ir zin\u0101ma vi\u0146a&#46;&#46;&#46;<\/p>\n","protected":false},"author":1,"featured_media":0,"comment_status":"open","ping_status":"open","sticky":false,"template":"","format":"standard","meta":[],"categories":[1],"tags":[],"_links":{"self":[{"href":"https:\/\/tautastribunals.eu\/index.php?rest_route=\/wp\/v2\/posts\/40906"}],"collection":[{"href":"https:\/\/tautastribunals.eu\/index.php?rest_route=\/wp\/v2\/posts"}],"about":[{"href":"https:\/\/tautastribunals.eu\/index.php?rest_route=\/wp\/v2\/types\/post"}],"author":[{"embeddable":true,"href":"https:\/\/tautastribunals.eu\/index.php?rest_route=\/wp\/v2\/users\/1"}],"replies":[{"embeddable":true,"href":"https:\/\/tautastribunals.eu\/index.php?rest_route=%2Fwp%2Fv2%2Fcomments&post=40906"}],"version-history":[{"count":22,"href":"https:\/\/tautastribunals.eu\/index.php?rest_route=\/wp\/v2\/posts\/40906\/revisions"}],"predecessor-version":[{"id":40930,"href":"https:\/\/tautastribunals.eu\/index.php?rest_route=\/wp\/v2\/posts\/40906\/revisions\/40930"}],"wp:attachment":[{"href":"https:\/\/tautastribunals.eu\/index.php?rest_route=%2Fwp%2Fv2%2Fmedia&parent=40906"}],"wp:term":[{"taxonomy":"category","embeddable":true,"href":"https:\/\/tautastribunals.eu\/index.php?rest_route=%2Fwp%2Fv2%2Fcategories&post=40906"},{"taxonomy":"post_tag","embeddable":true,"href":"https:\/\/tautastribunals.eu\/index.php?rest_route=%2Fwp%2Fv2%2Ftags&post=40906"}],"curies":[{"name":"wp","href":"https:\/\/api.w.org\/{rel}","templated":true}]}}