{"id":40710,"date":"2017-08-26T13:30:06","date_gmt":"2017-08-26T10:30:06","guid":{"rendered":"http:\/\/tautastribunals.eu\/?p=40710"},"modified":"2017-08-26T15:36:47","modified_gmt":"2017-08-26T12:36:47","slug":"godmana-miesassargs-r-kozlovskis-bida-kartejo-krievzidu","status":"publish","type":"post","link":"https:\/\/tautastribunals.eu\/?p=40710","title":{"rendered":"Maiz\u012btis \u0122imam pie\u0161\u0137ir pielaidi valsts nosl\u0113pumiem"},"content":{"rendered":"<p><span style=\"color: #003300;\"><a href=\"http:\/\/tautastribunals.eu\/wp-content\/uploads\/2017\/08\/Za\u013c\u0161-tautastribunals.eu45.png\"><img decoding=\"async\" loading=\"lazy\" class=\"alignleft size-full wp-image-40804\" title=\"Za\u013c\u0161-tautastribunals.eu4\" src=\"http:\/\/tautastribunals.eu\/wp-content\/uploads\/2017\/08\/Za\u013c\u0161-tautastribunals.eu45.png\" alt=\"Za\u013c\u0161-tautastribunals.eu4\" width=\"607\" height=\"84\" srcset=\"https:\/\/tautastribunals.eu\/wp-content\/uploads\/2017\/08\/Za\u013c\u0161-tautastribunals.eu45.png 950w, https:\/\/tautastribunals.eu\/wp-content\/uploads\/2017\/08\/Za\u013c\u0161-tautastribunals.eu45-300x42.png 300w, https:\/\/tautastribunals.eu\/wp-content\/uploads\/2017\/08\/Za\u013c\u0161-tautastribunals.eu45-800x112.png 800w\" sizes=\"(max-width: 607px) 100vw, 607px\" \/><\/a><\/span><\/p>\n<p><strong>Kozlovskis IeM valsts sekret\u0101ra amatam virza Dimitriju Trofimovu<\/strong><\/p>\n<p><a href=\"http:\/\/www.DELFI.lv\" target=\"_blank\"><\/a><a href=\"http:\/\/tautastribunals.eu\/wp-content\/uploads\/2017\/08\/Trof\u012bmovs.-Kozlovskis.LRTT.Granti\u0146\u0161.PNG\"><img decoding=\"async\" loading=\"lazy\" class=\"alignleft size-full wp-image-40713\" title=\"Trof\u012bmovs. Kozlovskis.LRTT.Granti\u0146\u0161\" src=\"http:\/\/tautastribunals.eu\/wp-content\/uploads\/2017\/08\/Trof\u012bmovs.-Kozlovskis.LRTT.Granti\u0146\u0161.PNG\" alt=\"Trof\u012bmovs. Kozlovskis.LRTT.Granti\u0146\u0161\" width=\"147\" height=\"181\" srcset=\"https:\/\/tautastribunals.eu\/wp-content\/uploads\/2017\/08\/Trof\u012bmovs.-Kozlovskis.LRTT.Granti\u0146\u0161.PNG 435w, https:\/\/tautastribunals.eu\/wp-content\/uploads\/2017\/08\/Trof\u012bmovs.-Kozlovskis.LRTT.Granti\u0146\u0161-244x300.PNG 244w\" sizes=\"(max-width: 147px) 100vw, 147px\" \/><\/a>www.DELFI.lv<\/p>\n<p><a href=\"http:\/\/www.delfi.lv\/autori\/?id=45266176\" target=\"_blank\"><strong>Gunita Gail\u0101ne<\/strong><\/a><br \/>\nDELFI \u017eurn\u0101liste<\/p>\n<p><strong>Iek\u0161lietu ministrs Rihards Kozlovsksis (V) patlaban vakantajam\u00a0<a title=\"Iek\u0161lietu ministrija\" href=\"http:\/\/www.delfi.lv\/temas\/iekslietu-ministrija\" target=\"_blank\">Iek\u0161lietu ministrijas<\/a> valsts sekret\u0101ra amatam apstiprin\u0101\u0161anai vald\u012bb\u0101 nol\u0113mis virz\u012bt Dimitriju Trofimovu, liecina izskat\u012b\u0161anai Ministru kabinet\u0101 iesniegtie dokumenti.<\/strong><\/p>\n<p>Vald\u012bba pl\u0101nojusi par Trofimova iecel\u0161anu<strong> IeM <\/strong>valsts sekret\u0101ra amat\u0101 lemt 22. august\u0101.<\/p>\n<p>Vald\u012bb\u0101 iesniegtajos dokumentos teikts, ka IeM valsts sekret\u0101ra amats ir vakants kop\u0161 8. j\u016bnija. Apstiprin\u0101\u0161anas gad\u012bjum\u0101, Trofimovs s\u0101ks str\u0101d\u0101t valsts sekret\u0101ra amat\u0101 uzreiz p\u0113c apstiprin\u0101\u0161anas 22. august\u0101.<\/p>\n<p>Jau zi\u0146ots, ka iepriek\u0161\u0113jai IeM valsts sekret\u0101rei Ilzei P\u0113tersonei-Godmanei\u00a0<a title=\"Satversmes aizsardz\u012bbas birojs\" href=\"http:\/\/www.delfi.lv\/temas\/satversmes-aizsardzibas-birojs\" target=\"_blank\">Satversmes aizsardz\u012bbas birojs<\/a> (SAB) atteic\u0101s pagarin\u0101t pielaidi valsts nosl\u0113pumam. P\u0113tersone-Godmane gan \u0161o l\u0113mumu p\u0101rs\u016bdz\u0113ja \u0123ener\u0101lprokuroram \u0112rikam Kalnmeieram, kur\u0161 to atst\u0101ja sp\u0113k\u0101.<\/p>\n<p>L\u012bdz ar to P\u0113tersone-Godmane amatu atst\u0101ja, bet pien\u0101kumi tika uztic\u0113ti vi\u0146as vietniekam Trofimovam.<\/p>\n<p>Trofimova vald\u012bb\u0101 iesniegtais dz\u012bvesg\u0101juma apraksts liecina, ka no 2015. gada l\u012bdz \u0161im br\u012bdim vi\u0146\u0161 bijis IeM valsts sekret\u0101ra vietnieks un Nozares politikas departamenta direktors.<\/p>\n<p>No 2005. gada l\u012bdz 2009. gadam Trofimovs str\u0101d\u0101jis par Juridisk\u0101 departamenta direktora vietnieku IeM, bet pirms tam bijis Juridisk\u0101 un administrat\u012bv\u0101 departamenta Juridisk\u0101s noda\u013cas vad\u012bt\u0101ja vietnieks Vesel\u012bbas ministrij\u0101.<\/p>\n<p>No 2004. gada l\u012bdz 2005. gadam vi\u0146\u0161 bijis Juridisk\u0101 un administrat\u012bv\u0101 departamenta Juridisk\u0101s noda\u013cas juriskonsults Vesel\u012bbas ministrij\u0101 un IeM Juridisk\u0101 departamenta \u0101r\u0161tata padomnieks, bet v\u0113l pirms tam IeM bijis Juridisk\u0101 departamenta Normat\u012bvo aktu noda\u013cas juristkonsultants, k\u0101 ar\u012b Eiropas lietu un starptautisk\u0101s sadarb\u012bbas departamenta Likumdo\u0161anas saska\u0146o\u0161anas noda\u013cas juriskonsults.<\/p>\n<p>2004. gad\u0101 Trofimovs sa\u0146\u0113mis jurista diplomu, bet p\u0113c tam turpin\u0101jis m\u0101c\u012bbas Latvijas Policijas akad\u0113mij\u0101, kur ieguvis ma\u0123istra gr\u0101du Ties\u012bbu zin\u0101tn\u0113. Papildu zin\u0101\u0161anas ieguvis l\u012bder\u012bbas programm\u0101 &#8220;L\u012bder\u012bbas m\u0101ksla&#8221;, k\u0101 ar\u012b izg\u0101jis apm\u0101c\u012bbu programmu pirms Latvijas prezident\u016bras\u00a0<a title=\"Eiropas Savien\u012bba\" href=\"http:\/\/www.delfi.lv\/temas\/eiropas-savieniba\" target=\"_blank\">Eiropas Savien\u012bbas<\/a> padom\u0113, bet v\u0113l \u0161ogad vi\u0146\u0161 apmekl\u0113jis vad\u012bt\u0101ju att\u012bst\u012bbas programmu.<\/p>\n<p>Papildu latvie\u0161u valodai Trofimovs apguvis ang\u013cu un krievu valodas.<\/p>\n<p><a href=\"http:\/\/tautastribunals.eu\/wp-content\/uploads\/2017\/08\/MIGLA-SARKAN\u0100-NOL\u0100D\u0112T\u0100REINIKS\u0100BOLTI\u0145A33.PNG\"><img decoding=\"async\" loading=\"lazy\" class=\"alignleft size-full wp-image-40808\" title=\"MIGLA-SARKAN\u0100-NOL\u0100D\u0112T\u0100REINIKS\u0100BOLTI\u0145A3\" src=\"http:\/\/tautastribunals.eu\/wp-content\/uploads\/2017\/08\/MIGLA-SARKAN\u0100-NOL\u0100D\u0112T\u0100REINIKS\u0100BOLTI\u0145A33.PNG\" alt=\"MIGLA-SARKAN\u0100-NOL\u0100D\u0112T\u0100REINIKS\u0100BOLTI\u0145A3\" width=\"605\" height=\"51\" srcset=\"https:\/\/tautastribunals.eu\/wp-content\/uploads\/2017\/08\/MIGLA-SARKAN\u0100-NOL\u0100D\u0112T\u0100REINIKS\u0100BOLTI\u0145A33.PNG 986w, https:\/\/tautastribunals.eu\/wp-content\/uploads\/2017\/08\/MIGLA-SARKAN\u0100-NOL\u0100D\u0112T\u0100REINIKS\u0100BOLTI\u0145A33-300x25.PNG 300w, https:\/\/tautastribunals.eu\/wp-content\/uploads\/2017\/08\/MIGLA-SARKAN\u0100-NOL\u0100D\u0112T\u0100REINIKS\u0100BOLTI\u0145A33-800x68.PNG 800w\" sizes=\"(max-width: 605px) 100vw, 605px\" \/><\/a><a href=\"http:\/\/tautastribunals.eu\/wp-content\/uploads\/2017\/08\/Rihards-Bunka.Dmitrijs-Trofimovs.L.-Granti\u0146\u0161.LRTT.PNG\"><img decoding=\"async\" loading=\"lazy\" class=\"alignleft size-full wp-image-40809\" title=\"Rihards Bunka.Dmitrijs Trofimovs.L. Granti\u0146\u0161.LRTT\" src=\"http:\/\/tautastribunals.eu\/wp-content\/uploads\/2017\/08\/Rihards-Bunka.Dmitrijs-Trofimovs.L.-Granti\u0146\u0161.LRTT.PNG\" alt=\"Rihards Bunka.Dmitrijs Trofimovs.L. Granti\u0146\u0161.LRTT\" width=\"605\" height=\"250\" srcset=\"https:\/\/tautastribunals.eu\/wp-content\/uploads\/2017\/08\/Rihards-Bunka.Dmitrijs-Trofimovs.L.-Granti\u0146\u0161.LRTT.PNG 1013w, https:\/\/tautastribunals.eu\/wp-content\/uploads\/2017\/08\/Rihards-Bunka.Dmitrijs-Trofimovs.L.-Granti\u0146\u0161.LRTT-300x123.PNG 300w, https:\/\/tautastribunals.eu\/wp-content\/uploads\/2017\/08\/Rihards-Bunka.Dmitrijs-Trofimovs.L.-Granti\u0146\u0161.LRTT-800x329.PNG 800w\" sizes=\"(max-width: 605px) 100vw, 605px\" \/><\/a><\/p>\n<p>FOTO: <span style=\"color: #ff0000;\"><em>Tarak\u0101ni ! <\/em><\/span><\/p>\n<p><span style=\"color: #ff0000;\"><em>Visi, kuri ir kop\u0101 ar sadistu <strong>Bunku, <\/strong>tiks ties\u0101ti ar <strong>ASM-<\/strong> <strong>genoc\u012bds pret latvie\u0161u tautu <\/strong>!<\/em><\/span><\/p>\n<p>Kriev\u017e\u012bdu \u010dekisti un vi\u0146u s\u0101tanisk\u0101s spermas produkti ar vien piln\u012bg\u0101k kontrol\u0113 latvie\u0161u tautu. Tiek tais\u012btas neiedom\u0101jamas rok\u0101des. Lai viss izskat\u012btos p\u0113c demokr\u0101tijas. Padom\u0101 tikai, P\u0113tersonei- Godmanei<em>(VDK darbinieka- slepkavas I.Godma\u0146a sieva)<\/em> <strong>Satversmes aizsardz\u012bbas birojs<\/strong><em>(SAB) <\/em>atteic pielaidi valsts nosl\u0113pumam. Klausies, latviet<strong>: VALSTS NOSL\u0112PUMAM<\/strong> !!! Un k\u0101ds tad ir \u0161\u012bs valsts, kura saucas Latvija, nosl\u0113pums ?<\/p>\n<p>Vai tas, ka \u0161o valsti kontrol\u0113 un vada <strong><span style=\"text-decoration: underline;\">Krievijas- Izra\u0113las komunistiskie cionistu noziedznieki- slepkavas un valsts izzadz\u0113ji<\/span><\/strong> ?<\/p>\n<p>Un, kur\u0161 tad vada <strong>SAB<\/strong> ?<\/p>\n<p>Nu neviens cits k\u0101 <strong>Krievijas \u010dekistu mafijas<\/strong><em>(p\u0113c b\u016bt\u012bbas Izra\u0113las)<\/em> aizst\u0101vis <strong>Ja\u0146is Maizitis<\/strong>.<\/p>\n<p><a href=\"http:\/\/tautastribunals.eu\/wp-content\/uploads\/2017\/08\/J\u0101nis_Maiz\u012btis-I.-Feldmanis-Aivars-Stranga-Prezidents-B\u0113rzi\u0146\u0161-J\u0101nis-Reiniks.jpg\"><img decoding=\"async\" loading=\"lazy\" class=\"alignleft size-full wp-image-40827\" title=\"J\u0101nis_Maiz\u012btis-I.-Feldmanis-Aivars-Stranga-Prezidents-B\u0113rzi\u0146\u0161-J\u0101nis-Reiniks\" src=\"http:\/\/tautastribunals.eu\/wp-content\/uploads\/2017\/08\/J\u0101nis_Maiz\u012btis-I.-Feldmanis-Aivars-Stranga-Prezidents-B\u0113rzi\u0146\u0161-J\u0101nis-Reiniks.jpg\" alt=\"J\u0101nis_Maiz\u012btis-I.-Feldmanis-Aivars-Stranga-Prezidents-B\u0113rzi\u0146\u0161-J\u0101nis-Reiniks\" width=\"235\" height=\"167\" srcset=\"https:\/\/tautastribunals.eu\/wp-content\/uploads\/2017\/08\/J\u0101nis_Maiz\u012btis-I.-Feldmanis-Aivars-Stranga-Prezidents-B\u0113rzi\u0146\u0161-J\u0101nis-Reiniks.jpg 657w, https:\/\/tautastribunals.eu\/wp-content\/uploads\/2017\/08\/J\u0101nis_Maiz\u012btis-I.-Feldmanis-Aivars-Stranga-Prezidents-B\u0113rzi\u0146\u0161-J\u0101nis-Reiniks-300x213.jpg 300w\" sizes=\"(max-width: 235px) 100vw, 235px\" \/><\/a>Tas pats, par kuru <strong>Indulis Ronis<\/strong> sac\u012bja: <em><span style=\"color: #0000ff;\">\u201eJa\u00a0 Krimin\u0101ltiesisko\u00a0 zin\u0101t\u0146u\u00a0 katedras\u00a0 vieslektors\u00a0 <strong>J\u0101nis\u00a0 Maiz\u012btis <\/strong>un\u00a0 biju\u0161ais\u00a0 \u0123ener\u0101lprokurors,\u00a0 pa\u0161laik <\/span><strong><span style=\"color: #0000ff;\"> Valsts <\/span><span style=\"color: #0000ff;\">prezidenta\u00a0 padomnieks\u00a0 nacion\u0101l\u0101s\u00a0 dro\u0161\u012bbas\u00a0 jaut\u0101jumos<\/span><\/strong><span style=\"color: #0000ff;\"> un\u00a0 <strong>Nacion\u0101l\u0101s Dro\u0161\u012bbas\u00a0 padomes <\/strong>sekret\u0101rs\u00a0 <strong>J\u0101nis\u00a0 Maiz\u012btis <\/strong>ir\u00a0 identiskas\u00a0 personas,\u00a0 tad\u00a0 t\u0101\u00a0 ir\u00a0 piln\u012bga\u00a0 visas\u00a0 <strong>Latvijas Universit\u0101tes<\/strong> katastrofa. <\/span><\/em><\/p>\n<p><em><span style=\"color: #0000ff;\"><span style=\"text-decoration: underline;\">Proti, <\/span><strong> Nacion\u0101l\u0101s\u00a0 Dro\u0161\u012bbas\u00a0 padomes\u00a0 sekret\u0101rs J\u0101nis\u00a0 Maiz\u012btis<\/strong><span style=\"text-decoration: underline;\"> ir\u00a0 veicis\u00a0 sistem\u0101tisku\u00a0 darb\u012bbu,\u00a0 lai\u00a0 groz\u012btu\u00a0 valsts\u00a0 iek\u0101rtu<\/span>,\u00a0 \u0161aj\u0101\u00a0 nol\u016bk\u0101\u00a0 noziedz\u012bgi\u00a0 nosl\u0113pjot\u00a0 no\u00a0 <strong>Valsts\u00a0 prezidenta<\/strong> un\u00a0 <strong>Nacion\u0101l\u0101s\u00a0 Dro\u0161\u012bbas <\/strong>padomes\u00a0 vair\u0101kus\u00a0 b\u016btiskus\u00a0 iesniegumus\u00a0 nacion\u0101l\u0101s\u00a0 dro\u0161\u012bbas\u00a0\u00a0jaut\u0101jumos, k\u0101\u00a0 tas\u00a0 redzams\u00a0\u00a0ar\u012b\u00a0 no\u00a0 pielikuma 4.dokumenta. <\/span><\/em><\/p>\n<p><em><span style=\"color: #0000ff;\">S\u012bk\u0101k\u00a0 par\u00a0 \u0161\u012bm\u00a0 liet\u0101m\u00a0 run\u0101ju\u00a0 sav\u0101\u00a0 \u0161.g. 15.febru\u0101ra\u00a0 iesniegum\u0101\u00a0 izgl\u012bt\u012bbas\u00a0 un\u00a0 zin\u0101tnes\u00a0 ministram\u00a0 Robertam\u00a0 \u0136\u012blim\u00a0 \u00a0(pielikuma\u00a0 3.dokuments),\u00a0 kura\u00a0 sa\u0146em\u0161anu\u00a0,\u00a0 gods\u00a0 godam,\u00a0 ministrija\u00a0 apstiprin\u0101ja\u00a0 taj\u0101\u00a0 pa\u0161\u0101\u00a0 dien\u0101,\u00a0 bet\u00a0 no\u00a0<strong> J.Maiz\u012b\u0161a <\/strong>un\u00a0 citiem\u00a0 Valsts\u00a0 prezidenta\u00a0 kancelejas\u00a0\u00a0adres\u0101tiem\u00a0 \u00a0ne\u00a0 \u010diku,\u00a0 ne\u00a0 grabu.\u00a0 \u00a0Pievienotajos\u00a0 iesniegumos\u00a0 Izgl\u012bt\u012bbas\u00a0 un\u00a0 zin\u0101tnes\u00a0 ministram\u00a0 nedaudz\u00a0 pakav\u0113jos\u00a0 ar\u012b\u00a0 pie\u00a0 <strong>Latvijas<\/strong> un\u00a0<strong> Austrumeiropas <\/strong>v\u0113stures\u00a0 falsific\u0113\u0161anu\u00a0 sarkan\u0101\u00a0 un\u00a0 br\u016bn\u0101\u00a0 totalit\u0101risma\u00a0 m\u012btu\u00a0 gar\u0101.\u201c<\/span><\/em><\/p>\n<h2><em><span style=\"color: #0000ff;\"> <\/span><\/em><span style=\"color: #0000ff;\"><a href=\"http:\/\/tautastribunals.eu\/?p=20701\">http:\/\/tautastribunals.eu\/?p=20701<\/a><\/span><\/h2>\n<p><a href=\"http:\/\/tautastribunals.eu\/wp-content\/uploads\/2017\/08\/BunkaGranti\u0146\u0161LRTT.PNG\"><img decoding=\"async\" loading=\"lazy\" class=\"alignleft size-full wp-image-40832\" title=\"Bunka,Granti\u0146\u0161,LRTT\" src=\"http:\/\/tautastribunals.eu\/wp-content\/uploads\/2017\/08\/BunkaGranti\u0146\u0161LRTT.PNG\" alt=\"Bunka,Granti\u0146\u0161,LRTT\" width=\"305\" height=\"167\" srcset=\"https:\/\/tautastribunals.eu\/wp-content\/uploads\/2017\/08\/BunkaGranti\u0146\u0161LRTT.PNG 573w, https:\/\/tautastribunals.eu\/wp-content\/uploads\/2017\/08\/BunkaGranti\u0146\u0161LRTT-300x164.PNG 300w\" sizes=\"(max-width: 305px) 100vw, 305px\" \/><\/a>Un tagad, latviet, neiekr\u012bti \u0123\u012bboni. <strong>Ja\u0146is Maizitis<\/strong> izsniedz pielaidi <strong>\u201cvalsts nosl\u0113pumam\u201d <\/strong>nevienam cit\u0101m, k\u0101 <strong>Latvijas kriev\u017e\u012bdam \u0122imam Timof\u0113jevam<\/strong>.<\/p>\n<p>Kriev\u017e\u012bdu mafija <strong>\u201crull\u0113\u201d, <\/strong>k\u0101 reiz izsac\u012bj\u0101s <strong><span style=\"text-decoration: underline;\">krievu \u010dekistu \u201cmatrace\u201d<\/span> VVF<\/strong>.<\/p>\n<p>K\u0101 tad non\u0101ca pie k\u0101rt\u0113j\u0101 kriev\u017e\u012bda-<strong> \u0122imas<\/strong><em>(Dmitrijs Trofimos)<\/em> ?<\/p>\n<p>\u0160is <strong>k\u0101rt\u0113jais tarak\u0101ns <\/strong>tiek ieteikts no k\u0101da cita <strong>tarak\u0101na<\/strong>&#8211; <strong>Riharda Kozlovska,<\/strong> kur\u0161 k\u0101dreiz bija<strong> VDK<\/strong> darbinieka- slepkavas <strong>Godma\u0146a miesassargs, <\/strong>k\u0101da cita \u010dekista un slepkavas <strong>Andra Bunkas<\/strong> izveidotaj\u0101 band\u0101. T\u0101tad,-<strong><span style=\"text-decoration: underline;\"> \u010dekists \u010dekista gal\u0101, slepkava slepkavas gal\u0101<\/span><\/strong>. \u0160is pats<strong> Trof\u012bmovs<\/strong> ir <strong>Andra Bunkas<\/strong> aud\u017eud\u0113la- kriev\u017e\u012bda <strong>Riharda Bunkas<\/strong> draugs. L\u016bk, k\u0101du <strong>\u201c\u0123imenes\u201d<\/strong> bandu veido<strong> Latvijas \u201cDRO\u0160\u012aBAS IEST\u0100DES<\/strong>\u201d.<\/p>\n<p>Abos \u0161ajos <strong>\u201ctarak\u0101nos\u201d <\/strong>nav neviens procents latvie\u0161u asinis !!!<\/p>\n<p>Ievietotaj\u0101 foto redzams, kur abi \u0161ie tarak\u0101ni nofotograf\u0113ju\u0161ies biju\u0161\u0101s <strong>IeM<\/strong> \u0113kas pagrab\u0101, kur vi\u0146u t\u0113vi un priek\u0161nieki \u0161\u0101va <strong>Atmodas<\/strong> laik\u0101 uz <strong>Latvijas<\/strong> patriotiem. Sekojot <strong>Astr\u012bdas Bab\u0101nes<\/strong> liec\u012bb\u0101m redzam, ka vi\u0146as nov\u0113rojumi ir pareizi, ka bez <strong>Bunkas <\/strong>l\u012bdzdal\u012bbas nekas<strong> Latvij\u0101<\/strong> nenotiek. Aiz visa t\u0101 protams, ka st\u0101v <strong>Godmanis, Borovkovs<\/strong> un ar\u012b <strong>Egils Levits<\/strong>, kur\u0161 visu to piesedz<strong> ES<\/strong>.<\/p>\n<p>Un tagad paklausies, latviet, \u017e\u012bdisko triku, bet pareiz\u0101k b\u016btu sac\u012bts- neliet\u012bbu: <strong>\u201cPapildu latvie\u0161u valodai Trof\u012bmovs apguvis ang\u013cu un krievu valodas.\u201d <\/strong><\/p>\n<p>Vai tom\u0113r pareiz\u0101k neb\u016btu: \u201c<strong>Papildu krievu valodai Trof\u012bmovs apguvis ang\u013cu un latvie\u0161u valodas\u201d ?<\/strong><\/p>\n<p>Nu un cik redzam, tad <strong>ES<\/strong> ar\u012b pabijis un <strong>\u201cpasta\u017e\u0113jies\u201d <\/strong>pie jaun\u0101 tautas gl\u0101b\u0113ja<strong> J. Bord\u0101na <\/strong>drauga <strong>E. Levita.<\/strong><\/p>\n<p>Par <strong>Trof\u012bmova <\/strong>gad\u012bjumu sa\u0146\u0113mu tr\u012bs e- pastus. Vien\u0101 bija sac\u012bts:<br \/>\n<strong>\u201cR.Bunka m\u0113\u0123in\u0101s lob\u0113t represijas pret Jums.\u201d<\/strong><\/p>\n<p>Protams, \u0161is kriev\u017e\u012bdu sadists dar\u012bs visu, kas vi\u0146a sp\u0113kos, jo vi\u0146\u0161 saprot, ka <strong><span style=\"text-decoration: underline;\">L. Granti\u0146\u0161 <\/span><\/strong><span style=\"text-decoration: underline;\">ir vi\u0146a n\u0101ve<\/span>.<\/p>\n<p><a href=\"http:\/\/tautastribunals.eu\/?p=39910\"><strong>Izvilkums no A. Bab\u0101nes liec\u012bb\u0101m<\/strong><em>(atv\u0113rt)<\/em><strong>:<\/strong><\/a><span style=\"color: #0000ff;\"><a href=\"http:\/\/tautastribunals.eu\/?p=39910\"> <\/a><em>\u201dKad<strong> Bunka<\/strong> bija <strong>Dro\u0161\u012bbas da\u013cas priek\u0161nieks,<\/strong> 2013.gada 14.septembr\u012b <strong>Centr\u0101lcietum\u0101 tika nosp\u012bdzin\u0101ts l\u012bdz n\u0101vei ieslodz\u012btais tie\u0161i br\u012bd\u012b, kad pa cietumu staig\u0101ja Eiropas pretsp\u012bdzin\u0101\u0161anas komisija.<\/strong> Tagad tos darbiniekus\/sit\u0113jus ties\u0101, 6.j\u016bnij\u0101 bija v\u0113l viena tiesas s\u0113de. Interesanti, ka lietu par ieslodz\u012bt\u0101 nosi\u0161anu izmekl\u0113ja Centr\u0101lcietuma izmekl\u0113t\u0101js majors<strong> Dmitro K\u0146azevs <\/strong>no <strong>LJA SS14<\/strong>. \u0160ogad <strong>Daugavpils cietum\u0101 izdar\u012bja pa\u0161n\u0101v\u012bbu ieslodz\u012btais slepkava,<\/strong> kur\u0161 baid\u012bj\u0101s iziet no kameras uz videokonferenci ar <strong>R. Bunku.\u201d<\/strong><\/em><\/span><\/p>\n<h2>T\u0101 sac\u012bt,- 1940 gada gar\u0101 !!!<\/h2>\n<p>To laika <strong>\u010dekistu asinsdarbus<\/strong> t\u0101lak veic vi\u0146u b\u0113rni un mazb\u0113rni. Tas nododas t\u0101l\u0101k g\u0113nu l\u012bmeni. T\u0101p\u0113c \u0161\u012bs suga ir fiziski izn\u012bcin\u0101ma.<\/p>\n<p><strong>Un <\/strong><strong>Latvijas MK<\/strong><strong> <\/strong>apstiprina \u0161o<strong> <\/strong><strong>tarak\u0101nu,<\/strong> kuram <strong>J. Maiz\u012btis<\/strong><strong> <\/strong>d\u0101sni pie\u0161\u0137\u012bris pielaidi<strong> Latvijas<\/strong><em> <\/em><strong>valsts<\/strong><em>(t\u0101tad ar\u012b NATO)<\/em><em> <\/em>nosl\u0113pumiem.<strong> !!! <\/strong><\/p>\n<p>Tas noz\u012bm\u0113 tikai vienu, ka pagaid\u0101m m\u016bsu <strong>Dzimtene<\/strong><strong> <\/strong>saucas nevis <strong>Latvija<\/strong>, bet<strong> <\/strong><strong>\u017didost\u0101na<\/strong><strong>.<\/strong><\/p>\n<h2><strong>N\u0101vi okupantiem, \u010dekistim un vi\u0146u ielikte\u0146iem !!!<\/strong><\/h2>\n<p><a href=\"http:\/\/tautastribunals.eu\/wp-content\/uploads\/2017\/08\/Ministri.\u0160adurskisMelb\u0101rdeReirs\u010cak\u0161aRasna\u010ds.Granti\u0146\u0161.LRTT.PNG\"><img decoding=\"async\" loading=\"lazy\" class=\"alignleft size-full wp-image-40815\" title=\"Ministri.\u0160adurskis,Melb\u0101rde,Reirs,\u010cak\u0161a,Rasna\u010ds.Granti\u0146\u0161.LRTT\" src=\"http:\/\/tautastribunals.eu\/wp-content\/uploads\/2017\/08\/Ministri.\u0160adurskisMelb\u0101rdeReirs\u010cak\u0161aRasna\u010ds.Granti\u0146\u0161.LRTT.PNG\" alt=\"Ministri.\u0160adurskis,Melb\u0101rde,Reirs,\u010cak\u0161a,Rasna\u010ds.Granti\u0146\u0161.LRTT\" width=\"620\" height=\"1195\" srcset=\"https:\/\/tautastribunals.eu\/wp-content\/uploads\/2017\/08\/Ministri.\u0160adurskisMelb\u0101rdeReirs\u010cak\u0161aRasna\u010ds.Granti\u0146\u0161.LRTT.PNG 640w, https:\/\/tautastribunals.eu\/wp-content\/uploads\/2017\/08\/Ministri.\u0160adurskisMelb\u0101rdeReirs\u010cak\u0161aRasna\u010ds.Granti\u0146\u0161.LRTT-155x300.PNG 155w, https:\/\/tautastribunals.eu\/wp-content\/uploads\/2017\/08\/Ministri.\u0160adurskisMelb\u0101rdeReirs\u010cak\u0161aRasna\u010ds.Granti\u0146\u0161.LRTT-415x799.PNG 415w\" sizes=\"(max-width: 620px) 100vw, 620px\" \/><\/a>26.08.17\u00a0\u00a0\u00a0\u00a0 L. Granti\u0146\u0161<strong><br \/>\n<\/strong><\/p>\n","protected":false},"excerpt":{"rendered":"<p>Kozlovskis IeM valsts sekret\u0101ra amatam virza Dimitriju Trofimovu www.DELFI.lv Gunita Gail\u0101ne DELFI \u017eurn\u0101liste Iek\u0161lietu ministrs Rihards Kozlovsksis (V) patlaban vakantajam\u00a0Iek\u0161lietu ministrijas valsts sekret\u0101ra amatam apstiprin\u0101\u0161anai vald\u012bb\u0101 nol\u0113mis virz\u012bt Dimitriju Trofimovu, liecina izskat\u012b\u0161anai Ministru kabinet\u0101&#46;&#46;&#46;<\/p>\n","protected":false},"author":1,"featured_media":0,"comment_status":"open","ping_status":"open","sticky":false,"template":"","format":"standard","meta":[],"categories":[1],"tags":[],"_links":{"self":[{"href":"https:\/\/tautastribunals.eu\/index.php?rest_route=\/wp\/v2\/posts\/40710"}],"collection":[{"href":"https:\/\/tautastribunals.eu\/index.php?rest_route=\/wp\/v2\/posts"}],"about":[{"href":"https:\/\/tautastribunals.eu\/index.php?rest_route=\/wp\/v2\/types\/post"}],"author":[{"embeddable":true,"href":"https:\/\/tautastribunals.eu\/index.php?rest_route=\/wp\/v2\/users\/1"}],"replies":[{"embeddable":true,"href":"https:\/\/tautastribunals.eu\/index.php?rest_route=%2Fwp%2Fv2%2Fcomments&post=40710"}],"version-history":[{"count":30,"href":"https:\/\/tautastribunals.eu\/index.php?rest_route=\/wp\/v2\/posts\/40710\/revisions"}],"predecessor-version":[{"id":40825,"href":"https:\/\/tautastribunals.eu\/index.php?rest_route=\/wp\/v2\/posts\/40710\/revisions\/40825"}],"wp:attachment":[{"href":"https:\/\/tautastribunals.eu\/index.php?rest_route=%2Fwp%2Fv2%2Fmedia&parent=40710"}],"wp:term":[{"taxonomy":"category","embeddable":true,"href":"https:\/\/tautastribunals.eu\/index.php?rest_route=%2Fwp%2Fv2%2Fcategories&post=40710"},{"taxonomy":"post_tag","embeddable":true,"href":"https:\/\/tautastribunals.eu\/index.php?rest_route=%2Fwp%2Fv2%2Ftags&post=40710"}],"curies":[{"name":"wp","href":"https:\/\/api.w.org\/{rel}","templated":true}]}}