{"id":40687,"date":"2017-08-18T18:37:38","date_gmt":"2017-08-18T15:37:38","guid":{"rendered":"http:\/\/tautastribunals.eu\/?p=40687"},"modified":"2022-05-26T13:54:58","modified_gmt":"2022-05-26T10:54:58","slug":"lasitajs-un-visur-figure-indriksons-un-videmane","status":"publish","type":"post","link":"https:\/\/tautastribunals.eu\/?p=40687","title":{"rendered":"Las\u012bt\u0101js. Un visur figur\u0113 Indriksons un Veidemane !"},"content":{"rendered":"<h2>LRTT pasts<\/h2>\n<p><span style=\"color: #003300;\"><a href=\"http:\/\/tautastribunals.eu\/wp-content\/uploads\/2017\/08\/Za\u013c\u0161-tautastribunals.eu43.png\"><img decoding=\"async\" loading=\"lazy\" class=\"alignleft  wp-image-40688\" title=\"Za\u013c\u0161-tautastribunals.eu4\" src=\"http:\/\/tautastribunals.eu\/wp-content\/uploads\/2017\/08\/Za\u013c\u0161-tautastribunals.eu43.png\" alt=\"Za\u013c\u0161-tautastribunals.eu4\" width=\"1922\" height=\"269\" srcset=\"https:\/\/tautastribunals.eu\/wp-content\/uploads\/2017\/08\/Za\u013c\u0161-tautastribunals.eu43.png 950w, https:\/\/tautastribunals.eu\/wp-content\/uploads\/2017\/08\/Za\u013c\u0161-tautastribunals.eu43-300x42.png 300w, https:\/\/tautastribunals.eu\/wp-content\/uploads\/2017\/08\/Za\u013c\u0161-tautastribunals.eu43-800x112.png 800w\" sizes=\"(max-width: 1922px) 100vw, 1922px\" \/><\/a>Skat\u012bsimies k\u0101 b\u016bs pirms \u0161\u012bm <strong>Saeimas <\/strong>v\u0113l\u0113\u0161an\u0101m. Vai p\u0113d\u0113jo gadu laik\u0101 noslepkavotajiem<em>(v\u0113sturnieks Ronis, m\u016bzi\u0137is Br\u012bze, rakstnieks Purs, m\u0101c\u012bt\u0101js Kavacis<\/em>, <em>m\u0101kslinieks Vizulis)<\/em> pievienosies v\u0113l k\u0101ds ?<\/span><\/p>\n<p><span style=\"color: #003300;\">Iepriek\u0161\u0113j\u0101s v\u0113l\u0113\u0161an\u0101s notika 2014.gada oktobr\u012b un 4 m\u0113ne\u0161us pirms t\u0101m<em>(p\u0113d\u0113jie 3 m\u0113ne\u0161i ir informat\u012bvi visb\u016btisk\u0101kie) <\/em>tika nogalin\u0101ts ietekm\u012bgais advok\u0101ts un publicists <strong>Andris Gr\u016btups.<\/strong> <\/span><\/p>\n<h3><span style=\"color: #ff0000;\"><strong>Gr\u016btupa<\/strong> n\u0101v\u0113, l\u012bdz\u012bgi k\u0101 <strong>Br\u012bzes<\/strong>, figur\u0113 <strong>E. Veidemanes<\/strong> un <strong>G. Indriksona<\/strong> v\u0101rdi.<\/span><\/h3>\n<p><span style=\"color: #003300;\"><a href=\"http:\/\/tautastribunals.eu\/wp-content\/uploads\/2017\/08\/Elita-Veidemane.LRTT.Indriksons.PNG\"><img decoding=\"async\" loading=\"lazy\" class=\"alignleft size-full wp-image-40695\" title=\"Elita Veidemane.LRTT.Indriksons\" src=\"http:\/\/tautastribunals.eu\/wp-content\/uploads\/2017\/08\/Elita-Veidemane.LRTT.Indriksons.PNG\" alt=\"Elita Veidemane.LRTT.Indriksons\" width=\"197\" height=\"256\" \/><\/a><\/span><\/p>\n<p><strong>FOTO:<\/strong><span style=\"color: #ff0000;\"><em> Elita Veidemane<\/em><\/span><\/p>\n<p><span style=\"color: #003300;\">Visi labi atceramies, <strong>ka Gr\u016btups<\/strong> p\u0113d\u0113jos gados bija krasi main\u012bjis savu nodarbo\u0161anos un norobe\u017eojies no iepriek\u0161\u0113jiem kol\u0113\u0123iem, vai ar\u012b tie norobe\u017eoju\u0161ies no <strong>Gr\u016btupa,<\/strong> pateicoties vi\u0146a stingrajai <strong><span style=\"text-decoration: underline;\">nost\u0101jai ebreju nekustamo \u012bpa\u0161umu<\/span><\/strong> jaut\u0101jum\u0101,<strong> Latvijas<\/strong> etniskaj\u0101 un r\u016bpniec\u012bbas jaut\u0101jumos.<\/span><\/p>\n<p><span style=\"color: #003300;\">Reiz <strong>Veidemanes <\/strong>diri\u0123\u0113taj\u0101 <strong>NRA Gr\u016btups<\/strong> teica:<strong> \u00abJ\u0101teic, ka liel\u0101k\u0101 da\u013ca politi\u0137u tom\u0113r dz\u012bvo il\u016bzij\u0101s, ka p\u0113c gada situ\u0101cija b\u016bs tie\u0161i t\u0101da pati k\u0101 tagad. Es tom\u0113r dom\u0101ju, ka b\u016bs revolucion\u0101ra situ\u0101cija. Un visai dr\u012bz,\u00bb<\/strong> prognoz\u0113<strong> Gr\u016btups<\/strong>.<\/span><\/p>\n<p><span style=\"color: #003300;\"><strong>Gr\u016btups<\/strong> b\u016bdams <strong><span style=\"text-decoration: underline;\">akt\u012bvs l\u012bdzautors Latvijas valsts neatkar\u012bbas atg\u016b\u0161anas likumdo\u0161anai<\/span><\/strong>, k\u0101 ar\u012b akt\u012bvs advok\u0101ts un pel\u0113kais kardin\u0101ls neb\u016bt nebija balts un p\u016bkains. <\/span><\/p>\n<h2><span style=\"color: #003300;\"><strong><span style=\"text-decoration: underline;\">Ta\u010du drosm\u012bgs, inteli\u0123ents un pa\u0161apzin\u012bgs gan. <\/span><\/strong><\/span><\/h2>\n<h1><a href=\"http:\/\/tautastribunals.eu\/?p=24881\">http:\/\/tautastribunals.eu\/?p=24881<\/a><\/h1>\n<p><span style=\"color: #003300;\"><a href=\"http:\/\/tautastribunals.eu\/wp-content\/uploads\/2017\/08\/Guntis-Indriksons-Andris-Gr\u016btups-Veidemane-LRTT1.PNG\"><img decoding=\"async\" loading=\"lazy\" class=\"alignleft  wp-image-40693\" title=\"Guntis-Indriksons-Andris-Gr\u016btups-Veidemane-LRTT1\" src=\"http:\/\/tautastribunals.eu\/wp-content\/uploads\/2017\/08\/Guntis-Indriksons-Andris-Gr\u016btups-Veidemane-LRTT1.PNG\" alt=\"Guntis-Indriksons-Andris-Gr\u016btups-Veidemane-LRTT1\" width=\"1764\" height=\"900\" srcset=\"https:\/\/tautastribunals.eu\/wp-content\/uploads\/2017\/08\/Guntis-Indriksons-Andris-Gr\u016btups-Veidemane-LRTT1.PNG 722w, https:\/\/tautastribunals.eu\/wp-content\/uploads\/2017\/08\/Guntis-Indriksons-Andris-Gr\u016btups-Veidemane-LRTT1-300x153.PNG 300w\" sizes=\"(max-width: 1764px) 100vw, 1764px\" \/><\/a>Tie\u0161i vi\u0146a iesaiste iepriek\u0161 min\u0113taj\u0101 bija vi\u0146a liel\u0101kais trumpis, jo vi\u0146\u0161 zin\u0101ja visu par neatkar\u012bbas atg\u016b\u0161anas<em>(lasi \u2013 nozag\u0161anas)<\/em> oper\u0101cij\u0101m, par <span style=\"color: #ff0000;\"><strong><span style=\"text-decoration: underline;\">Egilu Levitu,<\/span><\/strong><\/span> par visiem prokuroriem, augst\u0101kajiem tiesne\u0161iem,<strong> SAB, <\/strong>ar\u012b par politiskaj\u0101m nodev\u012bb\u0101m-, <strong>Godmani, Birkavu,<\/strong> par repres\u012bvajiem org\u0101niem s\u0101kot no <strong>Johansona<\/strong> un beidzot ar <strong>Borovkovu<\/strong>, un protams ar\u012b<strong><span style=\"text-decoration: underline;\"> par biznesa p\u0101rdal\u0113m un valsts izzag\u0161anu<\/span><\/strong>, kas saist\u012bta ar <strong>\u0160\u0137\u0113li, \u0160leseru, J.Kr\u016bmi\u0146u<\/strong> u.c.<\/span><\/p>\n<p><span style=\"color: #003300;\">B\u016btu svar\u012bgi dom\u0101t par nogalin\u0101to patriotu zin\u0101\u0161anu\/dokumentu p\u0101rmanto\u0161anu. 90.gados nogalin\u0101tie sabiedriskie darbinieki, t\u0101pat k\u0101 \u0161eit min\u0113tie<strong><em><span style=\"text-decoration: underline;\">(it \u012bpa\u0161i jau Ronis un Gr\u016btups) <\/span><\/em><\/strong>bija gudri un ap\u0137\u0113r\u012bgi.<\/span><\/p>\n<p><span style=\"color: #003300;\">Lai ar\u012b nogalin\u0101ti, visticam\u0101k negaid\u012bti, ta\u010du sp\u0113les likmi vi\u0146i lieliski apzin\u0101j\u0101s un noteikti bija padom\u0101ju\u0161i par to, kas notiek t\u0101l\u0101k ar vi\u0146u pier\u0101d\u012bjumiem\/dokumentiem bez vi\u0146u turpm\u0101kas kl\u0101tb\u016btnes.<\/span><\/p>\n<p><span style=\"color: #003300;\"><strong>Gr\u016btups<\/strong> sarun\u0101 par v\u0113sturi, latvie\u0161iem, m\u0101kslu. <a href=\"https:\/\/www.youtube.com\/watch?v=gUwRX08qXro\">https:\/\/www.youtube.com\/watch?v=gUwRX08qXro<\/a><\/span><\/p>\n<p><span style=\"color: #003300;\"><strong>Gr\u016btups<\/strong> par ebreju jaut\u0101jumu, v\u0113sturi <a href=\"https:\/\/www.youtube.com\/watch?v=JWz4e3t4jqU\">https:\/\/www.youtube.com\/watch?v=JWz4e3t4jqU<\/a><\/span><\/p>\n<h2><span style=\"color: #ff0000;\">LRTT papildin\u0101jums:<\/span><\/h2>\n<p><span style=\"color: #003300;\">J\u0101, k\u0101 <strong>Gr\u016btups<\/strong> saka: <strong>&#8220;T\u0101di valstsv\u012bri ir no\u017e\u0113lojami !&#8221;<\/strong><\/span><\/p>\n<p><span style=\"color: #003300;\">P\u0101rfr\u0101z\u0113sim to sadz\u012bves valod\u0101: <strong>&#8220;J\u0101, t\u0101di prusaki, kas \u0161odien atrodas pie varas gro\u017eiem, ir vair\u0101k k\u0101 no\u017e\u0113lojami, jo vi\u0146i tikt\u0101l dz\u012bvnisciskoju\u0161ies, ka iel\u012bdu\u0161i kriev\u017e\u012bdiem dirs\u0101 un pat \u0101r\u0101 netais\u0101s l\u012bst&#8230; , j\u016btas sav\u0101 element\u0101 !&#8221;<\/strong><br \/>\n<\/span><\/p>\n<p><span style=\"color: #003300;\"> <a href=\"http:\/\/tautastribunals.eu\/wp-content\/uploads\/2017\/08\/Andris-B\u0113rzi\u0146\u0161-Ivars-Ivars-Godmanis-Guntis-Indriksons-Anatolijs-Gorbunovs-Aivars-Borovkovs-J\u0101nis-Urbanovi\u010ds.PNG\"><img decoding=\"async\" loading=\"lazy\" class=\"alignleft  wp-image-40694\" title=\"Andris-B\u0113rzi\u0146\u0161-Ivars-Ivars-Godmanis-Guntis-Indriksons-Anatolijs-Gorbunovs-Aivars-Borovkovs-J\u0101nis-Urbanovi\u010ds\" src=\"http:\/\/tautastribunals.eu\/wp-content\/uploads\/2017\/08\/Andris-B\u0113rzi\u0146\u0161-Ivars-Ivars-Godmanis-Guntis-Indriksons-Anatolijs-Gorbunovs-Aivars-Borovkovs-J\u0101nis-Urbanovi\u010ds.PNG\" alt=\"Andris-B\u0113rzi\u0146\u0161-Ivars-Ivars-Godmanis-Guntis-Indriksons-Anatolijs-Gorbunovs-Aivars-Borovkovs-J\u0101nis-Urbanovi\u010ds\" width=\"1382\" height=\"628\" srcset=\"https:\/\/tautastribunals.eu\/wp-content\/uploads\/2017\/08\/Andris-B\u0113rzi\u0146\u0161-Ivars-Ivars-Godmanis-Guntis-Indriksons-Anatolijs-Gorbunovs-Aivars-Borovkovs-J\u0101nis-Urbanovi\u010ds.PNG 1020w, https:\/\/tautastribunals.eu\/wp-content\/uploads\/2017\/08\/Andris-B\u0113rzi\u0146\u0161-Ivars-Ivars-Godmanis-Guntis-Indriksons-Anatolijs-Gorbunovs-Aivars-Borovkovs-J\u0101nis-Urbanovi\u010ds-300x136.PNG 300w, https:\/\/tautastribunals.eu\/wp-content\/uploads\/2017\/08\/Andris-B\u0113rzi\u0146\u0161-Ivars-Ivars-Godmanis-Guntis-Indriksons-Anatolijs-Gorbunovs-Aivars-Borovkovs-J\u0101nis-Urbanovi\u010ds-800x363.PNG 800w\" sizes=\"(max-width: 1382px) 100vw, 1382px\" \/><\/a>18.08.17 <\/span><\/p>\n","protected":false},"excerpt":{"rendered":"<p>LRTT pasts Skat\u012bsimies k\u0101 b\u016bs pirms \u0161\u012bm Saeimas v\u0113l\u0113\u0161an\u0101m. Vai p\u0113d\u0113jo gadu laik\u0101 noslepkavotajiem(v\u0113sturnieks Ronis, m\u016bzi\u0137is Br\u012bze, rakstnieks Purs, m\u0101c\u012bt\u0101js Kavacis, m\u0101kslinieks Vizulis) pievienosies v\u0113l k\u0101ds ? Iepriek\u0161\u0113j\u0101s v\u0113l\u0113\u0161an\u0101s notika 2014.gada oktobr\u012b un 4&#46;&#46;&#46;<\/p>\n","protected":false},"author":1,"featured_media":0,"comment_status":"open","ping_status":"open","sticky":false,"template":"","format":"standard","meta":[],"categories":[1],"tags":[],"_links":{"self":[{"href":"https:\/\/tautastribunals.eu\/index.php?rest_route=\/wp\/v2\/posts\/40687"}],"collection":[{"href":"https:\/\/tautastribunals.eu\/index.php?rest_route=\/wp\/v2\/posts"}],"about":[{"href":"https:\/\/tautastribunals.eu\/index.php?rest_route=\/wp\/v2\/types\/post"}],"author":[{"embeddable":true,"href":"https:\/\/tautastribunals.eu\/index.php?rest_route=\/wp\/v2\/users\/1"}],"replies":[{"embeddable":true,"href":"https:\/\/tautastribunals.eu\/index.php?rest_route=%2Fwp%2Fv2%2Fcomments&post=40687"}],"version-history":[{"count":20,"href":"https:\/\/tautastribunals.eu\/index.php?rest_route=\/wp\/v2\/posts\/40687\/revisions"}],"predecessor-version":[{"id":62180,"href":"https:\/\/tautastribunals.eu\/index.php?rest_route=\/wp\/v2\/posts\/40687\/revisions\/62180"}],"wp:attachment":[{"href":"https:\/\/tautastribunals.eu\/index.php?rest_route=%2Fwp%2Fv2%2Fmedia&parent=40687"}],"wp:term":[{"taxonomy":"category","embeddable":true,"href":"https:\/\/tautastribunals.eu\/index.php?rest_route=%2Fwp%2Fv2%2Fcategories&post=40687"},{"taxonomy":"post_tag","embeddable":true,"href":"https:\/\/tautastribunals.eu\/index.php?rest_route=%2Fwp%2Fv2%2Ftags&post=40687"}],"curies":[{"name":"wp","href":"https:\/\/api.w.org\/{rel}","templated":true}]}}