{"id":4032,"date":"2011-02-05T21:20:35","date_gmt":"2011-02-05T19:20:35","guid":{"rendered":"http:\/\/tautastribunals.eu\/?p=4032"},"modified":"2011-02-05T21:20:35","modified_gmt":"2011-02-05T19:20:35","slug":"j-ziverts-duglass-un-musu-kangari","status":"publish","type":"post","link":"https:\/\/tautastribunals.eu\/?p=4032","title":{"rendered":"J. Z\u012bverts. Duglass un &#8220;m\u016bsu&#8221; kangari"},"content":{"rendered":"<p><strong><span style=\"color: #0000ff\"><img decoding=\"async\" loading=\"lazy\" class=\"alignleft size-full wp-image-4033\" src=\"http:\/\/tautastribunals.eu\/wp-content\/uploads\/2011\/02\/Es-ar\u012b-gribu-b\u016bt-izredz\u0113ta-jo-neieredz\u0113ta-jau-esmu.jpg\" alt=\"Es ar\u012b gribu b\u016bt izredz\u0113ta, jo neieredz\u0113ta jau esmu\" width=\"200\" height=\"142\" \/>\u017d\u012bdu kundz\u012bba n\u0101kam\u0101 pasaul\u0113. <\/span><\/strong><\/p>\n<p><span style=\"color: #0000ff\"><span style=\"color: #000000\"><strong>Foto:<\/strong> <\/span><em><span style=\"color: #008080\">Vairi\u0146a, kaut ar\u012b tikai no t\u0113va puses ir \u017e\u012bdiskas izcelsmes, bet piln\u012bgi iejutusies &#8220;izredz\u0113to&#8221; k\u0101rt\u0101.<\/span><\/em><\/span><\/p>\n<p><span style=\"color: #0000ff\">N\u0101kam\u0101 pasaule p\u0113c \u017e\u012bdu uzskatiem pieder tikai ebr\u0113jiem. Visi izra\u0113\u013ci tur b\u016bs sapulc\u0113ju\u0161ies, pat tie vecie \u017e\u012bdi, kas reiz tuksnes\u012b no J\u0101ves atkrita; bet pag\u0101ni, t.i. visi ne\u017e\u012bdi, no n\u0101kam\u0101s pasaules sv\u0113t\u012bbas izsl\u0113gti.<\/span><\/p>\n<p><span style=\"color: #0000ff\">\u00abN\u0101kam\u0101 pasaul\u0113\u2026 taisn\u012bgie (\u017e\u012bdi) s\u0113d\u0113s kron\u0113ti un baud\u012bs dievi\u0161\u0137\u012bbas mirdzumu\u00bb (Berakot 17a).<\/span><\/p>\n<p><span style=\"color: #0000ff\">\u00abVisi \u017e\u012bdi ir n\u0101kam\u0101s pasaules l\u012bdzdal\u012bbnieki\u00bb (Sanhedrin 90a).<\/span><\/p>\n<p><span style=\"color: #0000ff\">\u00abReiz taisn\u012bgos (\u017e\u012bdus) apsveiks ar izsaucienu \u00absv\u0113t\u012btie\u00bb, k\u0101 tagad Visusv\u0113to ar \u00abSlava vi\u0146am\u00bb\u00bb (Baba batra 75b).<\/span><em> <\/em><\/p>\n<p><em>Tas ir izvilkums no Talm\u016bda.<\/em><\/p>\n<p><em>\u00a0Pirms las\u0101m- noskat\u012bsimies:\u00a0<\/em><\/p>\n<p>\u00a0\u00a0\u00a0\u00a0\u00a0<strong>\u00a0\u00a0\u00a0 <\/strong><a href=\"http:\/\/www.molvica.com\/podcast\/sistem\/ddd.html\"><span style=\"color: #ff0000\"><strong>http:\/\/www.molvica.com\/podcast\/sistem\/ddd.html<\/strong><\/span><\/a><\/p>\n<p>=======================================================<\/p>\n<p><span style=\"color: #008000\"><img decoding=\"async\" loading=\"lazy\" class=\"alignleft size-large wp-image-4034\" src=\"http:\/\/tautastribunals.eu\/wp-content\/uploads\/2011\/02\/IMGP0914-567x799.jpg\" alt=\"IMGP0914\" width=\"94\" height=\"117\" \/>J\u016bs dro\u0161i vien jau esiet lietas kurs\u0101 par \u017e\u012bdu \u012bpa\u0161umu jaut\u0101jumu. No <strong>Amerikas<\/strong> pat atp\u0113ries kaut k\u0101ds <strong>Duglass Deividsons,<\/strong> lai pal\u012bdz\u0113tu pie\u010dakar\u0113t jau t\u0101 g\u013c\u0113vos un bail\u012bgos m\u016bsu <em>&#8220;valdo\u0161os&#8221;<\/em> g\u013c\u0113vu\u013cus, bezmugurkaulniekus. \u0160ie jau no izb\u012b\u013ca apslapin\u0101ju\u0161ies un t\u0101 viet\u0101, lai pateiktu<em> &#8220;\u0161\u0137ic&#8221;<\/em> vai <em>&#8220;\u0161arap&#8221;,<\/em> sola izskat\u012bt, apdom\u0101t, izp\u0113t\u012bt utt. \u0161o \u017e\u012bdu pras\u012bbu. Lai nu k\u0101, bet \u0161oreiz <strong>A. Gr\u016btups<\/strong> run\u0101 k\u0101 v\u012bram j\u0101run\u0101. Protams, ir nianses, par kur\u0101m var\u0113tu vi\u0146am ar pirkstu pabakst\u012bt, bet at\u0161\u0137ir\u012bb\u0101 no <em>&#8220;valstsv\u012briem&#8221;, <\/em>tom\u0113r kaut k\u0101da st\u0101ja tom\u0113r&#8230; . Pret\u012bgi to<em> &#8220;valdo\u0161o&#8221;<\/em> varzu skat\u012bt un klaus\u012bties vi\u0146u v\u0101vu\u013co\u0161an\u0101 un murgos ! \u00a0Kaut \u0101tr\u0101k pien\u0101ktu <strong>2012 \u00a0gads<\/strong><em>(sol\u012bt\u0101s glob\u0101l\u0101s p\u0101rmai\u0146as),<\/em> varb\u016bt \u0161ie m\u0113sli tiks aizslauc\u012bti v\u0113stures m\u0113slain\u0113 ! \u0160is cionistu s\u016btnis, atbildot uz jaut\u0101jumu par iera\u0161an\u0101s m\u0113r\u0137i, skaidro par kaut k\u0101du <strong><span style=\"text-decoration: underline\">v\u0113sturisko taisn\u012bgumu<\/span><\/strong>, kas esot j\u0101atjauno. Nes\u0101k\u0161u \u0161eit skaidrot v\u0113sturi. Tikai to, ka atjaunojot <strong>Latvij\u0101 Tiesiskumu<\/strong>, ar\u012b v\u0113stures <strong>Taisn\u012bgums<\/strong> tiks atjaunots, un tas neb\u016bt neb\u016bs pat\u012bkami dzird\u0113t \u0161im te <strong>D. Deividsonam<\/strong> un vi\u0146a saimniekiem ! Patreiz sp\u0113le notiek vienos v\u0101rtos, gan no \u0161ovinistu <em>(krievu)<\/em> puses, gan no cionistu puses ! Mums visu laiku tikai j\u0101klan\u0101s un j\u0101taisnojas, un to \u0161\u012b noziedz\u012bg\u0101 <strong><span style=\"text-decoration: underline\">valdo\u0161\u0101 kli\u0137e<\/span><\/strong> ar\u012b c\u012bt\u012bgi dara. S\u0101p\u012bgi tas, ka daudzi jo daudzi <em>&#8220;re\u0146\u0123\u0113d\u0101ji&#8221;, &#8220;pingv\u012bni&#8221;<\/em> to nesaprot, bet tikai muld pa pieciem m\u0113miem. Internets pilns ar stulbe\u0146iem. Dod tik \u0161iem pap\u013curin\u0101t. <\/span><\/p>\n<p><span style=\"color: #008000\">T\u0101 m\u0113s <strong><span style=\"text-decoration: underline\">savu valsti<\/span><\/strong> b\u016bsim nop\u013curin\u0101ju\u0161i, un ieiesim v\u0113stur\u0113 k\u0101 apbr\u012bnojami g\u013c\u0113vas un mazd\u016b\u0161\u012bgas latvie\u0161u tautas atliekas ! <\/span><\/p>\n<p><span style=\"color: #008000\">Ja nen\u0101ks pie pr\u0101ta, protams&#8230; .<\/span><\/p>\n<p><span style=\"color: #008000\">Ceru, ka tom\u0113r atj\u0113gsies&#8230; .<\/span><\/p>\n<p><em>J\u0101nis Z\u012bverts- Latvietis<\/em><\/p>\n<p><em>LNF, LRTT, zemessargs, repres\u0113tais.<\/em><\/p>\n<p>\u00a0<strong>P.S.\u00a0 <span style=\"color: #ff0000\">DDD p\u0101ri visam ! Okupanti v\u0101cieties m\u0101j\u0101s !<\/span><\/strong><\/p>\n<p><span style=\"color: #000000\">Izvilkums no Gr\u016btupa sac\u012bt\u0101:<\/span><\/p>\n<p>\u2013<em><span style=\"color: #800080\"> Iesp\u0113jams,<\/span><\/em> <span style=\"color: #800080\"><em>tas, ka Deividsona retorika \u0161obr\u012bd at\u0161\u0137iras no ierast\u0101s \u2013 ebrejiem nevajag naudu, dodiet tikai \u012bpa\u0161umus! \u2013, noz\u012bm\u0113, ka vi\u0146i vienk\u0101r\u0161i v\u0113las, lai m\u0113s atz\u012bstam, ka esam piev\u0101ku\u0161i kaut ko ne mums piedero\u0161u.<\/em><\/span><\/p>\n<p><span style=\"color: #800080\"><em>\u00a0<img decoding=\"async\" loading=\"lazy\" class=\"alignleft size-full wp-image-4040\" src=\"http:\/\/tautastribunals.eu\/wp-content\/uploads\/2011\/02\/Antisem\u012bts.jpg\" alt=\"Antisem\u012bts\" width=\"248\" height=\"192\" \/>\u2013 \u0160ai akcijai ir divi m\u0113r\u0137i. Pirmais \u2013 <strong><span style=\"text-decoration: underline\"><span style=\"color: #333399\">m\u016bs pazemot, lai m\u0113s uz\u0146emamies vainu.<\/span><\/span><\/strong> Otrais \u2013 nopeln\u012bt, protams. Bet es ierosinu izvirz\u012bt pretpras\u012bbu par ebreju piedal\u012b\u0161anos latvie\u0161u deport\u0101cij\u0101s. Izv\u0113l\u0113simies k\u0101du \u0100rlietu ministrijas p\u0101rst\u0101vi un nos\u016bt\u012bsim vi\u0146u uz Izra\u0113lu \u2013 t\u0101pat k\u0101 pie mums tika ats\u016bt\u012bts Deividsons. Varu uz\u0146emties pien\u0101kumu pastr\u0101d\u0101t arh\u012bvos un noskaidrot to ebreju uzv\u0101rdus, kas piedal\u012bju\u0161ies \u0161aj\u0101s represij\u0101s. Ir evaku\u0113to ebreju saraksti: tajos ir dokument\u0113ti tie, kuri atgriez\u0101s Latvij\u0101 p\u0113c kara, un vi\u0146i anket\u0101s nekautr\u0113j\u0101s uzskait\u012bt savus varo\u0146darbus padomju varas ietvaros&#8230;<\/em> <\/span><\/p>\n<p><span style=\"color: #800080\"><span style=\"color: #333399\"><span style=\"color: #000000\"><strong>Foto:<\/strong> <\/span><span style=\"color: #008080\"><em>&#8220;antisem\u012bts&#8221; A. Gr\u016btups saka: \u017e\u012bdi mums ir daudz vair\u0101k par\u0101d\u0101, nek\u0101 m\u0113s vi\u0146iem !<\/em><\/span><\/span><\/span><\/p>\n<p><span style=\"color: #800080\"><span style=\"color: #333399\"><strong>Ebreji ir gudri cilv\u0113ki, un daudzi ar\u012b cent\u0101s sl\u0113pt \u0161os nodar\u012bjumus pamatn\u0101cijai, jo vi\u0146i saprata, ka agri vai v\u0113lu vi\u0146us apvainos kolaboracionism\u0101:<\/strong><em><span style=\"text-decoration: underline\"> <strong>vi\u0146i bija Latvijas pilso\u0146i, kas bija s\u0101ku\u0161i kalpot okupantiem. Un nevis vienk\u0101r\u0161i kalpot, bet pat piedal\u012bties masu represij\u0101s pret pamatn\u0101ciju, nevain\u012bgus cilv\u0113kus dzenot n\u0101v\u0113.<\/strong><\/span> <\/em><\/span><\/span><\/p>\n<p><span style=\"color: #800080\"><em><span style=\"color: #ff0000\">Ar\u012b m\u0113s var\u0113tu tikpat skrupulozi s\u0101kt p\u0113t\u012bt v\u0113sturi un piepras\u012bt atbild\u012bbu no ebrejiem. Varb\u016bt m\u016bsu pras\u012bbas b\u016bs daudz liel\u0101kas par ebreju pras\u012bb\u0101m pret mums?<\/span><\/em><\/span><\/p>\n<p><span style=\"color: #800080\"><em>\u00a0\u2013 Nu, diez vai k\u0101ds t\u0101 brauks un kaut ko piepras\u012bs no ebrejiem.<\/em><\/span><\/p>\n<p><span style=\"color: #800080\"><em>\u00a0\u2013 Nesakiet vis. Ar politi\u0137iem ir t\u0101, ka vi\u0146i grib\u0113s, lai vi\u0146us atkal iev\u0113l\u0113, t\u0101p\u0113c \u2013 esmu p\u0101rliecin\u0101ts! \u2013 daudzi no vi\u0146iem b\u016bs gatavi k\u013c\u016bt par \u0161\u0101diem s\u016bt\u0146iem. Ar run\u0101\u0161anu, k\u0101 zin\u0101ms var daudz ko pan\u0101kt.<\/em><\/span><\/p>\n<p><span style=\"color: #800080\"><em>\u00a0\u2013 K\u0101 uz ebreju kompens\u0101ciju jaut\u0101jumu vajadz\u0113tu rea\u0123\u0113t Latvijas v\u0113l\u0113t\u0101jiem?<\/em><\/span><\/p>\n<p><span style=\"color: #800080\"><em>\u00a0\u2013 V\u0113l\u0113t\u0101jiem vajadz\u0113tu \u013coti uzman\u012bgi sekot vis\u0101m politi\u0137u aktivit\u0101t\u0113m, kas attiecas uz \u0161o jaut\u0101jumu. Tas b\u016bs prec\u012bzs indikators: ir cilv\u0113kam nacion\u0101l\u0101 st\u0101ja vai nav? Vai vi\u0146\u0161 ir \u012bsts vai tikai pseidonacion\u0101lis? Dom\u0101ju, ka tie, kuri par\u0101d\u012bs absol\u016btu nacion\u0101l\u0101s pa\u0161cie\u0146as tr\u016bkumu, netiks iev\u0113l\u0113ti n\u0101kamaj\u0101 Saeim\u0101. Paskatieties: tie, kuri l\u0113ma par jau min\u0113t\u0101 ebreju atbalsta likumprojekta b\u012bd\u012b\u0161anu uz Saeimu, vairs nav pie varas. Cilv\u0113ki neaizmirsa t\u0101das lietas: t\u0101 patie\u0161\u0101m bija nacion\u0101la nodev\u012bba.<\/em><\/span><\/p>\n<p><span style=\"color: #800080\"><em>\u00a0\u2013 Vai j\u016bs nebied\u0113 tas, ka tiksiet nosaukts par antisem\u012btu?<\/em><\/span><\/p>\n<p><span style=\"color: #800080\"><em>\u00a0\u2013 Zin\u0101t, ja es k\u0101dam nopietnam zin\u0101tniekam vaic\u0101ju \u2013 kas ir antisem\u012btisms? \u2013 man parasti atbild, ka tas nav izskaidrojams j\u0113dziens, nu, kaut kas l\u012bdz\u012bgs slim\u012bbai. Bet antisem\u012btismam visp\u0101r nav zin\u0101tniskas defin\u012bcijas, tas ir 19. gadsimt\u0101 ar vieglu roku pamests v\u0101rds, un viss. T\u0101p\u0113c man t\u0101 \u0161\u0137iet liela mu\u013c\u0137\u012bba \u2013 m\u0113t\u0101ties ar kaut k\u0101diem apz\u012bm\u0113jumiem. Bet skaidrs ir viens: kompens\u0101ciju piepras\u012bt\u0101ju aktivit\u0101tes, vi\u0146u nepamatotu pretenziju izvirz\u012b\u0161ana rada negat\u012bvu attieksmi pret ebreju kopienu.<\/em><\/span><\/p>\n<p><span style=\"color: #800080\"><em>\u00a0\u2013 Sabiedr\u012bb\u0101 kl\u012bst runas par to, ka Latvij\u0101 eksist\u0113jot k\u0101ds slepens saraksts ar<\/em><\/span><\/p>\n<p><span style=\"color: #800080\"><em>\u00a036 \u012bpa\u0161umiem, kas tom\u0113r esot atdoti ebreju draudz\u0113m \u2013 jau p\u0113c likum\u0101 noteikt\u0101 termi\u0146a beig\u0101m. Vai esat par to dzird\u0113jis?<\/em><\/span><\/p>\n<p><span style=\"color: #800080\"><em>\u00a0\u2013 Dzird\u0113jis esmu, ta\u010du neko konkretiz\u0113t nevaru. Ja tiesiska pamata tam nav, un t\u0101ds \u0161aj\u0101 gad\u012bjum\u0101 nemaz nav iesp\u0113jams, tad man ir tikai viens jaut\u0101jums: vai t\u0101 gad\u012bjum\u0101 nav valsts \u012bpa\u0161uma iz\u0161\u0137\u0113rd\u0113\u0161ana \u012bpa\u0161i lielos apjomos?<\/em><\/span><\/p>\n<p><span style=\"color: #800000\"><em><span style=\"color: #000000\">05.02.11<\/span><\/em><\/span><\/p>\n","protected":false},"excerpt":{"rendered":"<p>\u017d\u012bdu kundz\u012bba n\u0101kam\u0101 pasaul\u0113. Foto: Vairi\u0146a, kaut ar\u012b tikai no t\u0113va puses ir \u017e\u012bdiskas izcelsmes, bet piln\u012bgi iejutusies &#8220;izredz\u0113to&#8221; k\u0101rt\u0101. N\u0101kam\u0101 pasaule p\u0113c \u017e\u012bdu uzskatiem pieder tikai ebr\u0113jiem. Visi izra\u0113\u013ci tur b\u016bs sapulc\u0113ju\u0161ies, pat&#46;&#46;&#46;<\/p>\n","protected":false},"author":6,"featured_media":0,"comment_status":"open","ping_status":"open","sticky":false,"template":"","format":"standard","meta":[],"categories":[1],"tags":[],"_links":{"self":[{"href":"https:\/\/tautastribunals.eu\/index.php?rest_route=\/wp\/v2\/posts\/4032"}],"collection":[{"href":"https:\/\/tautastribunals.eu\/index.php?rest_route=\/wp\/v2\/posts"}],"about":[{"href":"https:\/\/tautastribunals.eu\/index.php?rest_route=\/wp\/v2\/types\/post"}],"author":[{"embeddable":true,"href":"https:\/\/tautastribunals.eu\/index.php?rest_route=\/wp\/v2\/users\/6"}],"replies":[{"embeddable":true,"href":"https:\/\/tautastribunals.eu\/index.php?rest_route=%2Fwp%2Fv2%2Fcomments&post=4032"}],"version-history":[{"count":9,"href":"https:\/\/tautastribunals.eu\/index.php?rest_route=\/wp\/v2\/posts\/4032\/revisions"}],"predecessor-version":[{"id":4044,"href":"https:\/\/tautastribunals.eu\/index.php?rest_route=\/wp\/v2\/posts\/4032\/revisions\/4044"}],"wp:attachment":[{"href":"https:\/\/tautastribunals.eu\/index.php?rest_route=%2Fwp%2Fv2%2Fmedia&parent=4032"}],"wp:term":[{"taxonomy":"category","embeddable":true,"href":"https:\/\/tautastribunals.eu\/index.php?rest_route=%2Fwp%2Fv2%2Fcategories&post=4032"},{"taxonomy":"post_tag","embeddable":true,"href":"https:\/\/tautastribunals.eu\/index.php?rest_route=%2Fwp%2Fv2%2Ftags&post=4032"}],"curies":[{"name":"wp","href":"https:\/\/api.w.org\/{rel}","templated":true}]}}