{"id":40301,"date":"2017-07-28T14:51:36","date_gmt":"2017-07-28T11:51:36","guid":{"rendered":"http:\/\/tautastribunals.eu\/?p=40301"},"modified":"2017-07-28T15:04:25","modified_gmt":"2017-07-28T12:04:25","slug":"v-freimantals-4","status":"publish","type":"post","link":"https:\/\/tautastribunals.eu\/?p=40301","title":{"rendered":"V. Freimant\u0101ls. Tas viss atg\u0101dina Sta\u013cina laikus"},"content":{"rendered":"<p><span style=\"color: #003300;\"><a href=\"http:\/\/tautastribunals.eu\/wp-content\/uploads\/2017\/07\/Liec\u012bbas.LRTT.H-86.LatvijaSaeimaGranti\u0146\u0161BitenieksBarissUrbanovi\u010dsKozlovskis.1.PNG\"><img decoding=\"async\" loading=\"lazy\" class=\"alignleft size-full wp-image-40312\" title=\"Liec\u012bbas.LRTT.H-86.LatvijaSaeimaGranti\u0146\u0161BitenieksBarissUrbanovi\u010dsKozlovskis.\" src=\"http:\/\/tautastribunals.eu\/wp-content\/uploads\/2017\/07\/Liec\u012bbas.LRTT.H-86.LatvijaSaeimaGranti\u0146\u0161BitenieksBarissUrbanovi\u010dsKozlovskis.1.PNG\" alt=\"Liec\u012bbas.LRTT.H-86.LatvijaSaeimaGranti\u0146\u0161BitenieksBarissUrbanovi\u010dsKozlovskis.\" width=\"646\" height=\"155\" \/><\/a>Ir jau sac\u012bts, dro\u0161i vien, ka ar\u012b pa\u0161reiz saka un ar\u012b turpm\u0101k sac\u012bs:<strong> \u201cNu, ko tas Freimant\u0101ls vienm\u0113r uzb\u0101z\u012bgi ar to savu Latvie\u0161u Biedr\u012bbu un daudzb\u0113rnu \u0123imen\u0113m \u201cuzb\u0101\u017eas\u201d\u2026 .\u201d<\/strong><\/span><\/p>\n<p><span style=\"color: #003300;\"> <\/span><\/p>\n<p><span style=\"color: #003300;\">Tad grib\u0113tu pajaut\u0101t tiem: <strong>\u201cVai j\u016bs ar\u012b savas pu\u0137es tikai iest\u0101dot aplejat . Vai t\u0101s, lai atkal var\u0113tu no jauna uzzied\u0113tu, nelejat katru dienu ?\u201d<\/strong><\/span><\/p>\n<p><span style=\"color: #003300;\"> <\/span><\/p>\n<p><span style=\"color: #003300;\">Tie\u0161i to pa\u0161u dara ar\u012b <strong>Valdis Freimant\u0101ls,<\/strong> vi\u0146\u0161 kopj <strong><span style=\"text-decoration: underline;\">m\u016bsu tautas Gar\u012bgo ziedu d\u0101rzu,<\/span><\/strong> lai tas <strong><span style=\"text-decoration: underline;\">atkal reiz var\u0113tu uzzied\u0113t<\/span><\/strong> ! Vi\u0146\u0161 ne\u013cauj nogrimt \u0161im m\u016bsu tautas pa\u0161am svar\u012bg\u0101kam jaut\u0101jumam <strong>Es\u012bbas aizmirst\u012bbas atkritumos<\/strong>. Vi\u0146a sac\u012btais k\u0101 \u012blens <strong>duras sarkano noziedznieku apzi\u0146\u0101<\/strong>, atg\u0101dinot vi\u0146iem, ka par to, ko vi\u0146i veiku\u0161i, <strong><span style=\"text-decoration: underline;\">pien\u0101kas kar\u0101tavas.<\/span><\/strong><\/span><\/p>\n<p><span style=\"color: #003300;\"> <\/span><\/p>\n<p><span style=\"color: #003300;\">Visi \u0161ie <strong>\u010deveri, borovkovi, godma\u0146i, \u0161kapari, din\u0113vi\u010di, veidemanes, kalnietes, \u0101bolti\u0146as, brigma\u0146i u.d. c. <\/strong>k\u0101 ar m\u0113ri aplipu\u0161as c\u016bkas tiks aizvilktas uz<strong> kar\u0101tavu \u201cugunskuru\u201d <\/strong>un sadedzin\u0101tas, <strong>lai m\u016b\u017eam \u0161is s\u0101taniskais m\u0113ris vairs neatdzimtu.<\/strong><\/span><\/p>\n<p><span style=\"color: #003300;\"> <\/span><\/p>\n<p><span style=\"color: #003300;\"><a href=\"http:\/\/tautastribunals.eu\/wp-content\/uploads\/2017\/07\/LRTT.-Freimant\u0101ls.Granti\u0146\u0161.-LRTT.jpg\"><img decoding=\"async\" loading=\"lazy\" class=\"alignleft size-full wp-image-40320\" title=\"LRTT. Freimant\u0101ls.Granti\u0146\u0161. LRTT\" src=\"http:\/\/tautastribunals.eu\/wp-content\/uploads\/2017\/07\/LRTT.-Freimant\u0101ls.Granti\u0146\u0161.-LRTT.jpg\" alt=\"LRTT. Freimant\u0101ls.Granti\u0146\u0161. LRTT\" width=\"357\" height=\"181\" srcset=\"https:\/\/tautastribunals.eu\/wp-content\/uploads\/2017\/07\/LRTT.-Freimant\u0101ls.Granti\u0146\u0161.-LRTT.jpg 750w, https:\/\/tautastribunals.eu\/wp-content\/uploads\/2017\/07\/LRTT.-Freimant\u0101ls.Granti\u0146\u0161.-LRTT-300x151.jpg 300w\" sizes=\"(max-width: 357px) 100vw, 357px\" \/><\/a><\/span><\/p>\n<p>FOTO:<em> <span style=\"color: #ff0000;\">Bez kop\u0161anas, bez paciet\u012bbas un nogurdino\u0161a darba, nekas nav sasniedzams&#8230; .Vai tu esi sp\u0113j\u012bgs saskat\u012bt to, kas t\u0101v aiz \u0161\u012b skaisti iekopt\u0101 d\u0101rza ? Ja nevari, tad esi no\u017e\u0113lojams zemes t\u0101rps, l\u012bdz\u012bgs m\u016bsu tautas un valsts izlaup\u012bt\u0101jiem&#8230; .<\/span><\/em><\/p>\n<p><span style=\"color: #003300;\">M\u0113s katrs ejam pa savu<strong> \u201ctaku\u201d <\/strong>uz sevis nosprausto m\u0113r\u0137i. <\/span><\/p>\n<p><span style=\"color: #003300;\">Ja m\u0113r\u0137is ir <strong>Paties\u012bba<\/strong>, tad varam viens otram gr\u016bt\u0101kajos br\u012b\u017eos pal\u012bdz\u0113t, jo, kad atsegsim<strong> Paties\u012bbu<\/strong>, <strong><span style=\"text-decoration: underline;\">tad atg\u016bsim savu T\u0113vzemi<\/span><\/strong>.<\/span><\/p>\n<p><span style=\"color: #003300;\"> <\/span><\/p>\n<p><span style=\"color: #003300;\"><strong>Paties\u012bba<\/strong> ir <strong>Gaisma<\/strong>, kura ne tikai ap\u017eilbin\u0101s ne\u0161\u0137\u012bste\u0146us, bet tos<strong> fiziski sadedzin\u0101s<\/strong>. T\u0101p\u0113c es \u0161eit savirkn\u0113ju it k\u0101 divus pretrun\u012bgus \u2013 antagonistiskus v\u0101rdus: <strong>kar\u0101tavas un ugunskuru<\/strong>.<\/span><\/p>\n<p><span style=\"color: #003300;\"> <\/span><\/p>\n<p><span style=\"color: #003300;\">K\u0101 reiz man atg\u0101din\u0101ja pr\u0101vests<strong> Andrejs Kavacis: \u201cJa past\u0101v\u0113sim Paties\u012bb\u0101, m\u0113s pan\u0101ksim visu !\u201d<\/strong><\/span><\/p>\n<p><span style=\"color: #003300;\"> <\/span><\/p>\n<p><span style=\"color: #003300;\">Pamaz\u0101m jau s\u0101k pret <strong>komunistu- \u010dekistu zag\u013cu bandu<\/strong> lietas sabiezin\u0101ties. Tas noz\u012bme, ka tuvojas konfront\u0101cijas br\u012bdis, kas var ar\u012b izv\u0113rsties par asi\u0146ainu sadursmi. \u0160\u012b banda labpr\u0101t\u012bgi no varas neatsac\u012bsies. Vi\u0146i \u0161aus mums mugur\u0101, jo t\u0101da ir komunistu daba.<\/span><\/p>\n<p><span style=\"color: #003300;\"> <\/span><\/p>\n<p><span style=\"color: #003300;\">T\u0101 saucamie tro\u013c\u013ci- krem\u013ca ietekmes a\u0123enti, soc- t\u012bklos ir izv\u0113rsu\u0161i <strong>savu puvekl\u012bgo darb\u012bbu<\/strong> pret jebkuru <strong>Patiesu domu<\/strong><em>(pret Latviju k\u0101 nacion\u0101lu valsti)<\/em> un \u0161o domu paud\u0113ju. Raksta beig\u0101s ielieku divus \u0161\u0101dus viep\u013cus no kuriem kritisk\u0101 br\u012bd\u012b b\u016btu j\u0101uzman\u0101s.<\/span><\/p>\n<p><span style=\"color: #003300;\"> <\/span><\/p>\n<p><span style=\"color: #003300;\"><strong>X <\/strong>stund\u0101 \u0161\u0101di <strong>\u201cprusaki\u201d Zemessargiem<\/strong> vajadz\u0113tu nekav\u0113joties <strong>\u201cneitraliz\u0113t\u201d.<\/strong><\/span><\/p>\n<p><span style=\"color: #003300;\"> <\/span><\/p>\n<h2><span style=\"color: #003300;\">Dievs, sv\u0113ti un pasargi m\u016bsu T\u0113vzemi !<\/span><\/h2>\n<p><span style=\"color: #003300;\"> <\/span><\/p>\n<p><span style=\"color: #003300;\">28.07.17\u00a0\u00a0\u00a0\u00a0 L. Granti\u0146\u0161<\/span><\/p>\n<p><span style=\"color: #003300;\"><a href=\"http:\/\/tautastribunals.eu\/wp-content\/uploads\/2017\/07\/Valdis-Freimant\u0101lsL.Granti\u0146\u0161.LRTT2.PNG\"><img decoding=\"async\" loading=\"lazy\" class=\"alignleft size-full wp-image-40307\" title=\"Valdis Freimant\u0101ls,L.Granti\u0146\u0161.LRTT\" src=\"http:\/\/tautastribunals.eu\/wp-content\/uploads\/2017\/07\/Valdis-Freimant\u0101lsL.Granti\u0146\u0161.LRTT2.PNG\" alt=\"Valdis Freimant\u0101ls,L.Granti\u0146\u0161.LRTT\" width=\"623\" height=\"176\" srcset=\"https:\/\/tautastribunals.eu\/wp-content\/uploads\/2017\/07\/Valdis-Freimant\u0101lsL.Granti\u0146\u0161.LRTT2.PNG 744w, https:\/\/tautastribunals.eu\/wp-content\/uploads\/2017\/07\/Valdis-Freimant\u0101lsL.Granti\u0146\u0161.LRTT2-300x85.PNG 300w\" sizes=\"(max-width: 623px) 100vw, 623px\" \/><\/a>Atjaunot\u0101s <strong>R\u012bgas Latvie\u0161u Biedr\u012bbas<\/strong> tautsaimniecisk\u0101s uzraudz\u012bbas <strong>L I K V I D \u0100 C I J A <\/strong>1993. gada 18. febru\u0101ra nakt\u012b un likum\u012bgo 1938. gada stat\u016btu aizlieg\u0161ana, ir <strong>T I E \u0160 A I S<\/strong> iemesls valsts astronomiskajam par\u0101dam un \u0123ime\u0146u masveida b\u0113g\u0161anai no<strong> Latvijas <\/strong>! <em>(Dzimtenes pame\u0161anai).<\/em><\/span><\/p>\n<p><span style=\"color: #003300;\"> <\/span><\/p>\n<p><span style=\"color: #003300;\">Tauta vairs nevar <strong>M\u0101mu\u013c\u0101 <\/strong>lemt un apspriest <strong>\u201cPARTIJNIEKU\u201d <\/strong>alkat\u012bgo un pretlatvisko valsts politiku ! <em>(K\u0101 tas bija no 1992. gada 18. j\u016blijam l\u012bdz 1993. gada 18. febru\u0101ra naktij \u2013 laiks , kad <strong>RLB <\/strong>darboj\u0101s p\u0113c 1938. gada likum\u012bgajiem stat\u016btiem). <\/em><\/span><\/p>\n<p><span style=\"color: #003300;\"> <\/span><\/p>\n<p><span style=\"color: #003300;\">Tagad uzpirkti dejot\u0101ji un dzied\u0101t\u0101ji <strong>M\u0101mu\u013c\u0101 imit\u0113 biedr\u012bbas darb\u012bbu<\/strong> !<\/span><\/p>\n<p><span style=\"color: #003300;\"> <\/span><\/p>\n<p><span style=\"color: #003300;\">Imit\u0113 prieku par <strong>4. maija \u201cDEMOKR\u0100TISKO\u201d<\/strong> b\u016bt\u012bbu atg\u0101dinot <strong>Sta\u013cina laikus <\/strong>!<\/span><\/p>\n<p><span style=\"color: #003300;\"> <\/span><\/p>\n<p><span style=\"color: #003300;\">Aiz \u0101r\u0113j\u0101 sv\u0113tku noform\u0113juma sl\u0113pjot tautas izmisumu !<em> (K\u0101 var priec\u0101ties par tiesu izpild\u012bt\u0101ju piest\u0101d\u012btajiem \u2013 <strong>N E S A M A K S \u0100 J A M I E M<\/strong> r\u0113\u0137iniem?)<\/em><\/span><\/p>\n<p><span style=\"color: #003300;\"> <\/span><\/p>\n<p><span style=\"color: #003300;\">Naudas maisi pat prasa maks\u0101t \u0123imen\u0113m kur\u0101m ien\u0101kumi <strong>N E S A S N I E D Z<\/strong> pat iztikas minimuma <strong>P \u0100 R T I K A S<\/strong> da\u013cu !!!<\/span><\/p>\n<p><span style=\"color: #003300;\"> <\/span><\/p>\n<p><span style=\"color: #003300;\">Tas konkr\u0113ti attiec\u0101s ari uz manu 10 b\u0113rnu \u0123imeni.<\/span><\/p>\n<p><span style=\"color: #003300;\"> <\/span><\/p>\n<p><span style=\"color: #003300;\">Pensija 92 eiro, bet par to, ka dz\u012bvoju uz savas zemes, sav\u0101 100 gad\u012bgaj\u0101 m\u0101j\u0101 ar 13 gad\u012bgu, apg\u0101d\u0101jamu d\u0113lu \u2013 man j\u0101maks\u0101 <strong>NEKUSTAM\u0100<\/strong> \u012bpa\u0161uma nodok\u013ca <strong>T \u016a K S T O \u0160 I<\/strong> !<em> (Kur tos \u0146emt)?<\/em><\/span><\/p>\n<p><span style=\"color: #003300;\"> <\/span><\/p>\n<p><span style=\"color: #003300;\">Vai var b\u016bt v\u0113l <strong>NECILV\u0112CISK\u0100KA <\/strong>attieksme pret <strong>Latvijas patriotu \u2013 P E N S I O N \u0100 R U.<\/strong><\/span><\/p>\n<p><span style=\"color: #003300;\"> <\/span><\/p>\n<p><span style=\"color: #003300;\">Ikdienas <strong>P A Z E M O J U M I,<\/strong> ko pretlatvisk\u0101 valsts p\u0101rvalde \u012bsteno, <strong>D I S K R I M I N \u0112 J O<\/strong> T latvie\u0161u \u0123imenes, ir pr\u0101tam neaptverama !<\/span><\/p>\n<p><span style=\"color: #003300;\"> <\/span><\/p>\n<p><span style=\"color: #003300;\"><strong><span style=\"text-decoration: underline;\">Komunisti un \u010dekisti N E S O D \u012a T I<\/span><\/strong> apkaro latvie\u0161u \u0123imenes <em>(it sevi\u0161\u0137i liel\u0101s).<\/em><\/span><\/p>\n<p><span style=\"color: #003300;\"> <\/span><\/p>\n<p><span style=\"color: #003300;\">Pa\u0161i izdalot sev <strong>\u201cALGAS\u201d <\/strong>par darbu tautas lab\u0101! <em>(Un \u0161is darbs ir reduc\u0113jies visaptvero\u0161\u0101 <strong>D E M O G R \u0100 F I S K \u0100 <\/strong>katastrof\u0101) !<\/em><\/span><\/p>\n<p><span style=\"color: #003300;\"> <\/span><\/p>\n<p><span style=\"color: #003300;\">Pats d\u012bvain\u0101kais \u2013 vain\u012bgo nav!!!<\/span><\/p>\n<p><span style=\"color: #003300;\"> <\/span><\/p>\n<p><span style=\"color: #003300;\">Nopirktie \u017eurn\u0101listi <strong>N E S A R E D Z <\/strong>ministru un augsto valsts amatpersonu vainu. <em>(Smalkj\u016bt\u012bgi klus\u0113 st\u0101vot varas pus\u0113).<\/em><\/span><\/p>\n<p><span style=\"color: #003300;\"> <\/span><\/p>\n<p><span style=\"color: #003300;\">Visdzi\u013c\u0101k\u0101, lielo \u0123ime\u0146u, pateic\u012bba <strong>Helsinkiem 86<\/strong> par iesp\u0113ju <strong>\u201cTautas tribun\u0101l\u0101\u201d<\/strong> pasaules sabiedr\u012bbai v\u0113st\u012bt par komunistu un \u010dekistu <strong>P R E T L A T V I S K O<\/strong> trako\u0161anu <strong>Latvij\u0101 <\/strong>!<\/span><\/p>\n<p><span style=\"color: #003300;\"> <\/span><\/p>\n<p><span style=\"color: #003300;\">Par \u0101rpr\u0101ta<strong> \u0122 I M E \u0145 U <\/strong>diskrimin\u0101ciju!<\/span><\/p>\n<p><span style=\"color: #003300;\"> <\/span><\/p>\n<p><span style=\"color: #003300;\">Par valsts amatpersonu dzi\u013co <strong>N E K O M P E T E N C I<\/strong> un<strong> Eiropas \u201cSoci\u0101l\u0101s Hartas\u201d <\/strong>attiec\u012bgo pantu neratific\u0113\u0161anu. <em>(Lai nov\u0113rstu demogr\u0101fisko katastrofu).<\/em><\/span><\/p>\n<p><span style=\"color: #003300;\"> <\/span><\/p>\n<p><span style=\"color: #003300;\">Nav liel\u0101kas <strong>N E L A I M E S<\/strong> tautai un n\u0101cijai, k\u0101 dz\u012bv\u0101 sp\u0113ka zaud\u0113\u0161ana !<\/span><\/p>\n<p><span style=\"color: #003300;\"> <\/span><\/p>\n<p><span style=\"color: #003300;\">Demogr\u0101fu \u0101rk\u0101rtas <strong>Z I \u0145 O J U M U S <\/strong>par st\u0101vokli valst\u012b prezidenti un ministri uztver k\u0101 joku. <em>( Nepiev\u0113r\u0161ot tam <strong>N E K \u0100 D U<\/strong> v\u0113r\u012bbu jau 26 gadus).<\/em><\/span><\/p>\n<p><span style=\"color: #003300;\"> <\/span><\/p>\n<p><span style=\"color: #003300;\">Bet vai tas ir joks ?<\/span><\/p>\n<p><span style=\"color: #003300;\"> <\/span><\/p>\n<p><span style=\"color: #003300;\">Ikvienu, kur\u0161 piev\u0113r\u0161 uzman\u012bbu <strong>PRETLATVISKAJAI<\/strong> valsts politikai \u2013 nekav\u0113jo\u0161i <strong>A P K A R <\/strong>O !<\/span><\/p>\n<p><span style=\"color: #003300;\"> <\/span><\/p>\n<p><span style=\"color: #003300;\">Spilgts piem\u0113rs ir ekonomisko zin\u0101t\u0146u ma\u0123istres <strong>Dittas Rietumas<\/strong> pa\u0161aizliedz\u012bgais<strong> S A B I E D R I S K S I S<\/strong> darbs !<\/span><\/p>\n<p><span style=\"color: #003300;\"> <\/span><\/p>\n<p><span style=\"color: #003300;\">T\u0101 viet\u0101, lai vi\u0146ai pie\u0161\u0137irtu <strong>Triju Zvaig\u017e\u0146u ordeni<\/strong> par \u201d <strong>A N O<\/strong> pamatiedz\u012bvot\u0101ju ties\u012bbu deklar\u0101cijas svar\u012bg\u0101ko pantu <strong>I E V \u0112 R O \u0160 A N U Latvij\u0101<\/strong>\u201d, \u2013 vi\u0146u vaj\u0101 un, glu\u017ei k\u0101<strong> Ansim Ataolam Berzi\u0146am <\/strong>piesprie\u017e <strong>C I E T U M S O D U<\/strong> !<\/span><\/p>\n<p><span style=\"color: #003300;\"> <\/span><\/p>\n<p><span style=\"color: #003300;\">\u0160\u0101das pretlatviskas r\u012bc\u012bbas d\u0113\u013c<strong>, G A I \u0160 \u0100 K I E Latvijas<\/strong> pr\u0101ti un drosm\u012bg\u0101kie patrioti k\u013cuvu\u0161i par <strong>P O L I T I S K I E M <\/strong>b\u0113g\u013ciem !<\/span><\/p>\n<p><span style=\"color: #003300;\"> <\/span><\/p>\n<p><span style=\"color: #003300;\">T\u0101 ir <strong>APZIN\u0100TA<\/strong> iebied\u0113\u0161anas politika, lai tauta <strong>N E A I Z S T \u0100 V \u0112 T U <\/strong>savas <strong><span style=\"text-decoration: underline;\">likum\u012bgas ties\u012bbas <\/span><\/strong>!<\/span><\/p>\n<p><span style=\"color: #003300;\"> <\/span><\/p>\n<p><span style=\"color: #003300;\">Ierosinu visiem k\u0101 vienam, aizst\u0101v\u0113t <strong>Dittu<\/strong> un<strong> Ansi<\/strong> no politisk\u0101s vaj\u0101\u0161anas, v\u0113rsties starptautiskajos masu inform\u0101cijas l\u012bdzek\u013cos, nepie\u013caut izr\u0113\u0137in\u0101\u0161anos ar Latvijas patriotiem!<\/span><\/p>\n<p><span style=\"color: #003300;\"> <\/span><\/p>\n<p><span style=\"color: #003300;\">Lasiet <strong>Dittas Rietumas D R O S M \u012a G \u0100 S<\/strong> publik\u0101cijas<strong> www Labie.lv.<\/strong><\/span><\/p>\n<p><span style=\"color: #003300;\"> <\/span><\/p>\n<p><span style=\"color: #003300;\">\u017d\u0113l ka nezinu <strong>An\u0161a Ataola B\u0113rzi\u0146a <\/strong>interneta publik\u0101ciju vietni. <em>(Kur\u0161 zina \u2013 l\u016bdzu nor\u0101diet)<\/em> !<\/span><\/p>\n<p><span style=\"color: #003300;\"> <\/span><\/p>\n<p><span style=\"color: #003300;\">K\u0101dreiz mums bija <strong>Gun\u0101rs Astra<\/strong> un <strong>Juris Ziemelis<\/strong> \u2013 tagad <strong>Ditta<\/strong> un <strong>Ansis<\/strong> !<em> (skumji , ka ne Latvij\u0101 ar savu T A U T U) ! <\/em><\/span><\/p>\n<p><span style=\"color: #003300;\"> <\/span><\/p>\n<p><span style=\"color: #003300;\">Skumji ka <strong>Lidija Doro\u0146ina <\/strong>un lieliskais, nesalau\u017eamais <strong>\u0122ederts Melngailis<\/strong> nepublic\u0113j\u0101s <strong>Tautas tribun\u0101l\u0101<\/strong> k\u0101 <strong>H86 <\/strong>biedri.<\/span><\/p>\n<p><span style=\"color: #003300;\"> <\/span><\/p>\n<p><span style=\"color: #003300;\">Aicinu visus iest\u0101ties par likum\u012bbas <strong>A T J A U N O \u0160 A N U Latvij\u0101<\/strong> \u2013 latvie\u0161u \u0123ime\u0146u ties\u012bbu konsekventai <strong>A I Z S T \u0100 V \u012a B A I<\/strong> !<\/span><\/p>\n<p><span style=\"color: #003300;\"> <\/span><\/p>\n<h2><span style=\"color: #003300;\">Dievs, Sv\u0113ti Latviju !<\/span><\/h2>\n<p><span style=\"color: #003300;\"><a href=\"http:\/\/tautastribunals.eu\/wp-content\/uploads\/2017\/07\/LRTT.Granti\u0146\u0161.J.-Vasi\u013cevskis.-U.-\u0160mits.PNG\"><img decoding=\"async\" loading=\"lazy\" class=\"alignleft size-full wp-image-40317\" title=\"LRTT.Granti\u0146\u0161.J. Vasi\u013cevskis. U. \u0160mits\" src=\"http:\/\/tautastribunals.eu\/wp-content\/uploads\/2017\/07\/LRTT.Granti\u0146\u0161.J.-Vasi\u013cevskis.-U.-\u0160mits.PNG\" alt=\"LRTT.Granti\u0146\u0161.J. Vasi\u013cevskis. U. \u0160mits\" width=\"624\" height=\"844\" srcset=\"https:\/\/tautastribunals.eu\/wp-content\/uploads\/2017\/07\/LRTT.Granti\u0146\u0161.J.-Vasi\u013cevskis.-U.-\u0160mits.PNG 882w, https:\/\/tautastribunals.eu\/wp-content\/uploads\/2017\/07\/LRTT.Granti\u0146\u0161.J.-Vasi\u013cevskis.-U.-\u0160mits-221x300.PNG 221w, https:\/\/tautastribunals.eu\/wp-content\/uploads\/2017\/07\/LRTT.Granti\u0146\u0161.J.-Vasi\u013cevskis.-U.-\u0160mits-591x800.PNG 591w\" sizes=\"(max-width: 624px) 100vw, 624px\" \/><\/a><br \/>\n<\/span><\/p>\n","protected":false},"excerpt":{"rendered":"<p>Ir jau sac\u012bts, dro\u0161i vien, ka ar\u012b pa\u0161reiz saka un ar\u012b turpm\u0101k sac\u012bs: \u201cNu, ko tas Freimant\u0101ls vienm\u0113r uzb\u0101z\u012bgi ar to savu Latvie\u0161u Biedr\u012bbu un daudzb\u0113rnu \u0123imen\u0113m \u201cuzb\u0101\u017eas\u201d\u2026 .\u201d Tad grib\u0113tu pajaut\u0101t tiem: \u201cVai&#46;&#46;&#46;<\/p>\n","protected":false},"author":1,"featured_media":0,"comment_status":"open","ping_status":"open","sticky":false,"template":"","format":"standard","meta":[],"categories":[1],"tags":[],"_links":{"self":[{"href":"https:\/\/tautastribunals.eu\/index.php?rest_route=\/wp\/v2\/posts\/40301"}],"collection":[{"href":"https:\/\/tautastribunals.eu\/index.php?rest_route=\/wp\/v2\/posts"}],"about":[{"href":"https:\/\/tautastribunals.eu\/index.php?rest_route=\/wp\/v2\/types\/post"}],"author":[{"embeddable":true,"href":"https:\/\/tautastribunals.eu\/index.php?rest_route=\/wp\/v2\/users\/1"}],"replies":[{"embeddable":true,"href":"https:\/\/tautastribunals.eu\/index.php?rest_route=%2Fwp%2Fv2%2Fcomments&post=40301"}],"version-history":[{"count":21,"href":"https:\/\/tautastribunals.eu\/index.php?rest_route=\/wp\/v2\/posts\/40301\/revisions"}],"predecessor-version":[{"id":40326,"href":"https:\/\/tautastribunals.eu\/index.php?rest_route=\/wp\/v2\/posts\/40301\/revisions\/40326"}],"wp:attachment":[{"href":"https:\/\/tautastribunals.eu\/index.php?rest_route=%2Fwp%2Fv2%2Fmedia&parent=40301"}],"wp:term":[{"taxonomy":"category","embeddable":true,"href":"https:\/\/tautastribunals.eu\/index.php?rest_route=%2Fwp%2Fv2%2Fcategories&post=40301"},{"taxonomy":"post_tag","embeddable":true,"href":"https:\/\/tautastribunals.eu\/index.php?rest_route=%2Fwp%2Fv2%2Ftags&post=40301"}],"curies":[{"name":"wp","href":"https:\/\/api.w.org\/{rel}","templated":true}]}}