{"id":40114,"date":"2017-07-21T18:58:52","date_gmt":"2017-07-21T15:58:52","guid":{"rendered":"http:\/\/tautastribunals.eu\/?p=40114"},"modified":"2017-07-22T00:53:17","modified_gmt":"2017-07-21T21:53:17","slug":"vesturnieka-j-maurisa-uztraukums","status":"publish","type":"post","link":"https:\/\/tautastribunals.eu\/?p=40114","title":{"rendered":"&#8220;V\u0113sturNIEKA&#8221; J. Maur\u012b\u0161a uztraukums"},"content":{"rendered":"<table border=\"0\" cellspacing=\"0\">\n<tbody id=\"the-comment-list\">\n<tr id=\"comment-24313\">\n<th scope=\"row\"><\/th>\n<td><strong><a href=\"http:\/\/tautastribunals.eu\/wp-content\/uploads\/2017\/07\/J\u0101nis-Maur\u012btis.L.-Granti\u0146\u0161.LRTT.PNG\"><img decoding=\"async\" loading=\"lazy\" class=\"alignleft size-full wp-image-40117\" title=\"J\u0101nis Maur\u012btis.L. Granti\u0146\u0161.LRTT\" src=\"http:\/\/tautastribunals.eu\/wp-content\/uploads\/2017\/07\/J\u0101nis-Maur\u012btis.L.-Granti\u0146\u0161.LRTT.PNG\" alt=\"J\u0101nis Maur\u012btis.L. Granti\u0146\u0161.LRTT\" width=\"94\" height=\"141\" \/><\/a> J\u0101nisMaur\u012btis<\/strong><br \/>\n<a href=\"mailto:janis.mauritis@karamuzejs.lv\">janis.mauritis@karamuzejs.lv<\/a><br \/>\n<a href=\"http:\/\/tautastribunals.eu\/wp-admin\/edit-comments.php?s=81.198.125.36&amp;mode=detail\">81.111 111 ???<\/a><\/td>\n<td>\n<div id=\"submitted-on\">Iesniegts <a href=\"http:\/\/tautastribunals.eu\/?p=39496&amp;cpage=1#comment-24313\">21.07.2017 at 14.03<\/a><\/div>\n<p>God\u0101tais Linard Ganti\u0146a kungs!<br \/>\nKop\u0101 c\u016bkas neesam gan\u012bju\u0161i, t\u0101d\u0113\u013c nekari\u0137\u0113\u0161u uzrunu, k\u0101 to dar\u0101t J\u016bs.  Manis veidotaj\u0101 izst\u0101d\u0113 Kara muzej\u0101 J\u016bs esat par\u0101d\u012bts ka viens no  pirmajiem, kuri UZDRO\u0160IN\u0100J\u0100S. Man pat bija p\u016bles atrast foto, kur\u0101 J\u016bs  esat redzams.<br \/>\nJ\u016bsu koment\u0101ri par izst\u0101di un intervij\u0101m t\u0101s sakar\u0101 man\u012b rais\u012bja  izbr\u012bnu. Man rad\u0101s iespaids, ka J\u016bs esat tot\u0101lais sta\u013cinists. Pat  Sta\u013cins ofici\u0101li vienpersoniski nesprieda n\u0101vessodu, vi\u0146am bija troika,  bet J\u016bs to dar\u0101t vienpersoniski. Vai Jums ne\u0161\u0137iet, ka pietr\u016bks  izpild\u012bt\u0101ju, jo visiem p\u0101r\u0113jiem sods jau b\u016bs piespriests? T\u0101 k\u0101 nav  advok\u0101ta, man g\u016bti spriest, par ko man tas sods? Vai par to, ka at\u013c\u0101vos  piemin\u0113t Helsinkie\u0161us p\u0113c 30 gadiem? Saprotu, ka m\u016bsu valst\u012b viss nav  k\u0101rt\u012bb\u0101, bet J\u016bs pat no \u0161\u012bs valsts esat sa\u0146\u0113mis Tr\u012bszvaig\u017e\u0146u ordeni.<\/td>\n<\/tr>\n<\/tbody>\n<\/table>\n<p><a href=\"http:\/\/tautastribunals.eu\/wp-content\/uploads\/2017\/07\/Liec\u012bbas.LRTT.H-86.LatvijaSaeimaGranti\u0146\u0161BitenieksBarissUrbanovi\u010dsKozlovskis..PNG\"><img decoding=\"async\" loading=\"lazy\" class=\"alignleft size-full wp-image-40122\" title=\"Liec\u012bbas.LRTT.H-86.LatvijaSaeimaGranti\u0146\u0161BitenieksBarissUrbanovi\u010dsKozlovskis.\" src=\"http:\/\/tautastribunals.eu\/wp-content\/uploads\/2017\/07\/Liec\u012bbas.LRTT.H-86.LatvijaSaeimaGranti\u0146\u0161BitenieksBarissUrbanovi\u010dsKozlovskis..PNG\" alt=\"Liec\u012bbas.LRTT.H-86.LatvijaSaeimaGranti\u0146\u0161BitenieksBarissUrbanovi\u010dsKozlovskis.\" width=\"646\" height=\"147\" srcset=\"https:\/\/tautastribunals.eu\/wp-content\/uploads\/2017\/07\/Liec\u012bbas.LRTT.H-86.LatvijaSaeimaGranti\u0146\u0161BitenieksBarissUrbanovi\u010dsKozlovskis..PNG 834w, https:\/\/tautastribunals.eu\/wp-content\/uploads\/2017\/07\/Liec\u012bbas.LRTT.H-86.LatvijaSaeimaGranti\u0146\u0161BitenieksBarissUrbanovi\u010dsKozlovskis.-300x68.PNG 300w, https:\/\/tautastribunals.eu\/wp-content\/uploads\/2017\/07\/Liec\u012bbas.LRTT.H-86.LatvijaSaeimaGranti\u0146\u0161BitenieksBarissUrbanovi\u010dsKozlovskis.-800x183.PNG 800w\" sizes=\"(max-width: 646px) 100vw, 646px\" \/><\/a>J\u016bs, k\u0101 redzams, neko neesat sapratis,<strong> Maur\u012b\u0161a kungs<\/strong>. Netie\u0161i J\u016bs esat atbild\u0113jis pats savam koment\u0101ram: <strong>&#8220;Saprotu, ka m\u016bsu valst\u012b viss nav k\u0101rt\u012bb\u0101&#8230; .&#8221;<\/strong><\/p>\n<p>Ja saprot, tad k\u0101p\u0113c piedalieties \u0161\u012bs <strong>&#8220;m\u016bsu&#8221; <\/strong>valsts sp\u0113l\u0113taj\u0101 te\u0101tr\u012b ? \u0160\u012b nav mana valsts, varb\u016bt, ka <strong>J\u016bsu.<\/strong> Man vi\u0146u nozaga sarkanie slepkavas- komunisti, kuri mani jau <strong>Atmodas laik\u0101<\/strong> cent\u0101s noslepkavot, kad iespund\u0113ja <strong>\u0160\u0137irotav\u0101,<\/strong> p\u0113c tam notika vair\u0101kas ind\u0113\u0161anas, pirms diviem gadiem \u0101rpr\u0101ta<strong> DP <\/strong>uzbrukums un psihotroniska apstr\u0101de <strong>R\u012bgas Centr\u0101lcietum\u0101<\/strong> ar m\u0113r\u0137i, lai veiktu pa\u0161n\u0101v\u012bbu, bet p\u0113d\u0113jais m\u0113\u0123in\u0101jums ar <strong>&#8220;disidenta&#8221; Ro\u017ekalna <\/strong>l\u012bdzdal\u012bbu notiek tie\u0161i tagad: \u00a0<a href=\"http:\/\/tautastribunals.eu\/?p=39964\">http:\/\/tautastribunals.eu\/?p=39964<\/a><\/p>\n<p>K\u0101p\u0113c tik zemiski piemin\u0101t \u0161eit <strong>Sta\u013cinu<\/strong>, kur\u0161 vienpersoniski neesot spriedis sodu ?<\/p>\n<p><strong>Sta\u013cins<\/strong> sprieda sodu tie\u0161i vienpersoniski, bet<strong> TROIKAS<\/strong> realiz\u0113ja vi\u0146a spriedumu.<\/p>\n<p>Jums galv\u0101, <strong>Maur\u012b\u0161a kungs,<\/strong> ir tot\u0101ls \u0137\u012bselis un ar t\u0101diem ir viegli manipul\u0113t.<\/p>\n<p><strong>Man nevajag nek\u0101das pateic\u012bbas, man vajag, lai mana tauta b\u016btu br\u012bva no sarkanajiem slepkav\u0101m.<\/strong><\/p>\n<p>Un v\u0113l: redziet, nav t\u0101ds <strong>Tr\u012bszvaig\u017e\u0146u ordenis,<\/strong> bet gan <strong><span style=\"text-decoration: underline;\">Triju Zvaig\u017e\u0146u ordenis<\/span><\/strong>. T\u0101 ir nepie\u013caujama k\u013c\u016bda- zemiska pavir\u0161\u012bba no <strong>J\u016bsu<\/strong> puses. Tas ir tas pats, kas karogu nosaukt par lupatu. Ja<strong> Jums<\/strong> nav skaidra tik vienk\u0101r\u0161a lieta, tad nebr\u012bnos, ka uzrakst\u012bj\u0101t t\u0101du murgu.<\/p>\n<p>Ordeni man nepie\u0161\u0137\u012bra valsts, bet mani darbi. Es esmu vien\u012bgais, kur\u0161 atteic\u0101s \u0161o ordeni pie\u0146emt no <strong>\u201cm\u016bsu\u201d<\/strong> valsts slepkavu rok\u0101m<em>(ordeni pie\u0146em\u0161u tad, kad mana valsts b\u016bs att\u012br\u012bta no sarkanajiem slepkav\u0101m). <\/em><\/p>\n<p>K\u0101 var pie\u0161\u0137irt \u0161o ordeni <strong>Atmodas aizs\u0101c\u0113jam<\/strong> un ar\u012b \u0161\u012bs <strong>\u201cm\u016bsu\u201d<\/strong> valsts, k\u0101<strong> J\u016bs<\/strong> sak\u0101t, slepkavam, laup\u012bt\u0101jam, \u010dekistam un komunistam <strong>\u017e\u012bdam Godmanim<\/strong> ?<\/p>\n<p>Un vai neizklaus\u0101s mu\u013c\u0137\u012bgi <strong>J\u016bsu<\/strong> sac\u012btais:<span style=\"color: #ff0000;\"> <strong>\u201dMan pat bija p\u016bles atrast foto, kur\u0101 J\u016bs esat redzams.\u201d<\/strong><\/span><\/p>\n<p>Ja veidoj\u0101t izst\u0101di par <strong>Helsinki- 86<\/strong>, tad k\u0101p\u0113c nesazin\u0101j\u0101ties ar \u0161\u012bs grupas dibin\u0101t\u0101ju un sekojo\u0161i ar\u012b ar <strong>Atmodas aizs\u0101c\u0113ju, <\/strong>pa\u0161u <strong>L. Granti\u0146u<\/strong> ? Ar vi\u0146u sazin\u0101ties bija vienk\u0101r\u0161\u0101k par vienk\u0101r\u0161u. Vi\u0146a dz\u012bvesvietas adrese ir zin\u0101ma, tel.nr. ar\u012b un e- pasts pats pa sevi, jo ir nor\u0101d\u012bts <a href=\"http:\/\/tautastribunals.eu\/?cat=7\">tautastribunals.eu- <\/a><strong><a href=\"http:\/\/tautastribunals.eu\/?cat=7\">KONTAKTI<\/a>.<\/strong><\/p>\n<h2><span style=\"color: #ff0000;\">K\u0101p\u0113c visu veidoj\u0101t par L. Granti\u0146u bez vi\u0146a ?<\/span><\/h2>\n<p>Atbildiet uz \u0161o vienk\u0101r\u0161o jaut\u0101jumu god. demokr\u0101t, <strong>J. Maur\u012b\u0161a kungs<\/strong> ?<\/p>\n<p>Atbilde jau ir pavisam vienk\u0101r\u0161a, jo <strong>L. Granti\u0146a <\/strong>izskaidrojumi par vi\u0146a veikto nesaskan\u0113tu ar <strong>4. maija kli\u0137es <\/strong>pie\u0146emto <strong>Atmodas <\/strong>realiz\u0113t\u0101ju versiju.<\/p>\n<p>Un ja p\u0113c b\u016bt\u012bbas izanaliz\u0113 \u0161o<strong> J\u016bsu <\/strong>rindkopu: <strong><span style=\"color: #ff0000;\"><em>\u201cT\u0101p\u0113c, ka helsinkie\u0161i n\u0101ca no \u201cierindas cilv\u0113kiem\u201d, nevis no elit\u0101r\u0101s inteli\u0123ences. Vi\u0146iem nebija izgl\u012bt\u012bbas, k\u0101du vajadz\u0113tu, un ar \u0161\u012bm akcij\u0101m vi\u0146i faktiski savu potenci\u0101lu izsm\u0113la\u201d,<\/em><\/span> <\/strong>tad rodas nel\u0101ga saj\u016bta.<strong> <\/strong><\/p>\n<p>P\u0113c<strong> J\u016bs<\/strong> sac\u012bt\u0101 san\u0101k, ka <strong>\u201celit\u0101ra inteli\u0123ence\u201d,<\/strong> kura ir piln\u012bb\u0101 izlaup\u012bjusi <strong>manu valsti<\/strong><em>(latvie\u0161u valsti),<\/em> bija ar vajadz\u012bgo potenci\u0101lu ? Un, ko noz\u012bm\u0113 <strong>J\u016bsu <\/strong>defin\u0113jums: \u201c<strong>ierindas cilv\u0113kiem<\/strong>\u201d ? Kuri tad ir ne-ierindas, tie kuri ir cien\u012bgi vad\u012bt valsti ?<\/p>\n<p>Un vai<strong> L. Granti\u0146a <\/strong>ieme\u0161ana 1987. g. <strong>\u0160\u0137irotavas nometn\u0113<\/strong> nosi\u0161anai skait\u0101s pie \u201c<strong>potenci\u0101la izsmel\u0161anas\u201d <\/strong>?<\/p>\n<p>J\u016bs,<strong> Maur\u012bt, <\/strong>esiet uzsp\u013c\u0101vis <span style=\"text-decoration: underline;\"><strong>ne tikai helsikie\u0161iem, bet visai latvie\u0161u tautai<\/strong><\/span>.<\/p>\n<p>J\u016bs uzrakst\u012bj\u0101t to, ko no <strong>Jums <\/strong>pras\u012bja <strong>\u201celit\u0101r\u0101 inteli\u0123ence\u201d<\/strong>.<\/p>\n<p><strong>L. Granti\u0146\u0161 <\/strong>tika patais\u012bts par <strong>\u201cpotenci\u0101li izsmeltu\u201d<\/strong> nev\u0113rt\u012bgu rad\u012bjumu, kur\u0161 ir pat b\u012bstams<strong> Latvijai.<\/strong><\/p>\n<p>Un k\u0101 nu ne, ja<strong> 4. maija kli\u0137e <\/strong>iepazin\u0101s ar<strong> L. Granti\u0146a PUNKTIEM<\/strong>, t\u0101 nekav\u0113joties tika pie\u0146emts l\u0113mums par <strong>Kara Muzeja <\/strong>izst\u0101di <strong>Jankas Mauli\u0146a<\/strong> vad\u012bb\u0101 ar uzdevumu degrad\u0113t <strong>L. Granti\u0146u<\/strong><em>(cilv\u0113kam ta\u010du nav potenci\u0101la)<\/em>.<\/p>\n<p><strong>L. Granti\u0146a \u201cizsmeltais potenci\u0101ls\u201d<\/strong> ir las\u0101ms:<\/p>\n<p><span style=\"color: #008000;\">Tur, <strong>J\u0101ni Bord\u0101n<\/strong>, kur es b\u016b\u0161u, tur noziedznieki- <strong>Latvijas izlaup\u012bt\u0101ji,<\/strong> sav\u0101m k\u0101j\u0101m aizies uz <strong>\u201cpeln\u012bto vietu\u201d!<\/strong><\/span><\/p>\n<p><span style=\"color: #008000;\"> <\/span><\/p>\n<p><span style=\"color: #008000;\">Pirmk\u0101rt, ko dar\u012b\u0161u, b\u016bs starptautiska<strong> LIETAS<\/strong> izskat\u012b\u0161ana, kas attiecas uz okup\u0101ciju un <strong>1949 gada \u017den\u0113vas Konvencijas<\/strong> \u012bsteno\u0161anu p\u0113cokup\u0101cijas period\u0101, <strong><span style=\"text-decoration: underline;\">visaptvero\u0161a Latvijas dekoloniz\u0101cija<\/span><\/strong> !<\/span><\/p>\n<p><span style=\"color: #008000;\"> <\/span><\/p>\n<p><span style=\"color: #008000;\"><strong><span style=\"text-decoration: underline;\">-Tiks g\u0101d\u0101ts,<\/span><\/strong> lai <strong><span style=\"text-decoration: underline;\">starptautisko ekspertu kl\u0101tb\u016btn\u0113 tiktu atv\u0113rti \u010dekas maisi<\/span><\/strong> !<\/span><\/p>\n<p><span style=\"color: #008000;\"> <\/span><\/p>\n<p><span style=\"color: #008000;\"><strong><span style=\"text-decoration: underline;\">&#8211; Tiks g\u0101d\u0101ts,<\/span><\/strong> lai visi <strong>Latvijas izzadz\u0113ji<\/strong><em>(miljon\u0101ri<\/em>) st\u0101tos <strong>Tautas Tiesas<\/strong> priek\u0161\u0101 un sniegtu atskaiti par katru <strong>Latu\/Eiro<\/strong>.<\/span><\/p>\n<p><span style=\"color: #008000;\"> <\/span><\/p>\n<p><span style=\"color: #008000;\"><strong><span style=\"text-decoration: underline;\">-Tiks g\u0101d\u0101ts,<\/span><\/strong> lai visi <strong>\u010dekisti un komunisti tiktu sod\u012bti, <\/strong>par <strong>genoc\u012bda veik\u0161anu pret latvie\u0161u tautu- <\/strong>par <strong><span style=\"text-decoration: underline;\">kolaboracionismu- sadarb\u012bbu ar pasaules v\u0113stur\u0113 asi\u0146ain\u0101ko re\u017e\u012bmu- komunismu<\/span><\/strong>.<\/span><\/p>\n<p><span style=\"color: #008000;\"> <\/span><\/p>\n<p><span style=\"color: #008000;\"><strong><span style=\"text-decoration: underline;\">-Tiks g\u0101d\u0101ts,<\/span><\/strong> lai<strong> 4. maija kli\u0137es <\/strong>noziedz\u012bg\u0101s darb\u012bbas rezult\u0101t\u0101 padz\u012btie ekonomiskie b\u0113g\u013ci <strong><span style=\"text-decoration: underline;\">atgrieztos m\u0101j\u0101s- sav\u0101 Dzimten\u0113<\/span><\/strong>.<\/span><\/p>\n<p><span style=\"color: #008000;\"> <\/span><\/p>\n<p><span style=\"color: #008000;\"><strong><span style=\"text-decoration: underline;\">-Tiks g\u0101d\u0101ts,<\/span><\/strong> lai <strong><span style=\"text-decoration: underline;\">katra latvie\u0161u \u0123imene <\/span><\/strong>sa\u0146emtu vismaz <strong>5- 7 hekt\u0101rus aramzemes bez<\/strong> nek\u0101diem nodok\u013ciem tur, kur vi\u0146i v\u0113las, protams, bez ties\u012bb\u0101m <strong><span style=\"text-decoration: underline;\">to p\u0101rdot.<\/span><\/strong><\/span><\/p>\n<p><span style=\"color: #008000;\"> <\/span><\/p>\n<p><span style=\"color: #008000;\"><strong><span style=\"text-decoration: underline;\">-Tiks g\u0101d\u0101ts,<\/span><\/strong> lai <strong>latvie\u0161u tautai <\/strong>un <strong>Latvijas valstij<\/strong>, ar starptautisko instit\u016bciju pal\u012bdz\u012bbu, tiktu atdots atpaka\u013c viss nozagtais- izlaup\u012btais.<\/span><\/p>\n<p><span style=\"color: #008000;\"> <\/span><\/p>\n<p><span style=\"color: #008000;\"><strong><span style=\"text-decoration: underline;\">-Tiks g\u0101d\u0101ts,<\/span><\/strong> lai nekav\u0113jo\u0161i tiktu atsaukti visi darbinieki no <strong>ES,<\/strong> kuri tur atrodas p\u0113c komunistu <strong>\u201cieteikuma\u201d<\/strong> un, pirmk\u0101rt, jau \u0161eit piemin\u0113tais <strong>Egils Levits<\/strong> !<\/span><\/p>\n<p><span style=\"color: #008000;\"> <\/span><\/p>\n<p><span style=\"color: #008000;\"><strong><span style=\"text-decoration: underline;\">-Tiks g\u0101d\u0101ts<\/span><\/strong> par visu, kas saist\u012bts ar <strong>Tiesiskuma atjauno\u0161anu Latvij\u0101<\/strong>, kas atbilst <strong>Starptautiski izstr\u0101d\u0101tiem<\/strong> <strong>Likumiem<\/strong> un <strong>1922. gada Satversmei<\/strong> !<\/span><\/p>\n<p><span style=\"color: #008000;\"> <\/span><\/p>\n<p><span style=\"color: #008000;\"><strong><span style=\"text-decoration: underline;\">-Tiks g\u0101d\u0101ts<\/span><\/strong> par to, lai visi tie, kuri p\u0101rk\u0101pu\u0161i \u0161os <strong>Starptautiskos Likumus<\/strong> un <strong>Satversmi<\/strong>, tiktu ties\u0101ti starptautisk\u0101 <strong>Tribun\u0101l\u0101 H\u0101g\u0101<\/strong> !<\/span><\/p>\n<p><span style=\"color: #008000;\"> <\/span><\/p>\n<p><span style=\"color: #008000;\">Redziet, <strong>Bord\u0101na kungs,<\/strong> es prasu tikai to, kas paredz\u0113ts <strong>Starptautiskos Likumos<\/strong> un<strong> Satversm\u0113<\/strong>.<\/span><\/p>\n<p><span style=\"color: #008000;\"> <\/span><\/p>\n<p><span style=\"color: #008000;\">K\u0101p\u0113c tauta nav dzird\u0113jusi no<strong> Jums <\/strong>neko l\u012bdz\u012bgu ?<\/span><\/p>\n<p><a href=\"http:\/\/tautastribunals.eu\/wp-content\/uploads\/2017\/07\/7.L.-Granti\u0146\u0161-Bitenieks-Ulmanis-Latvija-m\u0101ksla-Bariss-Eihmanis.JPG\"><img decoding=\"async\" loading=\"lazy\" class=\"alignleft size-full wp-image-40134\" title=\"7.L.-Granti\u0146\u0161-Bitenieks-Ulmanis-Latvija-m\u0101ksla-Bariss-Eihmanis\" src=\"http:\/\/tautastribunals.eu\/wp-content\/uploads\/2017\/07\/7.L.-Granti\u0146\u0161-Bitenieks-Ulmanis-Latvija-m\u0101ksla-Bariss-Eihmanis.JPG\" alt=\"7.L.-Granti\u0146\u0161-Bitenieks-Ulmanis-Latvija-m\u0101ksla-Bariss-Eihmanis\" width=\"643\" height=\"89\" srcset=\"https:\/\/tautastribunals.eu\/wp-content\/uploads\/2017\/07\/7.L.-Granti\u0146\u0161-Bitenieks-Ulmanis-Latvija-m\u0101ksla-Bariss-Eihmanis.JPG 917w, https:\/\/tautastribunals.eu\/wp-content\/uploads\/2017\/07\/7.L.-Granti\u0146\u0161-Bitenieks-Ulmanis-Latvija-m\u0101ksla-Bariss-Eihmanis-300x41.jpg 300w, https:\/\/tautastribunals.eu\/wp-content\/uploads\/2017\/07\/7.L.-Granti\u0146\u0161-Bitenieks-Ulmanis-Latvija-m\u0101ksla-Bariss-Eihmanis-800x110.jpg 800w\" sizes=\"(max-width: 643px) 100vw, 643px\" \/><\/a>21.07.17\u00a0\u00a0\u00a0\u00a0 L. Granti\u0146\u0161<\/p>\n<h2>P.S.<\/h2>\n<p>Un tu, <strong>nelieti maur\u012bti<\/strong>, v\u0113l uzdro\u0161in\u0101jies rakst\u012bt koment\u0101ru par \u0161o t\u0113mu \u2026. ! Kas attiecas par <strong>\u201ckop\u0101 c\u016bku gan\u012b\u0161anu\u201d, <\/strong>tad varu pateikt:<strong> \u201cAr tevi pat vien\u0101 tualet\u0113 dar\u012b\u0161anas neietu k\u0101rtot, kur nu v\u0113l c\u016bkas kop\u0101 gan\u012bt !\u201d<\/strong><\/p>\n","protected":false},"excerpt":{"rendered":"<p>J\u0101nisMaur\u012btis janis.mauritis@karamuzejs.lv 81.111 111 ??? Iesniegts 21.07.2017 at 14.03 God\u0101tais Linard Ganti\u0146a kungs! Kop\u0101 c\u016bkas neesam gan\u012bju\u0161i, t\u0101d\u0113\u013c nekari\u0137\u0113\u0161u uzrunu, k\u0101 to dar\u0101t J\u016bs. Manis veidotaj\u0101 izst\u0101d\u0113 Kara muzej\u0101 J\u016bs esat par\u0101d\u012bts ka viens&#46;&#46;&#46;<\/p>\n","protected":false},"author":1,"featured_media":0,"comment_status":"open","ping_status":"open","sticky":false,"template":"","format":"standard","meta":[],"categories":[1],"tags":[],"_links":{"self":[{"href":"https:\/\/tautastribunals.eu\/index.php?rest_route=\/wp\/v2\/posts\/40114"}],"collection":[{"href":"https:\/\/tautastribunals.eu\/index.php?rest_route=\/wp\/v2\/posts"}],"about":[{"href":"https:\/\/tautastribunals.eu\/index.php?rest_route=\/wp\/v2\/types\/post"}],"author":[{"embeddable":true,"href":"https:\/\/tautastribunals.eu\/index.php?rest_route=\/wp\/v2\/users\/1"}],"replies":[{"embeddable":true,"href":"https:\/\/tautastribunals.eu\/index.php?rest_route=%2Fwp%2Fv2%2Fcomments&post=40114"}],"version-history":[{"count":25,"href":"https:\/\/tautastribunals.eu\/index.php?rest_route=\/wp\/v2\/posts\/40114\/revisions"}],"predecessor-version":[{"id":40138,"href":"https:\/\/tautastribunals.eu\/index.php?rest_route=\/wp\/v2\/posts\/40114\/revisions\/40138"}],"wp:attachment":[{"href":"https:\/\/tautastribunals.eu\/index.php?rest_route=%2Fwp%2Fv2%2Fmedia&parent=40114"}],"wp:term":[{"taxonomy":"category","embeddable":true,"href":"https:\/\/tautastribunals.eu\/index.php?rest_route=%2Fwp%2Fv2%2Fcategories&post=40114"},{"taxonomy":"post_tag","embeddable":true,"href":"https:\/\/tautastribunals.eu\/index.php?rest_route=%2Fwp%2Fv2%2Ftags&post=40114"}],"curies":[{"name":"wp","href":"https:\/\/api.w.org\/{rel}","templated":true}]}}