{"id":39496,"date":"2017-06-18T13:40:49","date_gmt":"2017-06-18T10:40:49","guid":{"rendered":"http:\/\/tautastribunals.eu\/?p=39496"},"modified":"2022-06-16T14:39:26","modified_gmt":"2022-06-16T11:39:26","slug":"lrtt-par-gara-kropliem-nodevejiem-un-essibas-noladetajiem","status":"publish","type":"post","link":"https:\/\/tautastribunals.eu\/?p=39496","title":{"rendered":"Par gara krop\u013ciem, nodev\u0113jiem un Ess\u012bbas nol\u0101d\u0113tajiem&#8230;"},"content":{"rendered":"<h2><a href=\"http:\/\/tautastribunals.eu\/wp-content\/uploads\/2017\/06\/Granti\u0146\u0161Spr\u016bdsP\u0113tersone.LRTT.PNG\"><img decoding=\"async\" loading=\"lazy\" class=\"alignleft  wp-image-39503\" title=\"Granti\u0146\u0161,Spr\u016bds,P\u0113tersone.LRTT\" src=\"http:\/\/tautastribunals.eu\/wp-content\/uploads\/2017\/06\/Granti\u0146\u0161Spr\u016bdsP\u0113tersone.LRTT.PNG\" alt=\"Granti\u0146\u0161,Spr\u016bds,P\u0113tersone.LRTT\" width=\"1319\" height=\"56\" srcset=\"https:\/\/tautastribunals.eu\/wp-content\/uploads\/2017\/06\/Granti\u0146\u0161Spr\u016bdsP\u0113tersone.LRTT.PNG 1857w, https:\/\/tautastribunals.eu\/wp-content\/uploads\/2017\/06\/Granti\u0146\u0161Spr\u016bdsP\u0113tersone.LRTT-300x12.PNG 300w, https:\/\/tautastribunals.eu\/wp-content\/uploads\/2017\/06\/Granti\u0146\u0161Spr\u016bdsP\u0113tersone.LRTT-800x34.PNG 800w\" sizes=\"(max-width: 1319px) 100vw, 1319px\" \/><\/a><\/h2>\n<h2><a href=\"https:\/\/www.youtube.com\/watch?v=4M5v6GYF474\">https:\/\/www.youtube.com\/watch?v=4M5v6GYF474<\/a><\/h2>\n<h2><a href=\"http:\/\/tautastribunals.eu\/wp-content\/uploads\/2017\/06\/1.-S\u0101tanisti-Dz\u012bres-Godmanis-Kopie.PNG\"><img decoding=\"async\" loading=\"lazy\" class=\"alignleft  wp-image-39570\" title=\"1.-S\u0101tanisti-Dz\u012bres-Godmanis-Kopie\" src=\"http:\/\/tautastribunals.eu\/wp-content\/uploads\/2017\/06\/1.-S\u0101tanisti-Dz\u012bres-Godmanis-Kopie.PNG\" alt=\"1.-S\u0101tanisti-Dz\u012bres-Godmanis-Kopie\" width=\"1684\" height=\"603\" srcset=\"https:\/\/tautastribunals.eu\/wp-content\/uploads\/2017\/06\/1.-S\u0101tanisti-Dz\u012bres-Godmanis-Kopie.PNG 800w, https:\/\/tautastribunals.eu\/wp-content\/uploads\/2017\/06\/1.-S\u0101tanisti-Dz\u012bres-Godmanis-Kopie-300x107.PNG 300w\" sizes=\"(max-width: 1684px) 100vw, 1684px\" \/><\/a><span style=\"color: #ff0000;\">Run\u0101sim par<span style=\"text-decoration: underline;\"> s\u0101tanismu un S\u0101tana kalpiem <\/span>!<\/span><\/h2>\n<h2><span style=\"color: #ff0000;\">Par <span style=\"text-decoration: underline;\">latvie\u0161u tautas bend\u0113m- nodev\u0113jiem<\/span> !<\/span><\/h2>\n<p><span style=\"text-decoration: underline;\">===========================================================================<\/span><\/p>\n<h2>Ilze P\u0113tersone<\/h2>\n<p><a href=\"http:\/\/www.la.lv\/mes-cinijamies-par-latviesu-valsti\/5\/\"><span style=\"color: #0000ff;\"><strong>(las\u012bt visu)<\/strong><\/span><\/a><a href=\"http:\/\/www.la.lv\/mes-cinijamies-par-latviesu-valsti\/5\/\"><span style=\"color: #003300;\">http:\/\/www.la.lv\/mes-cinijamies-par-latviesu-valsti\/5\/<\/span><\/a><\/p>\n<p><span style=\"color: #003300;\"><a href=\"http:\/\/tautastribunals.eu\/wp-content\/uploads\/2017\/06\/M\u0101ris-LudviksJuris-Rubenis-Modris-Pl\u0101te-Linards-Granti\u0146\u0161.PNG\"><img decoding=\"async\" loading=\"lazy\" class=\"alignleft  wp-image-39544\" title=\"M\u0101ris-LudviksJuris-Rubenis-Modris-Pl\u0101te-Linards-Granti\u0146\u0161\" src=\"http:\/\/tautastribunals.eu\/wp-content\/uploads\/2017\/06\/M\u0101ris-LudviksJuris-Rubenis-Modris-Pl\u0101te-Linards-Granti\u0146\u0161.PNG\" alt=\"M\u0101ris-LudviksJuris-Rubenis-Modris-Pl\u0101te-Linards-Granti\u0146\u0161\" width=\"275\" height=\"332\" \/><\/a><\/span><\/p>\n<p>FOTO: <span style=\"color: #ff0000;\"><em>VDK rad\u012btais &#8220;disidentos&#8221;, kur\u0161 neesot k\u0101t, tom\u0113r zin, ka<strong> Juris Rubenis<\/strong> piedal\u012bjies <strong>H- 86<\/strong> dokumentu sast\u0101d\u012b\u0161an\u0101s. Tu, nol\u0101d\u0113tais nodev\u0113j, ar saviem meliem esi uzvilcis l\u0101stu ne tikai uz saviem b\u0113rniem un tuviniekiem, bet ar\u012b uz visu latvie\u0161u tautu !!!<\/em> Un <strong>VI\u0145\u0160 <\/strong>sac\u012bja: <strong>&#8220;T\u0101ds lai lab\u0101k neb\u016btu dzimis&#8230; !&#8221; <\/strong><\/span><\/p>\n<p><span style=\"color: #003300;\">Revol\u016bcija jau ar\u012b notiek t\u0101 spont\u0101ni, uz dullo un izdodas,\u201d par saj\u016bt\u0101m pas\u0101kuma priek\u0161vakar\u0101 st\u0101sta <a href=\"http:\/\/tautastribunals.eu\/?p=31129\">M\u0101ris Ludviks<span style=\"color: #0000ff;\"><strong>(atv\u0113rt)<\/strong>,<\/span> <\/a>uzsverot, ka helsinkie\u0161iem atbalstu dokumentu teksta sagatavo\u0161an\u0101 sniedzis ar\u012b vi\u0146a tuvs draugs, jaunais Liep\u0101jas m\u0101c\u012bt\u0101js <a href=\"https:\/\/www.youtube.com\/watch?v=DkBfJEyqw84\">Juris Rubenis<span style=\"color: #0000ff;\"><strong>(atv\u0113rt)<\/strong>.<\/span><\/a><\/span><\/p>\n<p><span style=\"color: #003300;\">\u201cP\u0113c gada grupa k\u0101 politiskais sp\u0113ks savu darb\u012bbu beidza. \u201cHelsinki-86\u2033 savu uzdevumu bija izpild\u012bjusi \u2013 vi\u0146i bija pirmie, kas uzdro\u0161in\u0101j\u0101s mest izaicin\u0101jumu totalit\u0101rajam re\u017e\u012bmam,\u201d helsinkie\u0161u devumu v\u0113rt\u0113 J. Maur\u012btis, uzsverot, ka savos dokumentos vi\u0146i nepras\u012bja Latvijas valstisk\u0101s neatkar\u012bbas atjauno\u0161anu, bet \u201cspieda\u201d uz ekonomisko patst\u0101v\u012bbu, latvie\u0161u valodas lomu un noz\u012bmi, v\u0113stures deideolo\u0123iz\u0101ciju un demokr\u0101tiskiem jaut\u0101jumiem.<\/span><\/p>\n<p><span style=\"color: #003300;\">R\u012bdzinieki pazi\u0146oja par patst\u0101v\u012bgas noda\u013cas izveido\u0161anu un 14. j\u016bnij\u0101 pirmo reizi okup\u0113t\u0101s Latvijas iel\u0101s izg\u0101ja ar sarkanbaltsarkano karogu \u2013 Konstant\u012bns Pupurs to iznesa cauri visai pils\u0113tai l\u012bdz pat Br\u0101\u013cu kapiem. P\u0113c tam Valsts dro\u0161\u012bbas komiteja piespieda vi\u0146u emigr\u0113t.<\/span><\/p>\n<p><span style=\"color: #003300;\"> Pirms pieciem gadiem kontakts ar c\u012b\u0146u biedru V\u0101cij\u0101 p\u0101rtr\u016bcis, esot sastr\u012bd\u0113ju\u0161ies t\u0101s pa\u0161as politikas d\u0113\u013c. \u201cNosaucu vi\u0146u par 21. gadsimta Donu Kihotu ar Napoleona amb\u012bcij\u0101m. Palasiet internet\u0101 Granti\u0146a rakstus, \u012bsti rikt\u012bgs vi\u0146\u0161 nav.\u201d To vi\u0146\u0161 par m\u0101jas lapu \u201cLatvijas Republikas Tautas tribun\u0101ls\u201d, par kuras naidpilno, agres\u012bvo un apmelojo\u0161o saturu pat ir ierosin\u0101ta krimin\u0101llieta un pirms p\u0101ris gadiem Dro\u0161\u012bbas policija biju\u0161o helsinkieti Liep\u0101j\u0101 aiztur\u0113ja.<\/span><\/p>\n<h2><span style=\"color: #003300;\"><a href=\"http:\/\/tautastribunals.eu\/wp-content\/uploads\/2017\/06\/Granti\u0146\u0161Spr\u016bdsP\u0113tersone.LRTT1.PNG\"><img decoding=\"async\" loading=\"lazy\" class=\"alignleft  wp-image-39510\" title=\"Granti\u0146\u0161,Spr\u016bds,P\u0113tersone.LRTT\" src=\"http:\/\/tautastribunals.eu\/wp-content\/uploads\/2017\/06\/Granti\u0146\u0161Spr\u016bdsP\u0113tersone.LRTT1.PNG\" alt=\"Granti\u0146\u0161,Spr\u016bds,P\u0113tersone.LRTT\" width=\"1908\" height=\"81\" srcset=\"https:\/\/tautastribunals.eu\/wp-content\/uploads\/2017\/06\/Granti\u0146\u0161Spr\u016bdsP\u0113tersone.LRTT1.PNG 1857w, https:\/\/tautastribunals.eu\/wp-content\/uploads\/2017\/06\/Granti\u0146\u0161Spr\u016bdsP\u0113tersone.LRTT1-300x12.PNG 300w, https:\/\/tautastribunals.eu\/wp-content\/uploads\/2017\/06\/Granti\u0146\u0161Spr\u016bdsP\u0113tersone.LRTT1-800x34.PNG 800w\" sizes=\"(max-width: 1908px) 100vw, 1908px\" \/><\/a>Viesturs Spr\u016bde: J\u0101nis Maur\u012btis<\/span><\/h2>\n<p><span style=\"color: #003300;\"><a href=\"http:\/\/www.la.lv\/helsinkiesi-savu-misiju-izpildija\/3\/\"><span style=\"color: #0000ff;\"><strong>(las\u012bt visu)<\/strong><\/span><span style=\"color: #003300;\">http:\/\/www.la.lv\/helsinkiesi-savu-misiju-izpildija\/3\/<\/span><\/a><\/span><\/p>\n<p><span style=\"color: #003300;\"><strong>Par helsinkie\u0161iem rodas iespaids k\u0101 par cilv\u0113kiem, kas nevar\u0113ja b\u016bt pa pr\u0101tam nevienai varai. K\u0101 gan cit\u0101di vi\u0146i b\u016btu v\u0113l\u0101k atstumti mal\u0101.<\/strong><\/span><\/p>\n<p><span style=\"color: #003300;\"> K\u0101p\u0113c \u0161ie cilv\u0113ki nepar\u0101d\u0101s v\u0113l\u0101k? T\u0101p\u0113c, ka helsinkie\u0161i n\u0101ca no \u201cierindas cilv\u0113kiem\u201d, nevis no elit\u0101r\u0101s inteli\u0123ences. Vi\u0146iem nebija izgl\u012bt\u012bbas, k\u0101du vajadz\u0113tu, un ar \u0161\u012bm akcij\u0101m vi\u0146i faktiski savu potenci\u0101lu izsm\u0113la.<\/span><\/p>\n<p><span style=\"color: #003300;\"><strong>Par helsinkie\u0161iem rodas iespaids k\u0101 par cilv\u0113kiem, kas nevar\u0113ja b\u016bt pa pr\u0101tam nevienai varai. K\u0101 gan cit\u0101di vi\u0146i b\u016btu v\u0113l\u0101k atstumti mal\u0101.<\/strong><\/span><\/p>\n<p><span style=\"color: #003300;\">P\u0113c Vidi\u0146a iest\u0101\u0161an\u0101s 1988. gada maij\u0101 Helsinku grupa sa\u0161\u0137\u0113l\u0101s, jo s\u0101k\u0101s apvainojumi, ka viens no helsinkie\u0161u l\u012bderiem Juris Ziemelis, t\u0101pat k\u0101 neatkar\u012bg\u0101 \u017eurn\u0101la \u201cAuseklis\u201d redaktors Ivars \u017dukovskis, ir \u201c\u010dekas a\u0123enti\u201d.<\/span><\/p>\n<p><span style=\"color: #003300;\">Bet es da\u013c\u0113ji saprotu, k\u0101p\u0113c vi\u0146os rad\u0101s aizvainojums. Linardu Granti\u0146u 1987. gad\u0101 ieslodz\u012bja nometn\u0113 uz pusgadu, un ir dzird\u0113ts, ka ar cietuma administr\u0101cijas sv\u0113t\u012bbu vi\u0146u tur grib\u0113ja nosist. P\u0113c atbr\u012bvo\u0161anas vi\u0146u piespieda emigr\u0113t uz V\u0101ciju. Neveda jau k\u0101 Sol\u017ee\u0146icinu rokudzel\u017eos l\u012bdz robe\u017eai, tom\u0113r trimda bija piespiedu lieta. Granti\u0146\u0161 p\u0113c tam p\u0101rmeta, ka vi\u0146u neviens neaizst\u0101v\u0113ja, ka visi klus\u0113ja, kad vajadz\u0113ja run\u0101t. Tas bija tie\u0161s p\u0101rmetums latvie\u0161u inteli\u0123encei. Bija t\u0101di cilv\u0113ki k\u0101 J\u0101nis Peters, D\u017eemma Skulme, Imants Ziedonis, kas toreiz tom\u0113r jau b\u016btu var\u0113ju\u0161i k\u0101du v\u0101rdu sac\u012bt. Bet vi\u0146i \u013coti labi zin\u0101ja robe\u017eu, ko nedr\u012bkst p\u0101rk\u0101pt. To ar\u012b Eduards Berklavs memu\u0101ros \u201cZin\u0101t un neaizmirst\u201d atz\u012bm\u0113, ka rakst\u012bjis neofici\u0101las v\u0113stules latvie\u0161u inteli\u0123encei, piem\u0113ram, Peteram, bet vi\u0146\u0161 aiznesis v\u0113stules Latvijas PSR Rakstnieku savien\u012bbas kompartijas sekret\u0101ram. Tas \u201cpa taisno\u201d atdevis \u010dekai. Diem\u017e\u0113l mums j\u0101atz\u012bst, ka helsinkie\u0161u 14. j\u016bnija uzn\u0101ciena sakar\u0101 no latvie\u0161u inteli\u0123ences puses nebija nek\u0101das reakcijas.<\/span><\/p>\n<p><span style=\"color: #003300;\"><strong>K\u0101p\u0113c preto\u0161an\u0101s kust\u012bbas dal\u012bbnieki, kurus \u010deka p\u0113c 1987. gada notikumiem piespieda emigr\u0113t, piem\u0113ram, tas pats Granti\u0146\u0161, Silaraups, v\u0113l\u0101k nesteidz\u0101s atgriezties atjaunotaj\u0101 valst\u012b?<\/strong><\/span><\/p>\n<p><span style=\"color: #003300;\"> <a href=\"http:\/\/tautastribunals.eu\/wp-content\/uploads\/2017\/06\/K.-PupursDzintars-Par\u0101dnieks-Kozlovskis-DPLRTT.PNG\"><img decoding=\"async\" loading=\"lazy\" class=\"alignleft  wp-image-39549\" title=\"K.-PupursDzintars-Par\u0101dnieks-Kozlovskis-DPLRTT\" src=\"http:\/\/tautastribunals.eu\/wp-content\/uploads\/2017\/06\/K.-PupursDzintars-Par\u0101dnieks-Kozlovskis-DPLRTT.PNG\" alt=\"K.-PupursDzintars-Par\u0101dnieks-Kozlovskis-DPLRTT\" width=\"239\" height=\"323\" srcset=\"https:\/\/tautastribunals.eu\/wp-content\/uploads\/2017\/06\/K.-PupursDzintars-Par\u0101dnieks-Kozlovskis-DPLRTT.PNG 343w, https:\/\/tautastribunals.eu\/wp-content\/uploads\/2017\/06\/K.-PupursDzintars-Par\u0101dnieks-Kozlovskis-DPLRTT-221x300.PNG 221w\" sizes=\"(max-width: 239px) 100vw, 239px\" \/><\/a>Ta\u010du ir ar\u012b pret\u0113jais piem\u0113rs \u2013 <a href=\"http:\/\/tautastribunals.eu\/?p=30833\">Konstant\u012bns Pupurs<span style=\"color: #0000ff;\"><strong>(atv\u0113rt)<\/strong>.<\/span><\/a> Vi\u0146\u0161 atgriez\u0101s no ASV p\u0113c desmit gadiem.<\/span><\/p>\n<p><span style=\"color: #003300;\"><strong>K\u0101 koment\u0113siet t\u0113zi, ka LTF un rado\u0161\u0101 inteli\u0123ence atmodu it k\u0101 \u201cpiesavin\u0101jusies\u201d vai pat \u201cnozagusi\u201d?<\/strong><\/span><\/p>\n<p><span style=\"color: #003300;\">\u201cPiesavin\u0101ties\u201d, \u201cnozagt\u201d ir par stipru teikts, ja atz\u012bstam neatkar\u012bgas valsts atjauno\u0161anu. \u201cIetekm\u0113j\u0101s\u201d b\u016btu prec\u012bz\u0101k. N\u0101kamie vienk\u0101r\u0161i p\u0101r\u0146\u0113ma vi\u0146u aizs\u0101kto. Tie pirmie Helsinku grupas cilv\u0113ki noteikti nebija t\u0101di, kas p\u0113c tam b\u016btu var\u0113ju\u0161i ko b\u016btiski ietekm\u0113t ekonomik\u0101, Augst\u0101kaj\u0101 Padom\u0113 vai v\u0113l\u0101k Saeim\u0101. Tas ir t\u0101pat k\u0101 ar Pilso\u0146u kongresu, kur ar\u012b sp\u012bd cauri aizvainojums, ka \u201cm\u0113s bij\u0101m tie \u012bstie\u201d.<\/span><\/p>\n<p><span style=\"color: #003300;\"> Nevajag lolot il\u016bzijas. Notikumu gait\u0101 pamatos nekas nemain\u012btos. Ja nu vien\u012bgi person\u0101lij\u0101s un nians\u0113s. Bet 1987. gada 14. j\u016bnij\u0101 helsinkie\u0161u nopelns ir nenoliedzams. Vi\u0146i iekustin\u0101ja tautas masu, pac\u0113la karogu, ta\u010du potenci\u0101la t\u0101l\u0101kai darb\u012bbai vi\u0146iem nebija.<\/span><\/p>\n<p><span style=\"color: #003300;\"><a href=\"http:\/\/tautastribunals.eu\/wp-content\/uploads\/2017\/06\/Liec\u012bbas.LRTT.H-86.LatvijaSaeimaGranti\u0146\u0161BitenieksBarissUrbanovi\u010dsKozlovskis.3.PNG\"><img decoding=\"async\" loading=\"lazy\" class=\"alignleft  wp-image-39513\" title=\"Liec\u012bbas.LRTT.H-86.LatvijaSaeimaGranti\u0146\u0161BitenieksBarissUrbanovi\u010dsKozlovskis.\" src=\"http:\/\/tautastribunals.eu\/wp-content\/uploads\/2017\/06\/Liec\u012bbas.LRTT.H-86.LatvijaSaeimaGranti\u0146\u0161BitenieksBarissUrbanovi\u010dsKozlovskis.3.PNG\" alt=\"Liec\u012bbas.LRTT.H-86.LatvijaSaeimaGranti\u0146\u0161BitenieksBarissUrbanovi\u010dsKozlovskis.\" width=\"2061\" height=\"471\" srcset=\"https:\/\/tautastribunals.eu\/wp-content\/uploads\/2017\/06\/Liec\u012bbas.LRTT.H-86.LatvijaSaeimaGranti\u0146\u0161BitenieksBarissUrbanovi\u010dsKozlovskis.3.PNG 834w, https:\/\/tautastribunals.eu\/wp-content\/uploads\/2017\/06\/Liec\u012bbas.LRTT.H-86.LatvijaSaeimaGranti\u0146\u0161BitenieksBarissUrbanovi\u010dsKozlovskis.3-300x68.PNG 300w, https:\/\/tautastribunals.eu\/wp-content\/uploads\/2017\/06\/Liec\u012bbas.LRTT.H-86.LatvijaSaeimaGranti\u0146\u0161BitenieksBarissUrbanovi\u010dsKozlovskis.3-800x183.PNG 800w\" sizes=\"(max-width: 2061px) 100vw, 2061px\" \/><\/a><\/span><\/p>\n<h3><span style=\"color: #008000;\">Abos \u0161ajos rakstos vieni vien\u012bgi meli un apzin\u0101ti fatu sagroz\u012bjumi !!!<\/span><\/h3>\n<p><span style=\"color: #003300;\">Nodev\u012bba, t\u0101 ir pati <strong><span style=\"text-decoration: underline;\">drausm\u012bg\u0101k\u0101<\/span><\/strong> un <strong><span style=\"text-decoration: underline;\">\u013caun\u0101k\u0101 cilv\u0113ka \u012bpa\u0161\u012bba<\/span><\/strong> !<\/span><\/p>\n<p><span style=\"color: #003300;\">Ja cilv\u0113ks k\u013c\u016bst par nodev\u0113ju <strong><span style=\"text-decoration: underline;\">stobra priek\u0161\u0101<\/span><\/strong>, k\u0101 tas notika <strong>Sta\u013cina laik\u0101<\/strong>, tad tas ar <strong>gr\u016bt\u012bb\u0101m<\/strong>, bet tom\u0113r ir saprotams, bet ja par t\u0101du k\u013c\u016bst <strong>godk\u0101res <\/strong>un <strong>sava labuma<\/strong> p\u0113c, tad t\u0101dam nav piem\u0113rojama nek\u0101da piedo\u0161ana. <\/span><\/p>\n<h2><span style=\"color: #003300;\"><strong>Vi\u0146\u0161 ir j\u0101samin k\u0101 ind\u012bga \u010d\u016bska\u2026\u00a0 !<\/strong> <\/span><\/h2>\n<p><span style=\"color: #003300;\">K\u0101d\u0101 visiem labi zin\u0101m\u0101 <strong>Gr\u0101mat\u0101<\/strong> ir sac\u012bts: <strong>\u201cTam b\u016btu lab\u0101k, ka nemaz neb\u016btu dzimis\u2026 <\/strong>.&#8221; <\/span><\/p>\n<p><span style=\"color: #003300;\"><a href=\"http:\/\/tautastribunals.eu\/wp-content\/uploads\/2017\/06\/BitenieksGranti\u0146\u0161Bariss-LRTTHelsinki-86..PNG\"><img decoding=\"async\" loading=\"lazy\" class=\"alignleft  wp-image-39560\" title=\"BitenieksGranti\u0146\u0161Bariss-LRTTHelsinki-86.\" src=\"http:\/\/tautastribunals.eu\/wp-content\/uploads\/2017\/06\/BitenieksGranti\u0146\u0161Bariss-LRTTHelsinki-86..PNG\" alt=\"BitenieksGranti\u0146\u0161Bariss-LRTTHelsinki-86.\" width=\"405\" height=\"214\" srcset=\"https:\/\/tautastribunals.eu\/wp-content\/uploads\/2017\/06\/BitenieksGranti\u0146\u0161Bariss-LRTTHelsinki-86..PNG 562w, https:\/\/tautastribunals.eu\/wp-content\/uploads\/2017\/06\/BitenieksGranti\u0146\u0161Bariss-LRTTHelsinki-86.-299x158.PNG 299w\" sizes=\"(max-width: 405px) 100vw, 405px\" \/><\/a><\/span><\/p>\n<p>FOTO:<span style=\"color: #ff0000;\"><em> Nu, protams, ka es sevi par vain\u012bgu atz\u012bstu H- 86 dibin\u0101\u0161an\u0101 un to tagad \u013coti no\u017e\u0113loju, biedr Borovkov, jo Granti\u0146\u0161 man pr\u0101tu aptum\u0161oja ar savu naidu pret atbr\u012bvot\u0101jiem un komunistiem ! Esmu gatavs savu vainu izpirkt !<\/em><\/span><\/p>\n<p><span style=\"color: #003300;\">M\u0113s run\u0101sim \u0161eit ne tikai par vienu nodev\u0113ju, bet nodev\u0113ju virkni\u2026 .<strong><span style=\"text-decoration: underline;\">Visi tie, kuri run\u0101 melus, ir nodev\u0113ji !<\/span> Latvijas Av\u012bz\u0113<\/strong> ir las\u0101mi <strong>divi raksti par 14. j\u016bniju- tautas Atmodu<\/strong>. <\/span><\/p>\n<p><span style=\"color: #003300;\">Abi raksti ir \u010dekistu atbilde uz maniem s\u0113riju rakstiem:<strong> \u201cTev neb\u016bs Paties\u012bbu zaimot !\u201d. <\/strong>Visi tie <strong>\u201cdisidenti\u201d,<\/strong> kuri deva <strong>\u201cintervijas\u201d<\/strong><em><span style=\"color: #008000;\">(neiedom\u0101jami mel\u012bgas sevi slavino\u0161as, kam\u0113r Atmodas iniciators Granti\u0146\u0161 tai pa\u0161\u0101 laik\u0101, apsists ar lauztiem kauliem, atrad\u0101s R\u012bgas Centr\u0101lcietum\u0101 un neviens no \u0161iem \u201cpatriotiem\u201d par to pat neiep\u012bkst\u0113j\u0101s. Visi \u0161ie \u201cdisidenti\u201d, t\u0101pat k\u0101 komunisti- \u010dekisti, bija ieinteres\u0113ti man\u0101 n\u0101v\u0113. Ja neb\u016bs vairs t\u0101ds Granti\u0146\u0161, tad var\u0113s savas nodev\u012bbas \u017e\u013curgas nosl\u0113pt un tautai st\u0101st\u012bt to, ko nekad nav veiku\u0161i.)<\/span> <\/em>\u0161aj\u0101 komunistu, m\u016bsu tautas slepkavu, inscen\u0113taj\u0101 <strong>\u201cLaboratorij\u0101\u201d,<\/strong> ir \u010dekas saverv\u0113tie <strong>\u201cpatrioti\u201d<\/strong> ! To ar\u012b nep\u0101rprotami pasac\u012bja biju\u0161ais<strong> LPSR VDK<\/strong> \u0123ener\u0101lis<strong> Edmunds Johansons<\/strong>. Vispret\u012bg\u0101ko<strong> \u201ctaisn\u012bbu\u201d 4. maija kli\u0137es <\/strong>izdzimumiem pav\u0113st\u012bja<strong> <a href=\"http:\/\/tautastribunals.eu\/?p=30752\">R. Bitenieks<span style=\"color: #0000ff;\">(atv\u0113rt)<\/span><\/a><span style=\"color: #0000ff;\">,<\/span> <\/strong>kur\u0161 reiz bija man blakus pie<strong> H- 86<\/strong> dibin\u0101\u0161anas:<span style=\"color: #008000;\"> \u201d<em>st\u0101sta biju\u0161ais helsinkietis Bitenieks. Pirms pieciem gadiem kontakts ar c\u012b\u0146u biedru V\u0101cij\u0101 p\u0101rtr\u016bcis, esot sastr\u012bd\u0113ju\u0161ies t\u0101s pa\u0161as politikas d\u0113\u013c. \u201cNosaucu vi\u0146u par 21. gadsimta Donu Kihotu ar Napoleona amb\u012bcij\u0101m. Palasiet internet\u0101 Granti\u0146a rakstus, \u012bsti rikt\u012bgs vi\u0146\u0161 nav.\u201d To vi\u0146\u0161 par m\u0101jas lapu \u201cLatvijas Republikas Tautas tribun\u0101ls\u201d, par kuras naidpilno, agres\u012bvo un apmelojo\u0161o saturu pat ir ierosin\u0101ta krimin\u0101llieta un pirms p\u0101ris gadiem Dro\u0161\u012bbas policija biju\u0161o helsinkieti Liep\u0101j\u0101 aiztur\u0113ja.\u201d<\/em><\/span><\/span><\/p>\n<p><span style=\"color: #003300;\">Pareizi jau raksta autors pasaka: <strong><em><span style=\"text-decoration: underline;\">biju\u0161ais helsinkietis, <\/span><\/em><\/strong>jo par nodev\u012bbu<strong> L. Granti\u0146\u0161 <\/strong>vi\u0146u no \u0161\u012bs grupas izmeta un at\u0146\u0113ma <strong>TZO<\/strong><span style=\"color: #008000;\"><em>(protams filozofisk\u0101 izpratn\u0113),<\/em><\/span> kuru vi\u0146\u0161 tik zemisk\u0101 veid\u0101 <strong>\u201caizskr\u0113ja\u201d<\/strong> sa\u0146emt no komunista <strong>G. Ulma\u0146a<\/strong> nodev\u012bgaj\u0101m, ar <strong>latvie\u0161u tautas sviedriem<\/strong> un <strong><span style=\"text-decoration: underline;\">asin\u012bm notrieptaj\u0101m rok\u0101m<\/span><\/strong>. Par to reiz mums bija nepat\u012bkama saruna\u2026 , bet par to k\u0101dreiz n\u0101kotne parun\u0101sim. Es jau iepriek\u0161\u0113jos rakstos esmu min\u0113jis, k\u0101 tika lauzti un pak\u013cauti disidenti. Lai izdz\u012bvotu, bija j\u0101paraksta <strong>KGB \u201cdokuments\u201d<\/strong> ar tekstu:<span style=\"color: #ff0000;\"> <strong>\u201cAtz\u012bstu sevi par vain\u012bgu un padar\u012bto no\u017e\u0113loju\u201d. <\/strong><\/span>Ja t\u0101du dokumentu disidents neparakst\u012bja, tad vi\u0146u noties\u0101ja p\u0113c <strong>183 panta<\/strong> un ielika starp <strong>noziedzniekiem \u0160\u0137irotavas darba nometn\u0113 nosi\u0161anai<\/strong> !!! \u0160\u012b ir ar\u012b atbilde neliet\u012bgajam \u201c<strong>v\u0113sturniekam<\/strong>\u201d demagogam <strong>J\u0101nim Maur\u012btim<\/strong>, kad vi\u0146\u0161 izr\u0101da neizpratni par<strong> Juri Ziemeli: <\/strong><span style=\"color: #008000;\"><em>\u201cJuris Ziemelis, t\u0101pat k\u0101 neatkar\u012bg\u0101 \u017eurn\u0101la \u201cAuseklis\u201d redaktors Ivars \u017dukovskis, ir \u201c\u010dekas a\u0123enti\u201d. Bet padom\u0101jiet, cik liel\u0101 m\u0113r\u0101 cilv\u0113ks var b\u016bt \u201ca\u0123ents\u201d, ja vi\u0146\u0161 20 gadus par savu p\u0101rliec\u012bbu nos\u0113d\u0113jis cietum\u0101!\u201d<\/em><\/span><\/span><\/p>\n<p><span style=\"color: #003300;\"> T\u0101 bija izv\u0113le, tikt <strong>zv\u0113r\u012bgi- sadistiski nosistam<\/strong>, vai s\u0113d\u0113t <strong>konfortabl\u0101 politzon\u0101<\/strong> !<\/span><\/p>\n<p><span style=\"color: #003300;\">P\u0113d\u0113jos <strong>divus m\u0113ne\u0161us,<\/strong> kad atrados \u010dekas pagrab\u0101 par <strong>H- 86 dibin\u0101\u0161anu<\/strong>, katru dienu veda aug\u0161\u0101 pie viena<strong> \u012bsta \u017e\u012bdiskas izcelsmes \u010dekista<\/strong><em><span style=\"color: #008000;\">(melniem matiem un naid\u012bgu skatienu)<\/span>, <\/em>sevi\u0161\u0137i svar\u012bgo lietu izmekl\u0113t\u0101ja- <strong>V. Stik\u0101na<\/strong>. Mani nenogursto\u0161i cent\u0101s p\u0101rliecin\u0101t parakst\u012bt \u0161\u0101du dokumentu, bet es savuk\u0101rt \u201c<strong>nenogursto\u0161i<\/strong>\u201d to atteicos dar\u012bt un beigu beig\u0101s manos dokumentos var las\u012bt:<strong> <span style=\"color: #ff0000;\">\u201cSevi par vain\u012bgu neatz\u012bstu un padar\u012bto neno\u017e\u0113loju.\u201d <\/span><\/strong><\/span><\/p>\n<p><span style=\"color: #003300;\">Kad m\u016bsu <strong>LIETAS<\/strong><em><span style=\"color: #008000;\">(Bitenieka un Granti\u0146a)<\/span> <\/em>nosl\u0113dza, tad var\u0113j\u0101m iepaz\u012bties ar dokumentiem. T\u0101 es ar\u012b <strong><span style=\"text-decoration: underline;\">uzzin\u0101ju tos,<\/span><\/strong> kuri pret mani deva mel\u012bgas liec\u012bbas. J\u0101 !!!, vis\u012bst\u0101k\u0101s melu un fant\u0101ziju upes pl\u016bda p\u0101r manu galvu. Man tika pied\u0113v\u0113tas <strong>LIETAS, <\/strong>kuras es nekad nebiju ne run\u0101jis ne dar\u012bjis. P\u0113c amnestijas man vair\u0101ki <strong>\u201cliecinieki\u201d<\/strong> izpauda, ka \u010dekisti pie pratin\u0101\u0161anas esot vi\u0146iem teiku\u0161i: <strong>\u201cDro\u0161i visu rakstiet, jo Granti\u0146\u0161 par \u0161im iel\u0101m nekad vairs nestaig\u0101s !\u201d <\/strong> L\u016bk, ko jau toreiz kriev\u017e\u012bdu okupantiskie \u010dekisti<em><span style=\"color: #008000;\">(borovkovi, stik\u0101ni, godma\u0146i, strauti\u0146i, indriksoni, grbunovi\u2026)<\/span> <\/em>bija nol\u0113mu\u0161i dar\u012bt ar mani\u2026 !<\/span><\/p>\n<p><span style=\"color: #003300;\">Ar\u012b ar <strong>Raimonda Bitenieka<\/strong> teikto var\u0113ju iepaz\u012bties ! Vi\u0146a<strong> LIETAS<\/strong> nosl\u0113gum\u0101 bija las\u0101ms teikums: <strong><span style=\"color: #ff0000;\">\u201cAtz\u012bstu sevi par vain\u012bgu un padar\u012bto no\u017e\u0113loju\u201d<\/span>. <\/strong><\/span><\/p>\n<p>T\u0101tad, ja sevi par vain\u012bgu atz\u012bst, tad pien\u0101k br\u012bdis, kad vainu j\u0101izp\u0113rk !!!<\/p>\n<p><span style=\"color: #003300;\">Un tagad ir pien\u0101cis br\u012bdis, kad \u0161is no\u017e\u0113lojamais pabira tiek izmantots pret mani, t\u0101tad, pret latvie\u0161u tautu. Es jau iepriek\u0161 vi\u0146u br\u012bdin\u0101ju, lai vi\u0146\u0161 neielai\u017eas ar t\u0101diem \u010dekas provokatoriem k\u0101<strong> Viktoru Birzi &amp; co<\/strong>. Ar\u012b \u0161ogad vi\u0146\u0161 piedal\u012bj\u0101s \u010dekistu veidotaj\u0101 partij\u0101 <strong>\u201cTaisn\u012bgums\u201d<\/strong> tikai ar vienu m\u0113r\u0137i, lai <strong>Liep\u0101jas DOM\u0112 <\/strong>neiek\u013c\u016btu <strong>Arturs But\u0101ns,<\/strong> kur\u0161 ar mani uztur\u0113ja sakarus. Ar\u012b \u0161aj\u0101s v\u0113l\u0113\u0161an\u0101s, t\u0101pat k\u0101 iepriek\u0161\u0113j\u0101s tas izdev\u0101s. \u0160oreiz pal\u012bg\u0101 tika piesaukts, l\u012bdz ar to ar\u012b atmaskots, k\u0101ds<strong> \u201cstuka\u010d\u201d G. Silakakti\u0146\u0161<\/strong>, kur\u0161 visus p\u0113ckara gadus bija sl\u0113pis, ka ir \u010dekas darbonis. Cik <strong>cilv\u0113ku dz\u012bv\u012bbas- likte\u0146i<\/strong> ir uz \u0161\u012b de\u0123ener\u0101ta sirdsapzi\u0146as, dies vien zina.<\/span><\/p>\n<p><span style=\"color: #003300;\">Ja v\u0113l\u0113j\u0101s rakst\u012bt atceres rakstu par <strong>14. j\u016bniju un tautas Atmodu<\/strong>, tad vajadz\u0113ja to rakst\u012bt \u012bsi un pirm\u0101m k\u0101rt\u0101m interv\u0113t \u0161\u012bs <strong>Atmodas iniciatoru<\/strong>. Piesaukt v\u0101rd\u0101 tos, kas \u0161o<strong> impulsu deva<\/strong> un viss. Bet tika <strong>veikts vis\u012bst\u0101kais zomb\u0113\u0161anas AKTS<\/strong>. Melots uz neb\u0113du. Visnekaun\u012bg\u0101k\u0101 un nodev\u012bga veid\u0101 tika cildin\u0101ti tautas nodev\u0113ji.<strong> L. Granti\u0146\u0161 <\/strong>patais\u012bts par mu\u013c\u0137i, kur\u0161 piesavin\u0101jies citu rakst\u012btos dokumentus\u2026 . <\/span><\/p>\n<p><span style=\"color: #003300;\">K\u0101da <strong>\u201cjoka\u201d<\/strong> p\u0113c \u0161eit bija j\u0101cit\u0113<a href=\"http:\/\/tautastribunals.eu\/?p=36810\"> <strong>P\u0101vils Br\u016bveris<span style=\"color: #0000ff;\">(atv\u0113rt)<\/span><\/strong><\/a>? Protams, ka bija, jo uzdevums ir noniecin\u0101t <strong>L. Granti\u0146u<\/strong>, lai tauta vi\u0146u atraid\u012btu, ja nu vi\u0146\u0161 kaut k\u0101d\u0101 veid\u0101 piedal\u012btos v\u0113l\u0113\u0161an\u0101s.<\/span><\/p>\n<p><span style=\"color: #003300;\"><strong><em>\u201cVi\u0146i izrais\u012bja revol\u016bciju, bet nebija v\u0113l tik t\u0101lu izaugu\u0161i, lai sp\u0113tu vad\u012bt masu kust\u012bbu, kuru pa\u0161i rad\u012bja,\u201d<\/em><\/strong> <strong>\u201cHelsinku-86\u201d<\/strong> grupas intelektu\u0101los un organizatoriskos sp\u0113kus nov\u0113rt\u0113 <strong>P. Br\u016bvers<\/strong>.<\/span><\/p>\n<p><span style=\"color: #003300;\"><strong><span style=\"text-decoration: underline;\">Skat\u2019 tikai, kas par di\u017eekspertu ir \u0161is Br\u016bveris !!!<\/span><\/strong><\/span><\/p>\n<p><span style=\"color: #003300;\">Kas tad ir \u0161is<strong> P. Br\u016bveris ?<\/strong> P\u0113c pav\u0113les izbrauca no <strong>Latvijas <\/strong>un p\u0113c pav\u0113les atgriez\u0101s <strong>Latvij\u0101<\/strong>, un p\u0113c <strong>DP<\/strong><em>(VDK)<\/em> pav\u0113les <strong>\u201cnov\u0113rt\u0113ja\u201d H- 86<\/strong> ne-izaugsmi ! \u201c<strong>Izaugu\u0161i<\/strong>\u201d, p\u0113c<strong> P. Br\u016bvera <\/strong>dom\u0101m, bija tikai \u010dekisti un komunisti, kuri \u0161odien peldas miljonos, bet tauta lai piln\u012bg\u0101 nabadz\u012bb\u0101 kl\u012bst pa pasauli !!! Vai t\u0101ds, <strong>P. Br\u016bver, <\/strong>ir tavs v\u0113rt\u0113jums ?<\/span><\/p>\n<p><span style=\"color: #003300;\">Kaut tu, <strong>Br\u016bver,<\/strong> un visa tava dzimta nol\u0101d\u0113ta, pret\u012bgais \u010dekas samazga !!!<\/span><\/p>\n<p><span style=\"color: #003300;\"><strong>Viesturs Spr\u016bde, Ilze P\u0113tersone<\/strong> un <strong>J\u0101nis Maur\u012btis<\/strong><em><span style=\"color: #008000;\">(sadarb\u012bb\u0101 ar 4. maija kli\u0137i)<\/span>,<\/em> public\u0113jot \u0161os divus mel\u012bgos- dezinform\u0113jo\u0161os rakstus <strong>LA<\/strong>, ir veiku\u0161i noziegumu pret <strong>latvie\u0161u tautu, Latvijas valsti<\/strong> un <strong>PATIES\u012aBU<\/strong>.<\/span><\/p>\n<h2><span style=\"color: #ff0000;\"><span style=\"text-decoration: underline;\">Ilze P\u0113tersone<\/span><\/span><\/h2>\n<p><span style=\"color: #003300;\"><a href=\"http:\/\/tautastribunals.eu\/wp-content\/uploads\/2017\/06\/Ilze-P\u0113tersoneL.-Granti\u0146\u0161.-Viesturs-Spr\u016bde.LRTT..PNG\"><img decoding=\"async\" loading=\"lazy\" class=\"alignleft  wp-image-39522\" title=\"Ilze P\u0113tersone,L. Granti\u0146\u0161. Viesturs Spr\u016bde.LRTT.\" src=\"http:\/\/tautastribunals.eu\/wp-content\/uploads\/2017\/06\/Ilze-P\u0113tersoneL.-Granti\u0146\u0161.-Viesturs-Spr\u016bde.LRTT..PNG\" alt=\"Ilze P\u0113tersone,L. Granti\u0146\u0161. Viesturs Spr\u016bde.LRTT.\" width=\"574\" height=\"330\" srcset=\"https:\/\/tautastribunals.eu\/wp-content\/uploads\/2017\/06\/Ilze-P\u0113tersoneL.-Granti\u0146\u0161.-Viesturs-Spr\u016bde.LRTT..PNG 632w, https:\/\/tautastribunals.eu\/wp-content\/uploads\/2017\/06\/Ilze-P\u0113tersoneL.-Granti\u0146\u0161.-Viesturs-Spr\u016bde.LRTT.-300x172.PNG 300w\" sizes=\"(max-width: 574px) 100vw, 574px\" \/><\/a><\/span><\/p>\n<p>FOTO:<span style=\"color: #ff0000;\"><em> Kr\u0101sas nosaka \u0161\u012bs biedrenes gar\u012bgo pieder\u012bbu slepkavu re\u017e\u012bmam !<br \/>\n<\/em><\/span><\/p>\n<p><span style=\"color: #003300;\">Sevi\u0161\u0137u cent\u012bbu m\u016bsu tautas izn\u012bcin\u0101\u0161an\u0101 ir izr\u0101d\u012bjusi <strong>Ilze P\u0113tersone<\/strong> ar viltus disidenta <strong>M\u0101ra Ludvika<\/strong> mel\u012bgo atkl\u0101smi:<span style=\"color: #008000;\"> \u201c<em>Revol\u016bcija jau ar\u012b notiek t\u0101 spont\u0101ni, uz dullo un izdodas,\u201d par saj\u016bt\u0101m pas\u0101kuma priek\u0161vakar\u0101 st\u0101sta M\u0101ris Ludviks, uzsverot, ka helsinkie\u0161iem atbalstu dokumentu teksta sagatavo\u0161an\u0101 sniedzis ar\u012b vi\u0146a tuvs draugs, jaunais Liep\u0101jas m\u0101c\u012bt\u0101js Juris Rubenis.\u201d<\/em><\/span><\/span><\/p>\n<p><span style=\"color: #003300;\">Un klausies tikai, latviet,<strong> Ludviks<\/strong> esot <strong>UZSV\u0112RIS<\/strong>, ka <strong>Rubenis<\/strong> esot sniedzis atbalstu dokumentu sagatavo\u0161an\u0101, kaut gan <strong>MELU LABORATORIJ\u0100,<\/strong> \u0161is pats<strong> Rubenis <\/strong>saka, ka vienpersoniski tos sarakst\u012bjis !!! <\/span><\/p>\n<p><span style=\"color: #003300;\"><strong><span style=\"text-decoration: underline;\">J\u0101, latviet, tas saucas \u017e\u012bdisms<\/span><\/strong>, jo: <strong>vi\u0146i ir no sava t\u0113va Velna, kur\u0161 ir melu t\u0113vs <\/strong>!<\/span><\/p>\n<p><span style=\"color: #003300;\"><strong>M\u0101ris Ludviks <\/strong>labi zina, ka <strong>Juris Rubenis<\/strong> nek\u0101du pal\u012bdz\u012bbu dokumentu rakst\u012b\u0161an\u0101 nav veicis, jo kad <strong>L.<\/strong> <strong>Granti\u0146\u0161<\/strong> \u0161os dokumentus rakst\u012bja, t\u0101du <strong>Rubeni <\/strong>vi\u0146\u0161 nepazina. Tas\u00a0 ir pier\u0101d\u012bjums, ka <strong>M\u0101ris Ludviks<\/strong> ir \u010dekas rad\u012bts disidents, par kuru jau rakst\u012bju rakstu s\u0113rij\u0101: <strong>TEV NEB\u016aS PATIES\u012aBU ZAIMOT<\/strong> !<\/span><\/p>\n<p><span style=\"color: #003300;\">L\u016bk, \u0161\u012b piebilde n\u0101k no <span style=\"text-decoration: underline;\">\u010dekas padibenes <strong>Ilzes P\u0113tersones<\/strong> smird\u012bg\u0101s mutes:<\/span> <span style=\"color: #008000;\"><em>\u201cTo vi\u0146\u0161(Bitenieks) par m\u0101jas lapu \u201cLatvijas Republikas Tautas tribun\u0101ls\u201d, par kuras naidpilno, agres\u012bvo un apmelojo\u0161o saturu pat ir ierosin\u0101ta krimin\u0101llieta un pirms p\u0101ris gadiem Dro\u0161\u012bbas policija biju\u0161o helsinkieti Liep\u0101j\u0101 aiztur\u0113ja.\u201d<\/em><\/span><\/span><\/p>\n<p><span style=\"color: #003300;\">Pret kur\u0101m person\u0101m <strong>L. Granti\u0146\u0161<\/strong> ir naidpilns un agres\u012bvs, \u0161\u012b kriev\u017e\u012bdu \u010dekas c\u0113rmene<em><span style=\"color: #008000;\">(piedodiet par izteicienu, bet sav\u0101d\u0101k nav iesp\u0113jams)<\/span> <\/em><strong>I. P\u0113tersone, <\/strong>nepasaka. Un, kuras tad ir t\u0101s personas, kas no <strong>L. Granti\u0146a<\/strong> puses ir tiku\u0161as apmelotas, ar\u012b netiek pasac\u012bts. <strong>L. Granti\u0146\u0161<\/strong> sav\u0101 <strong>i- vietn\u0113<\/strong> ir visas personas nosaucis v\u0101rd\u0101.<\/span><\/p>\n<p><span style=\"color: #003300;\">T\u0101tad, <strong>P\u0113tersonei<\/strong> ir visas iesp\u0113jas \u0161\u012bs <strong>\u201ckrist\u0101lt\u012br\u0101s\u201d<\/strong> personas attaisnot.<\/span><\/p>\n<p><span style=\"color: #003300;\">K\u0101p\u0113c vi\u0146a to nedara ???<\/span><\/p>\n<p><span style=\"color: #003300;\">P\u0101rfr\u0101z\u0113sim to <strong><span style=\"text-decoration: underline;\">mor\u0101laj\u0101 izpratn\u0113 ar algorijas piedevu<\/span><\/strong>: Ja <strong>Ilze P\u0113tersone<\/strong> redz\u0113s, ka<strong> L. Granti\u0146\u0161 <\/strong>k\u0101du sv\u0113tu nevain\u012bgu rad\u012bbu iegr\u016bd\u012bs m\u0113slu bedr\u0113, vai tad mor\u0101li t\u012bras personas uzdevums<span style=\"color: #008000;\"><em>(\u0161aj\u0101 gad\u012bjum\u0101 pa\u0161as P\u0113tersones) <\/em><\/span>neb\u016btu pasniegt roku un izvilkt nelaim\u012bgo no \u0161\u012bs bedres ?<\/span><\/p>\n<p><span style=\"color: #003300;\">Bet vi\u0146a to nedara<span style=\"color: #008000;\"><em>(nenosauc v\u0101rd\u0101 nevain\u012bgi apmelotos)<\/em><\/span> !!!<\/span><\/p>\n<p><span style=\"color: #003300;\">K\u0101p\u0113c vi\u0146a to nedara ?<\/span><\/p>\n<p><span style=\"color: #003300;\">T\u0101p\u0113c, ka <strong>L. Granti\u0146\u0161<\/strong> nevienu nek\u0101d\u0101 m\u0113slu bedr\u0113 nav iegr\u016bdis, bet vesels l\u0113rums biju\u0161ie \u010dekisti un komunisti, apzogot <strong>latvie\u0161u tautu<\/strong> un <strong>Latvijas valsti,<\/strong> pa\u0161i ir ieg\u0101zu\u0161ies <strong>\u201cs\u016bdu bedr\u0113\u201d <\/strong>un izvilkt tos neviens nav <strong><span style=\"text-decoration: underline;\">nedz sp\u0113j\u012bgs, nedz ar\u012b ties\u012bgs<\/span><\/strong>. To \u0161\u012b sarkan\u0101 cionistu c\u0113rmene <strong>P\u0113tersone <\/strong>labi saprot. Vi\u0146a labi apj\u0113dz, ka <strong><span style=\"text-decoration: underline;\">pati ir \u0161\u012bs s\u016bdu bedres iem\u012btniece<\/span><\/strong> !<\/span><\/p>\n<h2><span style=\"color: #ff0000;\"><span style=\"text-decoration: underline;\">J\u0101nis Maur\u012btis<\/span><\/span><\/h2>\n<p><span style=\"color: #003300;\"><a href=\"http:\/\/tautastribunals.eu\/wp-content\/uploads\/2017\/06\/J\u0101nis-Maur\u012btis.L.Granti\u0146\u0161R.Bitenieks.LRTT.PNG\"><img decoding=\"async\" loading=\"lazy\" class=\"alignleft  wp-image-39530\" title=\"J\u0101nis Maur\u012btis.L.Granti\u0146\u0161,R.Bitenieks.LRTT\" src=\"http:\/\/tautastribunals.eu\/wp-content\/uploads\/2017\/06\/J\u0101nis-Maur\u012btis.L.Granti\u0146\u0161R.Bitenieks.LRTT.PNG\" alt=\"J\u0101nis Maur\u012btis.L.Granti\u0146\u0161,R.Bitenieks.LRTT\" width=\"271\" height=\"343\" srcset=\"https:\/\/tautastribunals.eu\/wp-content\/uploads\/2017\/06\/J\u0101nis-Maur\u012btis.L.Granti\u0146\u0161R.Bitenieks.LRTT.PNG 379w, https:\/\/tautastribunals.eu\/wp-content\/uploads\/2017\/06\/J\u0101nis-Maur\u012btis.L.Granti\u0146\u0161R.Bitenieks.LRTT-236x300.PNG 236w\" sizes=\"(max-width: 271px) 100vw, 271px\" \/><\/a><\/span><\/p>\n<p>FOTO:<span style=\"color: #ff0000;\"><em> Nu, kas tev, nelieti, spie\u017e run\u0101t \u0161os melus ? Neviens ar &#8220;sobru&#8221; kl\u0101t tev nest\u0101v, t\u0101tad, tas n\u0101k no tavas B\u016aT\u012aBAS , esi no ESS\u012aBAS nol\u0101d\u0113ts !<\/em><\/span><\/p>\n<p><span style=\"color: #003300;\">Tas pats attiecas ar\u012b uz \u0161o veco, pr\u0101tu izk\u016bkoju\u0161o <strong>\u201cv\u0113sturnieku\u201d J. Maur\u012bti.<\/strong> <\/span><\/p>\n<p><span style=\"color: #003300;\">K\u0101ds jau koment\u0101r\u0101 piln\u012bgi pareizi nor\u0101da, ka v\u0113sturniekam j\u0101b\u016bt neitr\u0101lam savos spriedumos !<\/span><\/p>\n<p><span style=\"color: #003300;\"> Bet <strong>\u201cm\u016bsu maur\u012btis\u201d<\/strong> ir nadz\u012bgs savos secin\u0101jumos, t\u0101tad, notiek las\u012bt\u0101ja ietekm\u0113\u0161ana- zomb\u0113\u0161ana. Ja v\u0113sturnieks to veic ar preses pal\u012bdz\u012bbu, kura \u0161odien atrodas okupantu, m\u016bsu tautas slepkavu rok\u0101s, tad tas ir pieskait\u0101ms pie <strong><span style=\"text-decoration: underline;\">kolaboracionisma <\/span><\/strong>un sod\u0101ms ar <strong><span style=\"text-decoration: underline;\">ASM <\/span><\/strong><span style=\"text-decoration: underline;\">gal\u0113j\u0101 variant\u0101<strong>: NS<\/strong><\/span><em><span style=\"color: #008000;\">(n\u0101ves sods)<\/span>.<\/em><\/span><\/p>\n<p><span style=\"color: #003300;\">L\u016bk, \u0161eit las\u0101mi divi teikumi, \u0161is intervijas <strong>\u201catsl\u0113gas v\u0101rdi\u201d,<\/strong> kas ir svar\u012bgi ne <strong><span style=\"text-decoration: underline;\">tikai Latvij\u0101 valdo\u0161ajai cionistu- komunistu\u00a0 bandai<\/span><\/strong>, bet ar\u012b <strong><span style=\"text-decoration: underline;\">glob\u0101lajai cionistu spicei<\/span><\/strong>:<span style=\"color: #008000;\"> <em>\u201cT\u0101p\u0113c, ka helsinkie\u0161i n\u0101ca no \u201cierindas cilv\u0113kiem\u201d, nevis no elit\u0101r\u0101s inteli\u0123ences. Vi\u0146iem nebija izgl\u012bt\u012bbas, k\u0101du vajadz\u0113tu, un ar \u0161\u012bm akcij\u0101m vi\u0146i faktiski savu potenci\u0101lu izsm\u0113la.\u201d<\/em><\/span><\/span><\/p>\n<p><span style=\"color: #003300;\">Ko tad latvie\u0161u tautas slepkavu banda, ar \u0161\u012bs nodev\u012bg\u0101s gn\u012bdas <strong>J. Maur\u012b\u0161a<\/strong> muti, ir v\u0113l\u0113jusies latvie\u0161u tautai pasac\u012bt ? <\/span><\/p>\n<p><span style=\"color: #003300;\">To, ka <strong>L. Granti\u0146\u0161 &amp; Co <\/strong>ir neizgl\u012btoti un dumji, ka t\u0101diem nav vietas pie<strong> Latvijas Republikas<\/strong> likte\u0146a lem\u0161anas. Ja t\u0101ds <strong>Granti\u0146\u0161 &amp; Co <\/strong>piedal\u012btos v\u0113l\u0113\u0161an\u0101s, tad vi\u0146i noteikti b\u016btu noraid\u0101mi, jo ta\u0161u mazizgl\u012btoti ! Bet, l\u016bk, <strong>TF <\/strong>sarkan\u0101 noziedznieku banda, ar <strong>J. Peteru <\/strong>un<strong> I. Godmani <\/strong>priek\u0161gal\u0101, ir tie izgl\u012btot\u0101kie un pareizie, secina vecais<strong> Mauri\u0161u Janka <\/strong>\u2026 u.t.t.u.t.j.p. !!!<\/span><\/p>\n<p><span style=\"color: #003300;\">Viss uztraukums rad\u0101s, kad <strong>L. Granti\u0146\u0161<\/strong> ar saviem cilv\u0113kiem grib\u0113ja pieslieties <strong>J. Bord\u0101na<\/strong> rad\u012btajai <strong>JKP<\/strong>. \u012as\u0101 laik\u0101 tika noslepkavoti vair\u0101ki latvie\u0161u tautas <strong>Augst\u0101k\u0101s Gar\u012bg\u0101s Pasaules<\/strong> p\u0101rst\u0101vji ! <strong>Bord\u0101ns <\/strong>p\u0101rbij\u0101s un lauza savu sol\u012bjumu un piln\u012bb\u0101 ignor\u0113ja manus<strong> e- pasta<\/strong> s\u016bt\u012bjumus ! Varb\u016bt, ka ar\u012b nep\u0101rbij\u0101s, jo visu laiku ir bijis <strong>Trojas zirga<\/strong> iem\u012btnieks latvie\u0161u tautas vid\u016b ? Nav ta\u010du dzird\u0113ts, ka vi\u0146\u0161 b\u016btu iest\u0101jies par <strong>Tiesiskuma atjauno\u0161anu Latvij\u0101 Rietumu civiliz\u0101cijas izpratn\u0113<\/strong>.<\/span><\/p>\n<p><span style=\"color: #003300;\">Kad \u017eurn\u0101lists <strong>Viesturs Spr\u016bde<\/strong> uzdod jaut\u0101jumu par disidentu <strong>NEATGRIE\u0160ANOS Latvij\u0101, \u201cm\u016bsu maur\u012bts\u201d<\/strong> steidz pazi\u0146ot: <span style=\"color: #008000;\"><em>\u201cTa\u010du ir ar\u012b pret\u0113jais piem\u0113rs \u2013 Konstant\u012bns Pupurs. Vi\u0146\u0161 atgriez\u0101s no ASV p\u0113c desmit gadiem.\u201d <\/em><\/span><\/span><\/p>\n<p><span style=\"color: #003300;\">Tas ar\u012b ir \u013coti svar\u012bgi <strong>MOSSAD<\/strong>istiem, jo \u0161is \u017e\u012bdisk\u0101s izcelsmes<strong> latviec<\/strong> no t\u0113va puses, jau no<strong> Atmodas<\/strong> laikiem tiek tais\u012bts par varoni, lai <strong>vajadz\u012bg\u0101 br\u012bd\u012b<\/strong> tiktu ieb\u012bd\u012bts <strong>vajadz\u012bgaj\u0101 viet\u0101. \u201cDi\u017eais v\u0113sturnieks\u201d<\/strong> \u0161o j\u016bdasu, alkoholi\u0137i un narkom\u0101nu, piemin\u0113ja p\u0113c <strong>DP <\/strong>nor\u0101d\u012bjuma. Par \u0161o izdzimumu <strong>LRTT i- vietn\u0113<\/strong> ir rakst\u012bts pietieko\u0161i daudz un izsme\u013co\u0161i. <strong>J. Maur\u012btis <\/strong>noteikti ir las\u012bjis manu s\u0113rijrakstu <strong>TEV NEB\u016aS PATIES\u012aBU ZAIMOT !, <\/strong>jo ir vietas \u0161aj\u0101 intervij\u0101, kas uz to 100%t\u012bgi nor\u0101da.<\/span><\/p>\n<p><span style=\"color: #003300;\">Pats <strong>Mauri\u0161u Janka<\/strong> sev neapzinoties ieku\u013cas pretrun\u0101s. <strong>\u201cNevarot visu zin\u0101t, k\u0101m\u0113r nav atv\u0113rti \u010dekas maisi\u201d,<\/strong> sprie\u017e <strong>Maur\u012btis<\/strong> ! Tad, k\u0101p\u0113c par da\u017e\u0101m liet\u0101m tiek spriests tik kategoriski ?<\/span><\/p>\n<h2><span style=\"color: #ff0000;\">Viesturs Spr\u016bde<\/span><\/h2>\n<p><span style=\"color: #003300;\"><a href=\"http:\/\/tautastribunals.eu\/wp-content\/uploads\/2017\/06\/Viesturs-Sr\u016bde.Granti\u0146\u0161.LRTT.PNG\"><img decoding=\"async\" loading=\"lazy\" class=\"alignleft  wp-image-39606\" title=\"Viesturs Sr\u016bde.Granti\u0146\u0161.LRTT\" src=\"http:\/\/tautastribunals.eu\/wp-content\/uploads\/2017\/06\/Viesturs-Sr\u016bde.Granti\u0146\u0161.LRTT.PNG\" alt=\"Viesturs Sr\u016bde.Granti\u0146\u0161.LRTT\" width=\"1744\" height=\"468\" \/><\/a>\u012asts<strong> DP <\/strong>gn\u012bda. Vi\u0146\u0161 labi zina \u0161\u012b raksta m\u0113r\u0137i, bet tom\u0113r neatteic <\/span><\/p>\n<p><span style=\"color: #003300;\"><strong>DP<\/strong>. T\u0101tad noziedznieks l\u012bdz kaulu smadzen\u0113m- <strong>s\u0101tanistu sist\u0113mas uztic\u012bgs kalps<\/strong>. <\/span><\/p>\n<p><span style=\"color: #003300;\">Nevajag b\u016bt nemaz tik <strong>\u201cerud\u012btam las\u012bt\u0101jam\u201d, <\/strong>lai saprastu: Ja gribi no k\u0101da <strong>\u201cdab\u016bt lauk\u0101\u201d <\/strong>sev vajadz\u012bg\u0101s atbildes, ir j\u0101m\u0101k pareizi<em>(sl\u0113pti provoc\u0113jo\u0161i)<\/em> uzdot jaut\u0101jumus. To ar\u012b \u0161is<strong> DP <\/strong>gn\u012bda, kura v\u0101rds ir<strong> Viesturs Spr\u016bda, <\/strong>veica sev profesion\u0101li iekalt\u0101 manier\u0113.<\/span><\/p>\n<p><span style=\"color: #003300;\">L\u016bk, provokat\u012bvais jaut\u0101jums, lai var\u0113tu \u010dekai vajadz\u012bg\u0101 gaism\u0101 pasniegt vi\u0146u <strong>\u201cizper\u0113to\u201d <\/strong>disidentu, <strong>K. Pupuru<\/strong>: \u201c<strong>K\u0101p\u0113c preto\u0161an\u0101s kust\u012bbas dal\u012bbnieki, kurus \u010deka p\u0113c 1987. gada notikumiem piespieda emigr\u0113t, piem\u0113ram, tas pats Granti\u0146\u0161, Silaraups, v\u0113l\u0101k nesteidz\u0101s atgriezties atjaunotaj\u0101 valst\u012b?\u201d<\/strong>, jaut\u0101 <strong>Spr\u016b\u017eu Viesturs. <\/strong>Un tad m\u016bsu <strong>Mauri\u0161u Janka<\/strong> nekav\u0113joties ce\u013c gaism\u0101 savu <strong>\u201cp\u0113rli\u201d- Kos\u0137u Jevge\u0146jevi\u010du Pupuru<\/strong>. Viss iet k\u0101 pa sviestu, nopriec\u0101jas piemin\u0113t\u0101 troika\u2026 . Primit\u012bvam las\u012bt\u0101jam un jaunajai paaudzei \u0161is triks var b\u016bt, ka <strong>\u201cizg\u0101ja cauri\u201d,<\/strong> bet to laiku lieciniekus tik viegli ap pirkstu apt\u012bt tom\u0113r neizdodas. Uz to nor\u0101da ar\u012b koment\u0101ri, kurus public\u0113\u0161u.<\/span><\/p>\n<p><span style=\"color: #003300;\"><span style=\"color: #003300;\">Un tagad, kas attiecas uz<span style=\"text-decoration: underline;\"><strong> manu briedumu- akad\u0113misko un iedzimto intelektu: <\/strong><\/span><\/span>Reiz<strong> I. Ronis<\/strong> sac\u012bja uz tiem, kuri kritiz\u0113ja un apvainoja <strong>K\u0101rli Ulmani<\/strong> un <strong>Vilhelmu Munteru <\/strong>nodev\u012bb\u0101\u2026 . J\u016bs tik daudz gr\u0101matas sav\u0101 m\u016b\u017e\u0101 neesiet redz\u0113ju\u0161i, cik \u0161ie divi v\u012bri ir izlas\u012bju\u0161i\u2026 . K\u0101p\u0113c gan man un t\u0101diem 4. maija kli\u0137es varo\u0146iem k\u0101 <strong>Godmanim <\/strong>un<strong> Borovkovam, \u201cneuztais\u012bt\u201d<\/strong> intelektu\u0101lo izaugsmes p\u0101rbaudi, k\u0101 sac\u012bja<strong> P.Br\u016bveris.<\/strong> Sal\u012bdzin\u0101sim izlas\u012bto gr\u0101matu daudzumu\u2026. .Protams, ja tiks intelekts un gar\u012bgais briedums v\u0113rt\u0113ts p\u0113c <strong>KONTA <\/strong>st\u0101vok\u013ca, tad uzreiz padodos. <strong>Godmanis<\/strong> ar savu intelektu ir<span style=\"text-decoration: underline;\"> vair\u0101ku simtu miljonu<\/span> \u012bpa\u0161nieks,<strong> Borovkovs <\/strong><span style=\"text-decoration: underline;\">vair\u0101ku miljonu \u012bpa\u0161nieks<\/span>, bet es uz \u0161odienu tikai 1300 eiro \u012bpa\u0161nieks.<\/span><\/p>\n<p><span style=\"color: #003300;\">Protams, man kabat\u0101 nav diploms ar attiec\u012bg\u0101s augstskolas z\u012bmogu.<\/span><\/p>\n<p><span style=\"color: #003300;\">Un jaut\u0101jums: <strong>kas ir izgl\u012bt\u012bba un k\u0101 t\u0101 defin\u0113jas<\/strong> ?<\/span><\/p>\n<p><span style=\"color: #003300;\">Un, te tad ar\u012b non\u0101kam pie vietas, no kuras b\u0113g visi \u0161odienas <strong>Latvijas \u201cizgl\u012btotie\u201d.<\/strong> Prec\u012bz\u0101k sakot, vi\u0146i visi b\u0113g no manis. Es varu ar vienu teikumu sasistu visus \u0161odienas<strong> Latvijas <\/strong>paraz\u012btiskos v\u0113sturniekus un juristus, un vi\u0146i to zina. Es nekur ne uz vienu diskusiju netieku aicin\u0101ts ! Un, vai ziniet k\u0101p\u0113c es netieku aicin\u0101ts uz diskusij\u0101m ? Pavisam vienk\u0101r\u0161i, noziedznieki saprot, ka <strong><span style=\"text-decoration: underline;\">\u0161odienas st\u0101voklis Latvij\u0101 nav diskut\u0113jams<\/span>. <\/strong>Diskusijas \u0161odienas <strong>Latvij\u0101<\/strong>, t\u0101 ir prettiesiska un demago\u0123iska darb\u012bba, lai nov\u0113rstu uzman\u012bbu no l\u012bdz \u0101rpr\u0101tam samilzu\u0161\u0101s probl\u0113mas, kuru rad\u012bju\u0161i kriev\u017e\u012bdiskie komunisti- \u010dekisti un viet\u0113jie kangari.<\/span><\/p>\n<p><span style=\"color: #003300;\">Nek\u0101das diskusijas, ir j\u0101iedarbina <strong>KRIMIN\u0100LLIKUMS<\/strong> un <strong>TRIBUN\u0100LS.<\/strong> Latvie\u0161u tautas pus\u0113 ir visi starptautiskie <strong>LIKUMI<\/strong> un<strong> KONVECIJAS,<\/strong> kuras apzin\u0101ti tiek apietas ar cinistu bandas pal\u012bdz\u012bbu. Bet nekas nav m\u016b\u017e\u012bgs un pien\u0101ks diena, kad godma\u0146veid\u012bgie tiks pak\u0101rti, t\u0101pat k\u0101 v\u0101cu nacisti.<\/span><\/p>\n<p><span style=\"color: #003300;\">Kas attiecas uz valsts vad\u012bbu, tad j\u0101pasmejas par cionistu an\u0101l\u0101s atveres iem\u012btnieka<span style=\"color: #008000;\"><em>(sav\u0101d\u0101k \u0161o izdzimteni nevar nosaukt) <\/em><\/span><strong>P\u0101vila Br\u016bvera<\/strong> sac\u012bto par <span style=\"text-decoration: underline;\"><strong>izaug\u0161anu<\/strong><\/span>. Ja es un mana komanda b\u016btu p\u0101r\u0146\u0113musi <strong>Latviju <\/strong>ar 1988. gada ekonomisko potenci\u0101lu, tad p\u0113c pieciem gadiem visa <strong>Eiropa<\/strong> pie mums b\u016btu braukusi m\u0101c\u012bties, bet p\u0113c desmit, jau visa pasaule. Es vienpersoniski nevienu r\u016bpniec\u012bbas nozares att\u012bst\u012bbu neb\u016btu l\u0113mis, to b\u016btu dar\u012bju\u0161i pasaules atz\u012bt speci\u0101listi. Valsts varas uzdevums ir g\u0101d\u0101t, lai tiktu iev\u0113roti <strong>LIKUMI.<\/strong><\/span><\/p>\n<p><span style=\"color: #003300;\"><strong>Krimin\u0101llikums<\/strong> man\u0101 uzraudz\u012bb\u0101 darbotos, k\u0101 <strong>\u201c\u0160veices pulkstenis\u201d.<\/strong> T\u0101di <strong>borovkovi, godma\u0146i, indriksoni, kargini, \u0161leseri, brigma\u0146i <\/strong>un vesels l\u0113rums citi slepkavas un laup\u012bt\u0101ji, sen jau b\u016btu no t\u0101rpiem sagrauzti. Katra latvie\u0161u \u0123imene b\u016btu ne maz\u0101k k\u0101 desmit hekt\u0101ru zemes \u012bpa\u0161niece\u2026 .B\u016btu izdar\u012bts viss tas, par ko rakst\u012bju <strong>J. Bord\u0101nam<\/strong>\u2026 . T\u0101p\u0113c jau \u0161ie manas tautas slepkavas jau kuro reizi cen\u0161as mani noslepkavot, ja tas neizdodas, tad cen\u0161as mani piln\u012bb\u0101 ignor\u0113t un apmelot !<\/span><\/p>\n<p><span style=\"color: #003300;\">Atg\u0101din\u0101\u0161u, ka <strong>Karmas Likums <\/strong>v\u0113l nav atcelts. Latvie\u0161u tautas bendes sa\u0146ems peln\u012bto. Peln\u012bto sa\u0146ems visi \u0161eit piemin\u0113tie izdzimte\u0146i, s\u0101kot no bitenieka un beidzot ar br\u016bveri.<\/span><\/p>\n<h2><span style=\"color: #003300;\">Dievs sv\u0113ti Latviju !<\/span><\/h2>\n<p><span style=\"color: #003300;\">18.06.17\u00a0\u00a0\u00a0\u00a0\u00a0 L. Granti\u0146\u0161<br \/>\n<\/span><\/p>\n<h1><span style=\"color: #008000;\"><span style=\"text-decoration: underline;\">Un t\u0101l\u0101k apsol\u012btie koment\u0101ri- tautas balss:<\/span><\/span><\/h1>\n<p><span style=\"color: #003300;\"><strong><a href=\"http:\/\/tautastribunals.eu\/wp-content\/uploads\/2017\/06\/7.L.-Granti\u0146\u0161-Bitenieks-Ulmanis-Latvija-m\u0101ksla-Bariss-Eihmanis.JPG\"><img decoding=\"async\" loading=\"lazy\" class=\"alignleft  wp-image-39589\" title=\"7.L.-Granti\u0146\u0161-Bitenieks-Ulmanis-Latvija-m\u0101ksla-Bariss-Eihmanis\" src=\"http:\/\/tautastribunals.eu\/wp-content\/uploads\/2017\/06\/7.L.-Granti\u0146\u0161-Bitenieks-Ulmanis-Latvija-m\u0101ksla-Bariss-Eihmanis.JPG\" alt=\"7.L.-Granti\u0146\u0161-Bitenieks-Ulmanis-Latvija-m\u0101ksla-Bariss-Eihmanis\" width=\"1458\" height=\"202\" srcset=\"https:\/\/tautastribunals.eu\/wp-content\/uploads\/2017\/06\/7.L.-Granti\u0146\u0161-Bitenieks-Ulmanis-Latvija-m\u0101ksla-Bariss-Eihmanis.JPG 917w, https:\/\/tautastribunals.eu\/wp-content\/uploads\/2017\/06\/7.L.-Granti\u0146\u0161-Bitenieks-Ulmanis-Latvija-m\u0101ksla-Bariss-Eihmanis-300x41.jpg 300w, https:\/\/tautastribunals.eu\/wp-content\/uploads\/2017\/06\/7.L.-Granti\u0146\u0161-Bitenieks-Ulmanis-Latvija-m\u0101ksla-Bariss-Eihmanis-800x110.jpg 800w\" sizes=\"(max-width: 1458px) 100vw, 1458px\" \/><\/a><a href=\"http:\/\/tautastribunals.eu\/wp-content\/uploads\/2017\/06\/temida_balta.jpg\"><img decoding=\"async\" loading=\"lazy\" class=\"alignleft  wp-image-39590\" title=\"temida_balta\" src=\"http:\/\/tautastribunals.eu\/wp-content\/uploads\/2017\/06\/temida_balta.jpg\" alt=\"temida_balta\" width=\"266\" height=\"333\" srcset=\"https:\/\/tautastribunals.eu\/wp-content\/uploads\/2017\/06\/temida_balta.jpg 339w, https:\/\/tautastribunals.eu\/wp-content\/uploads\/2017\/06\/temida_balta-239x300.jpg 239w\" sizes=\"(max-width: 266px) 100vw, 266px\" \/><\/a><span style=\"color: #008000;\">A. Balts<\/span><\/strong><span style=\"color: #008000;\"> ir pateicis <span style=\"text-decoration: underline;\"><strong>absol\u016bto taisn\u012bbu- PATIES\u012aBU.<\/strong><\/span> <\/span><\/span><\/p>\n<p><span style=\"color: #008000;\"><em>&#8220;Viltus disidenti, viltus \u201cbr\u012bv\u0101\u201d Latvij\u0101 ir ar varu kop\u0101 k\u0101 cimds ar roku, k\u0101 okupants ar kangaru, k\u0101 nodev\u0113js ar noziedzinieku!&#8221; <\/em><\/span><\/p>\n<p><span style=\"color: #008000;\">Manu n\u0101vi v\u0113las k\u0101 <strong>\u010dekisti- komunisti,<\/strong> t\u0101 ar\u012b \u0161ie &#8220;<strong>disidenti<\/strong>&#8220;. Es esmu drauds ab\u0101m \u0161im s\u0101taniskaj\u0101m <strong>VIEN\u012aB\u0100M<\/strong>, jo p\u0113c<span style=\"text-decoration: underline;\"><strong> b\u016bt\u012bbas t\u0101 ir viena monol\u012bta banda<\/strong><\/span> !<\/span><\/p>\n<p><span style=\"color: #008000;\">L. Granti\u0146\u0161<br \/>\n<\/span><\/p>\n<p><span style=\"text-decoration: underline;\"><span style=\"color: #003300;\"><span style=\"color: #008000;\">=============================================================================<\/span><br \/>\n<\/span><\/span><\/p>\n<ul>\n<li>Jautajiens <a href=\"http:\/\/www.la.lv\/mes-cinijamies-par-latviesu-valsti\/#comment-9496997\">17. j\u016bnijs, 2017 09:17<\/a> <a href=\"http:\/\/www.la.lv\/mes-cinijamies-par-latviesu-valsti\/?replytocom=9496997#respond\">Atbild\u0113t<\/a><\/li>\n<\/ul>\n<p>LA, k\u0101p\u0113c nekad neinterv\u0113jat pa\u0161u Linardu Granti\u0146u? Ko atkal cen\u0161aties noklus\u0113t?<\/p>\n<ul>\n<li>Tie\u0161i par t\u0113mu! <a href=\"http:\/\/www.la.lv\/mes-cinijamies-par-latviesu-valsti\/#comment-9496852\">17. j\u016bnijs, 2017 00:34<\/a> <a href=\"http:\/\/www.la.lv\/mes-cinijamies-par-latviesu-valsti\/?replytocom=9496852#respond\">Atbild\u0113t<\/a><\/li>\n<\/ul>\n<p>Neticam t\u0101diem 17. j\u016bnijs, 2017 00:23<br \/>\nAtbild\u0113t<\/p>\n<p>K\u0101p\u0113c \u0161ie cilv\u0113ki nepar\u0101d\u0101s v\u0113l\u0101k? T\u0101p\u0113c, ka helsinkie\u0161i n\u0101ca no \u201cierindas cilv\u0113kiem\u201d, nevis no elit\u0101r\u0101s inteli\u0123ences. Vi\u0146iem nebija izgl\u012bt\u012bbas, k\u0101du vajadz\u0113tu, un ar \u0161\u012bm akcij\u0101m vi\u0146i faktiski savu potenci\u0101lu izsm\u0113la.<br \/>\n\u2014\u2014\u2014\u2014\u2014\u2014\u2014\u2014\u2014\u2014\u2013<br \/>\nV\u0101rdi, kas nerada uztic\u012bbu! Pat liek ar\u012b visu citu ap\u0161aub\u012bt. Jo,lai teiktu paties\u012bbu kaut reiz\u0113m, kaut pat dzeltenajos m\u0113dijos nav j\u0101b\u016bt no elit\u0101r\u0101s inteli\u0123ences, bet vienk\u0101r\u0161i cilv\u0113kam ar sirdsapzi\u0146u un drosmi! Un ja visi \u0161ie orde\u0146otie t\u0101di bija toreiz, kur tad vi\u0146i iz\u010dib\u0113ja,esot te un tom\u0113r visu \u0161os gadus nekur, nekad nebija redzami kaut k\u0101d\u0101 akt\u012bv\u0101, kaut vienk. pilsonisk\u0101 r\u012bc\u012bb\u0101 vai akcij\u0101s, piketos, m\u012bti\u0146os! Vien\u012bgi Ro\u017ekalns p\u0113dejaj\u0101 pusotra gad\u0101 ir \u0161ur tur paklusi par\u0101d\u012bjies,gan bez nopietn\u0101m t\u0113m\u0101m un bez aicin\u0101jumiem.<\/p>\n<ul>\n<li>A.Balts <a href=\"http:\/\/www.la.lv\/mes-cinijamies-par-latviesu-valsti\/#comment-9496847\">16. j\u016bnijs, 2017 23:27<\/a> <a href=\"http:\/\/www.la.lv\/mes-cinijamies-par-latviesu-valsti\/?replytocom=9496847#respond\">Atbild\u0113t<\/a><\/li>\n<\/ul>\n<p>K\u013c\u016bdas labojums, j\u0101b\u016bt \u2013 \u201chelsinkie\u0161a\u201d Linardu Granti\u0146a vis\u0101du<\/p>\n<ul>\n<li>A.Balts <a href=\"http:\/\/www.la.lv\/mes-cinijamies-par-latviesu-valsti\/#comment-9496846\">16. j\u016bnijs, 2017 23:21<\/a> <a href=\"http:\/\/www.la.lv\/mes-cinijamies-par-latviesu-valsti\/?replytocom=9496846#respond\">Atbild\u0113t<\/a><\/li>\n<\/ul>\n<p>Vai st\u0101d\u012bta k\u0101 \u0101bel\u012bte, t\u0101 var p\u0101rtapt gadu gait\u0101 par alksni? Vai patriots, kas pirms un Atmodas laik\u0101 bijis akt\u012bvs un drosm\u012bgs c\u012bn\u012bt\u0101js, esot okup\u0101cijas varas \u0137etn\u0101s, var jau no milit\u0101rajiem okupantiem atbr\u012bvot\u0101 valst\u012b , t\u0101tad jau dro\u0161\u012bb\u0101 esot, palikt par tuk\u0161u, bail\u012bgu muldo\u0146u? Un ar ska\u013cu muldo\u0146u pie tam tikai un vien\u012bgi par pag\u0101tnes notikumiem, \u0161odienas Latvijas izn\u012bcin\u0101\u0161anu un varas noziegumus 26 gadu garum\u0101 ne tikai neredzot, bet pat neiep\u012bkstoties par tiem un neko nekad pret \u0161odienas varturiem?!! N\u0113, n\u0113, reti kur\u0161 t\u0101 main\u0101s, bet te t\u0101di izr\u0101d\u0101s visi lielie \u201cdisidenti\u201d, kurus lieku p\u0113di\u0146\u0101s, jo neticu \u0161\u0101dai p\u0101rv\u0113rt\u012bbai. Bet ticu komunistu, kangaru un to mantinieku \u2013 varas ideologu sacept\u0101m pasaci\u0146\u0101m tautai, par \u0161iem \u201cdrosminiekiem\u201d, kuri ne p\u012bkstiena visu \u201cbr\u012bv\u0101s\u201d Latvijas gadu garum\u0101 neizdve\u0161 pret latvie\u0161u tautas mor\u0101lo un ekonomisko izn\u012bcin\u0101\u0161anu, pret okupantu masas saglab\u0101\u0161anu un prettiesiki tos naturaliz\u0113jot, dodot iesp\u0113ju psrs sve\u0161iniekiem v\u0113l\u0113t \u2013 vald\u012bt no tiem okup\u0113taj\u0101 valst\u012b! Neko ar\u012b pret genoc\u012bdu \u2013 latvie\u0161u masveid\u012bgu izspie\u0161anu no savas T\u0113vzemes! Ne ska\u0146as par varturu intens\u012bvo latviskuma n\u012bd\u0113\u0161anu, par pilso\u0146u tot\u0101lo aplaup\u012b\u0161anu nodok\u013cu jom\u0101, par varas pie\u013cauto absurdo darb\u0101 ne\u0146em\u0161anu bez okupantu m\u0113les zin\u0101\u0161an\u0101m, neko par nekaun\u012bgo 9.maija publisko svin\u0113\u0161anu, t\u0101 pazemojot latvie\u0161u tautu un apkaunojot izs\u016bt\u012bto un nogalin\u0101to nevain\u012bgo upuru piemi\u0146u un cit\u0101m pretlavisk\u0101m riebekl\u012bb\u0101m m\u016bsu Latvij\u0101!<br \/>\nUn par vien\u012bg\u0101 pret to visa protest\u0113t\u0101ja -toreiz un tagad paliku\u0161\u0101 \u201chelsinkie\u0161a\u201d Linardu Granti\u0146u vis\u0101du 4.maija varne\u0161u apkaro\u0161anu, l\u012bdz pat noz\u0113\u013cojamai krimin\u0101llietas safabric\u0113\u0161anai un veicot necilv\u0113c\u012bg\u0101, prettiesisk\u0101 veid\u0101 vi\u0146a arestu. Tas tikai lieliski par\u0101da gan patiesos c\u012bn\u012bt\u0101jus, gan \u010dekas rad\u012btos imitatorus. Un kuru ar\u012b \u0161odienas uzdevums ir censties ar saviem \u201cvaron\u012bgajiem\u201d atmi\u0146u st\u0101stiem nok\u013c\u016bt tautai cien\u012bjamu autorit\u0101\u0161u lom\u0101, k\u0101 kli\u0137ei nemieru gad\u012bjum\u0101 zibensnoved\u0113ja, t\u0101da k\u0101 popa Gapona lom\u0101! Vai tad k\u0101ds LV nezina, ka tikai par varai uzticamiem \u013cauti\u0146iem var uz\u0146emt filmas un demonstr\u0113t LV TV kan\u0101los? Un ka tikai t\u0101dus interv\u0113 un tikai t\u0101di dr\u012b\u0137st par\u0101d\u012bties masu m\u0113d\u012bjos, neviens pats god\u012bgs un taisn\u012bbu run\u0101jo\u0161s tur netiek. Viltus disidenti, viltus \u201cbr\u012bv\u0101\u201d Latvij\u0101 ir ar varu kop\u0101 k\u0101 cimds ar roku, k\u0101 okupants ar kangaru, k\u0101 nodev\u0113js ar noziedzinieku!<\/p>\n<p>No Maarupes <a href=\"http:\/\/www.la.lv\/mes-cinijamies-par-latviesu-valsti\/#comment-9497116\">17. j\u016bnijs, 2017 19:23<\/a> <a href=\"http:\/\/www.la.lv\/mes-cinijamies-par-latviesu-valsti\/?replytocom=9497116#respond\" rel=\"nofollow\">Atbild\u0113t<\/a><\/p>\n<ol>\n<li id=\"comment-id-9497116\">\n<div>\n<div>\n<p>Kad palasaam LRTT un arii muusu zemee dzivojosho godiigo cilveeku komentaarus, tad visa bilde paliktu skaidra pat galiigam aunam!Piem a.balta komentaars ir izcili preciizs, bet varam dereet, ka naidnieki tadiem nepiedod un kers momentu, lai ieriebtu. Visiem patriotiem ir jaanaak kopaa, laii kangari ar okupantiem tos pa vienam nenomushiitu!<\/p>\n<\/div>\n<\/div>\n<\/li>\n<\/ol>\n<ol>\n<li id=\"comment-id-9496839\">\n<div>\n<div>. <a href=\"http:\/\/www.la.lv\/helsinkiesi-savu-misiju-izpildija\/#comment-9496839\">16. j\u016bnijs, 2017 20:33<\/a> <a href=\"http:\/\/www.la.lv\/helsinkiesi-savu-misiju-izpildija\/?replytocom=9496839#respond\" rel=\"nofollow\">Atbild\u0113t<\/a><\/div>\n<div>\n<p>K\u0101 J\u0101nis Maur\u012btis zin, k\u0101da bija helsinkie\u0161u misija? K\u0101 vi\u0146\u0161 var apgalvot, ka t\u0101 jau ir izpild\u012bta?<br \/>\nJ M ar vieglu roku noraksta H-86 un Pilso\u0146u Kongresu viduv\u0113j\u012bb\u0101s. Toties komunisti un \u010dekisti vi\u0146am ir super ve\u010di. Lai gan n\u0113. T\u0101 d\u0113v\u0113t\u0101 latvie\u0161u inteli\u0123ence noziedz\u012bgi klus\u0113ja, kad vajadz\u0113ja iest\u0101ties par br\u012bv\u012bbas c\u012bn\u012bt\u0101jiem.<br \/>\nLai tiktu prom no PSRS, tolaik nevajadz\u0113ja st\u0101ties Helsinku grup\u0101 un nodarboties ar politiku. Var\u0113ja iek\u0101rtoties uz ku\u0123a par matrozi un \u0101rzemju ost\u0101 neatgriezties uz ku\u0123a. Nevajag noniecin\u0101t helsinkie\u0161us! \u017d\u0113l, ja to dara v\u0113sturnieks, kuram sav\u0101 darb\u0101 vajadz\u0113tu iev\u0113rot politisku neitralit\u0101ti.<br \/>\nPar Heino L\u0101mu Maur\u012btis sprie\u017e k\u0101 gai\u0161re\u0123is \u2013 krimin\u0101ls gad\u012bjums. Past\u0101v ar\u012b cita versija \u2013 vi\u0146\u0161 todien nav izn\u0101cis no prezidenta pils, kur vi\u0146am bija tik\u0161an\u0101s ar prezidentu.<\/p>\n<\/div>\n<\/div>\n<\/li>\n<\/ol>\n","protected":false},"excerpt":{"rendered":"<p>https:\/\/www.youtube.com\/watch?v=4M5v6GYF474 Run\u0101sim par s\u0101tanismu un S\u0101tana kalpiem ! Par latvie\u0161u tautas bend\u0113m- nodev\u0113jiem ! =========================================================================== Ilze P\u0113tersone (las\u012bt visu)http:\/\/www.la.lv\/mes-cinijamies-par-latviesu-valsti\/5\/ FOTO: VDK rad\u012btais &#8220;disidentos&#8221;, kur\u0161 neesot k\u0101t, tom\u0113r zin, ka Juris Rubenis piedal\u012bjies H- 86&#46;&#46;&#46;<\/p>\n","protected":false},"author":1,"featured_media":0,"comment_status":"open","ping_status":"open","sticky":false,"template":"","format":"standard","meta":[],"categories":[1],"tags":[],"_links":{"self":[{"href":"https:\/\/tautastribunals.eu\/index.php?rest_route=\/wp\/v2\/posts\/39496"}],"collection":[{"href":"https:\/\/tautastribunals.eu\/index.php?rest_route=\/wp\/v2\/posts"}],"about":[{"href":"https:\/\/tautastribunals.eu\/index.php?rest_route=\/wp\/v2\/types\/post"}],"author":[{"embeddable":true,"href":"https:\/\/tautastribunals.eu\/index.php?rest_route=\/wp\/v2\/users\/1"}],"replies":[{"embeddable":true,"href":"https:\/\/tautastribunals.eu\/index.php?rest_route=%2Fwp%2Fv2%2Fcomments&post=39496"}],"version-history":[{"count":104,"href":"https:\/\/tautastribunals.eu\/index.php?rest_route=\/wp\/v2\/posts\/39496\/revisions"}],"predecessor-version":[{"id":62374,"href":"https:\/\/tautastribunals.eu\/index.php?rest_route=\/wp\/v2\/posts\/39496\/revisions\/62374"}],"wp:attachment":[{"href":"https:\/\/tautastribunals.eu\/index.php?rest_route=%2Fwp%2Fv2%2Fmedia&parent=39496"}],"wp:term":[{"taxonomy":"category","embeddable":true,"href":"https:\/\/tautastribunals.eu\/index.php?rest_route=%2Fwp%2Fv2%2Fcategories&post=39496"},{"taxonomy":"post_tag","embeddable":true,"href":"https:\/\/tautastribunals.eu\/index.php?rest_route=%2Fwp%2Fv2%2Ftags&post=39496"}],"curies":[{"name":"wp","href":"https:\/\/api.w.org\/{rel}","templated":true}]}}