{"id":39102,"date":"2017-05-28T18:34:52","date_gmt":"2017-05-28T15:34:52","guid":{"rendered":"http:\/\/tautastribunals.eu\/?p=39102"},"modified":"2021-03-07T16:31:11","modified_gmt":"2021-03-07T14:31:11","slug":"liepajniek-vai-balsosi-par-slepavu-sesku-co","status":"publish","type":"post","link":"https:\/\/tautastribunals.eu\/?p=39102","title":{"rendered":"Liep\u0101jniek, vai balsosi par slepavu Sesku &#038; Co ?"},"content":{"rendered":"<p><strong>Sesks<\/strong><\/p>\n<p><strong>Latvie\u0161u miljon\u0101ri Monako d\u0101rg\u0101kaj\u0101 iel\u0101 <\/strong><\/p>\n<p><a href=\"http:\/\/tautastribunals.eu\/wp-content\/uploads\/2017\/05\/SesksUrbanovi\u010dsGranti\u0146\u0161LRTT.PNG\"><img decoding=\"async\" loading=\"lazy\" class=\"alignleft  wp-image-39156\" title=\"Sesks,Urbanovi\u010ds,Granti\u0146\u0161,LRTT\" src=\"http:\/\/tautastribunals.eu\/wp-content\/uploads\/2017\/05\/SesksUrbanovi\u010dsGranti\u0146\u0161LRTT.PNG\" alt=\"Sesks,Urbanovi\u010ds,Granti\u0146\u0161,LRTT\" width=\"186\" height=\"241\" \/><\/a>Kam\u0113r R\u012bgas m\u0113rs soci\u0101ldemokr\u0101ts Nils U\u0161akovs a\u0123it\u0113ja p\u0101rdeklar\u0113ties uz R\u012bgu, lai galvaspils\u0113t\u0101 str\u0101d\u0101jo\u0161o nodok\u013ci non\u0101k tie\u0161i t\u0101s kas\u0113, m\u0113ra \u0101r\u0161tata padomnieks ekonomikas jaut\u0101jumos \u0112riks Teil\u0101ns savu dz\u012bvesvietu deklar\u0113jis apartamentos Princeses Greisas av\u0113nij\u0101 Monako.<\/p>\n<p>P\u0113c da\u017e\u0101diem v\u0113rt\u0113jumiem t\u0101 ir pasaules d\u0101rg\u0101ko ielu trijniek\u0101.<\/p>\n<p>Turp aizdeklar\u0113ju\u0161ies v\u0113l virkne Latvijas miljon\u0101ru, secin\u0101ms, p\u0101rbaudot publiskos re\u0123istros atrodam\u0101s adreses.<\/p>\n<p>Blakuskvart\u0101l\u0101 dz\u012bvesvietu deklar\u0113jis naftas produktu biznesa miljon\u0101rs<span style=\"text-decoration: underline;\">,<strong> <span style=\"color: #ff0000;\">Liep\u0101jas m\u0113ra Ulda Seska znots un partiju sponsor\u0113t\u0101js Raimonds Kisiels<\/span><\/strong>, <\/span>bet t\u0101l\u0101k taj\u0101 pa\u0161\u0101 iel\u0101 deklar\u0113jies autotirgot\u0101js Valdis Spredzis.<\/p>\n<h2><span style=\"color: #ff0000;\"><span style=\"text-decoration: underline;\">LRTT piebilde: <\/span><\/span><\/h2>\n<p><a href=\"http:\/\/tautastribunals.eu\/wp-content\/uploads\/2017\/05\/MIGLA-SARKAN\u0100-NOL\u0100D\u0112T\u0100REINIKS\u0100BOLTI\u0145A6.PNG\"><img decoding=\"async\" loading=\"lazy\" class=\"alignleft  wp-image-39121\" title=\"MIGLA SARKAN\u0100- NOL\u0100D\u0112T\u0100,REINIKS,\u0100BOLTI\u0145A\" src=\"http:\/\/tautastribunals.eu\/wp-content\/uploads\/2017\/05\/MIGLA-SARKAN\u0100-NOL\u0100D\u0112T\u0100REINIKS\u0100BOLTI\u0145A6.PNG\" alt=\"MIGLA SARKAN\u0100- NOL\u0100D\u0112T\u0100,REINIKS,\u0100BOLTI\u0145A\" width=\"2871\" height=\"246\" srcset=\"https:\/\/tautastribunals.eu\/wp-content\/uploads\/2017\/05\/MIGLA-SARKAN\u0100-NOL\u0100D\u0112T\u0100REINIKS\u0100BOLTI\u0145A6.PNG 986w, https:\/\/tautastribunals.eu\/wp-content\/uploads\/2017\/05\/MIGLA-SARKAN\u0100-NOL\u0100D\u0112T\u0100REINIKS\u0100BOLTI\u0145A6-300x25.PNG 300w, https:\/\/tautastribunals.eu\/wp-content\/uploads\/2017\/05\/MIGLA-SARKAN\u0100-NOL\u0100D\u0112T\u0100REINIKS\u0100BOLTI\u0145A6-800x68.PNG 800w\" sizes=\"(max-width: 2871px) 100vw, 2871px\" \/><\/a><a href=\"http:\/\/jauns.lv\/raksts\/izklaide\/37233-baibas-seskas-bijusais-un-tagadejais-izklaidejas-viena-ballite\">http:\/\/jauns.lv\/raksts\/izklaide\/37233-baibas-seskas-bijusais-un-tagadejais-izklaidejas-viena-ballite<\/a><\/p>\n<p>K\u0101dus pier\u0101d\u012bjumus v\u0113l vajag, lai saprastu, kur <strong>band\u012bta Seska <\/strong>\u0123imene atmazg\u0101 latvie\u0161u tautai nozagtos miljonus ? Vai t\u0101ds <strong>Kisiels<\/strong> ir k\u013cuvis par miljon\u0101ru god\u012bg\u0101 ce\u013c\u0101 ? <strong>Vis\u012bst\u0101k\u0101 s\u0101tanistu \u0123imene, kura ir j\u0101\u012bzn\u012bcina k\u0101 infic\u0113ta \u0113rce ! <\/strong>Aiz visa t\u0101 st\u0101v starptautiska mafijas banda, kuru<strong> Latvij\u0101<\/strong> kontrol\u0113 \u017e\u012bdi <strong>Borovkovs un Godmanis.<\/strong> \u0160o izdzimte\u0146u d\u0113\u013c, latviet, tev ir nozagts viss, <strong>gan tava pensija, gan medic\u012bnisk\u0101 apkope<\/strong> un <span style=\"text-decoration: underline;\"><strong>viss p\u0101r\u0113jais, kas pien\u0101kas soci\u0101li norm\u0101l\u0101 valst\u012b<\/strong><\/span> !<\/p>\n<p><a href=\"https:\/\/www.irliepaja.lv\/lv\/raksti\/liepajnieki\/tvnet-prokremliska-saskana-atkal-bus-atslegas-partija-liepaja\/\">https:\/\/www.irliepaja.lv\/lv\/raksti\/liepajnieki\/tvnet-prokremliska-saskana-atkal-bus-atslegas-partija-liepaja\/<\/a><\/p>\n<p><strong><span style=\"text-decoration: underline;\">-Ja gribi balsot<\/span><\/strong> par <strong>slepkavu, zagli, komunistu<\/strong> un <strong><span style=\"text-decoration: underline;\">latvie\u0161u tautas bendi<\/span><\/strong>, kur\u0161 saist\u012bts starptautisko narko-karteli, <strong><span style=\"text-decoration: underline;\">tad noc\u0113rt to roku<\/span><\/strong>, kura iem\u0113t \u0161o bi\u013cetenu v\u0113l\u0113\u0161anu urn\u0101, t\u0101 <strong><span style=\"text-decoration: underline;\">pagl\u0101bsi savu tautu un savu dv\u0113seli no izn\u012bc\u012bbas <\/span><\/strong>!<\/p>\n<p><strong><span style=\"text-decoration: underline;\">-Ja tava m\u0113le<\/span><\/strong> run\u0101 atzin\u012bgus v\u0101rdus par \u0161o noziedznieku, tad izrauj to, t\u0101 <strong><span style=\"text-decoration: underline;\">pagl\u0101bsi savu tautu un savu dv\u0113seli no izn\u012bc\u012bbas ! <\/span><\/strong><\/p>\n<p>\u0160eit sac\u012btajam nav nek\u0101ds sakars ar reli\u0123isko fan\u0101tismu, bet vienk\u0101r\u0161i:<\/p>\n<p>Padom\u0101 pirms veic neapdom\u0101tu darb\u012bbu, jo par visu b\u016bs j\u0101maks\u0101 un j\u0101atbild taviem b\u0113rniem&#8230; .<\/p>\n<p>Es pat neesmu tic\u012bgais t\u0101 tradicion\u0101l\u0101 form\u0101.<\/p>\n<p>Man nav j\u0101tic, jo es zinu, ka <strong>Dievs ir <\/strong>!<\/p>\n<p>Un <strong>B\u012aBELE <\/strong>man\u0101s rok\u0101s noz\u012bm\u0113:<strong> PATIES\u012aBU <\/strong>!<\/p>\n<p>Taj\u0101 ir pasac\u012bts tas, ko noklus\u0113 visi <strong>BAZN\u012aCT\u0112VI <\/strong>un ar\u012b<strong> S\u0101tana kalpi<\/strong> !<\/p>\n<p>Bazn\u012bca p\u0113c savas b\u016bt\u012bbas ir cilv\u0113ku roku darbs un ir nekas vair\u0101k k\u0101 s\u0101tana mask\u0113t\u0101 m\u012btne.<\/p>\n<p>Neviens pravietis nevienu bazn\u012bcu nav dibin\u0101jis. Mums ir j\u0101atgrie\u017e\u0101s pie m\u016bsu tautas<strong> GAR\u012aG\u0100 MANTOJUMA- \u0160\u012aS PASAULES UZB\u016aVES PAREIZ\u0100S IZPRATNES- C\u0112LO\u0145U UN SEKU LIKUMA.<\/strong><span style=\"text-decoration: underline;\"><br \/>\n<\/span><\/p>\n<p><a href=\"http:\/\/tautastribunals.eu\/wp-content\/uploads\/2017\/05\/www.tautastribunals.eu-14112.png\"><img decoding=\"async\" loading=\"lazy\" class=\"alignleft  wp-image-39107\" title=\"www.tautastribunals.eu-1411\" src=\"http:\/\/tautastribunals.eu\/wp-content\/uploads\/2017\/05\/www.tautastribunals.eu-14112.png\" alt=\"www.tautastribunals.eu-1411\" width=\"2593\" height=\"363\" srcset=\"https:\/\/tautastribunals.eu\/wp-content\/uploads\/2017\/05\/www.tautastribunals.eu-14112.png 950w, https:\/\/tautastribunals.eu\/wp-content\/uploads\/2017\/05\/www.tautastribunals.eu-14112-300x42.png 300w, https:\/\/tautastribunals.eu\/wp-content\/uploads\/2017\/05\/www.tautastribunals.eu-14112-800x112.png 800w\" sizes=\"(max-width: 2593px) 100vw, 2593px\" \/><\/a><a href=\"http:\/\/tautastribunals.eu\/wp-content\/uploads\/2017\/05\/3.Linards-Granti\u0146\u0161.Helsinki-86.LRTT.Bariss.Bitenieks..PNG\"><img decoding=\"async\" loading=\"lazy\" class=\"alignleft  wp-image-39110\" title=\"3.Linards Granti\u0146\u0161.Helsinki- 86.LRTT.Bariss.Bitenieks.\" src=\"http:\/\/tautastribunals.eu\/wp-content\/uploads\/2017\/05\/3.Linards-Granti\u0146\u0161.Helsinki-86.LRTT.Bariss.Bitenieks..PNG\" alt=\"3.Linards Granti\u0146\u0161.Helsinki- 86.LRTT.Bariss.Bitenieks.\" width=\"264\" height=\"404\" srcset=\"https:\/\/tautastribunals.eu\/wp-content\/uploads\/2017\/05\/3.Linards-Granti\u0146\u0161.Helsinki-86.LRTT.Bariss.Bitenieks..PNG 329w, https:\/\/tautastribunals.eu\/wp-content\/uploads\/2017\/05\/3.Linards-Granti\u0146\u0161.Helsinki-86.LRTT.Bariss.Bitenieks.-196x300.PNG 196w\" sizes=\"(max-width: 264px) 100vw, 264px\" \/><\/a>Ir j\u0101b\u016bt apvelt\u012btam ar k\u0101du <strong>stulbuma g\u0113nu<\/strong>, lai nesaskat\u012btu, kas ir<span style=\"text-decoration: underline;\"> \u0161is <strong>uldis sesks<\/strong> <\/span>!!!<\/p>\n<p>Vi\u0146a vald\u012b\u0161anas laik\u0101 <strong>Liep\u0101jas pils\u0113t\u0101<\/strong> ir <span style=\"text-decoration: underline;\">piln\u012bgi izn\u012bcin\u0101ta r\u016bpniec\u012bba<\/span> un viss, <strong><span style=\"text-decoration: underline;\">kas saist\u012bts ar cilv\u0113c\u012bbu<\/span><\/strong>. <strong>Pils\u0113ta l\u012bdzin\u0101s gru\u017ekastei ! <\/strong><\/p>\n<p>Vi\u0146\u0161 ir bijis un ir v\u0113l \u0161odien viens no akt\u012bv\u0101kajiem pils\u0113tas att\u012bst\u012bbas<span style=\"text-decoration: underline;\"><strong> kav\u0113t\u0101jiem- izn\u012bcin\u0101t\u0101jiem<\/strong><\/span>.<\/p>\n<p>Aiz vi\u0146a st\u0101v<strong> R\u012bgas mafioz\u0101s latvie\u0161u tautas izn\u012bcin\u0101\u0161anas strukt\u016bras <\/strong>ar <strong><span style=\"text-decoration: underline;\">Godmani un Borovkovu<\/span><\/strong> priek\u0161gal\u0101. <strong>Sesks<\/strong> ir tas, kur\u0161 <strong><span style=\"text-decoration: underline;\">piesedz visus noziegumus- kontrabandu<\/span><\/strong>, kurus veic <strong>starptautisk\u0101 mafija<\/strong> caur <strong>Liep\u0101jas ostu<\/strong>.<\/p>\n<p>Vi\u0146\u0161 darbojas roku rok\u0101 ar <strong>kriev\u017e\u012bdisko mafiju<\/strong>, kura likvid\u0113ja <strong><span style=\"text-decoration: underline;\">Latvijas lepnumu-<a href=\"http:\/\/tautastribunals.eu\/?p=21483\"> LIEP\u0100JAS METALURGU<\/a><span style=\"color: #0000ff;\">(atv\u0113rt)<\/span><\/span><\/strong><span style=\"color: #0000ff;\">.<\/span><\/p>\n<p>P\u0113c<strong>Atmodas <\/strong>laik\u0101 vi\u0146\u0161 kop\u0101 ar komunistu<strong><a href=\"http:\/\/tautastribunals.eu\/?p=1981\"> JURI AIZEZERU<span style=\"color: #0000ff;\">(atv\u0113rt) <\/span><\/a><span style=\"text-decoration: underline;\">demol\u0113ja r\u016bpn\u012bcas, lai t\u0101s var\u0113tu sl\u0113gt un izp\u0101rdot<\/span><\/strong> !<\/p>\n<p><strong>Sesks<\/strong> ir atbild\u012bgs par \u017eurn\u0101lista <strong>G. Mat\u012bsa<\/strong> noslepkavo\u0161anu, kur\u0161 bija sav\u0101cis materi\u0101lus un ar\u012b tie\u0161us pier\u0101d\u012bjumus- fotogr\u0101fijas par <strong><span style=\"text-decoration: underline;\">Liep\u0101jas mafijas noziegumiem pret tautu un Latvijas valsti<\/span><\/strong>.<strong> Mat\u012bsa <\/strong>naivums, ka vi\u0146\u0161 uztic\u0113j\u0101s komunistam- \u010dekas darbiniekam <strong>A. Remesam<\/strong>, maks\u0101ja vi\u0146am dz\u012bv\u012bbu.<\/p>\n<p><a href=\"http:\/\/tautastribunals.eu\/?p=10104\"><strong><em>Sesks <\/em><\/strong><em>ir <strong>slepkava nr.1<\/strong>.<\/em><span style=\"color: #0000ff;\"><strong>(atv\u0113rt)<\/strong><\/span><em> \u0160\u012b banda ar\u012b noslepkavoja savu melno darbu veic\u0113ju <strong>LIKUM\u012aGO ZAGLI<\/strong> <strong>Dubrovenko<\/strong>, jo tas k\u013cuva par b\u012bstamu liecinieku. P\u0113d\u0113jas darbs, kas bija j\u0101veic \u0161im <strong>ZAGLIM LIKUM\u0100<\/strong> bija- noslepkavot <strong>Aivaru Pr\u016bsi<\/strong>, kur\u0161 atteic\u0101s piedal\u012bties \u0161aj\u0101 noziegum\u0101. <strong>Seska banda<\/strong> p\u0113c <strong>R\u012bgas <\/strong>kungu pav\u0113les likvid\u0113ja \u017eurn\u0101listu <strong>Guntaru Mat\u012bsu<\/strong>, kur\u0161 bija ieguvis materi\u0101lus par narkotiku un citu kontrabandas <strong>lietu<\/strong> tirgo\u0161anu. <strong>Liep\u0101jas<\/strong> laikrakst\u0101 <strong>Kurzemes V\u0101rds<\/strong> un www.liepajniekiem.lv str\u0101d\u0101 cilv\u0113ki, kuri ir <strong>Guntara Mat\u012bsa<\/strong> bendes, jo tikai ar vi\u0146u zi\u0146ojumu pal\u012bdz\u012bbu mafija uzzin\u0101ja par <strong>Guntara<\/strong> m\u0113r\u0137iem. <strong>Guntara<\/strong> slepkav\u012bbas pas\u016bt\u012bt\u0101ju v\u0101rdus zina<strong> slepkavu <\/strong>izmekl\u0113t\u0101js. Par to nav ne maz\u0101ko \u0161aubu, jo sav\u0101d\u0101k neb\u016btu likts slepkav\u0101m main\u012bt savas <strong>LIEC\u012aBAS<\/strong>.<\/em><\/a><\/p>\n<p>Sesks ir saaudzis kop\u0101 ar <strong><span style=\"text-decoration: underline;\">Liep\u0101jas kriev\u017e\u012bdu reketa bandas izdzimumu Hadarovi\u010du<\/span><\/strong> k\u0101 <strong>cimds ar roku<\/strong>.<\/p>\n<p>Raksta s\u0101kum\u0101 j\u016bs izlas\u012bj\u0101t, kur un ar k\u0101 pal\u012bdz\u012bbu <strong>Sesks atmazg\u0101<\/strong> tautai nozagto ! Visa <strong>Seska<\/strong> \u0123imene ir viens vien\u012bgs nozieguma receklis, kas k\u0101 <strong>paraz\u012btiska \u0113rce<\/strong> ies\u016bkusies latvie\u0161u tautas mies\u0101.<\/p>\n<p><strong>\u0112rces nesarg\u0101, t\u0101s fiziski izn\u012bcina.<\/strong><\/p>\n<p><strong> <span style=\"color: #0000ff;\"><a href=\"http:\/\/tautastribunals.eu\/?p=672\">(atv\u0113rt)<\/a><\/span><\/strong><a href=\"http:\/\/tautastribunals.eu\/?p=672\"><em>Vai nepaliek derdz\u012bgi, ja atceramies, ka k\u0101dreiz uz slimn\u012bcu pie Aivara Pr\u016b\u0161a ierad\u0101s Sesks, Dubrovenko ar Telev\u012bziju \u201cDzintare\u201d. Sesks piepras\u012bja Pr\u016bsim, lai tas nekav\u0113joties atvainojas telekameru priek\u0161\u0101 Dubrovenko, jo vi\u0146\u0161 esot to \u013coti apvainojis, nosaucot par band\u012btu\u2026. .Vai var b\u016bt v\u0113l liel\u0101ks izdzimtenis par Uldi Sesku ?<\/em><\/a><\/p>\n<p><strong><span style=\"text-decoration: underline;\"><a href=\"http:\/\/tautastribunals.eu\/wp-content\/uploads\/2017\/05\/U.Sesks.-J.-Viln\u012btisGranti\u0146\u0161LRTT.PNG\"><img decoding=\"async\" loading=\"lazy\" class=\"alignleft  wp-image-39134\" title=\"U.Sesks. J. Viln\u012btis,Granti\u0146\u0161,LRTT\" src=\"http:\/\/tautastribunals.eu\/wp-content\/uploads\/2017\/05\/U.Sesks.-J.-Viln\u012btisGranti\u0146\u0161LRTT.PNG\" alt=\"U.Sesks. J. Viln\u012btis,Granti\u0146\u0161,LRTT\" width=\"2587\" height=\"2003\" srcset=\"https:\/\/tautastribunals.eu\/wp-content\/uploads\/2017\/05\/U.Sesks.-J.-Viln\u012btisGranti\u0146\u0161LRTT.PNG 716w, https:\/\/tautastribunals.eu\/wp-content\/uploads\/2017\/05\/U.Sesks.-J.-Viln\u012btisGranti\u0146\u0161LRTT-300x232.PNG 300w\" sizes=\"(max-width: 2587px) 100vw, 2587px\" \/><\/a><\/span><\/strong><\/p>\n<p><strong>FOTO: <\/strong><span style=\"color: #ff0000;\"><em>Ja tu, latviet, par k\u0101du no <strong>\u0161iem izdzimte\u0146iem<\/strong> balsosi, tad esi<strong> <span style=\"text-decoration: underline;\">savas tautas<\/span>,<\/strong> <span style=\"text-decoration: underline;\"><strong>savas \u0123imenes<\/strong><\/span>, <span style=\"text-decoration: underline;\"><strong>savu b\u0113rnu <\/strong><\/span>slepkava un <span style=\"text-decoration: underline;\"><strong>pa\u0161am vieta ir psihiatrijas &#8220;pal\u0101t\u0101&#8221; <\/strong><\/span>!!!<\/em><\/span><\/p>\n<p><strong><span style=\"text-decoration: underline;\">Latvijas noziedz\u012bg\u0101s varas<\/span><\/strong> <strong><span style=\"text-decoration: underline;\">\u201ckarte\u013ca\u201d <\/span><\/strong><span style=\"text-decoration: underline;\">v\u0113lm\u0113m<\/span> ir pak\u0101rtota ne tikai <strong>noziedznieka <\/strong><strong>Seska partija<\/strong><strong>,<\/strong> bet gandr\u012bz visas partijas, kuras piedal\u012bsies v\u0113l\u0113\u0161an\u0101s.<\/p>\n<p>Noziedz\u012bgi b\u016btu dom\u0101t, t\u0101di band\u012bti k\u0101<span style=\"color: #ff0000;\"> <span style=\"text-decoration: underline;\"><strong>Age\u0161ins, Vorobei\u010diks un Hadarovi\u010ds<\/strong><\/span><\/span> dom\u0101tu par <strong>Latviju un latvie\u0161u tautu<\/strong><strong>. <\/strong>Vi\u0146i ir un paliek okupantu bandas p\u0101rst\u0101vji, kuri ir ieinteres\u0113ti latvie\u0161u tautas izn\u012bcin\u0101\u0161an\u0101 !<\/p>\n<p><strong>P\u0113c visiem <\/strong><strong>Starptautiskiem Likumiem- Konvencij\u0101m<\/strong> vi\u0146iem nav ties\u012bbas atrasties <strong>Latvij\u0101<\/strong> un kur nu v\u0113l piedal\u012bties v\u0113l\u0113\u0161an\u0101s<strong>.<\/strong><\/p>\n<p>Un, kas ir <span style=\"text-decoration: underline;\"><span style=\"color: #ff0000;\">I<strong>ng\u016bna Sudraba<\/strong><\/span><\/span><strong><span style=\"color: #ff0000;\">,<\/span> <\/strong>kura pieteikusi savu partiju <strong>\u201dno sirds Latvijai\u201d<\/strong><strong> ? <\/strong>Nekas vair\u0101k k\u0101 <strong>R\u012bgas<\/strong><strong> kriev\u017e\u012bdu marionete<\/strong>, kurai reiz b\u016bs j\u0101atbild par noziegumiem, kurus veikusi pret tautu.<\/p>\n<p>Kas attiecas uz <strong>VIENOT\u012aBAS<\/strong> noziedzniekiem, tad run\u0101t par vi\u0146iem noz\u012bm\u0113tu izsmiet pa\u0161am sevi.<\/p>\n<p>Smiekl\u012bgi ir iedom\u0101ties, ka <strong><span style=\"text-decoration: underline;\"><span style=\"color: #ff0000;\">Janka Viln\u012btis<\/span><\/span> <\/strong>kalpos pils\u0113tai,<strong> Latvijai un latvie\u0161u tautai<\/strong><strong>,<\/strong> jo ir jau pazi\u0146ojis, ka neizsl\u0113dz iesp\u0113ju sadarboties ar noziedznieku<strong> Age\u0161inu<\/strong><strong>.<\/strong><\/p>\n<p>Bet ir tom\u0113r par ko balsot, tas ir <strong><span style=\"text-decoration: underline;\">ART\u016aS BUT\u0100NS ar savu Liep\u0101jas komandu<\/span><\/strong><strong>, <\/strong>kur\u0161 ir vien\u012bgais, kuram interes\u0113 <strong><span style=\"text-decoration: underline;\">M\u016aSU TAUTA un M\u016aSU VALSTS<\/span><\/strong><strong>.<\/strong><\/p>\n<p><strong>Esmu ar vi\u0146u person\u012bgi paz\u012bstams. <\/strong><\/p>\n<p>Nav n\u0101cies sastapt politiski erud\u012bt\u0101ku cilv\u0113ku par vi\u0146u, neskatoties uz vi\u0146a jaun\u012bbu. Es, jau sav\u0101 pietieko\u0161i garaj\u0101 dz\u012bv\u0113(67)<strong>, <\/strong><strong>BR\u012aVPR\u0100T\u012aGI SAVAS TAUTAS LAB\u0100<\/strong> esmu izg\u0101jis cauri \u0161ai <strong>s\u0101tanistu- komunistu- cionistu <\/strong>rad\u012btai <strong>Ellei<\/strong><strong>: esmu piedz\u012bvojis neiedom\u0101jamas sp\u012bdzin\u0101\u0161anas no \u0161iem s\u0101taniskajiem <\/strong><strong><span style=\"text-decoration: underline;\">sesk-godma\u0146, borovkov- veid\u012bgajiem m\u016bsu tautas slepkav\u0101m<\/span><\/strong> un zinu par vi\u0146iem ar\u012b \u013coti daudz, bet tom\u0113r ne visu un par br\u012bnumu, kad esmu pajaut\u0101jis par man vajadz\u012bgo jaut\u0101jumu <strong>ART\u016aRAM BUT\u0100NAM<\/strong><strong>, <\/strong>esmu sa\u0146\u0113mis izsme\u013co\u0161u atbildi !<\/p>\n<p><strong>Liep\u0101jas <\/strong><strong>NA<\/strong> nav nek\u0101ds sakars ar <strong>R\u012bgas NA<\/strong><em>(VL!)<\/em> noziedz\u012bgo veidojumu.<\/p>\n<p>R\u012bdziniekiem ir j\u0101tiek ties\u0101tiem un vi\u0146i ar\u012b tiks ties\u0101ti.<\/p>\n<p>Noziedzniekiem j\u0101sa\u0146em peln\u012btais. Es dar\u012b\u0161u visu, lai <strong>A. But\u0101ns p\u0101r\u0146emtu visu to v\u0113l\u0113t\u0101ju kontingentu, kur\u0161 balso par TIESISKU LATVIJU,<span style=\"text-decoration: underline;\"> bez okupantiem, komunistiem un \u010dekistiem<\/span> !<\/strong><\/p>\n<p><strong>J\u0101 !!!, es esmu pasac\u012bjis \u013coti b\u012bstamu PATIES\u012aBU<\/strong><strong>. <\/strong><strong>Ci\u0101nas Gudro Protokolos<\/strong> ir rakst\u012bts: <strong>Nogalini gudr\u0101ko no goj\u0101m <\/strong><strong>!!! <\/strong><\/p>\n<p>Ja <strong>ARTURS BUT\u0100NS<\/strong> ar\u012b turpm\u0101k past\u0101v\u0113s <strong>PATIES\u012aB\u0100,<\/strong> tad vi\u0146am \u0161ie s\u0101tanisti kl\u0101t netiks. Mani, \u0161ie <strong>\u201cci\u0101nas gudrie<\/strong><strong>\u201d<\/strong><em>(komunisti,cionisti,\u010dekisti<\/em>) neskait\u0101mas reizes ir centu\u0161ies noslepkavot, bet vienm\u0113r cietu\u0161i neveiksmi. K\u0101 man sac\u012bja reiz \u010dekas noslepkavotais pr\u0101vests <strong>Andrejs Kavacis<\/strong><strong>: <\/strong><strong>\u201cKO DIEVS IR NOL\u0112MIS PASARG\u0100T, TAM S\u0100TANS KL\u0100T NETIEK !\u201d<\/strong><\/p>\n<p><a href=\"http:\/\/tautastribunals.eu\/wp-content\/uploads\/2017\/05\/Art\u016brs-But\u0101ns.L.-Granti\u0146\u0161LRTT..PNG\"><img decoding=\"async\" loading=\"lazy\" class=\"alignleft  wp-image-39141\" title=\"Art\u016brs But\u0101ns.L. Granti\u0146\u0161,LRTT.\" src=\"http:\/\/tautastribunals.eu\/wp-content\/uploads\/2017\/05\/Art\u016brs-But\u0101ns.L.-Granti\u0146\u0161LRTT..PNG\" alt=\"Art\u016brs But\u0101ns.L. Granti\u0146\u0161,LRTT.\" width=\"369\" height=\"460\" \/><\/a>Kas tik netiek dar\u012bts, lai <strong>Art\u016brs But\u0101ns<\/strong> netiktu dom\u0113. Iepriek\u0161\u0113j\u0101s v\u0113l\u0113\u0161an\u0101s par to g\u0101d\u0101ja mums paz\u012bstamais <strong>\u201c<\/strong><strong>biznesmenis<\/strong><strong>\u201d<\/strong><em>(pareiz\u0101k sac\u012bts b\u016btu-band\u012bts<\/em>) <strong>I. Kesenfelds<\/strong> ar k\u0101da provokatora <strong>V. Birzes<\/strong> pal\u012bdz\u012bbu. Tas vi\u0146iem ar\u012b izdev\u0101s. \u0160aj\u0101s v\u0113l\u0113\u0161an\u0101s\u00a0 <strong><a href=\"http:\/\/tautastribunals.eu\/?p=38838\">V. Birze<span style=\"color: #0000ff;\">(atv\u0113rt)<\/span><\/a> <\/strong>turpina iepriek\u0161 aizs\u0101kto, ieliek savas partijas sarakst\u0101 ar\u012b k\u0101du <strong>\u201c<\/strong><strong>but\u0101nu<\/strong><strong>\u201d,<\/strong> lai jauktu pr\u0101tus vec\u0101ka gadag\u0101juma v\u0113l\u0113t\u0101jiem !<\/p>\n<h2>Uz v\u0113l\u0113\u0161an\u0101m, latviet, ir j\u0101iet, jo ir par ko balsot !<\/h2>\n<p>V\u0113lot par <strong>Art\u016bra But\u0101na<\/strong> komandu, latviet, tu v\u0113l\u0113si par <strong>TIESISKUMA ATJAUNO\u0160ANU SAV\u0100 T\u0112VZEM\u0112<\/strong><strong> !<\/strong><\/p>\n<p>Vi\u0146\u0161 nav biznesmenis un t\u0101p\u0113c nep\u0101rst\u0101v\u0113s k\u0101du<strong> \u201cbandu\u201d <\/strong>!<\/p>\n<p>Vi\u0146\u0161 ir perspekt\u012bvs jaunais politi\u0137is, kur\u0161 r\u016bp\u0113sies par <span style=\"text-decoration: underline;\"><strong>valsti un m\u016bsu tautu<\/strong><\/span> !<\/p>\n<h2>Vi\u0146\u0161 ir bieds visiem zag\u013ciem un slepkav\u0101m !!!<\/h2>\n<p>28.05.17\u00a0\u00a0\u00a0\u00a0 L. Granti\u0146\u0161<\/p>\n<h2><span style=\"color: #008000;\">P.S.<\/span><\/h2>\n<h1><span style=\"color: #008000;\">L. Granti\u0146a H-86 &amp; LRTT pied\u0101v\u0101jums J\u0101nim Bord\u0101nam !<\/span><\/h1>\n<p><span style=\"color: #008000;\">Protams, ka vi\u0146\u0161 no \u0161\u0101da pied\u0101v\u0101juma atsac\u012bj\u0101j\u0101s.<\/span><\/p>\n<p><span style=\"color: #008000;\">Tur, <strong>J\u0101ni Bord\u0101n<\/strong>, kur es b\u016b\u0161u, tur noziedznieki- <strong>Latvijas izlaup\u012bt\u0101ji,<\/strong> sav\u0101m k\u0101j\u0101m aizies uz <strong>\u201cpeln\u012bto vietu\u201d!<\/strong><\/span><\/p>\n<p><span style=\"color: #008000;\">Pirmk\u0101rt, ko dar\u012b\u0161u, b\u016bs starptautiska<strong> LIETAS<\/strong> izskat\u012b\u0161ana, kas attiecas uz okup\u0101ciju un <strong>1949 gada \u017den\u0113vas Konvencijas<\/strong> \u012bsteno\u0161anu p\u0113cokup\u0101cijas period\u0101, <strong><span style=\"text-decoration: underline;\">visaptvero\u0161a Latvijas dekoloniz\u0101cija<\/span><\/strong> !<\/span><\/p>\n<p><span style=\"color: #008000;\"><strong><span style=\"text-decoration: underline;\">-Tiks g\u0101d\u0101ts,<\/span><\/strong> lai <strong><span style=\"text-decoration: underline;\">starptautisko ekspertu kl\u0101tb\u016btn\u0113 tiktu atv\u0113rti \u010dekas maisi<\/span><\/strong> !<\/span><\/p>\n<p><span style=\"color: #008000;\"><strong><span style=\"text-decoration: underline;\">&#8211; Tiks g\u0101d\u0101ts,<\/span><\/strong> lai visi <strong>Latvijas izzadz\u0113ji<\/strong><em>(miljon\u0101ri<\/em>) st\u0101tos <strong>Tautas Tiesas<\/strong> priek\u0161\u0101 un sniegtu atskaiti par katru <strong>Latu\/Eiro<\/strong>.<\/span><\/p>\n<p><span style=\"color: #008000;\"><strong><span style=\"text-decoration: underline;\">-Tiks g\u0101d\u0101ts,<\/span><\/strong> lai visi <strong>\u010dekisti un komunisti tiktu sod\u012bti, <\/strong>par <strong>genoc\u012bda veik\u0161anu pret latvie\u0161u tautu- <\/strong>par <strong><span style=\"text-decoration: underline;\">kolaboracionismu- sadarb\u012bbu ar pasaules v\u0113stur\u0113 asi\u0146ain\u0101ko re\u017e\u012bmu- komunismu<\/span><\/strong>.<\/span><\/p>\n<p><span style=\"color: #008000;\"><strong><span style=\"text-decoration: underline;\">-Tiks g\u0101d\u0101ts,<\/span><\/strong> lai<strong> 4. maija kli\u0137es <\/strong>noziedz\u012bg\u0101s darb\u012bbas rezult\u0101t\u0101 padz\u012btie ekonomiskie b\u0113g\u013ci <strong><span style=\"text-decoration: underline;\">atgrieztos m\u0101j\u0101s- sav\u0101 Dzimten\u0113<\/span><\/strong>.<\/span><\/p>\n<p><span style=\"color: #008000;\"><strong><span style=\"text-decoration: underline;\">-Tiks g\u0101d\u0101ts,<\/span><\/strong> lai <strong><span style=\"text-decoration: underline;\">katra latvie\u0161u \u0123imene <\/span><\/strong>sa\u0146emtu vismaz <strong>5- 7 hekt\u0101rus aramzemes bez<\/strong> nek\u0101diem nodok\u013ciem tur, kur vi\u0146i v\u0113las, protams, bez ties\u012bb\u0101m <strong><span style=\"text-decoration: underline;\">to p\u0101rdot.<\/span><\/strong><\/span><\/p>\n<p><span style=\"color: #008000;\"><strong><span style=\"text-decoration: underline;\">-Tiks g\u0101d\u0101ts,<\/span><\/strong> lai <strong>latvie\u0161u tautai <\/strong>un <strong>Latvijas valstij<\/strong>, ar starptautisko instit\u016bciju pal\u012bdz\u012bbu, tiktu atdots atpaka\u013c viss nozagtais- izlaup\u012btais.<\/span><\/p>\n<p><span style=\"color: #008000;\"><strong><span style=\"text-decoration: underline;\">-Tiks g\u0101d\u0101ts,<\/span><\/strong> lai nekav\u0113jo\u0161i tiktu atsaukti visi darbinieki no <strong>ES,<\/strong> kuri tur atrodas p\u0113c komunistu <strong>\u201cieteikuma\u201d<\/strong> un, pirmk\u0101rt, jau \u0161eit piemin\u0113tais <strong>Egils Levits<\/strong> !<\/span><\/p>\n<p><span style=\"color: #008000;\"><strong><span style=\"text-decoration: underline;\">-Tiks g\u0101d\u0101ts<\/span><\/strong> par visu, kas saist\u012bts ar <strong>Tiesiskuma atjauno\u0161anu Latvij\u0101<\/strong>, kas atbilst <strong>Starptautiski izstr\u0101d\u0101tiem<\/strong> <strong>Likumiem<\/strong> un <strong>1922. gada Satversmei<\/strong> !<\/span><\/p>\n<p><span style=\"color: #008000;\"><strong><span style=\"text-decoration: underline;\">-Tiks g\u0101d\u0101ts<\/span><\/strong> par to, lai visi tie, kuri p\u0101rk\u0101pu\u0161i \u0161os <strong>Starptautiskos Likumus<\/strong> un <strong>Satversmi<\/strong>, tiktu ties\u0101ti starptautisk\u0101 <strong>Tribun\u0101l\u0101 H\u0101g\u0101<\/strong> !<\/span><\/p>\n<p><span style=\"color: #008000;\">Redziet, <strong>Bord\u0101na kungs,<\/strong> es prasu tikai to, kas paredz\u0113ts <strong>Starptautiskos Likumos<\/strong> un<strong> Satversm\u0113<\/strong>.<\/span><\/p>\n<p><span style=\"color: #008000;\">K\u0101p\u0113c tauta nav dzird\u0113jusi no<strong> Jums <\/strong>neko l\u012bdz\u012bgu ?<\/span><\/p>\n","protected":false},"excerpt":{"rendered":"<p>Sesks Latvie\u0161u miljon\u0101ri Monako d\u0101rg\u0101kaj\u0101 iel\u0101 Kam\u0113r R\u012bgas m\u0113rs soci\u0101ldemokr\u0101ts Nils U\u0161akovs a\u0123it\u0113ja p\u0101rdeklar\u0113ties uz R\u012bgu, lai galvaspils\u0113t\u0101 str\u0101d\u0101jo\u0161o nodok\u013ci non\u0101k tie\u0161i t\u0101s kas\u0113, m\u0113ra \u0101r\u0161tata padomnieks ekonomikas jaut\u0101jumos \u0112riks Teil\u0101ns savu dz\u012bvesvietu deklar\u0113jis&#46;&#46;&#46;<\/p>\n","protected":false},"author":1,"featured_media":0,"comment_status":"open","ping_status":"open","sticky":false,"template":"","format":"standard","meta":[],"categories":[1],"tags":[],"_links":{"self":[{"href":"https:\/\/tautastribunals.eu\/index.php?rest_route=\/wp\/v2\/posts\/39102"}],"collection":[{"href":"https:\/\/tautastribunals.eu\/index.php?rest_route=\/wp\/v2\/posts"}],"about":[{"href":"https:\/\/tautastribunals.eu\/index.php?rest_route=\/wp\/v2\/types\/post"}],"author":[{"embeddable":true,"href":"https:\/\/tautastribunals.eu\/index.php?rest_route=\/wp\/v2\/users\/1"}],"replies":[{"embeddable":true,"href":"https:\/\/tautastribunals.eu\/index.php?rest_route=%2Fwp%2Fv2%2Fcomments&post=39102"}],"version-history":[{"count":63,"href":"https:\/\/tautastribunals.eu\/index.php?rest_route=\/wp\/v2\/posts\/39102\/revisions"}],"predecessor-version":[{"id":59856,"href":"https:\/\/tautastribunals.eu\/index.php?rest_route=\/wp\/v2\/posts\/39102\/revisions\/59856"}],"wp:attachment":[{"href":"https:\/\/tautastribunals.eu\/index.php?rest_route=%2Fwp%2Fv2%2Fmedia&parent=39102"}],"wp:term":[{"taxonomy":"category","embeddable":true,"href":"https:\/\/tautastribunals.eu\/index.php?rest_route=%2Fwp%2Fv2%2Fcategories&post=39102"},{"taxonomy":"post_tag","embeddable":true,"href":"https:\/\/tautastribunals.eu\/index.php?rest_route=%2Fwp%2Fv2%2Ftags&post=39102"}],"curies":[{"name":"wp","href":"https:\/\/api.w.org\/{rel}","templated":true}]}}