{"id":3864,"date":"2011-01-16T00:35:29","date_gmt":"2011-01-15T22:35:29","guid":{"rendered":"http:\/\/tautastribunals.eu\/?p=3864"},"modified":"2011-01-16T00:35:29","modified_gmt":"2011-01-15T22:35:29","slug":"a-kalmes-atbilde-komunistam-vdk-informatoram-j-peteram","status":"publish","type":"post","link":"https:\/\/tautastribunals.eu\/?p=3864","title":{"rendered":"A. Kalmes atbilde komunistam- VDK informatoram J. Peteram"},"content":{"rendered":"<div><span style=\"color: #008000\"><img decoding=\"async\" loading=\"lazy\" class=\"alignleft size-thumbnail wp-image-3865\" src=\"http:\/\/tautastribunals.eu\/wp-content\/uploads\/2011\/01\/IMGP09741-150x150.jpg\" alt=\"IMGP0974\" width=\"57\" height=\"57\" srcset=\"https:\/\/tautastribunals.eu\/wp-content\/uploads\/2011\/01\/IMGP09741-150x150.jpg 150w, https:\/\/tautastribunals.eu\/wp-content\/uploads\/2011\/01\/IMGP09741-800x780.jpg 800w, https:\/\/tautastribunals.eu\/wp-content\/uploads\/2011\/01\/IMGP09741.jpg 1278w\" sizes=\"(max-width: 57px) 100vw, 57px\" \/>Iepaz\u012bsimies ar\u00a0<strong>Arv\u012bda Kalmes<\/strong> koment\u0101ru <strong>J. Petera<\/strong> \u00a0rakstam:<strong> <\/strong><\/span><a href=\"http:\/\/www.apollo.lv\/portal\/news\/articles\/226615\"><strong><span style=\"color: #993300\">http:\/\/www.apollo.lv\/portal\/news\/articles\/226615<\/span><\/strong><\/a><span style=\"color: #008000\"><span style=\"color: #993300\">\u00a0<\/span> <strong>&#8220;Peters par vil\u0161anos, bl\u0113\u017eiem un l\u012bderi, kas mums nepiecie\u0161ams&#8221; <\/strong>&#8212;&#8211; Tuvojas k\u0101rt\u0113j\u0101 revol\u016bcija un atkal \u0161ie komunistiskie izdzimte\u0146i lien \u0101r\u0101\u00a0no sav\u0101m &#8220;al\u0101m&#8221; ! Viens no t\u0101diem izdzimte\u0146iem ir <strong>J\u0101nis Peters,<\/strong> kur\u0161 atkal grib p\u0101rtvert\u00a0vald\u012bbas gro\u017eus, lai jau piln\u012bb\u0101 piebeigtu t\u0101 jau knapi dz\u012bvo latvie\u0161u tautas &#8220;\u0137ermeni&#8221;\u00a0! Un-, ko tad vi\u0146\u0161 iesaka par n\u0101ko\u0161o l\u012bderi ??? Nu, protams, ka to pa\u0161u &#8220;veco&#8221; <span style=\"text-decoration: underline\"><strong>Atmodas <img decoding=\"async\" loading=\"lazy\" class=\"alignleft size-full wp-image-3868\" src=\"http:\/\/tautastribunals.eu\/wp-content\/uploads\/2011\/01\/Vieplis.jpg\" alt=\"Vieplis\" width=\"160\" height=\"120\" \/>laiku<\/strong> <strong>provokatoru- puskrievu Juri Rubeni.<\/strong><\/span> <strong>Juris<\/strong> <strong>Rubenis<\/strong> ir <strong>Maskavas DD<\/strong> sav\u0113rv\u0113ts a\u0123ents, kur\u0161 <strong>\u00a0<\/strong><\/span><\/div>\n<div><span style=\"color: #008000\"><strong><span style=\"color: #000000\">Foto:<\/span><\/strong> <em><span style=\"color: #33cccc\">\u0160is uz\u0146\u0113mums run\u0101 pats par sevi ! \u0160\u012bs &#8220;b\u016btnes&#8221; nodev\u012bgais \u013caunums ir nep\u0101rprotami izpaudies\u00a0vi\u0146a fizionomij\u0101.<\/span><\/em><\/span><\/div>\n<div><span style=\"color: #008000\"><strong>Atmodas<\/strong> laik\u0101 pal\u012bdz\u0113ja sarkanajiem <strong>&#8220;tautfrontie\u0161iem&#8221;<\/strong> p\u0101r\u0146emt vad\u012bbas gro\u017eus. K\u0101 redzams, tad sl\u0101viskais g\u0113ns dara savu melno darbu J. Rube\u0146a apzi\u0146\u0101. \u0160odien \u0161is paraz\u012bts dz\u012bvo k\u0101 &#8220;niere pa taukiem&#8221; !!! Ne ar vienu pu\u0161pl\u0113stu v\u0101rdi\u0146u <strong>J. Rubenis<\/strong> nav aizst\u0101v\u0113jis latvie\u0161us\u00a0no <strong>Godma\u0146a, Borovkova<\/strong> un t\u0101 pa\u0161a <strong>Petera<\/strong> nodev\u012bg\u0101s darb\u012bbas. <\/span><\/div>\n<div><span style=\"color: #008000\">Jaut\u0101jums- no kurienes &#8220;tadam&#8221; <strong>Rubenim <\/strong>ir radu\u0161ies t\u0101di milz\u012bgi \u012bpa\u0161umu&#8230;. ? Varb\u016bt no pietic\u012bg\u0101s aldzi\u0146as ? N\u0113, <strong>J.<\/strong> <strong>Rube\u0146a<\/strong> bag\u0101t\u012bba &#8220;n\u0101k&#8221; no neskait\u0101miem<strong><em> &#8220;sudraba tr\u012bsdesmitniekiem&#8221;<\/em><\/strong> !!! <\/span><\/div>\n<div><span style=\"color: #008000\">Vai atceramies <strong><img decoding=\"async\" loading=\"lazy\" class=\"alignleft size-full wp-image-3866\" src=\"http:\/\/tautastribunals.eu\/wp-content\/uploads\/2011\/01\/K\u0101da-nodev\u0113ja-profils.bmp\" alt=\"K\u0101da nodev\u0113ja profils\" width=\"79\" height=\"83\" \/>Petera<\/strong> nost\u0101ju <strong>Atmodas<\/strong> laik\u0101 ? Nek\u0101du<strong> Latvijas<\/strong> neatkar\u012bbu, bet gan br\u012bvu Latviju br\u012bv\u0101 <strong>Krievij\u0101,<\/strong> skandin\u0101ja \u0161is nodev\u012bbas kalps\u00a0!!! Latvie\u0161u valodas <strong>&#8220;m\u012bkstin\u0101\u0161ana&#8221;<\/strong> ar\u012b\u00a0bija<strong> J. Petera<\/strong> un <strong>M. Z\u0101l\u012btes<\/strong> nopelni. Vi\u0146i bija \u0161aj\u0101 jaut\u0101jum\u0101 <strong>VVF<\/strong> asistenti. <span style=\"text-decoration: underline\">K\u0101 <strong>Peters<\/strong> t\u0101 ar\u012b <strong>Z\u0101l\u012bte<\/strong> ir <strong>Krievijas imp\u0113rijas<\/strong> atbalst\u012bt\u0101ji<\/span>.\u00a0 \u0160iem izdzimte\u0146iem ir tikai viens sods- kar\u0101tavas !!!<\/span><\/div>\n<div><span style=\"color: #008000\">T\u0101l\u0101k <strong>A. Kalmes<\/strong> koment\u0101rs:<\/span><\/div>\n<div><span style=\"color: #008000\"><strong><span style=\"color: #000000\">Foto<\/span>:<\/strong><em><span style=\"color: #33cccc\">Dieva v\u0101rda zaimot\u0101js un Maskavas uztic\u012bgais &#8220;sargsuns&#8221;- Juris Rubenis.<\/span><\/em><\/span><\/div>\n<div><span style=\"color: #008000\"><em><span style=\"color: #33cccc\">\u00a0<\/span><\/em><\/span><\/div>\n<div><span style=\"color: #008000\"><em><span style=\"color: #000000\">LRTT\u00a0\u00a0 15.01.2011<\/span><\/em><\/span><\/div>\n<div><span style=\"color: #008000\">=======================================================<\/span><\/div>\n<div><strong><\/strong><\/div>\n<div><strong><img decoding=\"async\" loading=\"lazy\" class=\"alignleft size-full wp-image-3871\" src=\"http:\/\/tautastribunals.eu\/wp-content\/uploads\/2011\/01\/Akad\u0113mi\u0137is-Arv\u012bds-Kalme..jpg\" alt=\"Akad\u0113mi\u0137is Arv\u012bds Kalme.\" width=\"102\" height=\"119\" \/>Arv\u012bds Kalme\u00a0<\/strong>\u00a0<\/div>\n<p><span style=\"color: #333399\"><strong>Pien\u0101cis laiks apj\u0113gt<\/strong>, ka toreiz, kad liel\u0101 saj\u016bsm\u0101 tais\u012bj\u0101m dziesmoto revol\u016bciju un st\u0101v\u0113j\u0101m barik\u0101d\u0113s, m\u0113s atv\u0113r\u0101m <strong>&#8220;Pandoras l\u0101des&#8221;<\/strong> v\u0101ku, \u0101r\u0101 izlai\u017eot d\u0113monos, kas degrad\u0113s un izn\u012bcin\u0101s latvju tautu. \u0160os d\u0113monus p\u0101rst\u0101v t\u0101 saucamie &#8220;lablatvie\u0161i&#8221;. Tas ir kop\u012bgs apz\u012bm\u0113jums vis\u0101diem &#8220;patriotiskiem&#8221; kamp\u0113jiem, gr\u0101b\u0113jiem, raus\u0113jiem,<strong> priHvatizatoriem<\/strong>, \u0161eftma\u0146iem, \u0161mugu\u013cma\u0146iem, &#8220;buldozeristiem&#8221; un taml\u012bdz\u012bgai publikai, kas pie varas st\u016bres tikusi, izlaup\u012bja un notrallin\u0101ja <strong>Latvijas<\/strong> tautsaimniec\u012bbu. <strong>Likte\u0146a paradokss &#8211;<\/strong> ja &#8220;pirm\u0101s&#8221; <strong>Latvijas br\u012bvvalsts<\/strong> laik\u0101, p\u0113c Pirm\u0101 pasaules kara piln\u012bgi izpost\u012bt\u0101 zeme 20 gadu laik\u0101 atkop\u0101s un k\u013cuva par , var\u0113tu teikt, visai augstas labkl\u0101j\u012bbas valsti, tad p\u0113c &#8220;neatkar\u012bbas atg\u016b\u0161anas&#8221;, relat\u012bvi lab\u0101 ekonomisk\u0101 st\u0101vokl\u012b eso\u0161\u0101 valsts tautsaimniec\u012bba &#8220;lablatvisko&#8221; varturu vald\u012b\u0161anas ar\u012b 20 gados, ir piln\u012bgi sagrauta, post\u0101 un izmisum\u0101 iedzenot t\u016bksto\u0161iem un t\u016bksto\u0161iem god\u012bgu cilv\u0113ku, \u013coti daudzus spie\u017eot pamest <strong>Dzimteni.<\/strong> Vai par to m\u0113s st\u0101v\u0113j\u0101m barik\u0101d\u0113s, lai uz m\u016bsu r\u0113\u0137ina par sviestmaizi Latvijas ekonomisk\u0101s v\u0113rt\u012bbas sagr\u0101btu <strong>Rietumu kapit\u0101listi<\/strong> un pa\u0161m\u0101ju alkat\u012bgie <strong>&#8220;lablatviskie&#8221; <\/strong>miljon\u0101ri ? Nevajag sp\u0113l\u0113t te\u0101tri ar &#8220;b\u013cendaku&#8221; dal\u012b\u0161anu pa labi un pa kreisi visiem tik daudzajiem <strong>&#8220;\u013be\u0146ina ba\u013c\u0137a nes\u0113jiem&#8221;<\/strong> !<\/span><\/p>\n<p><span style=\"color: #333399\">15.01.2011<\/span><\/p>\n","protected":false},"excerpt":{"rendered":"<p>Iepaz\u012bsimies ar\u00a0Arv\u012bda Kalmes koment\u0101ru J. Petera \u00a0rakstam: http:\/\/www.apollo.lv\/portal\/news\/articles\/226615\u00a0 &#8220;Peters par vil\u0161anos, bl\u0113\u017eiem un l\u012bderi, kas mums nepiecie\u0161ams&#8221; &#8212;&#8211; Tuvojas k\u0101rt\u0113j\u0101 revol\u016bcija un atkal \u0161ie komunistiskie izdzimte\u0146i lien \u0101r\u0101\u00a0no sav\u0101m &#8220;al\u0101m&#8221; ! Viens no t\u0101diem&#46;&#46;&#46;<\/p>\n","protected":false},"author":6,"featured_media":0,"comment_status":"open","ping_status":"open","sticky":false,"template":"","format":"standard","meta":[],"categories":[1],"tags":[],"_links":{"self":[{"href":"https:\/\/tautastribunals.eu\/index.php?rest_route=\/wp\/v2\/posts\/3864"}],"collection":[{"href":"https:\/\/tautastribunals.eu\/index.php?rest_route=\/wp\/v2\/posts"}],"about":[{"href":"https:\/\/tautastribunals.eu\/index.php?rest_route=\/wp\/v2\/types\/post"}],"author":[{"embeddable":true,"href":"https:\/\/tautastribunals.eu\/index.php?rest_route=\/wp\/v2\/users\/6"}],"replies":[{"embeddable":true,"href":"https:\/\/tautastribunals.eu\/index.php?rest_route=%2Fwp%2Fv2%2Fcomments&post=3864"}],"version-history":[{"count":9,"href":"https:\/\/tautastribunals.eu\/index.php?rest_route=\/wp\/v2\/posts\/3864\/revisions"}],"predecessor-version":[{"id":3877,"href":"https:\/\/tautastribunals.eu\/index.php?rest_route=\/wp\/v2\/posts\/3864\/revisions\/3877"}],"wp:attachment":[{"href":"https:\/\/tautastribunals.eu\/index.php?rest_route=%2Fwp%2Fv2%2Fmedia&parent=3864"}],"wp:term":[{"taxonomy":"category","embeddable":true,"href":"https:\/\/tautastribunals.eu\/index.php?rest_route=%2Fwp%2Fv2%2Fcategories&post=3864"},{"taxonomy":"post_tag","embeddable":true,"href":"https:\/\/tautastribunals.eu\/index.php?rest_route=%2Fwp%2Fv2%2Ftags&post=3864"}],"curies":[{"name":"wp","href":"https:\/\/api.w.org\/{rel}","templated":true}]}}